{"id":322285,"date":"2024-02-13T00:00:52","date_gmt":"2024-02-13T03:00:52","guid":{"rendered":"https:\/\/www.notibras.com\/site\/?p=322285"},"modified":"2024-02-13T08:46:17","modified_gmt":"2024-02-13T11:46:17","slug":"reforco-na-seguranca-da-mais-tranquilidade-a-carnavalescos","status":"publish","type":"post","link":"https:\/\/www.notibras.com\/site\/reforco-na-seguranca-da-mais-tranquilidade-a-carnavalescos\/","title":{"rendered":"Refor\u00e7o na seguran\u00e7a d\u00e1 mais tranquilidade a carnavalescos"},"content":{"rendered":"<p>As a\u00e7\u00f5es do planejamento elaborado para o Carnaval 2024 e coordenadas pela Secretaria de Seguran\u00e7a P\u00fablica (SSP-DF) t\u00eam garantido a seguran\u00e7a dos foli\u00f5es. H\u00e1 refor\u00e7o no policiamento e delegacias, agentes de tr\u00e2nsito est\u00e3o nas ruas para proporcionar mais fluidez no tr\u00e2nsito e os atendimentos necess\u00e1rios t\u00eam sido feitos pelos bombeiros militares. Mas um crime tem preocupado os gestores que atuam na Opera\u00e7\u00e3o Carnaval: o furto de celulares.<\/p>\n<p>Entre sexta (9) e a madrugada de segunda-feira (12), foram registrados 87 ocorr\u00eancias do crime. Somente no domingo, foram 29 furtos, no universo das 44 ocorr\u00eancias registradas pela Pol\u00edcia Civil (PCDF), o que corresponde a 65,9% dos crimes. N\u00e3o houve registro de ocorr\u00eancias de natureza grave, tendo sido as demais divididas entre porte de subst\u00e2ncia entorpecente, perturba\u00e7\u00e3o do sossego e porte de arma branca.<\/p>\n<p>A maior parte dos registros foram feitos por meio da Delegacia Eletr\u00f4nica, o que mostra a efetividade da ferramenta. \u201c\u00c9 de extrema import\u00e2ncia que a popula\u00e7\u00e3o registre ocorr\u00eancias criminais, pois s\u00e3o esses registros que v\u00e3o contribuir para elabora\u00e7\u00e3o de planejamentos e atua\u00e7\u00e3o, ainda mais efetiva, da seguran\u00e7a p\u00fablica. E isso n\u00e3o se aplica apenas ao Carnaval, mas em toda situa\u00e7\u00e3o\u201d, ressalta o secret\u00e1rio-executivo de Seguran\u00e7a P\u00fablica, Alexandre Patury.<\/p>\n<p>A popula\u00e7\u00e3o deve ficar atenta aos itens pessoais, em especial aos celulares, para evitar situa\u00e7\u00f5es que possam tirar a alegria dos foli\u00f5es. N\u00e3o deixar celular \u00e0 mostra, principalmente no meio da multid\u00e3o, \u00e9 uma das orienta\u00e7\u00f5es dadas pela Pol\u00edcia Militar do DF. \u201c\u00c9 importante guard\u00e1-lo em doleiras ou bolsas pequenas que fiquem na frente do corpo, nunca nas costas nem do lado do corpo, bem como itens essenciais: documento de identifica\u00e7\u00e3o e cart\u00e3o ou dinheiro\u201d, ressalta o porta-voz da corpora\u00e7\u00e3o, major Raphael Broocke. \u201cN\u00e3o deixar nada nos bolsos de tr\u00e1s e, caso seja v\u00edtima de furto ou roubo, procurar o policial mais pr\u00f3ximo e registrar ocorr\u00eancia policial\u201d.<\/p>\n<p><strong>Revista<\/strong><br \/>\nAs revistas nas imedia\u00e7\u00f5es dos blocos t\u00eam surtido efeito positivo para a seguran\u00e7a dos eventos carnavalescos. Durante as revistas realizadas no domingo (11), a PMDF recolheu garrafas de vidro, armas brancas e subst\u00e2ncias entorpecentes.<\/p>\n<p>\u201cContinuamos com linhas de revistas nos locais de chegada do p\u00fablico, como na Galeria dos Estados, Esta\u00e7\u00e3o da Rodovi\u00e1ria do Plano Piloto e pontos estrat\u00e9gicos antes da chegada aos blocos\u201d, pontua Broocke.<\/p>\n<p>A Pol\u00edcia Militar (PMDF) atuou em quatro ocorr\u00eancias por uso e porte de maconha e apreendeu tr\u00eas armas brancas, sendo uma delas um aparelho de choque. Foi registrado um epis\u00f3dio de desacato durante uma revista pessoal, e um cidad\u00e3o foi conduzido \u00e0 5\u00aa Delegacia de Pol\u00edcia por portar subst\u00e2ncia proibida pela Ag\u00eancia Nacional de Vigil\u00e2ncia Sanit\u00e1ria (Anvisa). Em todas as ocorr\u00eancias foram lavrados Termos Circunstanciados de Ocorr\u00eancia (TCO).<\/p>\n<p>Os militares conduziram, ainda, um indiv\u00edduo \u00e0 delegacia por roubo de celular no bloco Montadas. A PMDF conseguiu prender o indiv\u00edduo na Rodovi\u00e1ria do Plano Piloto.<\/p>\n<p>Policiais do Batalh\u00e3o de Tr\u00e2nsito (BPTran), da PMDF, registraram uma ocorr\u00eancia por recusa de teste de baf\u00f4metro e autuaram um motorista pelo n\u00e3o licenciamento do ve\u00edculo.<\/p>\n<p>A maior parte dos registros foram feitos por meio da Delegacia Eletr\u00f4nica<br \/>\nOs militares do Corpo de Bombeiros do DF (CBMDF) realizaram 23 atendimentos at\u00e9 a madrugada de segunda-feira (12) nos eventos carnavalescos, sendo nove por alcoolemia, tr\u00eas desmaios e outros, como corte no dedo, picada de abelha, uso de entorpecente, queda e emerg\u00eancias psiqui\u00e1tricas.<\/p>\n<p><strong>DF Legal<\/strong><br \/>\nNa noite de domingo (11), a Secretaria de Prote\u00e7\u00e3o da Ordem Urban\u00edstica (DF Legal) aprendeu 407 garrafas de bebidas alco\u00f3licas que eram comercializadas de maneira irregular. Tr\u00eas dessas apreens\u00f5es ocorreram ao lado da Biblioteca Nacional, uma no Setor Banc\u00e1rio Norte e outra no Setor Comercial Sul.<\/p>\n<p>No Gama, um evento carnavalesco sem licenciamento que ocorria em uma distribuidora de bebidas foi interditado, e o respons\u00e1vel foi multado em R$ 5 mil.<\/p>\n<p>Os auditores do \u00f3rg\u00e3o permanecem atentos aos eventos carnavalescos, em que s\u00e3o observadas as licen\u00e7as de funcionamento, hor\u00e1rio de in\u00edcio e fim e estimativa de p\u00fablico.<\/p>\n<p><strong>Minist\u00e9rio P\u00fablico<\/strong><br \/>\nRepresentantes do Minist\u00e9rio P\u00fablico do Distrito Federal e Territ\u00f3rios (MPDFT) acompanharam as a\u00e7\u00f5es de policiamento e seguran\u00e7a na noite de domingo (11). Eles participaram de reuni\u00f5es de alinhamento coordenadas pela SSP-DF que tiveram in\u00edcio em outubro de 2023. Uma das contribui\u00e7\u00f5es do \u00f3rg\u00e3o foi a orienta\u00e7\u00e3o do hor\u00e1rio limite dos blocos ser at\u00e9 as 23h, o que foi acatado no planejamento.<\/p>\n","protected":false},"excerpt":{"rendered":"<p>As a\u00e7\u00f5es do planejamento elaborado para o Carnaval 2024 e coordenadas pela Secretaria de Seguran\u00e7a P\u00fablica (SSP-DF) t\u00eam garantido a seguran\u00e7a dos foli\u00f5es. H\u00e1 refor\u00e7o no policiamento e delegacias, agentes de tr\u00e2nsito est\u00e3o nas ruas para proporcionar mais fluidez no tr\u00e2nsito e os atendimentos necess\u00e1rios t\u00eam sido feitos pelos bombeiros militares. Mas um crime tem [&hellip;]<\/p>\n","protected":false},"author":2,"featured_media":322286,"comment_status":"closed","ping_status":"closed","sticky":false,"template":"","format":"standard","meta":{"_acf_changed":false,"footnotes":""},"categories":[161],"tags":[],"class_list":["post-322285","post","type-post","status-publish","format-standard","has-post-thumbnail","hentry","category-quadradinho-em-foco"],"acf":[],"yoast_head":"<!-- This site is optimized with the Yoast SEO plugin v27.2 - https:\/\/yoast.com\/product\/yoast-seo-wordpress\/ -->\n<title>Refor\u00e7o na seguran\u00e7a d\u00e1 mais tranquilidade a carnavalescos - Notibras<\/title>\n<meta name=\"robots\" content=\"index, follow, max-snippet:-1, max-image-preview:large, max-video-preview:-1\" \/>\n<link rel=\"canonical\" href=\"https:\/\/www.notibras.com\/site\/reforco-na-seguranca-da-mais-tranquilidade-a-carnavalescos\/\" \/>\n<meta property=\"og:locale\" content=\"pt_BR\" \/>\n<meta property=\"og:type\" content=\"article\" \/>\n<meta property=\"og:title\" content=\"Refor\u00e7o na seguran\u00e7a d\u00e1 mais tranquilidade a carnavalescos - Notibras\" \/>\n<meta property=\"og:description\" content=\"As a\u00e7\u00f5es do planejamento elaborado para o Carnaval 2024 e coordenadas pela Secretaria de Seguran\u00e7a P\u00fablica (SSP-DF) t\u00eam garantido a seguran\u00e7a dos foli\u00f5es. H\u00e1 refor\u00e7o no policiamento e delegacias, agentes de tr\u00e2nsito est\u00e3o nas ruas para proporcionar mais fluidez no tr\u00e2nsito e os atendimentos necess\u00e1rios t\u00eam sido feitos pelos bombeiros militares. Mas um crime tem [&hellip;]\" \/>\n<meta property=\"og:url\" content=\"https:\/\/www.notibras.com\/site\/reforco-na-seguranca-da-mais-tranquilidade-a-carnavalescos\/\" \/>\n<meta property=\"og:site_name\" content=\"Notibras\" \/>\n<meta property=\"article:publisher\" content=\"https:\/\/www.facebook.com\/notibras\/\" \/>\n<meta property=\"article:published_time\" content=\"2024-02-13T03:00:52+00:00\" \/>\n<meta property=\"article:modified_time\" content=\"2024-02-13T11:46:17+00:00\" \/>\n<meta property=\"og:image\" content=\"https:\/\/www.notibras.com\/site\/wp-content\/uploads\/2024\/02\/WhatsApp-Image-2024-02-11-at-19.50.44-scaled-1.jpeg\" \/>\n\t<meta property=\"og:image:width\" content=\"2560\" \/>\n\t<meta property=\"og:image:height\" content=\"1706\" \/>\n\t<meta property=\"og:image:type\" content=\"image\/jpeg\" \/>\n<meta name=\"author\" content=\"Reda\u00e7\u00e3o\" \/>\n<meta name=\"twitter:card\" content=\"summary_large_image\" \/>\n<meta name=\"twitter:creator\" content=\"@Notibras\" \/>\n<meta name=\"twitter:site\" content=\"@Notibras\" \/>\n<meta name=\"twitter:label1\" content=\"Escrito por\" \/>\n\t<meta name=\"twitter:data1\" content=\"Reda\u00e7\u00e3o\" \/>\n\t<meta name=\"twitter:label2\" content=\"Est. tempo de leitura\" \/>\n\t<meta name=\"twitter:data2\" content=\"4 minutos\" \/>\n<script type=\"application\/ld+json\" class=\"yoast-schema-graph\">{\"@context\":\"https:\/\/schema.org\",\"@graph\":[{\"@type\":\"Article\",\"@id\":\"https:\/\/www.notibras.com\/site\/reforco-na-seguranca-da-mais-tranquilidade-a-carnavalescos\/#article\",\"isPartOf\":{\"@id\":\"https:\/\/www.notibras.com\/site\/reforco-na-seguranca-da-mais-tranquilidade-a-carnavalescos\/\"},\"author\":{\"name\":\"Reda\u00e7\u00e3o\",\"@id\":\"https:\/\/www.notibras.com\/site\/#\/schema\/person\/36ab0979449956132d3e5b517ea76ac8\"},\"headline\":\"Refor\u00e7o na seguran\u00e7a d\u00e1 mais tranquilidade a carnavalescos\",\"datePublished\":\"2024-02-13T03:00:52+00:00\",\"dateModified\":\"2024-02-13T11:46:17+00:00\",\"mainEntityOfPage\":{\"@id\":\"https:\/\/www.notibras.com\/site\/reforco-na-seguranca-da-mais-tranquilidade-a-carnavalescos\/\"},\"wordCount\":808,\"publisher\":{\"@id\":\"https:\/\/www.notibras.com\/site\/#organization\"},\"image\":{\"@id\":\"https:\/\/www.notibras.com\/site\/reforco-na-seguranca-da-mais-tranquilidade-a-carnavalescos\/#primaryimage\"},\"thumbnailUrl\":\"https:\/\/www.notibras.com\/site\/wp-content\/uploads\/2024\/02\/WhatsApp-Image-2024-02-11-at-19.50.44-scaled-1.jpeg\",\"articleSection\":[\"Quadradinho em Foco\"],\"inLanguage\":\"pt-BR\"},{\"@type\":\"WebPage\",\"@id\":\"https:\/\/www.notibras.com\/site\/reforco-na-seguranca-da-mais-tranquilidade-a-carnavalescos\/\",\"url\":\"https:\/\/www.notibras.com\/site\/reforco-na-seguranca-da-mais-tranquilidade-a-carnavalescos\/\",\"name\":\"Refor\u00e7o na seguran\u00e7a d\u00e1 mais tranquilidade a carnavalescos - Notibras\",\"isPartOf\":{\"@id\":\"https:\/\/www.notibras.com\/site\/#website\"},\"primaryImageOfPage\":{\"@id\":\"https:\/\/www.notibras.com\/site\/reforco-na-seguranca-da-mais-tranquilidade-a-carnavalescos\/#primaryimage\"},\"image\":{\"@id\":\"https:\/\/www.notibras.com\/site\/reforco-na-seguranca-da-mais-tranquilidade-a-carnavalescos\/#primaryimage\"},\"thumbnailUrl\":\"https:\/\/www.notibras.com\/site\/wp-content\/uploads\/2024\/02\/WhatsApp-Image-2024-02-11-at-19.50.44-scaled-1.jpeg\",\"datePublished\":\"2024-02-13T03:00:52+00:00\",\"dateModified\":\"2024-02-13T11:46:17+00:00\",\"breadcrumb\":{\"@id\":\"https:\/\/www.notibras.com\/site\/reforco-na-seguranca-da-mais-tranquilidade-a-carnavalescos\/#breadcrumb\"},\"inLanguage\":\"pt-BR\",\"potentialAction\":[{\"@type\":\"ReadAction\",\"target\":[\"https:\/\/www.notibras.com\/site\/reforco-na-seguranca-da-mais-tranquilidade-a-carnavalescos\/\"]}]},{\"@type\":\"ImageObject\",\"inLanguage\":\"pt-BR\",\"@id\":\"https:\/\/www.notibras.com\/site\/reforco-na-seguranca-da-mais-tranquilidade-a-carnavalescos\/#primaryimage\",\"url\":\"https:\/\/www.notibras.com\/site\/wp-content\/uploads\/2024\/02\/WhatsApp-Image-2024-02-11-at-19.50.44-scaled-1.jpeg\",\"contentUrl\":\"https:\/\/www.notibras.com\/site\/wp-content\/uploads\/2024\/02\/WhatsApp-Image-2024-02-11-at-19.50.44-scaled-1.jpeg\",\"width\":2560,\"height\":1706},{\"@type\":\"BreadcrumbList\",\"@id\":\"https:\/\/www.notibras.com\/site\/reforco-na-seguranca-da-mais-tranquilidade-a-carnavalescos\/#breadcrumb\",\"itemListElement\":[{\"@type\":\"ListItem\",\"position\":1,\"name\":\"In\u00edcio\",\"item\":\"https:\/\/www.notibras.com\/site\/\"},{\"@type\":\"ListItem\",\"position\":2,\"name\":\"Refor\u00e7o na seguran\u00e7a d\u00e1 mais tranquilidade a carnavalescos\"}]},{\"@type\":\"WebSite\",\"@id\":\"https:\/\/www.notibras.com\/site\/#website\",\"url\":\"https:\/\/www.notibras.com\/site\/\",\"name\":\"Notibras\",\"description\":\"Not\u00edcias de Bras\u00edlia, do Brasil e do Mundo\",\"publisher\":{\"@id\":\"https:\/\/www.notibras.com\/site\/#organization\"},\"potentialAction\":[{\"@type\":\"SearchAction\",\"target\":{\"@type\":\"EntryPoint\",\"urlTemplate\":\"https:\/\/www.notibras.com\/site\/?s={search_term_string}\"},\"query-input\":{\"@type\":\"PropertyValueSpecification\",\"valueRequired\":true,\"valueName\":\"search_term_string\"}}],\"inLanguage\":\"pt-BR\"},{\"@type\":\"Organization\",\"@id\":\"https:\/\/www.notibras.com\/site\/#organization\",\"name\":\"Grupo Notibras de Comunica\u00e7\u00e3o\",\"url\":\"https:\/\/www.notibras.com\/site\/\",\"logo\":{\"@type\":\"ImageObject\",\"inLanguage\":\"pt-BR\",\"@id\":\"https:\/\/www.notibras.com\/site\/#\/schema\/logo\/image\/\",\"url\":\"https:\/\/www.notibras.com\/site\/wp-content\/uploads\/2023\/01\/notibras23.png\",\"contentUrl\":\"https:\/\/www.notibras.com\/site\/wp-content\/uploads\/2023\/01\/notibras23.png\",\"width\":350,\"height\":87,\"caption\":\"Grupo Notibras de Comunica\u00e7\u00e3o\"},\"image\":{\"@id\":\"https:\/\/www.notibras.com\/site\/#\/schema\/logo\/image\/\"},\"sameAs\":[\"https:\/\/www.facebook.com\/notibras\/\",\"https:\/\/x.com\/Notibras\",\"https:\/\/www.instagram.com\/notibras\/\"]},{\"@type\":\"Person\",\"@id\":\"https:\/\/www.notibras.com\/site\/#\/schema\/person\/36ab0979449956132d3e5b517ea76ac8\",\"name\":\"Reda\u00e7\u00e3o\",\"image\":{\"@type\":\"ImageObject\",\"inLanguage\":\"pt-BR\",\"@id\":\"https:\/\/secure.gravatar.com\/avatar\/e0a867bdedb85fd243eadf09663511f96fc81e0720a4a42581f334ad4303aa6b?s=96&d=mm&r=g\",\"url\":\"https:\/\/secure.gravatar.com\/avatar\/e0a867bdedb85fd243eadf09663511f96fc81e0720a4a42581f334ad4303aa6b?s=96&d=mm&r=g\",\"contentUrl\":\"https:\/\/secure.gravatar.com\/avatar\/e0a867bdedb85fd243eadf09663511f96fc81e0720a4a42581f334ad4303aa6b?s=96&d=mm&r=g\",\"caption\":\"Reda\u00e7\u00e3o\"}}]}<\/script>\n<!-- \/ Yoast SEO plugin. -->","yoast_head_json":{"title":"Refor\u00e7o na seguran\u00e7a d\u00e1 mais tranquilidade a carnavalescos - Notibras","robots":{"index":"index","follow":"follow","max-snippet":"max-snippet:-1","max-image-preview":"max-image-preview:large","max-video-preview":"max-video-preview:-1"},"canonical":"https:\/\/www.notibras.com\/site\/reforco-na-seguranca-da-mais-tranquilidade-a-carnavalescos\/","og_locale":"pt_BR","og_type":"article","og_title":"Refor\u00e7o na seguran\u00e7a d\u00e1 mais tranquilidade a carnavalescos - Notibras","og_description":"As a\u00e7\u00f5es do planejamento elaborado para o Carnaval 2024 e coordenadas pela Secretaria de Seguran\u00e7a P\u00fablica (SSP-DF) t\u00eam garantido a seguran\u00e7a dos foli\u00f5es. H\u00e1 refor\u00e7o no policiamento e delegacias, agentes de tr\u00e2nsito est\u00e3o nas ruas para proporcionar mais fluidez no tr\u00e2nsito e os atendimentos necess\u00e1rios t\u00eam sido feitos pelos bombeiros militares. Mas um crime tem [&hellip;]","og_url":"https:\/\/www.notibras.com\/site\/reforco-na-seguranca-da-mais-tranquilidade-a-carnavalescos\/","og_site_name":"Notibras","article_publisher":"https:\/\/www.facebook.com\/notibras\/","article_published_time":"2024-02-13T03:00:52+00:00","article_modified_time":"2024-02-13T11:46:17+00:00","og_image":[{"width":2560,"height":1706,"url":"https:\/\/www.notibras.com\/site\/wp-content\/uploads\/2024\/02\/WhatsApp-Image-2024-02-11-at-19.50.44-scaled-1.jpeg","type":"image\/jpeg"}],"author":"Reda\u00e7\u00e3o","twitter_card":"summary_large_image","twitter_creator":"@Notibras","twitter_site":"@Notibras","twitter_misc":{"Escrito por":"Reda\u00e7\u00e3o","Est. tempo de leitura":"4 minutos"},"schema":{"@context":"https:\/\/schema.org","@graph":[{"@type":"Article","@id":"https:\/\/www.notibras.com\/site\/reforco-na-seguranca-da-mais-tranquilidade-a-carnavalescos\/#article","isPartOf":{"@id":"https:\/\/www.notibras.com\/site\/reforco-na-seguranca-da-mais-tranquilidade-a-carnavalescos\/"},"author":{"name":"Reda\u00e7\u00e3o","@id":"https:\/\/www.notibras.com\/site\/#\/schema\/person\/36ab0979449956132d3e5b517ea76ac8"},"headline":"Refor\u00e7o na seguran\u00e7a d\u00e1 mais tranquilidade a carnavalescos","datePublished":"2024-02-13T03:00:52+00:00","dateModified":"2024-02-13T11:46:17+00:00","mainEntityOfPage":{"@id":"https:\/\/www.notibras.com\/site\/reforco-na-seguranca-da-mais-tranquilidade-a-carnavalescos\/"},"wordCount":808,"publisher":{"@id":"https:\/\/www.notibras.com\/site\/#organization"},"image":{"@id":"https:\/\/www.notibras.com\/site\/reforco-na-seguranca-da-mais-tranquilidade-a-carnavalescos\/#primaryimage"},"thumbnailUrl":"https:\/\/www.notibras.com\/site\/wp-content\/uploads\/2024\/02\/WhatsApp-Image-2024-02-11-at-19.50.44-scaled-1.jpeg","articleSection":["Quadradinho em Foco"],"inLanguage":"pt-BR"},{"@type":"WebPage","@id":"https:\/\/www.notibras.com\/site\/reforco-na-seguranca-da-mais-tranquilidade-a-carnavalescos\/","url":"https:\/\/www.notibras.com\/site\/reforco-na-seguranca-da-mais-tranquilidade-a-carnavalescos\/","name":"Refor\u00e7o na seguran\u00e7a d\u00e1 mais tranquilidade a carnavalescos - Notibras","isPartOf":{"@id":"https:\/\/www.notibras.com\/site\/#website"},"primaryImageOfPage":{"@id":"https:\/\/www.notibras.com\/site\/reforco-na-seguranca-da-mais-tranquilidade-a-carnavalescos\/#primaryimage"},"image":{"@id":"https:\/\/www.notibras.com\/site\/reforco-na-seguranca-da-mais-tranquilidade-a-carnavalescos\/#primaryimage"},"thumbnailUrl":"https:\/\/www.notibras.com\/site\/wp-content\/uploads\/2024\/02\/WhatsApp-Image-2024-02-11-at-19.50.44-scaled-1.jpeg","datePublished":"2024-02-13T03:00:52+00:00","dateModified":"2024-02-13T11:46:17+00:00","breadcrumb":{"@id":"https:\/\/www.notibras.com\/site\/reforco-na-seguranca-da-mais-tranquilidade-a-carnavalescos\/#breadcrumb"},"inLanguage":"pt-BR","potentialAction":[{"@type":"ReadAction","target":["https:\/\/www.notibras.com\/site\/reforco-na-seguranca-da-mais-tranquilidade-a-carnavalescos\/"]}]},{"@type":"ImageObject","inLanguage":"pt-BR","@id":"https:\/\/www.notibras.com\/site\/reforco-na-seguranca-da-mais-tranquilidade-a-carnavalescos\/#primaryimage","url":"https:\/\/www.notibras.com\/site\/wp-content\/uploads\/2024\/02\/WhatsApp-Image-2024-02-11-at-19.50.44-scaled-1.jpeg","contentUrl":"https:\/\/www.notibras.com\/site\/wp-content\/uploads\/2024\/02\/WhatsApp-Image-2024-02-11-at-19.50.44-scaled-1.jpeg","width":2560,"height":1706},{"@type":"BreadcrumbList","@id":"https:\/\/www.notibras.com\/site\/reforco-na-seguranca-da-mais-tranquilidade-a-carnavalescos\/#breadcrumb","itemListElement":[{"@type":"ListItem","position":1,"name":"In\u00edcio","item":"https:\/\/www.notibras.com\/site\/"},{"@type":"ListItem","position":2,"name":"Refor\u00e7o na seguran\u00e7a d\u00e1 mais tranquilidade a carnavalescos"}]},{"@type":"WebSite","@id":"https:\/\/www.notibras.com\/site\/#website","url":"https:\/\/www.notibras.com\/site\/","name":"Notibras","description":"Not\u00edcias de Bras\u00edlia, do Brasil e do Mundo","publisher":{"@id":"https:\/\/www.notibras.com\/site\/#organization"},"potentialAction":[{"@type":"SearchAction","target":{"@type":"EntryPoint","urlTemplate":"https:\/\/www.notibras.com\/site\/?s={search_term_string}"},"query-input":{"@type":"PropertyValueSpecification","valueRequired":true,"valueName":"search_term_string"}}],"inLanguage":"pt-BR"},{"@type":"Organization","@id":"https:\/\/www.notibras.com\/site\/#organization","name":"Grupo Notibras de Comunica\u00e7\u00e3o","url":"https:\/\/www.notibras.com\/site\/","logo":{"@type":"ImageObject","inLanguage":"pt-BR","@id":"https:\/\/www.notibras.com\/site\/#\/schema\/logo\/image\/","url":"https:\/\/www.notibras.com\/site\/wp-content\/uploads\/2023\/01\/notibras23.png","contentUrl":"https:\/\/www.notibras.com\/site\/wp-content\/uploads\/2023\/01\/notibras23.png","width":350,"height":87,"caption":"Grupo Notibras de Comunica\u00e7\u00e3o"},"image":{"@id":"https:\/\/www.notibras.com\/site\/#\/schema\/logo\/image\/"},"sameAs":["https:\/\/www.facebook.com\/notibras\/","https:\/\/x.com\/Notibras","https:\/\/www.instagram.com\/notibras\/"]},{"@type":"Person","@id":"https:\/\/www.notibras.com\/site\/#\/schema\/person\/36ab0979449956132d3e5b517ea76ac8","name":"Reda\u00e7\u00e3o","image":{"@type":"ImageObject","inLanguage":"pt-BR","@id":"https:\/\/secure.gravatar.com\/avatar\/e0a867bdedb85fd243eadf09663511f96fc81e0720a4a42581f334ad4303aa6b?s=96&d=mm&r=g","url":"https:\/\/secure.gravatar.com\/avatar\/e0a867bdedb85fd243eadf09663511f96fc81e0720a4a42581f334ad4303aa6b?s=96&d=mm&r=g","contentUrl":"https:\/\/secure.gravatar.com\/avatar\/e0a867bdedb85fd243eadf09663511f96fc81e0720a4a42581f334ad4303aa6b?s=96&d=mm&r=g","caption":"Reda\u00e7\u00e3o"}}]}},"amp_enabled":true,"_links":{"self":[{"href":"https:\/\/www.notibras.com\/site\/wp-json\/wp\/v2\/posts\/322285","targetHints":{"allow":["GET"]}}],"collection":[{"href":"https:\/\/www.notibras.com\/site\/wp-json\/wp\/v2\/posts"}],"about":[{"href":"https:\/\/www.notibras.com\/site\/wp-json\/wp\/v2\/types\/post"}],"author":[{"embeddable":true,"href":"https:\/\/www.notibras.com\/site\/wp-json\/wp\/v2\/users\/2"}],"replies":[{"embeddable":true,"href":"https:\/\/www.notibras.com\/site\/wp-json\/wp\/v2\/comments?post=322285"}],"version-history":[{"count":1,"href":"https:\/\/www.notibras.com\/site\/wp-json\/wp\/v2\/posts\/322285\/revisions"}],"predecessor-version":[{"id":322287,"href":"https:\/\/www.notibras.com\/site\/wp-json\/wp\/v2\/posts\/322285\/revisions\/322287"}],"wp:featuredmedia":[{"embeddable":true,"href":"https:\/\/www.notibras.com\/site\/wp-json\/wp\/v2\/media\/322286"}],"wp:attachment":[{"href":"https:\/\/www.notibras.com\/site\/wp-json\/wp\/v2\/media?parent=322285"}],"wp:term":[{"taxonomy":"category","embeddable":true,"href":"https:\/\/www.notibras.com\/site\/wp-json\/wp\/v2\/categories?post=322285"},{"taxonomy":"post_tag","embeddable":true,"href":"https:\/\/www.notibras.com\/site\/wp-json\/wp\/v2\/tags?post=322285"}],"curies":[{"name":"wp","href":"https:\/\/api.w.org\/{rel}","templated":true}]}}