{"id":322327,"date":"2024-02-14T06:55:06","date_gmt":"2024-02-14T09:55:06","guid":{"rendered":"https:\/\/www.notibras.com\/site\/?p=322327"},"modified":"2024-02-14T06:55:06","modified_gmt":"2024-02-14T09:55:06","slug":"encontro-na-academia-anos-depois-afaga-egos","status":"publish","type":"post","link":"https:\/\/www.notibras.com\/site\/encontro-na-academia-anos-depois-afaga-egos\/","title":{"rendered":"Encontro na academia, anos depois, afaga egos"},"content":{"rendered":"<p>As duas meninas, agora n\u00e3o t\u00e3o meninas assim, j\u00e1 haviam passado dos 20, mas ainda faltava percorrer um bom caminho at\u00e9 os 30 Elas se conheciam desde os tempos de escola, quando, insepar\u00e1veis, corriam pelo p\u00e1tio \u00e0 procura de sonhos. Seus nomes? Thayn\u00e1 e Aninha.<\/p>\n<p>As duas tomaram caminhos bem diferentes. A Thayn\u00e1 se tornou modelo e est\u00e1 fazendo curso de medicina veterin\u00e1ria, enquanto a Aninha foi ser advogada. No entanto, apesar das profiss\u00f5es distintas, as duas continuavam a se encontrar de vez em quando, al\u00e9m de guardarem algo em comum: o alto grau de miopia.<\/p>\n<p>Certo dia, que n\u00e3o faz tanto tempo assim, l\u00e1 estava a Aninha correndo na esteira da academia, quando percebeu, logo ali adiante, a Thayn\u00e1 numa bicicleta ergom\u00e9trica. A modelo pedalava tanto, como se fosse poss\u00edvel a bicicleta sair voando pela janela. A advogada, feliz por rever a amiga, quis ir cumpriment\u00e1-la, mas eis que chega uma mensagem de um cliente no seu aparelho celular.<\/p>\n<p>A cena que se passou foi mais ou menos assim: A Aninha digitava com uma velocidade muito maior do que das suas pernas, que tentavam n\u00e3o perder o ritmo acelerado da esteira, que, por sua vez, n\u00e3o parecia nem a\u00ed para o di\u00e1logo entre a advogada e o seu cliente. At\u00e9 que, de repente, a Thayn\u00e1 surge bem na frente da amiga.<\/p>\n<p>&#8211; Oi, Aninha, tudo bem? Quase n\u00e3o te reconheci, pois hoje vim sem \u00f3culos.<\/p>\n<p>&#8211; Ah, eu j\u00e1 havia te visto ali fazendo bicicleta.<\/p>\n<p>&#8211; U\u00e9, mas eu acabei de entrar!<\/p>\n<p>&#8211; S\u00e9rio?<\/p>\n<p>&#8211; Mas ela era bonita pelo menos?<\/p>\n<p>&#8211; Ah, tamb\u00e9m esqueci os meus \u00f3culos. Mas o vulto parecia bonito sim.<\/p>\n","protected":false},"excerpt":{"rendered":"<p>As duas meninas, agora n\u00e3o t\u00e3o meninas assim, j\u00e1 haviam passado dos 20, mas ainda faltava percorrer um bom caminho at\u00e9 os 30 Elas se conheciam desde os tempos de escola, quando, insepar\u00e1veis, corriam pelo p\u00e1tio \u00e0 procura de sonhos. Seus nomes? Thayn\u00e1 e Aninha. As duas tomaram caminhos bem diferentes. A Thayn\u00e1 se tornou [&hellip;]<\/p>\n","protected":false},"author":2,"featured_media":253765,"comment_status":"closed","ping_status":"closed","sticky":false,"template":"","format":"standard","meta":{"_acf_changed":false,"footnotes":""},"categories":[161],"tags":[],"class_list":["post-322327","post","type-post","status-publish","format-standard","has-post-thumbnail","hentry","category-quadradinho-em-foco"],"acf":[],"yoast_head":"<!-- This site is optimized with the Yoast SEO plugin v27.2 - https:\/\/yoast.com\/product\/yoast-seo-wordpress\/ -->\n<title>Encontro na academia, anos depois, afaga egos - Notibras<\/title>\n<meta name=\"robots\" content=\"index, follow, max-snippet:-1, max-image-preview:large, max-video-preview:-1\" \/>\n<link rel=\"canonical\" href=\"https:\/\/www.notibras.com\/site\/encontro-na-academia-anos-depois-afaga-egos\/\" \/>\n<meta property=\"og:locale\" content=\"pt_BR\" \/>\n<meta property=\"og:type\" content=\"article\" \/>\n<meta property=\"og:title\" content=\"Encontro na academia, anos depois, afaga egos - Notibras\" \/>\n<meta property=\"og:description\" content=\"As duas meninas, agora n\u00e3o t\u00e3o meninas assim, j\u00e1 haviam passado dos 20, mas ainda faltava percorrer um bom caminho at\u00e9 os 30 Elas se conheciam desde os tempos de escola, quando, insepar\u00e1veis, corriam pelo p\u00e1tio \u00e0 procura de sonhos. Seus nomes? Thayn\u00e1 e Aninha. As duas tomaram caminhos bem diferentes. A Thayn\u00e1 se tornou [&hellip;]\" \/>\n<meta property=\"og:url\" content=\"https:\/\/www.notibras.com\/site\/encontro-na-academia-anos-depois-afaga-egos\/\" \/>\n<meta property=\"og:site_name\" content=\"Notibras\" \/>\n<meta property=\"article:publisher\" content=\"https:\/\/www.facebook.com\/notibras\/\" \/>\n<meta property=\"article:published_time\" content=\"2024-02-14T09:55:06+00:00\" \/>\n<meta property=\"og:image\" content=\"https:\/\/www.notibras.com\/site\/wp-content\/uploads\/2021\/03\/bumbum-exercicios-academia.jpg\" \/>\n\t<meta property=\"og:image:width\" content=\"650\" \/>\n\t<meta property=\"og:image:height\" content=\"350\" \/>\n\t<meta property=\"og:image:type\" content=\"image\/jpeg\" \/>\n<meta name=\"author\" content=\"Reda\u00e7\u00e3o\" \/>\n<meta name=\"twitter:card\" content=\"summary_large_image\" \/>\n<meta name=\"twitter:creator\" content=\"@Notibras\" \/>\n<meta name=\"twitter:site\" content=\"@Notibras\" \/>\n<meta name=\"twitter:label1\" content=\"Escrito por\" \/>\n\t<meta name=\"twitter:data1\" content=\"Reda\u00e7\u00e3o\" \/>\n\t<meta name=\"twitter:label2\" content=\"Est. tempo de leitura\" \/>\n\t<meta name=\"twitter:data2\" content=\"2 minutos\" \/>\n<script type=\"application\/ld+json\" class=\"yoast-schema-graph\">{\"@context\":\"https:\/\/schema.org\",\"@graph\":[{\"@type\":\"Article\",\"@id\":\"https:\/\/www.notibras.com\/site\/encontro-na-academia-anos-depois-afaga-egos\/#article\",\"isPartOf\":{\"@id\":\"https:\/\/www.notibras.com\/site\/encontro-na-academia-anos-depois-afaga-egos\/\"},\"author\":{\"name\":\"Reda\u00e7\u00e3o\",\"@id\":\"https:\/\/www.notibras.com\/site\/#\/schema\/person\/36ab0979449956132d3e5b517ea76ac8\"},\"headline\":\"Encontro na academia, anos depois, afaga egos\",\"datePublished\":\"2024-02-14T09:55:06+00:00\",\"mainEntityOfPage\":{\"@id\":\"https:\/\/www.notibras.com\/site\/encontro-na-academia-anos-depois-afaga-egos\/\"},\"wordCount\":296,\"publisher\":{\"@id\":\"https:\/\/www.notibras.com\/site\/#organization\"},\"image\":{\"@id\":\"https:\/\/www.notibras.com\/site\/encontro-na-academia-anos-depois-afaga-egos\/#primaryimage\"},\"thumbnailUrl\":\"https:\/\/www.notibras.com\/site\/wp-content\/uploads\/2021\/03\/bumbum-exercicios-academia.jpg\",\"articleSection\":[\"Quadradinho em Foco\"],\"inLanguage\":\"pt-BR\"},{\"@type\":\"WebPage\",\"@id\":\"https:\/\/www.notibras.com\/site\/encontro-na-academia-anos-depois-afaga-egos\/\",\"url\":\"https:\/\/www.notibras.com\/site\/encontro-na-academia-anos-depois-afaga-egos\/\",\"name\":\"Encontro na academia, anos depois, afaga egos - Notibras\",\"isPartOf\":{\"@id\":\"https:\/\/www.notibras.com\/site\/#website\"},\"primaryImageOfPage\":{\"@id\":\"https:\/\/www.notibras.com\/site\/encontro-na-academia-anos-depois-afaga-egos\/#primaryimage\"},\"image\":{\"@id\":\"https:\/\/www.notibras.com\/site\/encontro-na-academia-anos-depois-afaga-egos\/#primaryimage\"},\"thumbnailUrl\":\"https:\/\/www.notibras.com\/site\/wp-content\/uploads\/2021\/03\/bumbum-exercicios-academia.jpg\",\"datePublished\":\"2024-02-14T09:55:06+00:00\",\"breadcrumb\":{\"@id\":\"https:\/\/www.notibras.com\/site\/encontro-na-academia-anos-depois-afaga-egos\/#breadcrumb\"},\"inLanguage\":\"pt-BR\",\"potentialAction\":[{\"@type\":\"ReadAction\",\"target\":[\"https:\/\/www.notibras.com\/site\/encontro-na-academia-anos-depois-afaga-egos\/\"]}]},{\"@type\":\"ImageObject\",\"inLanguage\":\"pt-BR\",\"@id\":\"https:\/\/www.notibras.com\/site\/encontro-na-academia-anos-depois-afaga-egos\/#primaryimage\",\"url\":\"https:\/\/www.notibras.com\/site\/wp-content\/uploads\/2021\/03\/bumbum-exercicios-academia.jpg\",\"contentUrl\":\"https:\/\/www.notibras.com\/site\/wp-content\/uploads\/2021\/03\/bumbum-exercicios-academia.jpg\",\"width\":650,\"height\":350},{\"@type\":\"BreadcrumbList\",\"@id\":\"https:\/\/www.notibras.com\/site\/encontro-na-academia-anos-depois-afaga-egos\/#breadcrumb\",\"itemListElement\":[{\"@type\":\"ListItem\",\"position\":1,\"name\":\"In\u00edcio\",\"item\":\"https:\/\/www.notibras.com\/site\/\"},{\"@type\":\"ListItem\",\"position\":2,\"name\":\"Encontro na academia, anos depois, afaga egos\"}]},{\"@type\":\"WebSite\",\"@id\":\"https:\/\/www.notibras.com\/site\/#website\",\"url\":\"https:\/\/www.notibras.com\/site\/\",\"name\":\"Notibras\",\"description\":\"Not\u00edcias de Bras\u00edlia, do Brasil e do Mundo\",\"publisher\":{\"@id\":\"https:\/\/www.notibras.com\/site\/#organization\"},\"potentialAction\":[{\"@type\":\"SearchAction\",\"target\":{\"@type\":\"EntryPoint\",\"urlTemplate\":\"https:\/\/www.notibras.com\/site\/?s={search_term_string}\"},\"query-input\":{\"@type\":\"PropertyValueSpecification\",\"valueRequired\":true,\"valueName\":\"search_term_string\"}}],\"inLanguage\":\"pt-BR\"},{\"@type\":\"Organization\",\"@id\":\"https:\/\/www.notibras.com\/site\/#organization\",\"name\":\"Grupo Notibras de Comunica\u00e7\u00e3o\",\"url\":\"https:\/\/www.notibras.com\/site\/\",\"logo\":{\"@type\":\"ImageObject\",\"inLanguage\":\"pt-BR\",\"@id\":\"https:\/\/www.notibras.com\/site\/#\/schema\/logo\/image\/\",\"url\":\"https:\/\/www.notibras.com\/site\/wp-content\/uploads\/2023\/01\/notibras23.png\",\"contentUrl\":\"https:\/\/www.notibras.com\/site\/wp-content\/uploads\/2023\/01\/notibras23.png\",\"width\":350,\"height\":87,\"caption\":\"Grupo Notibras de Comunica\u00e7\u00e3o\"},\"image\":{\"@id\":\"https:\/\/www.notibras.com\/site\/#\/schema\/logo\/image\/\"},\"sameAs\":[\"https:\/\/www.facebook.com\/notibras\/\",\"https:\/\/x.com\/Notibras\",\"https:\/\/www.instagram.com\/notibras\/\"]},{\"@type\":\"Person\",\"@id\":\"https:\/\/www.notibras.com\/site\/#\/schema\/person\/36ab0979449956132d3e5b517ea76ac8\",\"name\":\"Reda\u00e7\u00e3o\",\"image\":{\"@type\":\"ImageObject\",\"inLanguage\":\"pt-BR\",\"@id\":\"https:\/\/secure.gravatar.com\/avatar\/e0a867bdedb85fd243eadf09663511f96fc81e0720a4a42581f334ad4303aa6b?s=96&d=mm&r=g\",\"url\":\"https:\/\/secure.gravatar.com\/avatar\/e0a867bdedb85fd243eadf09663511f96fc81e0720a4a42581f334ad4303aa6b?s=96&d=mm&r=g\",\"contentUrl\":\"https:\/\/secure.gravatar.com\/avatar\/e0a867bdedb85fd243eadf09663511f96fc81e0720a4a42581f334ad4303aa6b?s=96&d=mm&r=g\",\"caption\":\"Reda\u00e7\u00e3o\"}}]}<\/script>\n<!-- \/ Yoast SEO plugin. -->","yoast_head_json":{"title":"Encontro na academia, anos depois, afaga egos - Notibras","robots":{"index":"index","follow":"follow","max-snippet":"max-snippet:-1","max-image-preview":"max-image-preview:large","max-video-preview":"max-video-preview:-1"},"canonical":"https:\/\/www.notibras.com\/site\/encontro-na-academia-anos-depois-afaga-egos\/","og_locale":"pt_BR","og_type":"article","og_title":"Encontro na academia, anos depois, afaga egos - Notibras","og_description":"As duas meninas, agora n\u00e3o t\u00e3o meninas assim, j\u00e1 haviam passado dos 20, mas ainda faltava percorrer um bom caminho at\u00e9 os 30 Elas se conheciam desde os tempos de escola, quando, insepar\u00e1veis, corriam pelo p\u00e1tio \u00e0 procura de sonhos. Seus nomes? Thayn\u00e1 e Aninha. As duas tomaram caminhos bem diferentes. A Thayn\u00e1 se tornou [&hellip;]","og_url":"https:\/\/www.notibras.com\/site\/encontro-na-academia-anos-depois-afaga-egos\/","og_site_name":"Notibras","article_publisher":"https:\/\/www.facebook.com\/notibras\/","article_published_time":"2024-02-14T09:55:06+00:00","og_image":[{"width":650,"height":350,"url":"https:\/\/www.notibras.com\/site\/wp-content\/uploads\/2021\/03\/bumbum-exercicios-academia.jpg","type":"image\/jpeg"}],"author":"Reda\u00e7\u00e3o","twitter_card":"summary_large_image","twitter_creator":"@Notibras","twitter_site":"@Notibras","twitter_misc":{"Escrito por":"Reda\u00e7\u00e3o","Est. tempo de leitura":"2 minutos"},"schema":{"@context":"https:\/\/schema.org","@graph":[{"@type":"Article","@id":"https:\/\/www.notibras.com\/site\/encontro-na-academia-anos-depois-afaga-egos\/#article","isPartOf":{"@id":"https:\/\/www.notibras.com\/site\/encontro-na-academia-anos-depois-afaga-egos\/"},"author":{"name":"Reda\u00e7\u00e3o","@id":"https:\/\/www.notibras.com\/site\/#\/schema\/person\/36ab0979449956132d3e5b517ea76ac8"},"headline":"Encontro na academia, anos depois, afaga egos","datePublished":"2024-02-14T09:55:06+00:00","mainEntityOfPage":{"@id":"https:\/\/www.notibras.com\/site\/encontro-na-academia-anos-depois-afaga-egos\/"},"wordCount":296,"publisher":{"@id":"https:\/\/www.notibras.com\/site\/#organization"},"image":{"@id":"https:\/\/www.notibras.com\/site\/encontro-na-academia-anos-depois-afaga-egos\/#primaryimage"},"thumbnailUrl":"https:\/\/www.notibras.com\/site\/wp-content\/uploads\/2021\/03\/bumbum-exercicios-academia.jpg","articleSection":["Quadradinho em Foco"],"inLanguage":"pt-BR"},{"@type":"WebPage","@id":"https:\/\/www.notibras.com\/site\/encontro-na-academia-anos-depois-afaga-egos\/","url":"https:\/\/www.notibras.com\/site\/encontro-na-academia-anos-depois-afaga-egos\/","name":"Encontro na academia, anos depois, afaga egos - Notibras","isPartOf":{"@id":"https:\/\/www.notibras.com\/site\/#website"},"primaryImageOfPage":{"@id":"https:\/\/www.notibras.com\/site\/encontro-na-academia-anos-depois-afaga-egos\/#primaryimage"},"image":{"@id":"https:\/\/www.notibras.com\/site\/encontro-na-academia-anos-depois-afaga-egos\/#primaryimage"},"thumbnailUrl":"https:\/\/www.notibras.com\/site\/wp-content\/uploads\/2021\/03\/bumbum-exercicios-academia.jpg","datePublished":"2024-02-14T09:55:06+00:00","breadcrumb":{"@id":"https:\/\/www.notibras.com\/site\/encontro-na-academia-anos-depois-afaga-egos\/#breadcrumb"},"inLanguage":"pt-BR","potentialAction":[{"@type":"ReadAction","target":["https:\/\/www.notibras.com\/site\/encontro-na-academia-anos-depois-afaga-egos\/"]}]},{"@type":"ImageObject","inLanguage":"pt-BR","@id":"https:\/\/www.notibras.com\/site\/encontro-na-academia-anos-depois-afaga-egos\/#primaryimage","url":"https:\/\/www.notibras.com\/site\/wp-content\/uploads\/2021\/03\/bumbum-exercicios-academia.jpg","contentUrl":"https:\/\/www.notibras.com\/site\/wp-content\/uploads\/2021\/03\/bumbum-exercicios-academia.jpg","width":650,"height":350},{"@type":"BreadcrumbList","@id":"https:\/\/www.notibras.com\/site\/encontro-na-academia-anos-depois-afaga-egos\/#breadcrumb","itemListElement":[{"@type":"ListItem","position":1,"name":"In\u00edcio","item":"https:\/\/www.notibras.com\/site\/"},{"@type":"ListItem","position":2,"name":"Encontro na academia, anos depois, afaga egos"}]},{"@type":"WebSite","@id":"https:\/\/www.notibras.com\/site\/#website","url":"https:\/\/www.notibras.com\/site\/","name":"Notibras","description":"Not\u00edcias de Bras\u00edlia, do Brasil e do Mundo","publisher":{"@id":"https:\/\/www.notibras.com\/site\/#organization"},"potentialAction":[{"@type":"SearchAction","target":{"@type":"EntryPoint","urlTemplate":"https:\/\/www.notibras.com\/site\/?s={search_term_string}"},"query-input":{"@type":"PropertyValueSpecification","valueRequired":true,"valueName":"search_term_string"}}],"inLanguage":"pt-BR"},{"@type":"Organization","@id":"https:\/\/www.notibras.com\/site\/#organization","name":"Grupo Notibras de Comunica\u00e7\u00e3o","url":"https:\/\/www.notibras.com\/site\/","logo":{"@type":"ImageObject","inLanguage":"pt-BR","@id":"https:\/\/www.notibras.com\/site\/#\/schema\/logo\/image\/","url":"https:\/\/www.notibras.com\/site\/wp-content\/uploads\/2023\/01\/notibras23.png","contentUrl":"https:\/\/www.notibras.com\/site\/wp-content\/uploads\/2023\/01\/notibras23.png","width":350,"height":87,"caption":"Grupo Notibras de Comunica\u00e7\u00e3o"},"image":{"@id":"https:\/\/www.notibras.com\/site\/#\/schema\/logo\/image\/"},"sameAs":["https:\/\/www.facebook.com\/notibras\/","https:\/\/x.com\/Notibras","https:\/\/www.instagram.com\/notibras\/"]},{"@type":"Person","@id":"https:\/\/www.notibras.com\/site\/#\/schema\/person\/36ab0979449956132d3e5b517ea76ac8","name":"Reda\u00e7\u00e3o","image":{"@type":"ImageObject","inLanguage":"pt-BR","@id":"https:\/\/secure.gravatar.com\/avatar\/e0a867bdedb85fd243eadf09663511f96fc81e0720a4a42581f334ad4303aa6b?s=96&d=mm&r=g","url":"https:\/\/secure.gravatar.com\/avatar\/e0a867bdedb85fd243eadf09663511f96fc81e0720a4a42581f334ad4303aa6b?s=96&d=mm&r=g","contentUrl":"https:\/\/secure.gravatar.com\/avatar\/e0a867bdedb85fd243eadf09663511f96fc81e0720a4a42581f334ad4303aa6b?s=96&d=mm&r=g","caption":"Reda\u00e7\u00e3o"}}]}},"amp_enabled":true,"_links":{"self":[{"href":"https:\/\/www.notibras.com\/site\/wp-json\/wp\/v2\/posts\/322327","targetHints":{"allow":["GET"]}}],"collection":[{"href":"https:\/\/www.notibras.com\/site\/wp-json\/wp\/v2\/posts"}],"about":[{"href":"https:\/\/www.notibras.com\/site\/wp-json\/wp\/v2\/types\/post"}],"author":[{"embeddable":true,"href":"https:\/\/www.notibras.com\/site\/wp-json\/wp\/v2\/users\/2"}],"replies":[{"embeddable":true,"href":"https:\/\/www.notibras.com\/site\/wp-json\/wp\/v2\/comments?post=322327"}],"version-history":[{"count":1,"href":"https:\/\/www.notibras.com\/site\/wp-json\/wp\/v2\/posts\/322327\/revisions"}],"predecessor-version":[{"id":322328,"href":"https:\/\/www.notibras.com\/site\/wp-json\/wp\/v2\/posts\/322327\/revisions\/322328"}],"wp:featuredmedia":[{"embeddable":true,"href":"https:\/\/www.notibras.com\/site\/wp-json\/wp\/v2\/media\/253765"}],"wp:attachment":[{"href":"https:\/\/www.notibras.com\/site\/wp-json\/wp\/v2\/media?parent=322327"}],"wp:term":[{"taxonomy":"category","embeddable":true,"href":"https:\/\/www.notibras.com\/site\/wp-json\/wp\/v2\/categories?post=322327"},{"taxonomy":"post_tag","embeddable":true,"href":"https:\/\/www.notibras.com\/site\/wp-json\/wp\/v2\/tags?post=322327"}],"curies":[{"name":"wp","href":"https:\/\/api.w.org\/{rel}","templated":true}]}}