{"id":322332,"date":"2024-02-14T00:00:45","date_gmt":"2024-02-14T03:00:45","guid":{"rendered":"https:\/\/www.notibras.com\/site\/?p=322332"},"modified":"2024-02-14T07:16:30","modified_gmt":"2024-02-14T10:16:30","slug":"irreverencia-do-pacotao-ataca-de-politica-externa","status":"publish","type":"post","link":"https:\/\/www.notibras.com\/site\/irreverencia-do-pacotao-ataca-de-politica-externa\/","title":{"rendered":"Irrever\u00eancia do Pacot\u00e3o ataca de pol\u00edtica externa"},"content":{"rendered":"<p>O Pacot\u00e3o, um dos blocos de carnaval de rua mais tradicionais de Bras\u00edlia, famoso pelo bom humor e cr\u00edticas \u00e0 pol\u00edtica nacional, ampliou horizontes e, na edi\u00e7\u00e3o de 2024, deu destaque especial a grupos de foli\u00f5es que tinham uma \u201ccausa internacional\u201d para chamar de sua.<\/p>\n<p>A linha de frente oficial do bloco ficou a cargo do Comit\u00ea de Solidariedade ao Povo Palestino do Distrito Federal. A dif\u00edcil situa\u00e7\u00e3o de outros povos, como os de Burkina Faso e da Rep\u00fablica \u00c1rabe Saharaui Democr\u00e1tica \u2013 mais conhecida como Saara Ocidental \u2013 tamb\u00e9m integraram esse leque de den\u00fancias contra governos e governantes que, segundo os foli\u00f5es, n\u00e3o respeitam a dignidade humana.<\/p>\n<p>A fama de bloco politizado atraiu o carioca Andr\u00e9 Constantino,48 anos, a ponto de ele deixar para tr\u00e1s o carnaval do Rio de Janeiro para vir conhecer de perto \u201co tal Pacot\u00e3o\u201d. \u201cFugi do Rio porque nessa \u00e9poca ele fica muito cheio. Prefiro carnavais assim, como o daqui. \u00c9 mais tranquilo\u201d, disse.<\/p>\n<p><strong>Burkina Faso<\/strong><br \/>\nConstantino mora na Morro da Babil\u00f4nia e integra o Movimento Nacional das Favelas e Periferias. O carioca vestia uma camisa com a imagem de Thomas Sankara, ex-presidente de Burkina Faso, pa\u00eds localizado na \u00c1frica Ocidental. \u201cEle foi um revolucion\u00e1rio democr\u00e1tico e popular. Infelizmente sofreu um golpe de Estado financiado pelo governo franc\u00eas\u201d, explicou.<\/p>\n<p>A escolha da vestimenta foi motivada pelo ambiente de \u201cdi\u00e1logo com as massas\u201d que \u00e9 permitido durante o carnaval. \u201cQuero agora me juntar com a Ala da Causa Palestina\u201d, acrescentou ao se referir ao grupo que j\u00e1 estava se posicionando para dar in\u00edcio ao hist\u00f3rico percurso do bloco, na contram\u00e3o da W3 \u2013 uma das vias da capital federal.<\/p>\n<p><strong>Palestina<\/strong><br \/>\nA Ala da Causa Palestina citada por ele tinha, entre seus organizadores, o jornalista Pedro Batista, 60 anos, integrante do Comit\u00ea de Solidariedade ao Povo da Palestina. \u201cEstamos aqui para mostrar o sofrimento, o genoc\u00eddio e o exterm\u00ednio que est\u00e1 sendo colocado em pr\u00e1tica contra os moradores de Gaza\u201d, disse.<\/p>\n<p>\u201cE, a exemplo da arte, o carnaval \u00e9 tamb\u00e9m espa\u00e7o de den\u00fancia. Caso contr\u00e1rio, nada mais \u00e9 do que uma pasteuriza\u00e7\u00e3o da ind\u00fastria cultural para deixar as pessoas alienadas. Arte e carnaval, quando n\u00e3o incomoda, \u00e9 apenas enfeite. Seja no carnaval, seja na m\u00fasica, no cinema ou na poesia, arte existe para defender a vida e a dignidade humana\u201d, acrescentou.<\/p>\n<p>Alguns foli\u00f5es estavam com camisetas em refer\u00eancia ao Hamas, como o servidor p\u00fablico Ieri J\u00fanior, 34 anos, que, em entrevista \u00e0 Ag\u00eancia Brasil, defendeu que o grupo age contra alvos militares, em &#8220;resist\u00eancia pela liberta\u00e7\u00e3o da Palestina, em defesa dos oprimidos pelo imperialismo de Israel\u201d<\/p>\n<p><strong>Saara Ocidental<\/strong><br \/>\nPortando uma bandeira bastante parecida com a da Palestina, um outro grupo aproveitou a aglomera\u00e7\u00e3o do bloco para falar sobre a ocupa\u00e7\u00e3o de dois ter\u00e7os do territ\u00f3rio de um pa\u00eds pouco conhecido pelos brasileiros: o Saara Ocidental (Rep\u00fablica \u00c1rabe Saharaui Democr\u00e1tica).<\/p>\n<p>\u201cEsta \u00e9 uma causa que defendemos desde 1975\u201d, disse o psic\u00f3logo Toninho Andrade, 70 anos \u201cO Saara Ocidental foi uma col\u00f4nia espanhola. Ap\u00f3s se libertar da Espanha, foi invadido e ocupado por Marrocos e, desde ent\u00e3o, busca sua independ\u00eancia\u201d, acrescentou, referindo-se ao \u00fanico pa\u00eds \u00e1rabe que tem como idioma oficial o espanhol.<\/p>\n<p>Os defensores da causa levaram, ao Pacot\u00e3o, o representante da Frente Polis\u00e1rio, que lidera o povo saaraui, no Brasil, Ahamed Mulay Ali Hamadi. Segundo ele, 84 pa\u00edses j\u00e1 reconhecem o Saara Ocidental. \u201cInfelizmente, o Brasil ainda n\u00e3o nos reconhece. Estou aqui tentando fazer com que as pessoas conhe\u00e7am a nossa hist\u00f3ria\u201d, disse \u00e0 Ag\u00eancia Brasil o representante, que acrescentou estar em negocia\u00e7\u00e3o para tentar o reconhecimento do pa\u00eds pelo governo brasileiro.<\/p>\n<p>A regi\u00e3o do Saara Ocidental, na \u00c1frica, est\u00e1 em disputa h\u00e1 mais de 40 anos pelo povo saaraui e pelo Marrocos. Na Am\u00e9rica do Sul, o Brasil, a Argentina e o Chile s\u00e3o os \u00fanicos pa\u00edses que ainda n\u00e3o reconhecem sua soberania.<\/p>\n<p><strong>Tem\u00e1tica nacional<\/strong><br \/>\nNo final do bloco, estava o grupo de fanfarra Muralha Antifascista, com repert\u00f3rios que iam desde Pink Floyd (com a m\u00fasica Another Brick in the Wall, uma cr\u00edtica ao sistema educacional brit\u00e2nico) at\u00e9 Raul Seixas (com a m\u00fasica Sociedade Alternativa, que prop\u00f5e rompimento contra padr\u00f5es tradicionais).<\/p>\n<p>\u201cNascemos como um movimento cr\u00edtico ao governo Bolsonaro, mas avan\u00e7amos tamb\u00e9m para outras causas, como a feminista\u201d, apresentou-se o integrante do grupo, Eudaldo Sobrinho, 38 anos.<\/p>\n<p>A tem\u00e1tica nacional estava presente tamb\u00e9m na camisa do engenheiro agr\u00f4nomo Jo\u00e3o Neto, 75 anos, que estampava o rosto do ministro Alexandre de Moraes, do STF, no corpo de um dos guerreiros espartanos do filme 300. \u201cXand\u00e3o mereceu a homenagem porque conseguiu segurar as r\u00e9deas jur\u00eddicas na defesa da democracia\u201d.<\/p>\n","protected":false},"excerpt":{"rendered":"<p>O Pacot\u00e3o, um dos blocos de carnaval de rua mais tradicionais de Bras\u00edlia, famoso pelo bom humor e cr\u00edticas \u00e0 pol\u00edtica nacional, ampliou horizontes e, na edi\u00e7\u00e3o de 2024, deu destaque especial a grupos de foli\u00f5es que tinham uma \u201ccausa internacional\u201d para chamar de sua. A linha de frente oficial do bloco ficou a cargo [&hellip;]<\/p>\n","protected":false},"author":2,"featured_media":322333,"comment_status":"closed","ping_status":"closed","sticky":false,"template":"","format":"standard","meta":{"_acf_changed":false,"footnotes":""},"categories":[161],"tags":[],"class_list":["post-322332","post","type-post","status-publish","format-standard","has-post-thumbnail","hentry","category-quadradinho-em-foco"],"acf":[],"yoast_head":"<!-- This site is optimized with the Yoast SEO plugin v27.2 - https:\/\/yoast.com\/product\/yoast-seo-wordpress\/ -->\n<title>Irrever\u00eancia do Pacot\u00e3o ataca de pol\u00edtica externa - Notibras<\/title>\n<meta name=\"robots\" content=\"index, follow, max-snippet:-1, max-image-preview:large, max-video-preview:-1\" \/>\n<link rel=\"canonical\" href=\"https:\/\/www.notibras.com\/site\/irreverencia-do-pacotao-ataca-de-politica-externa\/\" \/>\n<meta property=\"og:locale\" content=\"pt_BR\" \/>\n<meta property=\"og:type\" content=\"article\" \/>\n<meta property=\"og:title\" content=\"Irrever\u00eancia do Pacot\u00e3o ataca de pol\u00edtica externa - Notibras\" \/>\n<meta property=\"og:description\" content=\"O Pacot\u00e3o, um dos blocos de carnaval de rua mais tradicionais de Bras\u00edlia, famoso pelo bom humor e cr\u00edticas \u00e0 pol\u00edtica nacional, ampliou horizontes e, na edi\u00e7\u00e3o de 2024, deu destaque especial a grupos de foli\u00f5es que tinham uma \u201ccausa internacional\u201d para chamar de sua. A linha de frente oficial do bloco ficou a cargo [&hellip;]\" \/>\n<meta property=\"og:url\" content=\"https:\/\/www.notibras.com\/site\/irreverencia-do-pacotao-ataca-de-politica-externa\/\" \/>\n<meta property=\"og:site_name\" content=\"Notibras\" \/>\n<meta property=\"article:publisher\" content=\"https:\/\/www.facebook.com\/notibras\/\" \/>\n<meta property=\"article:published_time\" content=\"2024-02-14T03:00:45+00:00\" \/>\n<meta property=\"article:modified_time\" content=\"2024-02-14T10:16:30+00:00\" \/>\n<meta property=\"og:image\" content=\"https:\/\/www.notibras.com\/site\/wp-content\/uploads\/2024\/02\/pacotaoacido.jpg\" \/>\n\t<meta property=\"og:image:width\" content=\"1170\" \/>\n\t<meta property=\"og:image:height\" content=\"700\" \/>\n\t<meta property=\"og:image:type\" content=\"image\/jpeg\" \/>\n<meta name=\"author\" content=\"Reda\u00e7\u00e3o\" \/>\n<meta name=\"twitter:card\" content=\"summary_large_image\" \/>\n<meta name=\"twitter:creator\" content=\"@Notibras\" \/>\n<meta name=\"twitter:site\" content=\"@Notibras\" \/>\n<meta name=\"twitter:label1\" content=\"Escrito por\" \/>\n\t<meta name=\"twitter:data1\" content=\"Reda\u00e7\u00e3o\" \/>\n\t<meta name=\"twitter:label2\" content=\"Est. tempo de leitura\" \/>\n\t<meta name=\"twitter:data2\" content=\"5 minutos\" \/>\n<script type=\"application\/ld+json\" class=\"yoast-schema-graph\">{\"@context\":\"https:\/\/schema.org\",\"@graph\":[{\"@type\":\"Article\",\"@id\":\"https:\/\/www.notibras.com\/site\/irreverencia-do-pacotao-ataca-de-politica-externa\/#article\",\"isPartOf\":{\"@id\":\"https:\/\/www.notibras.com\/site\/irreverencia-do-pacotao-ataca-de-politica-externa\/\"},\"author\":{\"name\":\"Reda\u00e7\u00e3o\",\"@id\":\"https:\/\/www.notibras.com\/site\/#\/schema\/person\/36ab0979449956132d3e5b517ea76ac8\"},\"headline\":\"Irrever\u00eancia do Pacot\u00e3o ataca de pol\u00edtica externa\",\"datePublished\":\"2024-02-14T03:00:45+00:00\",\"dateModified\":\"2024-02-14T10:16:30+00:00\",\"mainEntityOfPage\":{\"@id\":\"https:\/\/www.notibras.com\/site\/irreverencia-do-pacotao-ataca-de-politica-externa\/\"},\"wordCount\":838,\"publisher\":{\"@id\":\"https:\/\/www.notibras.com\/site\/#organization\"},\"image\":{\"@id\":\"https:\/\/www.notibras.com\/site\/irreverencia-do-pacotao-ataca-de-politica-externa\/#primaryimage\"},\"thumbnailUrl\":\"https:\/\/www.notibras.com\/site\/wp-content\/uploads\/2024\/02\/pacotaoacido.jpg\",\"articleSection\":[\"Quadradinho em Foco\"],\"inLanguage\":\"pt-BR\"},{\"@type\":\"WebPage\",\"@id\":\"https:\/\/www.notibras.com\/site\/irreverencia-do-pacotao-ataca-de-politica-externa\/\",\"url\":\"https:\/\/www.notibras.com\/site\/irreverencia-do-pacotao-ataca-de-politica-externa\/\",\"name\":\"Irrever\u00eancia do Pacot\u00e3o ataca de pol\u00edtica externa - Notibras\",\"isPartOf\":{\"@id\":\"https:\/\/www.notibras.com\/site\/#website\"},\"primaryImageOfPage\":{\"@id\":\"https:\/\/www.notibras.com\/site\/irreverencia-do-pacotao-ataca-de-politica-externa\/#primaryimage\"},\"image\":{\"@id\":\"https:\/\/www.notibras.com\/site\/irreverencia-do-pacotao-ataca-de-politica-externa\/#primaryimage\"},\"thumbnailUrl\":\"https:\/\/www.notibras.com\/site\/wp-content\/uploads\/2024\/02\/pacotaoacido.jpg\",\"datePublished\":\"2024-02-14T03:00:45+00:00\",\"dateModified\":\"2024-02-14T10:16:30+00:00\",\"breadcrumb\":{\"@id\":\"https:\/\/www.notibras.com\/site\/irreverencia-do-pacotao-ataca-de-politica-externa\/#breadcrumb\"},\"inLanguage\":\"pt-BR\",\"potentialAction\":[{\"@type\":\"ReadAction\",\"target\":[\"https:\/\/www.notibras.com\/site\/irreverencia-do-pacotao-ataca-de-politica-externa\/\"]}]},{\"@type\":\"ImageObject\",\"inLanguage\":\"pt-BR\",\"@id\":\"https:\/\/www.notibras.com\/site\/irreverencia-do-pacotao-ataca-de-politica-externa\/#primaryimage\",\"url\":\"https:\/\/www.notibras.com\/site\/wp-content\/uploads\/2024\/02\/pacotaoacido.jpg\",\"contentUrl\":\"https:\/\/www.notibras.com\/site\/wp-content\/uploads\/2024\/02\/pacotaoacido.jpg\",\"width\":1170,\"height\":700},{\"@type\":\"BreadcrumbList\",\"@id\":\"https:\/\/www.notibras.com\/site\/irreverencia-do-pacotao-ataca-de-politica-externa\/#breadcrumb\",\"itemListElement\":[{\"@type\":\"ListItem\",\"position\":1,\"name\":\"In\u00edcio\",\"item\":\"https:\/\/www.notibras.com\/site\/\"},{\"@type\":\"ListItem\",\"position\":2,\"name\":\"Irrever\u00eancia do Pacot\u00e3o ataca de pol\u00edtica externa\"}]},{\"@type\":\"WebSite\",\"@id\":\"https:\/\/www.notibras.com\/site\/#website\",\"url\":\"https:\/\/www.notibras.com\/site\/\",\"name\":\"Notibras\",\"description\":\"Not\u00edcias de Bras\u00edlia, do Brasil e do Mundo\",\"publisher\":{\"@id\":\"https:\/\/www.notibras.com\/site\/#organization\"},\"potentialAction\":[{\"@type\":\"SearchAction\",\"target\":{\"@type\":\"EntryPoint\",\"urlTemplate\":\"https:\/\/www.notibras.com\/site\/?s={search_term_string}\"},\"query-input\":{\"@type\":\"PropertyValueSpecification\",\"valueRequired\":true,\"valueName\":\"search_term_string\"}}],\"inLanguage\":\"pt-BR\"},{\"@type\":\"Organization\",\"@id\":\"https:\/\/www.notibras.com\/site\/#organization\",\"name\":\"Grupo Notibras de Comunica\u00e7\u00e3o\",\"url\":\"https:\/\/www.notibras.com\/site\/\",\"logo\":{\"@type\":\"ImageObject\",\"inLanguage\":\"pt-BR\",\"@id\":\"https:\/\/www.notibras.com\/site\/#\/schema\/logo\/image\/\",\"url\":\"https:\/\/www.notibras.com\/site\/wp-content\/uploads\/2023\/01\/notibras23.png\",\"contentUrl\":\"https:\/\/www.notibras.com\/site\/wp-content\/uploads\/2023\/01\/notibras23.png\",\"width\":350,\"height\":87,\"caption\":\"Grupo Notibras de Comunica\u00e7\u00e3o\"},\"image\":{\"@id\":\"https:\/\/www.notibras.com\/site\/#\/schema\/logo\/image\/\"},\"sameAs\":[\"https:\/\/www.facebook.com\/notibras\/\",\"https:\/\/x.com\/Notibras\",\"https:\/\/www.instagram.com\/notibras\/\"]},{\"@type\":\"Person\",\"@id\":\"https:\/\/www.notibras.com\/site\/#\/schema\/person\/36ab0979449956132d3e5b517ea76ac8\",\"name\":\"Reda\u00e7\u00e3o\",\"image\":{\"@type\":\"ImageObject\",\"inLanguage\":\"pt-BR\",\"@id\":\"https:\/\/secure.gravatar.com\/avatar\/e0a867bdedb85fd243eadf09663511f96fc81e0720a4a42581f334ad4303aa6b?s=96&d=mm&r=g\",\"url\":\"https:\/\/secure.gravatar.com\/avatar\/e0a867bdedb85fd243eadf09663511f96fc81e0720a4a42581f334ad4303aa6b?s=96&d=mm&r=g\",\"contentUrl\":\"https:\/\/secure.gravatar.com\/avatar\/e0a867bdedb85fd243eadf09663511f96fc81e0720a4a42581f334ad4303aa6b?s=96&d=mm&r=g\",\"caption\":\"Reda\u00e7\u00e3o\"}}]}<\/script>\n<!-- \/ Yoast SEO plugin. -->","yoast_head_json":{"title":"Irrever\u00eancia do Pacot\u00e3o ataca de pol\u00edtica externa - Notibras","robots":{"index":"index","follow":"follow","max-snippet":"max-snippet:-1","max-image-preview":"max-image-preview:large","max-video-preview":"max-video-preview:-1"},"canonical":"https:\/\/www.notibras.com\/site\/irreverencia-do-pacotao-ataca-de-politica-externa\/","og_locale":"pt_BR","og_type":"article","og_title":"Irrever\u00eancia do Pacot\u00e3o ataca de pol\u00edtica externa - Notibras","og_description":"O Pacot\u00e3o, um dos blocos de carnaval de rua mais tradicionais de Bras\u00edlia, famoso pelo bom humor e cr\u00edticas \u00e0 pol\u00edtica nacional, ampliou horizontes e, na edi\u00e7\u00e3o de 2024, deu destaque especial a grupos de foli\u00f5es que tinham uma \u201ccausa internacional\u201d para chamar de sua. A linha de frente oficial do bloco ficou a cargo [&hellip;]","og_url":"https:\/\/www.notibras.com\/site\/irreverencia-do-pacotao-ataca-de-politica-externa\/","og_site_name":"Notibras","article_publisher":"https:\/\/www.facebook.com\/notibras\/","article_published_time":"2024-02-14T03:00:45+00:00","article_modified_time":"2024-02-14T10:16:30+00:00","og_image":[{"width":1170,"height":700,"url":"https:\/\/www.notibras.com\/site\/wp-content\/uploads\/2024\/02\/pacotaoacido.jpg","type":"image\/jpeg"}],"author":"Reda\u00e7\u00e3o","twitter_card":"summary_large_image","twitter_creator":"@Notibras","twitter_site":"@Notibras","twitter_misc":{"Escrito por":"Reda\u00e7\u00e3o","Est. tempo de leitura":"5 minutos"},"schema":{"@context":"https:\/\/schema.org","@graph":[{"@type":"Article","@id":"https:\/\/www.notibras.com\/site\/irreverencia-do-pacotao-ataca-de-politica-externa\/#article","isPartOf":{"@id":"https:\/\/www.notibras.com\/site\/irreverencia-do-pacotao-ataca-de-politica-externa\/"},"author":{"name":"Reda\u00e7\u00e3o","@id":"https:\/\/www.notibras.com\/site\/#\/schema\/person\/36ab0979449956132d3e5b517ea76ac8"},"headline":"Irrever\u00eancia do Pacot\u00e3o ataca de pol\u00edtica externa","datePublished":"2024-02-14T03:00:45+00:00","dateModified":"2024-02-14T10:16:30+00:00","mainEntityOfPage":{"@id":"https:\/\/www.notibras.com\/site\/irreverencia-do-pacotao-ataca-de-politica-externa\/"},"wordCount":838,"publisher":{"@id":"https:\/\/www.notibras.com\/site\/#organization"},"image":{"@id":"https:\/\/www.notibras.com\/site\/irreverencia-do-pacotao-ataca-de-politica-externa\/#primaryimage"},"thumbnailUrl":"https:\/\/www.notibras.com\/site\/wp-content\/uploads\/2024\/02\/pacotaoacido.jpg","articleSection":["Quadradinho em Foco"],"inLanguage":"pt-BR"},{"@type":"WebPage","@id":"https:\/\/www.notibras.com\/site\/irreverencia-do-pacotao-ataca-de-politica-externa\/","url":"https:\/\/www.notibras.com\/site\/irreverencia-do-pacotao-ataca-de-politica-externa\/","name":"Irrever\u00eancia do Pacot\u00e3o ataca de pol\u00edtica externa - Notibras","isPartOf":{"@id":"https:\/\/www.notibras.com\/site\/#website"},"primaryImageOfPage":{"@id":"https:\/\/www.notibras.com\/site\/irreverencia-do-pacotao-ataca-de-politica-externa\/#primaryimage"},"image":{"@id":"https:\/\/www.notibras.com\/site\/irreverencia-do-pacotao-ataca-de-politica-externa\/#primaryimage"},"thumbnailUrl":"https:\/\/www.notibras.com\/site\/wp-content\/uploads\/2024\/02\/pacotaoacido.jpg","datePublished":"2024-02-14T03:00:45+00:00","dateModified":"2024-02-14T10:16:30+00:00","breadcrumb":{"@id":"https:\/\/www.notibras.com\/site\/irreverencia-do-pacotao-ataca-de-politica-externa\/#breadcrumb"},"inLanguage":"pt-BR","potentialAction":[{"@type":"ReadAction","target":["https:\/\/www.notibras.com\/site\/irreverencia-do-pacotao-ataca-de-politica-externa\/"]}]},{"@type":"ImageObject","inLanguage":"pt-BR","@id":"https:\/\/www.notibras.com\/site\/irreverencia-do-pacotao-ataca-de-politica-externa\/#primaryimage","url":"https:\/\/www.notibras.com\/site\/wp-content\/uploads\/2024\/02\/pacotaoacido.jpg","contentUrl":"https:\/\/www.notibras.com\/site\/wp-content\/uploads\/2024\/02\/pacotaoacido.jpg","width":1170,"height":700},{"@type":"BreadcrumbList","@id":"https:\/\/www.notibras.com\/site\/irreverencia-do-pacotao-ataca-de-politica-externa\/#breadcrumb","itemListElement":[{"@type":"ListItem","position":1,"name":"In\u00edcio","item":"https:\/\/www.notibras.com\/site\/"},{"@type":"ListItem","position":2,"name":"Irrever\u00eancia do Pacot\u00e3o ataca de pol\u00edtica externa"}]},{"@type":"WebSite","@id":"https:\/\/www.notibras.com\/site\/#website","url":"https:\/\/www.notibras.com\/site\/","name":"Notibras","description":"Not\u00edcias de Bras\u00edlia, do Brasil e do Mundo","publisher":{"@id":"https:\/\/www.notibras.com\/site\/#organization"},"potentialAction":[{"@type":"SearchAction","target":{"@type":"EntryPoint","urlTemplate":"https:\/\/www.notibras.com\/site\/?s={search_term_string}"},"query-input":{"@type":"PropertyValueSpecification","valueRequired":true,"valueName":"search_term_string"}}],"inLanguage":"pt-BR"},{"@type":"Organization","@id":"https:\/\/www.notibras.com\/site\/#organization","name":"Grupo Notibras de Comunica\u00e7\u00e3o","url":"https:\/\/www.notibras.com\/site\/","logo":{"@type":"ImageObject","inLanguage":"pt-BR","@id":"https:\/\/www.notibras.com\/site\/#\/schema\/logo\/image\/","url":"https:\/\/www.notibras.com\/site\/wp-content\/uploads\/2023\/01\/notibras23.png","contentUrl":"https:\/\/www.notibras.com\/site\/wp-content\/uploads\/2023\/01\/notibras23.png","width":350,"height":87,"caption":"Grupo Notibras de Comunica\u00e7\u00e3o"},"image":{"@id":"https:\/\/www.notibras.com\/site\/#\/schema\/logo\/image\/"},"sameAs":["https:\/\/www.facebook.com\/notibras\/","https:\/\/x.com\/Notibras","https:\/\/www.instagram.com\/notibras\/"]},{"@type":"Person","@id":"https:\/\/www.notibras.com\/site\/#\/schema\/person\/36ab0979449956132d3e5b517ea76ac8","name":"Reda\u00e7\u00e3o","image":{"@type":"ImageObject","inLanguage":"pt-BR","@id":"https:\/\/secure.gravatar.com\/avatar\/e0a867bdedb85fd243eadf09663511f96fc81e0720a4a42581f334ad4303aa6b?s=96&d=mm&r=g","url":"https:\/\/secure.gravatar.com\/avatar\/e0a867bdedb85fd243eadf09663511f96fc81e0720a4a42581f334ad4303aa6b?s=96&d=mm&r=g","contentUrl":"https:\/\/secure.gravatar.com\/avatar\/e0a867bdedb85fd243eadf09663511f96fc81e0720a4a42581f334ad4303aa6b?s=96&d=mm&r=g","caption":"Reda\u00e7\u00e3o"}}]}},"amp_enabled":true,"_links":{"self":[{"href":"https:\/\/www.notibras.com\/site\/wp-json\/wp\/v2\/posts\/322332","targetHints":{"allow":["GET"]}}],"collection":[{"href":"https:\/\/www.notibras.com\/site\/wp-json\/wp\/v2\/posts"}],"about":[{"href":"https:\/\/www.notibras.com\/site\/wp-json\/wp\/v2\/types\/post"}],"author":[{"embeddable":true,"href":"https:\/\/www.notibras.com\/site\/wp-json\/wp\/v2\/users\/2"}],"replies":[{"embeddable":true,"href":"https:\/\/www.notibras.com\/site\/wp-json\/wp\/v2\/comments?post=322332"}],"version-history":[{"count":1,"href":"https:\/\/www.notibras.com\/site\/wp-json\/wp\/v2\/posts\/322332\/revisions"}],"predecessor-version":[{"id":322334,"href":"https:\/\/www.notibras.com\/site\/wp-json\/wp\/v2\/posts\/322332\/revisions\/322334"}],"wp:featuredmedia":[{"embeddable":true,"href":"https:\/\/www.notibras.com\/site\/wp-json\/wp\/v2\/media\/322333"}],"wp:attachment":[{"href":"https:\/\/www.notibras.com\/site\/wp-json\/wp\/v2\/media?parent=322332"}],"wp:term":[{"taxonomy":"category","embeddable":true,"href":"https:\/\/www.notibras.com\/site\/wp-json\/wp\/v2\/categories?post=322332"},{"taxonomy":"post_tag","embeddable":true,"href":"https:\/\/www.notibras.com\/site\/wp-json\/wp\/v2\/tags?post=322332"}],"curies":[{"name":"wp","href":"https:\/\/api.w.org\/{rel}","templated":true}]}}