{"id":322338,"date":"2024-02-14T00:00:13","date_gmt":"2024-02-14T03:00:13","guid":{"rendered":"https:\/\/www.notibras.com\/site\/?p=322338"},"modified":"2024-02-14T07:31:08","modified_gmt":"2024-02-14T10:31:08","slug":"calango-careta-arrasta-folioes-no-ultimo-dia-de-momo","status":"publish","type":"post","link":"https:\/\/www.notibras.com\/site\/calango-careta-arrasta-folioes-no-ultimo-dia-de-momo\/","title":{"rendered":"Calango Careta arrasta foli\u00f5es no \u00faltimo dia de Momo"},"content":{"rendered":"<p>Quem anda a p\u00e9 em Bras\u00edlia est\u00e1 acostumado a ver calangos de tom cinza a esverdeado tomando banhos de sol ou se escondendo em fendas das cal\u00e7adas, escapulindo entre pedras ou escalando muros de casa e troncos de \u00e1rvores.<\/p>\n<p>De t\u00e3o comuns aos andarilhos brasilienses, o pequeno r\u00e9ptil \u2013 o lagarto Tropidurus torquatus, de 15 a 20 cent\u00edmetros \u2013, \u00e9 homenageado por um bloco de carnaval que desde 2015 est\u00e1 nas ruas da cidade, o Calango Careta.<\/p>\n<p>Nesta ter\u00e7a-feira gorda ensolarada na capital federal, os foli\u00f5es calangos resolveram sair da toca, ocupar as ruas da cidade e dan\u00e7ar ao sol no bloco de carnaval acompanhados por 80 m\u00fasicos de instrumentos de sopro e de percuss\u00e3o, al\u00e9m de artistas circenses amadores fazendo performances sobre pernas de pau.<\/p>\n<p>A concentra\u00e7\u00e3o, a partir das 10h ocorreu na quadra residencial 710 Sul. O convite para a folia foi feito de forma cifrada pelas redes sociais. \u201c700 amores, 10 passos rumo ao Sul! E l\u00e1 estaremos em uma \u00e1rea verde\u201d, descrevia o an\u00fancio-charada da localiza\u00e7\u00e3o do ponto de partida, que muda a cada ano e \u00e9 revelada apenas na manh\u00e3 do cortejo.<\/p>\n<p>A raz\u00e3o do pequeno enigma \u00e9 que \u201co bloco n\u00e3o tem alvar\u00e1 para desfilar\u201d, explicou M\u00e1rcio Fuzu\u00ea, fundador do Calango Careta, \u00e0 Ag\u00eancia Brasil antes de iniciar a festa. Segundo ele, obter a licen\u00e7a oficial para pular carnaval \u201cd\u00e1 muito trabalho, envolve muita burocracia e tem muitas exig\u00eancias. \u00c9 mais f\u00e1cil sair para brincar na rua.\u201d<\/p>\n<p>M\u00e1rcio Fuzu\u00ea v\u00ea o Calango j\u00e1 como um bloco tradicional que quer ser conhecido por fazer um carnaval de rua, com foli\u00f5es que tocam instrumentos.<\/p>\n<p>Antes de come\u00e7ar a folia, Fuzu\u00ea estimava reunir 5 mil pessoas no percurso entre a 710 Sul e o Eix\u00e3o, o Eixo Rodovi\u00e1rio de Bras\u00edlia, que hoje est\u00e1 fechado at\u00e9 \u00e0s 18h para os carros. A proposta do bloco era ter um \u201clivre al\u00edvio coletivo\u201d, segundo seu fundador<\/p>\n<p>A tomada das ruas de Bras\u00edlia \u00e9 valorizada pelos seguidores do Calango Careta, como o cineasta Andr\u00e9 Miranda, 40 anos, que trajava uma camiseta da sele\u00e7\u00e3o brasileira de futebol, uma m\u00e1scara de rato e algemas<\/p>\n<p>\u201cOs espa\u00e7os p\u00fablicos s\u00e3o para serem ocupados pelas pessoas. O carnaval \u00e9 \u00e9poca disso: ocupar, se divertir e sem caretice.\u201d<\/p>\n<p>Com tema semelhante de fantasia, o m\u00fasico e professor de Hist\u00f3ria Ramon Ribeiro Barroncas, portava um passaporte grande e com o carimbo de APREENDIDO.<\/p>\n<p>\u201cO carnaval \u00e9 ocupa\u00e7\u00e3o de rua. O carnaval \u00e9 sobre pessoas se divertindo. \u00c9 um momento de a gente extravasar um pouco. \u00c9 um momento que a gente merece. Carnaval tem que ser a festa de todo mundo. Tem que ser democr\u00e1tico.\u201d<\/p>\n<p>\u201cBras\u00edlia nasceu excluindo as pessoas. A cidade n\u00e3o deixa de ser setorizada, centralizada, porque a periferia n\u00e3o est\u00e1 aqui, quem est\u00e1 aqui \u00e9 quem mora no Plano [Piloto]\u201d, emendou Ramon.<\/p>\n<p>Para Merc\u00eas Parente, de 72 anos, servidora p\u00fablica aposentada que mora na capital desde 1961, os carnavais j\u00e1 foram mais excludentes no passado, quando ocorriam em clubes privados: \u201c\u00e9 muito melhor estar na rua. O clube \u00e9 restrito para os s\u00f3cios.\u201d<\/p>\n<p>A oficial de chancelaria Vidya Alves Moreira, 46 anos, concorda com a ocupa\u00e7\u00e3o das ruas pelos foli\u00f5es: \u201cadoro esse movimento constru\u00eddo nos \u00faltimos anos em Bras\u00edlia\u201d, disse.<\/p>\n<p>Morando em Nova York, onde trabalha no consulado brasileiro, ela est\u00e1 de f\u00e9rias na cidade. \u201cEu amo o carnaval de Bras\u00edlia. Se eu puder, todo ano eu venho. Ainda \u00e9 seguro, \u00e9 tranquilo, tem muita crian\u00e7a, pessoas de todas as idades. Eu me divirto imensamente.\u201d<\/p>\n","protected":false},"excerpt":{"rendered":"<p>Quem anda a p\u00e9 em Bras\u00edlia est\u00e1 acostumado a ver calangos de tom cinza a esverdeado tomando banhos de sol ou se escondendo em fendas das cal\u00e7adas, escapulindo entre pedras ou escalando muros de casa e troncos de \u00e1rvores. De t\u00e3o comuns aos andarilhos brasilienses, o pequeno r\u00e9ptil \u2013 o lagarto Tropidurus torquatus, de 15 [&hellip;]<\/p>\n","protected":false},"author":2,"featured_media":322339,"comment_status":"closed","ping_status":"closed","sticky":false,"template":"","format":"standard","meta":{"_acf_changed":false,"footnotes":""},"categories":[161],"tags":[],"class_list":["post-322338","post","type-post","status-publish","format-standard","has-post-thumbnail","hentry","category-quadradinho-em-foco"],"acf":[],"yoast_head":"<!-- This site is optimized with the Yoast SEO plugin v27.2 - https:\/\/yoast.com\/product\/yoast-seo-wordpress\/ -->\n<title>Calango Careta arrasta foli\u00f5es no \u00faltimo dia de Momo - Notibras<\/title>\n<meta name=\"robots\" content=\"index, follow, max-snippet:-1, max-image-preview:large, max-video-preview:-1\" \/>\n<link rel=\"canonical\" href=\"https:\/\/www.notibras.com\/site\/calango-careta-arrasta-folioes-no-ultimo-dia-de-momo\/\" \/>\n<meta property=\"og:locale\" content=\"pt_BR\" \/>\n<meta property=\"og:type\" content=\"article\" \/>\n<meta property=\"og:title\" content=\"Calango Careta arrasta foli\u00f5es no \u00faltimo dia de Momo - Notibras\" \/>\n<meta property=\"og:description\" content=\"Quem anda a p\u00e9 em Bras\u00edlia est\u00e1 acostumado a ver calangos de tom cinza a esverdeado tomando banhos de sol ou se escondendo em fendas das cal\u00e7adas, escapulindo entre pedras ou escalando muros de casa e troncos de \u00e1rvores. De t\u00e3o comuns aos andarilhos brasilienses, o pequeno r\u00e9ptil \u2013 o lagarto Tropidurus torquatus, de 15 [&hellip;]\" \/>\n<meta property=\"og:url\" content=\"https:\/\/www.notibras.com\/site\/calango-careta-arrasta-folioes-no-ultimo-dia-de-momo\/\" \/>\n<meta property=\"og:site_name\" content=\"Notibras\" \/>\n<meta property=\"article:publisher\" content=\"https:\/\/www.facebook.com\/notibras\/\" \/>\n<meta property=\"article:published_time\" content=\"2024-02-14T03:00:13+00:00\" \/>\n<meta property=\"article:modified_time\" content=\"2024-02-14T10:31:08+00:00\" \/>\n<meta property=\"og:image\" content=\"https:\/\/www.notibras.com\/site\/wp-content\/uploads\/2024\/02\/calangocareta.webp\" \/>\n\t<meta property=\"og:image:width\" content=\"1170\" \/>\n\t<meta property=\"og:image:height\" content=\"700\" \/>\n\t<meta property=\"og:image:type\" content=\"image\/webp\" \/>\n<meta name=\"author\" content=\"Reda\u00e7\u00e3o\" \/>\n<meta name=\"twitter:card\" content=\"summary_large_image\" \/>\n<meta name=\"twitter:creator\" content=\"@Notibras\" \/>\n<meta name=\"twitter:site\" content=\"@Notibras\" \/>\n<meta name=\"twitter:label1\" content=\"Escrito por\" \/>\n\t<meta name=\"twitter:data1\" content=\"Reda\u00e7\u00e3o\" \/>\n\t<meta name=\"twitter:label2\" content=\"Est. tempo de leitura\" \/>\n\t<meta name=\"twitter:data2\" content=\"4 minutos\" \/>\n<script type=\"application\/ld+json\" class=\"yoast-schema-graph\">{\"@context\":\"https:\/\/schema.org\",\"@graph\":[{\"@type\":\"Article\",\"@id\":\"https:\/\/www.notibras.com\/site\/calango-careta-arrasta-folioes-no-ultimo-dia-de-momo\/#article\",\"isPartOf\":{\"@id\":\"https:\/\/www.notibras.com\/site\/calango-careta-arrasta-folioes-no-ultimo-dia-de-momo\/\"},\"author\":{\"name\":\"Reda\u00e7\u00e3o\",\"@id\":\"https:\/\/www.notibras.com\/site\/#\/schema\/person\/36ab0979449956132d3e5b517ea76ac8\"},\"headline\":\"Calango Careta arrasta foli\u00f5es no \u00faltimo dia de Momo\",\"datePublished\":\"2024-02-14T03:00:13+00:00\",\"dateModified\":\"2024-02-14T10:31:08+00:00\",\"mainEntityOfPage\":{\"@id\":\"https:\/\/www.notibras.com\/site\/calango-careta-arrasta-folioes-no-ultimo-dia-de-momo\/\"},\"wordCount\":610,\"publisher\":{\"@id\":\"https:\/\/www.notibras.com\/site\/#organization\"},\"image\":{\"@id\":\"https:\/\/www.notibras.com\/site\/calango-careta-arrasta-folioes-no-ultimo-dia-de-momo\/#primaryimage\"},\"thumbnailUrl\":\"https:\/\/www.notibras.com\/site\/wp-content\/uploads\/2024\/02\/calangocareta.webp\",\"articleSection\":[\"Quadradinho em Foco\"],\"inLanguage\":\"pt-BR\"},{\"@type\":\"WebPage\",\"@id\":\"https:\/\/www.notibras.com\/site\/calango-careta-arrasta-folioes-no-ultimo-dia-de-momo\/\",\"url\":\"https:\/\/www.notibras.com\/site\/calango-careta-arrasta-folioes-no-ultimo-dia-de-momo\/\",\"name\":\"Calango Careta arrasta foli\u00f5es no \u00faltimo dia de Momo - Notibras\",\"isPartOf\":{\"@id\":\"https:\/\/www.notibras.com\/site\/#website\"},\"primaryImageOfPage\":{\"@id\":\"https:\/\/www.notibras.com\/site\/calango-careta-arrasta-folioes-no-ultimo-dia-de-momo\/#primaryimage\"},\"image\":{\"@id\":\"https:\/\/www.notibras.com\/site\/calango-careta-arrasta-folioes-no-ultimo-dia-de-momo\/#primaryimage\"},\"thumbnailUrl\":\"https:\/\/www.notibras.com\/site\/wp-content\/uploads\/2024\/02\/calangocareta.webp\",\"datePublished\":\"2024-02-14T03:00:13+00:00\",\"dateModified\":\"2024-02-14T10:31:08+00:00\",\"breadcrumb\":{\"@id\":\"https:\/\/www.notibras.com\/site\/calango-careta-arrasta-folioes-no-ultimo-dia-de-momo\/#breadcrumb\"},\"inLanguage\":\"pt-BR\",\"potentialAction\":[{\"@type\":\"ReadAction\",\"target\":[\"https:\/\/www.notibras.com\/site\/calango-careta-arrasta-folioes-no-ultimo-dia-de-momo\/\"]}]},{\"@type\":\"ImageObject\",\"inLanguage\":\"pt-BR\",\"@id\":\"https:\/\/www.notibras.com\/site\/calango-careta-arrasta-folioes-no-ultimo-dia-de-momo\/#primaryimage\",\"url\":\"https:\/\/www.notibras.com\/site\/wp-content\/uploads\/2024\/02\/calangocareta.webp\",\"contentUrl\":\"https:\/\/www.notibras.com\/site\/wp-content\/uploads\/2024\/02\/calangocareta.webp\",\"width\":1170,\"height\":700},{\"@type\":\"BreadcrumbList\",\"@id\":\"https:\/\/www.notibras.com\/site\/calango-careta-arrasta-folioes-no-ultimo-dia-de-momo\/#breadcrumb\",\"itemListElement\":[{\"@type\":\"ListItem\",\"position\":1,\"name\":\"In\u00edcio\",\"item\":\"https:\/\/www.notibras.com\/site\/\"},{\"@type\":\"ListItem\",\"position\":2,\"name\":\"Calango Careta arrasta foli\u00f5es no \u00faltimo dia de Momo\"}]},{\"@type\":\"WebSite\",\"@id\":\"https:\/\/www.notibras.com\/site\/#website\",\"url\":\"https:\/\/www.notibras.com\/site\/\",\"name\":\"Notibras\",\"description\":\"Not\u00edcias de Bras\u00edlia, do Brasil e do Mundo\",\"publisher\":{\"@id\":\"https:\/\/www.notibras.com\/site\/#organization\"},\"potentialAction\":[{\"@type\":\"SearchAction\",\"target\":{\"@type\":\"EntryPoint\",\"urlTemplate\":\"https:\/\/www.notibras.com\/site\/?s={search_term_string}\"},\"query-input\":{\"@type\":\"PropertyValueSpecification\",\"valueRequired\":true,\"valueName\":\"search_term_string\"}}],\"inLanguage\":\"pt-BR\"},{\"@type\":\"Organization\",\"@id\":\"https:\/\/www.notibras.com\/site\/#organization\",\"name\":\"Grupo Notibras de Comunica\u00e7\u00e3o\",\"url\":\"https:\/\/www.notibras.com\/site\/\",\"logo\":{\"@type\":\"ImageObject\",\"inLanguage\":\"pt-BR\",\"@id\":\"https:\/\/www.notibras.com\/site\/#\/schema\/logo\/image\/\",\"url\":\"https:\/\/www.notibras.com\/site\/wp-content\/uploads\/2023\/01\/notibras23.png\",\"contentUrl\":\"https:\/\/www.notibras.com\/site\/wp-content\/uploads\/2023\/01\/notibras23.png\",\"width\":350,\"height\":87,\"caption\":\"Grupo Notibras de Comunica\u00e7\u00e3o\"},\"image\":{\"@id\":\"https:\/\/www.notibras.com\/site\/#\/schema\/logo\/image\/\"},\"sameAs\":[\"https:\/\/www.facebook.com\/notibras\/\",\"https:\/\/x.com\/Notibras\",\"https:\/\/www.instagram.com\/notibras\/\"]},{\"@type\":\"Person\",\"@id\":\"https:\/\/www.notibras.com\/site\/#\/schema\/person\/36ab0979449956132d3e5b517ea76ac8\",\"name\":\"Reda\u00e7\u00e3o\",\"image\":{\"@type\":\"ImageObject\",\"inLanguage\":\"pt-BR\",\"@id\":\"https:\/\/secure.gravatar.com\/avatar\/e0a867bdedb85fd243eadf09663511f96fc81e0720a4a42581f334ad4303aa6b?s=96&d=mm&r=g\",\"url\":\"https:\/\/secure.gravatar.com\/avatar\/e0a867bdedb85fd243eadf09663511f96fc81e0720a4a42581f334ad4303aa6b?s=96&d=mm&r=g\",\"contentUrl\":\"https:\/\/secure.gravatar.com\/avatar\/e0a867bdedb85fd243eadf09663511f96fc81e0720a4a42581f334ad4303aa6b?s=96&d=mm&r=g\",\"caption\":\"Reda\u00e7\u00e3o\"}}]}<\/script>\n<!-- \/ Yoast SEO plugin. -->","yoast_head_json":{"title":"Calango Careta arrasta foli\u00f5es no \u00faltimo dia de Momo - Notibras","robots":{"index":"index","follow":"follow","max-snippet":"max-snippet:-1","max-image-preview":"max-image-preview:large","max-video-preview":"max-video-preview:-1"},"canonical":"https:\/\/www.notibras.com\/site\/calango-careta-arrasta-folioes-no-ultimo-dia-de-momo\/","og_locale":"pt_BR","og_type":"article","og_title":"Calango Careta arrasta foli\u00f5es no \u00faltimo dia de Momo - Notibras","og_description":"Quem anda a p\u00e9 em Bras\u00edlia est\u00e1 acostumado a ver calangos de tom cinza a esverdeado tomando banhos de sol ou se escondendo em fendas das cal\u00e7adas, escapulindo entre pedras ou escalando muros de casa e troncos de \u00e1rvores. De t\u00e3o comuns aos andarilhos brasilienses, o pequeno r\u00e9ptil \u2013 o lagarto Tropidurus torquatus, de 15 [&hellip;]","og_url":"https:\/\/www.notibras.com\/site\/calango-careta-arrasta-folioes-no-ultimo-dia-de-momo\/","og_site_name":"Notibras","article_publisher":"https:\/\/www.facebook.com\/notibras\/","article_published_time":"2024-02-14T03:00:13+00:00","article_modified_time":"2024-02-14T10:31:08+00:00","og_image":[{"width":1170,"height":700,"url":"https:\/\/www.notibras.com\/site\/wp-content\/uploads\/2024\/02\/calangocareta.webp","type":"image\/webp"}],"author":"Reda\u00e7\u00e3o","twitter_card":"summary_large_image","twitter_creator":"@Notibras","twitter_site":"@Notibras","twitter_misc":{"Escrito por":"Reda\u00e7\u00e3o","Est. tempo de leitura":"4 minutos"},"schema":{"@context":"https:\/\/schema.org","@graph":[{"@type":"Article","@id":"https:\/\/www.notibras.com\/site\/calango-careta-arrasta-folioes-no-ultimo-dia-de-momo\/#article","isPartOf":{"@id":"https:\/\/www.notibras.com\/site\/calango-careta-arrasta-folioes-no-ultimo-dia-de-momo\/"},"author":{"name":"Reda\u00e7\u00e3o","@id":"https:\/\/www.notibras.com\/site\/#\/schema\/person\/36ab0979449956132d3e5b517ea76ac8"},"headline":"Calango Careta arrasta foli\u00f5es no \u00faltimo dia de Momo","datePublished":"2024-02-14T03:00:13+00:00","dateModified":"2024-02-14T10:31:08+00:00","mainEntityOfPage":{"@id":"https:\/\/www.notibras.com\/site\/calango-careta-arrasta-folioes-no-ultimo-dia-de-momo\/"},"wordCount":610,"publisher":{"@id":"https:\/\/www.notibras.com\/site\/#organization"},"image":{"@id":"https:\/\/www.notibras.com\/site\/calango-careta-arrasta-folioes-no-ultimo-dia-de-momo\/#primaryimage"},"thumbnailUrl":"https:\/\/www.notibras.com\/site\/wp-content\/uploads\/2024\/02\/calangocareta.webp","articleSection":["Quadradinho em Foco"],"inLanguage":"pt-BR"},{"@type":"WebPage","@id":"https:\/\/www.notibras.com\/site\/calango-careta-arrasta-folioes-no-ultimo-dia-de-momo\/","url":"https:\/\/www.notibras.com\/site\/calango-careta-arrasta-folioes-no-ultimo-dia-de-momo\/","name":"Calango Careta arrasta foli\u00f5es no \u00faltimo dia de Momo - Notibras","isPartOf":{"@id":"https:\/\/www.notibras.com\/site\/#website"},"primaryImageOfPage":{"@id":"https:\/\/www.notibras.com\/site\/calango-careta-arrasta-folioes-no-ultimo-dia-de-momo\/#primaryimage"},"image":{"@id":"https:\/\/www.notibras.com\/site\/calango-careta-arrasta-folioes-no-ultimo-dia-de-momo\/#primaryimage"},"thumbnailUrl":"https:\/\/www.notibras.com\/site\/wp-content\/uploads\/2024\/02\/calangocareta.webp","datePublished":"2024-02-14T03:00:13+00:00","dateModified":"2024-02-14T10:31:08+00:00","breadcrumb":{"@id":"https:\/\/www.notibras.com\/site\/calango-careta-arrasta-folioes-no-ultimo-dia-de-momo\/#breadcrumb"},"inLanguage":"pt-BR","potentialAction":[{"@type":"ReadAction","target":["https:\/\/www.notibras.com\/site\/calango-careta-arrasta-folioes-no-ultimo-dia-de-momo\/"]}]},{"@type":"ImageObject","inLanguage":"pt-BR","@id":"https:\/\/www.notibras.com\/site\/calango-careta-arrasta-folioes-no-ultimo-dia-de-momo\/#primaryimage","url":"https:\/\/www.notibras.com\/site\/wp-content\/uploads\/2024\/02\/calangocareta.webp","contentUrl":"https:\/\/www.notibras.com\/site\/wp-content\/uploads\/2024\/02\/calangocareta.webp","width":1170,"height":700},{"@type":"BreadcrumbList","@id":"https:\/\/www.notibras.com\/site\/calango-careta-arrasta-folioes-no-ultimo-dia-de-momo\/#breadcrumb","itemListElement":[{"@type":"ListItem","position":1,"name":"In\u00edcio","item":"https:\/\/www.notibras.com\/site\/"},{"@type":"ListItem","position":2,"name":"Calango Careta arrasta foli\u00f5es no \u00faltimo dia de Momo"}]},{"@type":"WebSite","@id":"https:\/\/www.notibras.com\/site\/#website","url":"https:\/\/www.notibras.com\/site\/","name":"Notibras","description":"Not\u00edcias de Bras\u00edlia, do Brasil e do Mundo","publisher":{"@id":"https:\/\/www.notibras.com\/site\/#organization"},"potentialAction":[{"@type":"SearchAction","target":{"@type":"EntryPoint","urlTemplate":"https:\/\/www.notibras.com\/site\/?s={search_term_string}"},"query-input":{"@type":"PropertyValueSpecification","valueRequired":true,"valueName":"search_term_string"}}],"inLanguage":"pt-BR"},{"@type":"Organization","@id":"https:\/\/www.notibras.com\/site\/#organization","name":"Grupo Notibras de Comunica\u00e7\u00e3o","url":"https:\/\/www.notibras.com\/site\/","logo":{"@type":"ImageObject","inLanguage":"pt-BR","@id":"https:\/\/www.notibras.com\/site\/#\/schema\/logo\/image\/","url":"https:\/\/www.notibras.com\/site\/wp-content\/uploads\/2023\/01\/notibras23.png","contentUrl":"https:\/\/www.notibras.com\/site\/wp-content\/uploads\/2023\/01\/notibras23.png","width":350,"height":87,"caption":"Grupo Notibras de Comunica\u00e7\u00e3o"},"image":{"@id":"https:\/\/www.notibras.com\/site\/#\/schema\/logo\/image\/"},"sameAs":["https:\/\/www.facebook.com\/notibras\/","https:\/\/x.com\/Notibras","https:\/\/www.instagram.com\/notibras\/"]},{"@type":"Person","@id":"https:\/\/www.notibras.com\/site\/#\/schema\/person\/36ab0979449956132d3e5b517ea76ac8","name":"Reda\u00e7\u00e3o","image":{"@type":"ImageObject","inLanguage":"pt-BR","@id":"https:\/\/secure.gravatar.com\/avatar\/e0a867bdedb85fd243eadf09663511f96fc81e0720a4a42581f334ad4303aa6b?s=96&d=mm&r=g","url":"https:\/\/secure.gravatar.com\/avatar\/e0a867bdedb85fd243eadf09663511f96fc81e0720a4a42581f334ad4303aa6b?s=96&d=mm&r=g","contentUrl":"https:\/\/secure.gravatar.com\/avatar\/e0a867bdedb85fd243eadf09663511f96fc81e0720a4a42581f334ad4303aa6b?s=96&d=mm&r=g","caption":"Reda\u00e7\u00e3o"}}]}},"amp_enabled":true,"_links":{"self":[{"href":"https:\/\/www.notibras.com\/site\/wp-json\/wp\/v2\/posts\/322338","targetHints":{"allow":["GET"]}}],"collection":[{"href":"https:\/\/www.notibras.com\/site\/wp-json\/wp\/v2\/posts"}],"about":[{"href":"https:\/\/www.notibras.com\/site\/wp-json\/wp\/v2\/types\/post"}],"author":[{"embeddable":true,"href":"https:\/\/www.notibras.com\/site\/wp-json\/wp\/v2\/users\/2"}],"replies":[{"embeddable":true,"href":"https:\/\/www.notibras.com\/site\/wp-json\/wp\/v2\/comments?post=322338"}],"version-history":[{"count":1,"href":"https:\/\/www.notibras.com\/site\/wp-json\/wp\/v2\/posts\/322338\/revisions"}],"predecessor-version":[{"id":322340,"href":"https:\/\/www.notibras.com\/site\/wp-json\/wp\/v2\/posts\/322338\/revisions\/322340"}],"wp:featuredmedia":[{"embeddable":true,"href":"https:\/\/www.notibras.com\/site\/wp-json\/wp\/v2\/media\/322339"}],"wp:attachment":[{"href":"https:\/\/www.notibras.com\/site\/wp-json\/wp\/v2\/media?parent=322338"}],"wp:term":[{"taxonomy":"category","embeddable":true,"href":"https:\/\/www.notibras.com\/site\/wp-json\/wp\/v2\/categories?post=322338"},{"taxonomy":"post_tag","embeddable":true,"href":"https:\/\/www.notibras.com\/site\/wp-json\/wp\/v2\/tags?post=322338"}],"curies":[{"name":"wp","href":"https:\/\/api.w.org\/{rel}","templated":true}]}}