{"id":322346,"date":"2024-02-14T00:00:49","date_gmt":"2024-02-14T03:00:49","guid":{"rendered":"https:\/\/www.notibras.com\/site\/?p=322346"},"modified":"2024-02-14T08:10:14","modified_gmt":"2024-02-14T11:10:14","slug":"buriti-reforca-trabalhos-para-reparacao-dos-danos-chuvas","status":"publish","type":"post","link":"https:\/\/www.notibras.com\/site\/buriti-reforca-trabalhos-para-reparacao-dos-danos-chuvas\/","title":{"rendered":"Buriti refor\u00e7a trabalhos para repara\u00e7\u00e3o dos danos das chuvas"},"content":{"rendered":"<p>A chuva n\u00e3o deu tr\u00e9gua e as equipes do Governo do Distrito Federal (GDF) continuam nas ruas para identificar e reparar os danos causados pelas tempestades. Ap\u00f3s uma for\u00e7a-tarefa que percorreu Plano Piloto, Ceil\u00e2ndia, Taguatinga e Varj\u00e3o, agora os trabalhos se concentram nas \u00e1reas de S\u00e3o Sebasti\u00e3o e Sol Nascente\/P\u00f4r do Sol, ainda impactadas pelos temporais.<\/p>\n<p>A vice-governadora Celina Le\u00e3o destacou o empenho das equipes na resolu\u00e7\u00e3o dos problemas causados pelos temporais at\u00edpicos \u2013 segundo o Inmet, desde sexta-feira (9), choveu mais da metade do previsto para todo o m\u00eas de fevereiro. \u201cDesde sexta-feira, nossas equipes est\u00e3o nas ruas atuando de forma incans\u00e1vel para resolver os problemas e monitorando os estragos por todo o Distrito Federal. Temos trabalhado fazendo os reparos e preservando as \u00e1reas atingidas. Tamb\u00e9m estamos em alerta, como previsto desde que decretamos estado de emerg\u00eancia, devido \u00e0 previs\u00e3o de continuidade das chuvas ao longo dos pr\u00f3ximos dias\u201d, afirmou.<\/p>\n<p>Na regi\u00e3o do Cap\u00e3o Comprido, em S\u00e3o Sebasti\u00e3o, as equipes atuam para conter um desbarrancamento que estreitou a pista. \u201cCome\u00e7amos cedo o trabalho\u201d, relata o administrador regional de S\u00e3o Sebasti\u00e3o, Roberto Medeiros. \u201cPor l\u00e1, teremos que colocar material de constru\u00e7\u00e3o civil para fechar a cratera e recompor o manilhamento, porque, com a enxurrada, algumas manilhas foram deslocadas at\u00e9 sete metros para a frente\u201d.<\/p>\n<p>No Sol Nascente\/P\u00f4r do Sol, houve uma s\u00e9rie de a\u00e7\u00f5es para minimizar os transtornos. Foram feitas a limpeza das vias e a retirada das placas asf\u00e1lticas nas ch\u00e1caras 108 e 501. Na Ch\u00e1cara 149, no Trecho 1, os bloquetes foram retirados e a \u00e1rea foi limpa.<\/p>\n<p>\u201cAs a\u00e7\u00f5es feitas p\u00f3s-chuva j\u00e1 foram conclu\u00eddas, e agora estamos aguardando o tempo melhorar para que possamos fazer a recupera\u00e7\u00e3o asf\u00e1ltica dos setores que foram danificados\u201d, informa o administrador regional do Sol Nascente\/P\u00f4r do Sol, Claudio Ferreira.<\/p>\n<p>No Varj\u00e3o, as chuvas causaram alagamentos e a invas\u00e3o da \u00e1gua a im\u00f3veis na Quadra 5. Para mitigar a situa\u00e7\u00e3o na \u00e1rea, ser\u00e1 necess\u00e1ria a reconstru\u00e7\u00e3o de um muro de conten\u00e7\u00e3o de 15 metros e a amplia\u00e7\u00e3o da rede de drenagem. No Itapo\u00e3, m\u00e1quinas e equipes foram deslocadas para limpar os locais alagados e sinalizar as \u00e1reas em que houve desgaste do pavimento.<\/p>\n<p>Em outras regi\u00f5es administrativas, as equipes do governo est\u00e3o monitorando \u00e1reas consideradas de risco e mapeando as a\u00e7\u00f5es que devem ser feitas j\u00e1 nos pr\u00f3ximos dias, principalmente de refor\u00e7o de encostas, limpeza de redes de drenagem, retirada de \u00e1gua acumulada e recupera\u00e7\u00e3o de pavimenta\u00e7\u00e3o de vias afetadas.<\/p>\n<p>Os trabalhos emergenciais est\u00e3o previstos no decreto n\u00ba 45.405, de 12 de janeiro, que colocou o Distrito Federal em estado de emerg\u00eancia devido \u00e0s chuvas. A norma mant\u00e9m as equipes em prontid\u00e3o para atender a popula\u00e7\u00e3o em situa\u00e7\u00f5es de risco e minimizar os transtornos decorrentes das tempestades.<\/p>\n","protected":false},"excerpt":{"rendered":"<p>A chuva n\u00e3o deu tr\u00e9gua e as equipes do Governo do Distrito Federal (GDF) continuam nas ruas para identificar e reparar os danos causados pelas tempestades. Ap\u00f3s uma for\u00e7a-tarefa que percorreu Plano Piloto, Ceil\u00e2ndia, Taguatinga e Varj\u00e3o, agora os trabalhos se concentram nas \u00e1reas de S\u00e3o Sebasti\u00e3o e Sol Nascente\/P\u00f4r do Sol, ainda impactadas pelos [&hellip;]<\/p>\n","protected":false},"author":2,"featured_media":322347,"comment_status":"closed","ping_status":"closed","sticky":false,"template":"","format":"standard","meta":{"_acf_changed":false,"footnotes":""},"categories":[161],"tags":[],"class_list":["post-322346","post","type-post","status-publish","format-standard","has-post-thumbnail","hentry","category-quadradinho-em-foco"],"acf":[],"yoast_head":"<!-- This site is optimized with the Yoast SEO plugin v27.2 - https:\/\/yoast.com\/product\/yoast-seo-wordpress\/ -->\n<title>Buriti refor\u00e7a trabalhos para repara\u00e7\u00e3o dos danos das chuvas - Notibras<\/title>\n<meta name=\"robots\" content=\"index, follow, max-snippet:-1, max-image-preview:large, max-video-preview:-1\" \/>\n<link rel=\"canonical\" href=\"https:\/\/www.notibras.com\/site\/buriti-reforca-trabalhos-para-reparacao-dos-danos-chuvas\/\" \/>\n<meta property=\"og:locale\" content=\"pt_BR\" \/>\n<meta property=\"og:type\" content=\"article\" \/>\n<meta property=\"og:title\" content=\"Buriti refor\u00e7a trabalhos para repara\u00e7\u00e3o dos danos das chuvas - Notibras\" \/>\n<meta property=\"og:description\" content=\"A chuva n\u00e3o deu tr\u00e9gua e as equipes do Governo do Distrito Federal (GDF) continuam nas ruas para identificar e reparar os danos causados pelas tempestades. Ap\u00f3s uma for\u00e7a-tarefa que percorreu Plano Piloto, Ceil\u00e2ndia, Taguatinga e Varj\u00e3o, agora os trabalhos se concentram nas \u00e1reas de S\u00e3o Sebasti\u00e3o e Sol Nascente\/P\u00f4r do Sol, ainda impactadas pelos [&hellip;]\" \/>\n<meta property=\"og:url\" content=\"https:\/\/www.notibras.com\/site\/buriti-reforca-trabalhos-para-reparacao-dos-danos-chuvas\/\" \/>\n<meta property=\"og:site_name\" content=\"Notibras\" \/>\n<meta property=\"article:publisher\" content=\"https:\/\/www.facebook.com\/notibras\/\" \/>\n<meta property=\"article:published_time\" content=\"2024-02-14T03:00:49+00:00\" \/>\n<meta property=\"article:modified_time\" content=\"2024-02-14T11:10:14+00:00\" \/>\n<meta property=\"og:image\" content=\"https:\/\/www.notibras.com\/site\/wp-content\/uploads\/2024\/02\/Administracao-regional-4-1536x1024-1.jpg\" \/>\n\t<meta property=\"og:image:width\" content=\"1536\" \/>\n\t<meta property=\"og:image:height\" content=\"1024\" \/>\n\t<meta property=\"og:image:type\" content=\"image\/jpeg\" \/>\n<meta name=\"author\" content=\"Reda\u00e7\u00e3o\" \/>\n<meta name=\"twitter:card\" content=\"summary_large_image\" \/>\n<meta name=\"twitter:creator\" content=\"@Notibras\" \/>\n<meta name=\"twitter:site\" content=\"@Notibras\" \/>\n<meta name=\"twitter:label1\" content=\"Escrito por\" \/>\n\t<meta name=\"twitter:data1\" content=\"Reda\u00e7\u00e3o\" \/>\n\t<meta name=\"twitter:label2\" content=\"Est. tempo de leitura\" \/>\n\t<meta name=\"twitter:data2\" content=\"3 minutos\" \/>\n<script type=\"application\/ld+json\" class=\"yoast-schema-graph\">{\"@context\":\"https:\/\/schema.org\",\"@graph\":[{\"@type\":\"Article\",\"@id\":\"https:\/\/www.notibras.com\/site\/buriti-reforca-trabalhos-para-reparacao-dos-danos-chuvas\/#article\",\"isPartOf\":{\"@id\":\"https:\/\/www.notibras.com\/site\/buriti-reforca-trabalhos-para-reparacao-dos-danos-chuvas\/\"},\"author\":{\"name\":\"Reda\u00e7\u00e3o\",\"@id\":\"https:\/\/www.notibras.com\/site\/#\/schema\/person\/36ab0979449956132d3e5b517ea76ac8\"},\"headline\":\"Buriti refor\u00e7a trabalhos para repara\u00e7\u00e3o dos danos das chuvas\",\"datePublished\":\"2024-02-14T03:00:49+00:00\",\"dateModified\":\"2024-02-14T11:10:14+00:00\",\"mainEntityOfPage\":{\"@id\":\"https:\/\/www.notibras.com\/site\/buriti-reforca-trabalhos-para-reparacao-dos-danos-chuvas\/\"},\"wordCount\":518,\"publisher\":{\"@id\":\"https:\/\/www.notibras.com\/site\/#organization\"},\"image\":{\"@id\":\"https:\/\/www.notibras.com\/site\/buriti-reforca-trabalhos-para-reparacao-dos-danos-chuvas\/#primaryimage\"},\"thumbnailUrl\":\"https:\/\/www.notibras.com\/site\/wp-content\/uploads\/2024\/02\/Administracao-regional-4-1536x1024-1.jpg\",\"articleSection\":[\"Quadradinho em Foco\"],\"inLanguage\":\"pt-BR\"},{\"@type\":\"WebPage\",\"@id\":\"https:\/\/www.notibras.com\/site\/buriti-reforca-trabalhos-para-reparacao-dos-danos-chuvas\/\",\"url\":\"https:\/\/www.notibras.com\/site\/buriti-reforca-trabalhos-para-reparacao-dos-danos-chuvas\/\",\"name\":\"Buriti refor\u00e7a trabalhos para repara\u00e7\u00e3o dos danos das chuvas - Notibras\",\"isPartOf\":{\"@id\":\"https:\/\/www.notibras.com\/site\/#website\"},\"primaryImageOfPage\":{\"@id\":\"https:\/\/www.notibras.com\/site\/buriti-reforca-trabalhos-para-reparacao-dos-danos-chuvas\/#primaryimage\"},\"image\":{\"@id\":\"https:\/\/www.notibras.com\/site\/buriti-reforca-trabalhos-para-reparacao-dos-danos-chuvas\/#primaryimage\"},\"thumbnailUrl\":\"https:\/\/www.notibras.com\/site\/wp-content\/uploads\/2024\/02\/Administracao-regional-4-1536x1024-1.jpg\",\"datePublished\":\"2024-02-14T03:00:49+00:00\",\"dateModified\":\"2024-02-14T11:10:14+00:00\",\"breadcrumb\":{\"@id\":\"https:\/\/www.notibras.com\/site\/buriti-reforca-trabalhos-para-reparacao-dos-danos-chuvas\/#breadcrumb\"},\"inLanguage\":\"pt-BR\",\"potentialAction\":[{\"@type\":\"ReadAction\",\"target\":[\"https:\/\/www.notibras.com\/site\/buriti-reforca-trabalhos-para-reparacao-dos-danos-chuvas\/\"]}]},{\"@type\":\"ImageObject\",\"inLanguage\":\"pt-BR\",\"@id\":\"https:\/\/www.notibras.com\/site\/buriti-reforca-trabalhos-para-reparacao-dos-danos-chuvas\/#primaryimage\",\"url\":\"https:\/\/www.notibras.com\/site\/wp-content\/uploads\/2024\/02\/Administracao-regional-4-1536x1024-1.jpg\",\"contentUrl\":\"https:\/\/www.notibras.com\/site\/wp-content\/uploads\/2024\/02\/Administracao-regional-4-1536x1024-1.jpg\",\"width\":1536,\"height\":1024},{\"@type\":\"BreadcrumbList\",\"@id\":\"https:\/\/www.notibras.com\/site\/buriti-reforca-trabalhos-para-reparacao-dos-danos-chuvas\/#breadcrumb\",\"itemListElement\":[{\"@type\":\"ListItem\",\"position\":1,\"name\":\"In\u00edcio\",\"item\":\"https:\/\/www.notibras.com\/site\/\"},{\"@type\":\"ListItem\",\"position\":2,\"name\":\"Buriti refor\u00e7a trabalhos para repara\u00e7\u00e3o dos danos das chuvas\"}]},{\"@type\":\"WebSite\",\"@id\":\"https:\/\/www.notibras.com\/site\/#website\",\"url\":\"https:\/\/www.notibras.com\/site\/\",\"name\":\"Notibras\",\"description\":\"Not\u00edcias de Bras\u00edlia, do Brasil e do Mundo\",\"publisher\":{\"@id\":\"https:\/\/www.notibras.com\/site\/#organization\"},\"potentialAction\":[{\"@type\":\"SearchAction\",\"target\":{\"@type\":\"EntryPoint\",\"urlTemplate\":\"https:\/\/www.notibras.com\/site\/?s={search_term_string}\"},\"query-input\":{\"@type\":\"PropertyValueSpecification\",\"valueRequired\":true,\"valueName\":\"search_term_string\"}}],\"inLanguage\":\"pt-BR\"},{\"@type\":\"Organization\",\"@id\":\"https:\/\/www.notibras.com\/site\/#organization\",\"name\":\"Grupo Notibras de Comunica\u00e7\u00e3o\",\"url\":\"https:\/\/www.notibras.com\/site\/\",\"logo\":{\"@type\":\"ImageObject\",\"inLanguage\":\"pt-BR\",\"@id\":\"https:\/\/www.notibras.com\/site\/#\/schema\/logo\/image\/\",\"url\":\"https:\/\/www.notibras.com\/site\/wp-content\/uploads\/2023\/01\/notibras23.png\",\"contentUrl\":\"https:\/\/www.notibras.com\/site\/wp-content\/uploads\/2023\/01\/notibras23.png\",\"width\":350,\"height\":87,\"caption\":\"Grupo Notibras de Comunica\u00e7\u00e3o\"},\"image\":{\"@id\":\"https:\/\/www.notibras.com\/site\/#\/schema\/logo\/image\/\"},\"sameAs\":[\"https:\/\/www.facebook.com\/notibras\/\",\"https:\/\/x.com\/Notibras\",\"https:\/\/www.instagram.com\/notibras\/\"]},{\"@type\":\"Person\",\"@id\":\"https:\/\/www.notibras.com\/site\/#\/schema\/person\/36ab0979449956132d3e5b517ea76ac8\",\"name\":\"Reda\u00e7\u00e3o\",\"image\":{\"@type\":\"ImageObject\",\"inLanguage\":\"pt-BR\",\"@id\":\"https:\/\/secure.gravatar.com\/avatar\/e0a867bdedb85fd243eadf09663511f96fc81e0720a4a42581f334ad4303aa6b?s=96&d=mm&r=g\",\"url\":\"https:\/\/secure.gravatar.com\/avatar\/e0a867bdedb85fd243eadf09663511f96fc81e0720a4a42581f334ad4303aa6b?s=96&d=mm&r=g\",\"contentUrl\":\"https:\/\/secure.gravatar.com\/avatar\/e0a867bdedb85fd243eadf09663511f96fc81e0720a4a42581f334ad4303aa6b?s=96&d=mm&r=g\",\"caption\":\"Reda\u00e7\u00e3o\"}}]}<\/script>\n<!-- \/ Yoast SEO plugin. -->","yoast_head_json":{"title":"Buriti refor\u00e7a trabalhos para repara\u00e7\u00e3o dos danos das chuvas - Notibras","robots":{"index":"index","follow":"follow","max-snippet":"max-snippet:-1","max-image-preview":"max-image-preview:large","max-video-preview":"max-video-preview:-1"},"canonical":"https:\/\/www.notibras.com\/site\/buriti-reforca-trabalhos-para-reparacao-dos-danos-chuvas\/","og_locale":"pt_BR","og_type":"article","og_title":"Buriti refor\u00e7a trabalhos para repara\u00e7\u00e3o dos danos das chuvas - Notibras","og_description":"A chuva n\u00e3o deu tr\u00e9gua e as equipes do Governo do Distrito Federal (GDF) continuam nas ruas para identificar e reparar os danos causados pelas tempestades. Ap\u00f3s uma for\u00e7a-tarefa que percorreu Plano Piloto, Ceil\u00e2ndia, Taguatinga e Varj\u00e3o, agora os trabalhos se concentram nas \u00e1reas de S\u00e3o Sebasti\u00e3o e Sol Nascente\/P\u00f4r do Sol, ainda impactadas pelos [&hellip;]","og_url":"https:\/\/www.notibras.com\/site\/buriti-reforca-trabalhos-para-reparacao-dos-danos-chuvas\/","og_site_name":"Notibras","article_publisher":"https:\/\/www.facebook.com\/notibras\/","article_published_time":"2024-02-14T03:00:49+00:00","article_modified_time":"2024-02-14T11:10:14+00:00","og_image":[{"width":1536,"height":1024,"url":"https:\/\/www.notibras.com\/site\/wp-content\/uploads\/2024\/02\/Administracao-regional-4-1536x1024-1.jpg","type":"image\/jpeg"}],"author":"Reda\u00e7\u00e3o","twitter_card":"summary_large_image","twitter_creator":"@Notibras","twitter_site":"@Notibras","twitter_misc":{"Escrito por":"Reda\u00e7\u00e3o","Est. tempo de leitura":"3 minutos"},"schema":{"@context":"https:\/\/schema.org","@graph":[{"@type":"Article","@id":"https:\/\/www.notibras.com\/site\/buriti-reforca-trabalhos-para-reparacao-dos-danos-chuvas\/#article","isPartOf":{"@id":"https:\/\/www.notibras.com\/site\/buriti-reforca-trabalhos-para-reparacao-dos-danos-chuvas\/"},"author":{"name":"Reda\u00e7\u00e3o","@id":"https:\/\/www.notibras.com\/site\/#\/schema\/person\/36ab0979449956132d3e5b517ea76ac8"},"headline":"Buriti refor\u00e7a trabalhos para repara\u00e7\u00e3o dos danos das chuvas","datePublished":"2024-02-14T03:00:49+00:00","dateModified":"2024-02-14T11:10:14+00:00","mainEntityOfPage":{"@id":"https:\/\/www.notibras.com\/site\/buriti-reforca-trabalhos-para-reparacao-dos-danos-chuvas\/"},"wordCount":518,"publisher":{"@id":"https:\/\/www.notibras.com\/site\/#organization"},"image":{"@id":"https:\/\/www.notibras.com\/site\/buriti-reforca-trabalhos-para-reparacao-dos-danos-chuvas\/#primaryimage"},"thumbnailUrl":"https:\/\/www.notibras.com\/site\/wp-content\/uploads\/2024\/02\/Administracao-regional-4-1536x1024-1.jpg","articleSection":["Quadradinho em Foco"],"inLanguage":"pt-BR"},{"@type":"WebPage","@id":"https:\/\/www.notibras.com\/site\/buriti-reforca-trabalhos-para-reparacao-dos-danos-chuvas\/","url":"https:\/\/www.notibras.com\/site\/buriti-reforca-trabalhos-para-reparacao-dos-danos-chuvas\/","name":"Buriti refor\u00e7a trabalhos para repara\u00e7\u00e3o dos danos das chuvas - Notibras","isPartOf":{"@id":"https:\/\/www.notibras.com\/site\/#website"},"primaryImageOfPage":{"@id":"https:\/\/www.notibras.com\/site\/buriti-reforca-trabalhos-para-reparacao-dos-danos-chuvas\/#primaryimage"},"image":{"@id":"https:\/\/www.notibras.com\/site\/buriti-reforca-trabalhos-para-reparacao-dos-danos-chuvas\/#primaryimage"},"thumbnailUrl":"https:\/\/www.notibras.com\/site\/wp-content\/uploads\/2024\/02\/Administracao-regional-4-1536x1024-1.jpg","datePublished":"2024-02-14T03:00:49+00:00","dateModified":"2024-02-14T11:10:14+00:00","breadcrumb":{"@id":"https:\/\/www.notibras.com\/site\/buriti-reforca-trabalhos-para-reparacao-dos-danos-chuvas\/#breadcrumb"},"inLanguage":"pt-BR","potentialAction":[{"@type":"ReadAction","target":["https:\/\/www.notibras.com\/site\/buriti-reforca-trabalhos-para-reparacao-dos-danos-chuvas\/"]}]},{"@type":"ImageObject","inLanguage":"pt-BR","@id":"https:\/\/www.notibras.com\/site\/buriti-reforca-trabalhos-para-reparacao-dos-danos-chuvas\/#primaryimage","url":"https:\/\/www.notibras.com\/site\/wp-content\/uploads\/2024\/02\/Administracao-regional-4-1536x1024-1.jpg","contentUrl":"https:\/\/www.notibras.com\/site\/wp-content\/uploads\/2024\/02\/Administracao-regional-4-1536x1024-1.jpg","width":1536,"height":1024},{"@type":"BreadcrumbList","@id":"https:\/\/www.notibras.com\/site\/buriti-reforca-trabalhos-para-reparacao-dos-danos-chuvas\/#breadcrumb","itemListElement":[{"@type":"ListItem","position":1,"name":"In\u00edcio","item":"https:\/\/www.notibras.com\/site\/"},{"@type":"ListItem","position":2,"name":"Buriti refor\u00e7a trabalhos para repara\u00e7\u00e3o dos danos das chuvas"}]},{"@type":"WebSite","@id":"https:\/\/www.notibras.com\/site\/#website","url":"https:\/\/www.notibras.com\/site\/","name":"Notibras","description":"Not\u00edcias de Bras\u00edlia, do Brasil e do Mundo","publisher":{"@id":"https:\/\/www.notibras.com\/site\/#organization"},"potentialAction":[{"@type":"SearchAction","target":{"@type":"EntryPoint","urlTemplate":"https:\/\/www.notibras.com\/site\/?s={search_term_string}"},"query-input":{"@type":"PropertyValueSpecification","valueRequired":true,"valueName":"search_term_string"}}],"inLanguage":"pt-BR"},{"@type":"Organization","@id":"https:\/\/www.notibras.com\/site\/#organization","name":"Grupo Notibras de Comunica\u00e7\u00e3o","url":"https:\/\/www.notibras.com\/site\/","logo":{"@type":"ImageObject","inLanguage":"pt-BR","@id":"https:\/\/www.notibras.com\/site\/#\/schema\/logo\/image\/","url":"https:\/\/www.notibras.com\/site\/wp-content\/uploads\/2023\/01\/notibras23.png","contentUrl":"https:\/\/www.notibras.com\/site\/wp-content\/uploads\/2023\/01\/notibras23.png","width":350,"height":87,"caption":"Grupo Notibras de Comunica\u00e7\u00e3o"},"image":{"@id":"https:\/\/www.notibras.com\/site\/#\/schema\/logo\/image\/"},"sameAs":["https:\/\/www.facebook.com\/notibras\/","https:\/\/x.com\/Notibras","https:\/\/www.instagram.com\/notibras\/"]},{"@type":"Person","@id":"https:\/\/www.notibras.com\/site\/#\/schema\/person\/36ab0979449956132d3e5b517ea76ac8","name":"Reda\u00e7\u00e3o","image":{"@type":"ImageObject","inLanguage":"pt-BR","@id":"https:\/\/secure.gravatar.com\/avatar\/e0a867bdedb85fd243eadf09663511f96fc81e0720a4a42581f334ad4303aa6b?s=96&d=mm&r=g","url":"https:\/\/secure.gravatar.com\/avatar\/e0a867bdedb85fd243eadf09663511f96fc81e0720a4a42581f334ad4303aa6b?s=96&d=mm&r=g","contentUrl":"https:\/\/secure.gravatar.com\/avatar\/e0a867bdedb85fd243eadf09663511f96fc81e0720a4a42581f334ad4303aa6b?s=96&d=mm&r=g","caption":"Reda\u00e7\u00e3o"}}]}},"amp_enabled":true,"_links":{"self":[{"href":"https:\/\/www.notibras.com\/site\/wp-json\/wp\/v2\/posts\/322346","targetHints":{"allow":["GET"]}}],"collection":[{"href":"https:\/\/www.notibras.com\/site\/wp-json\/wp\/v2\/posts"}],"about":[{"href":"https:\/\/www.notibras.com\/site\/wp-json\/wp\/v2\/types\/post"}],"author":[{"embeddable":true,"href":"https:\/\/www.notibras.com\/site\/wp-json\/wp\/v2\/users\/2"}],"replies":[{"embeddable":true,"href":"https:\/\/www.notibras.com\/site\/wp-json\/wp\/v2\/comments?post=322346"}],"version-history":[{"count":2,"href":"https:\/\/www.notibras.com\/site\/wp-json\/wp\/v2\/posts\/322346\/revisions"}],"predecessor-version":[{"id":322349,"href":"https:\/\/www.notibras.com\/site\/wp-json\/wp\/v2\/posts\/322346\/revisions\/322349"}],"wp:featuredmedia":[{"embeddable":true,"href":"https:\/\/www.notibras.com\/site\/wp-json\/wp\/v2\/media\/322347"}],"wp:attachment":[{"href":"https:\/\/www.notibras.com\/site\/wp-json\/wp\/v2\/media?parent=322346"}],"wp:term":[{"taxonomy":"category","embeddable":true,"href":"https:\/\/www.notibras.com\/site\/wp-json\/wp\/v2\/categories?post=322346"},{"taxonomy":"post_tag","embeddable":true,"href":"https:\/\/www.notibras.com\/site\/wp-json\/wp\/v2\/tags?post=322346"}],"curies":[{"name":"wp","href":"https:\/\/api.w.org\/{rel}","templated":true}]}}