{"id":322473,"date":"2024-02-16T00:00:40","date_gmt":"2024-02-16T03:00:40","guid":{"rendered":"https:\/\/www.notibras.com\/site\/?p=322473"},"modified":"2024-02-16T06:03:46","modified_gmt":"2024-02-16T09:03:46","slug":"hemocentro-pede-socorro-a-doadores-de-sangue-e-plaquetas","status":"publish","type":"post","link":"https:\/\/www.notibras.com\/site\/hemocentro-pede-socorro-a-doadores-de-sangue-e-plaquetas\/","title":{"rendered":"Hemocentro pede socorro a doadores de sangue e plaquetas"},"content":{"rendered":"<p>Com as coletas diretamente impactadas pelo Carnaval, a Funda\u00e7\u00e3o Hemocentro de Bras\u00edlia (FHB) convoca os brasilienses a doarem sangue visando garantir o abastecimento do estoque de bolsas que alimentam as unidades da rede p\u00fablica de sa\u00fade e institui\u00e7\u00f5es conveniadas.<\/p>\n<p>Segundo o Hemocentro, o m\u00eas de fevereiro registrou, at\u00e9 o momento, uma m\u00e9dia de 102 doa\u00e7\u00f5es por dia. O n\u00famero \u00e9 43% inferior ao registrado no mesmo per\u00edodo do ano passado. A funda\u00e7\u00e3o calcula que s\u00e3o necess\u00e1rias 180 coletas di\u00e1rias para manter os n\u00edveis de seguran\u00e7a dos estoques de sangue.<\/p>\n<p>O presidente da FHB, Osnei Okumoto, afirma que o aumento dos casos de dengue e covid-19, o retorno das f\u00e9rias escolares e o feriado prolongado contribu\u00edram para a queda do fluxo de doadores. \u201cHouve, ainda, uma grande utiliza\u00e7\u00e3o de bolsas de sangue na rede p\u00fablica e conveniados\u201d, acrescenta.<\/p>\n<p>\u201cHoje, s\u00f3 temos os grupos B+ e AB+ com estoques regulares. Por isso, solicito a todos os doadores e candidatos que nunca doaram que venham at\u00e9 a Funda\u00e7\u00e3o Hemocentro para efetuar as doa\u00e7\u00f5es que podem salvar vidas\u201d, enfatiza o presidente.<\/p>\n<p>A situa\u00e7\u00e3o \u00e9 ainda mais cr\u00edtica para o grupo sangu\u00edneo O-, considerado como doador universal e mais raro entre a popula\u00e7\u00e3o. A tipagem \u00e9 comumente utilizada em casos de urg\u00eancia, quando a equipe m\u00e9dica desconhece a tipagem sangu\u00ednea do paciente.<\/p>\n<p>Por este motivo, doadores O- ter\u00e3o direito a senha preferencial para atendimento na funda\u00e7\u00e3o at\u00e9 o pr\u00f3ximo dia 24. Para ter acesso \u00e0 prioridade, o doador precisa comprovar o grupo sangu\u00edneo por meio do seu cadastro no Hemocentro ou por exame de tipagem sangu\u00ednea. \u201cEssa senha preferencial dar\u00e1 \u00e0 pessoa o direito de chegar e ser atendida de imediato, passando por todas as etapas com maior celeridade\u201d, garante Okumoto.<\/p>\n<p><strong>Doa\u00e7\u00e3o de plaquetas<\/strong><br \/>\nAl\u00e9m do baixo estoque de bolsas de sangue, o Hemocentro encara outro desafio: a alta demanda da rede p\u00fablica por plaquetas, impulsionada pelo crescimento dos casos de dengue no Distrito Federal.<\/p>\n<p>A FHB calcula que, em janeiro, as solicita\u00e7\u00f5es por plaquetas cresceram 25% em rela\u00e7\u00e3o ao mesmo per\u00edodo do ano anterior. De 1\u00ba a 27 de janeiro de 2023, foram distribu\u00eddas 3.264 unidades. Em 2024, foram 4.023. Desse total, 28,8% das plaquetas liberadas foram para atender requisi\u00e7\u00f5es de pacientes com dengue.<\/p>\n<p>Os componentes s\u00e3o essenciais no suporte aos pacientes da doen\u00e7a, que frequentemente leva a uma diminui\u00e7\u00e3o significativa no n\u00famero dessas c\u00e9lulas sangu\u00edneas essenciais para a coagula\u00e7\u00e3o. Em casos graves de dengue hemorr\u00e1gica, os n\u00edveis de plaquetas podem diminuir acentuadamente, aumentando o risco de sangramentos e complica\u00e7\u00f5es.<\/p>\n<p>Mesmo assim, o Hemocentro contraindica a transfus\u00e3o profil\u00e1tica de plaquetas como conduta para plaquetopenia por dengue hemorr\u00e1gica. Manifesta\u00e7\u00f5es hemorr\u00e1gicas da dengue devem ter a causa investigada cl\u00ednica e laboratorialmente, visando ao uso racional dos hemocomponentes que, usados indevidamente, podem agravar o caso.<\/p>\n","protected":false},"excerpt":{"rendered":"<p>Com as coletas diretamente impactadas pelo Carnaval, a Funda\u00e7\u00e3o Hemocentro de Bras\u00edlia (FHB) convoca os brasilienses a doarem sangue visando garantir o abastecimento do estoque de bolsas que alimentam as unidades da rede p\u00fablica de sa\u00fade e institui\u00e7\u00f5es conveniadas. Segundo o Hemocentro, o m\u00eas de fevereiro registrou, at\u00e9 o momento, uma m\u00e9dia de 102 doa\u00e7\u00f5es [&hellip;]<\/p>\n","protected":false},"author":2,"featured_media":322474,"comment_status":"closed","ping_status":"closed","sticky":false,"template":"","format":"standard","meta":{"_acf_changed":false,"footnotes":""},"categories":[161],"tags":[],"class_list":["post-322473","post","type-post","status-publish","format-standard","has-post-thumbnail","hentry","category-quadradinho-em-foco"],"acf":[],"yoast_head":"<!-- This site is optimized with the Yoast SEO plugin v27.2 - https:\/\/yoast.com\/product\/yoast-seo-wordpress\/ -->\n<title>Hemocentro pede socorro a doadores de sangue e plaquetas - Notibras<\/title>\n<meta name=\"robots\" content=\"index, follow, max-snippet:-1, max-image-preview:large, max-video-preview:-1\" \/>\n<link rel=\"canonical\" href=\"https:\/\/www.notibras.com\/site\/hemocentro-pede-socorro-a-doadores-de-sangue-e-plaquetas\/\" \/>\n<meta property=\"og:locale\" content=\"pt_BR\" \/>\n<meta property=\"og:type\" content=\"article\" \/>\n<meta property=\"og:title\" content=\"Hemocentro pede socorro a doadores de sangue e plaquetas - Notibras\" \/>\n<meta property=\"og:description\" content=\"Com as coletas diretamente impactadas pelo Carnaval, a Funda\u00e7\u00e3o Hemocentro de Bras\u00edlia (FHB) convoca os brasilienses a doarem sangue visando garantir o abastecimento do estoque de bolsas que alimentam as unidades da rede p\u00fablica de sa\u00fade e institui\u00e7\u00f5es conveniadas. Segundo o Hemocentro, o m\u00eas de fevereiro registrou, at\u00e9 o momento, uma m\u00e9dia de 102 doa\u00e7\u00f5es [&hellip;]\" \/>\n<meta property=\"og:url\" content=\"https:\/\/www.notibras.com\/site\/hemocentro-pede-socorro-a-doadores-de-sangue-e-plaquetas\/\" \/>\n<meta property=\"og:site_name\" content=\"Notibras\" \/>\n<meta property=\"article:publisher\" content=\"https:\/\/www.facebook.com\/notibras\/\" \/>\n<meta property=\"article:published_time\" content=\"2024-02-16T03:00:40+00:00\" \/>\n<meta property=\"article:modified_time\" content=\"2024-02-16T09:03:46+00:00\" \/>\n<meta property=\"og:image\" content=\"https:\/\/www.notibras.com\/site\/wp-content\/uploads\/2024\/02\/sanguefim.jpg.jpg\" \/>\n\t<meta property=\"og:image:width\" content=\"1181\" \/>\n\t<meta property=\"og:image:height\" content=\"787\" \/>\n\t<meta property=\"og:image:type\" content=\"image\/jpeg\" \/>\n<meta name=\"author\" content=\"Reda\u00e7\u00e3o\" \/>\n<meta name=\"twitter:card\" content=\"summary_large_image\" \/>\n<meta name=\"twitter:creator\" content=\"@Notibras\" \/>\n<meta name=\"twitter:site\" content=\"@Notibras\" \/>\n<meta name=\"twitter:label1\" content=\"Escrito por\" \/>\n\t<meta name=\"twitter:data1\" content=\"Reda\u00e7\u00e3o\" \/>\n\t<meta name=\"twitter:label2\" content=\"Est. tempo de leitura\" \/>\n\t<meta name=\"twitter:data2\" content=\"3 minutos\" \/>\n<script type=\"application\/ld+json\" class=\"yoast-schema-graph\">{\"@context\":\"https:\/\/schema.org\",\"@graph\":[{\"@type\":\"Article\",\"@id\":\"https:\/\/www.notibras.com\/site\/hemocentro-pede-socorro-a-doadores-de-sangue-e-plaquetas\/#article\",\"isPartOf\":{\"@id\":\"https:\/\/www.notibras.com\/site\/hemocentro-pede-socorro-a-doadores-de-sangue-e-plaquetas\/\"},\"author\":{\"name\":\"Reda\u00e7\u00e3o\",\"@id\":\"https:\/\/www.notibras.com\/site\/#\/schema\/person\/36ab0979449956132d3e5b517ea76ac8\"},\"headline\":\"Hemocentro pede socorro a doadores de sangue e plaquetas\",\"datePublished\":\"2024-02-16T03:00:40+00:00\",\"dateModified\":\"2024-02-16T09:03:46+00:00\",\"mainEntityOfPage\":{\"@id\":\"https:\/\/www.notibras.com\/site\/hemocentro-pede-socorro-a-doadores-de-sangue-e-plaquetas\/\"},\"wordCount\":508,\"publisher\":{\"@id\":\"https:\/\/www.notibras.com\/site\/#organization\"},\"image\":{\"@id\":\"https:\/\/www.notibras.com\/site\/hemocentro-pede-socorro-a-doadores-de-sangue-e-plaquetas\/#primaryimage\"},\"thumbnailUrl\":\"https:\/\/www.notibras.com\/site\/wp-content\/uploads\/2024\/02\/sanguefim.jpg.jpg\",\"articleSection\":[\"Quadradinho em Foco\"],\"inLanguage\":\"pt-BR\"},{\"@type\":\"WebPage\",\"@id\":\"https:\/\/www.notibras.com\/site\/hemocentro-pede-socorro-a-doadores-de-sangue-e-plaquetas\/\",\"url\":\"https:\/\/www.notibras.com\/site\/hemocentro-pede-socorro-a-doadores-de-sangue-e-plaquetas\/\",\"name\":\"Hemocentro pede socorro a doadores de sangue e plaquetas - Notibras\",\"isPartOf\":{\"@id\":\"https:\/\/www.notibras.com\/site\/#website\"},\"primaryImageOfPage\":{\"@id\":\"https:\/\/www.notibras.com\/site\/hemocentro-pede-socorro-a-doadores-de-sangue-e-plaquetas\/#primaryimage\"},\"image\":{\"@id\":\"https:\/\/www.notibras.com\/site\/hemocentro-pede-socorro-a-doadores-de-sangue-e-plaquetas\/#primaryimage\"},\"thumbnailUrl\":\"https:\/\/www.notibras.com\/site\/wp-content\/uploads\/2024\/02\/sanguefim.jpg.jpg\",\"datePublished\":\"2024-02-16T03:00:40+00:00\",\"dateModified\":\"2024-02-16T09:03:46+00:00\",\"breadcrumb\":{\"@id\":\"https:\/\/www.notibras.com\/site\/hemocentro-pede-socorro-a-doadores-de-sangue-e-plaquetas\/#breadcrumb\"},\"inLanguage\":\"pt-BR\",\"potentialAction\":[{\"@type\":\"ReadAction\",\"target\":[\"https:\/\/www.notibras.com\/site\/hemocentro-pede-socorro-a-doadores-de-sangue-e-plaquetas\/\"]}]},{\"@type\":\"ImageObject\",\"inLanguage\":\"pt-BR\",\"@id\":\"https:\/\/www.notibras.com\/site\/hemocentro-pede-socorro-a-doadores-de-sangue-e-plaquetas\/#primaryimage\",\"url\":\"https:\/\/www.notibras.com\/site\/wp-content\/uploads\/2024\/02\/sanguefim.jpg.jpg\",\"contentUrl\":\"https:\/\/www.notibras.com\/site\/wp-content\/uploads\/2024\/02\/sanguefim.jpg.jpg\",\"width\":1181,\"height\":787},{\"@type\":\"BreadcrumbList\",\"@id\":\"https:\/\/www.notibras.com\/site\/hemocentro-pede-socorro-a-doadores-de-sangue-e-plaquetas\/#breadcrumb\",\"itemListElement\":[{\"@type\":\"ListItem\",\"position\":1,\"name\":\"In\u00edcio\",\"item\":\"https:\/\/www.notibras.com\/site\/\"},{\"@type\":\"ListItem\",\"position\":2,\"name\":\"Hemocentro pede socorro a doadores de sangue e plaquetas\"}]},{\"@type\":\"WebSite\",\"@id\":\"https:\/\/www.notibras.com\/site\/#website\",\"url\":\"https:\/\/www.notibras.com\/site\/\",\"name\":\"Notibras\",\"description\":\"Not\u00edcias de Bras\u00edlia, do Brasil e do Mundo\",\"publisher\":{\"@id\":\"https:\/\/www.notibras.com\/site\/#organization\"},\"potentialAction\":[{\"@type\":\"SearchAction\",\"target\":{\"@type\":\"EntryPoint\",\"urlTemplate\":\"https:\/\/www.notibras.com\/site\/?s={search_term_string}\"},\"query-input\":{\"@type\":\"PropertyValueSpecification\",\"valueRequired\":true,\"valueName\":\"search_term_string\"}}],\"inLanguage\":\"pt-BR\"},{\"@type\":\"Organization\",\"@id\":\"https:\/\/www.notibras.com\/site\/#organization\",\"name\":\"Grupo Notibras de Comunica\u00e7\u00e3o\",\"url\":\"https:\/\/www.notibras.com\/site\/\",\"logo\":{\"@type\":\"ImageObject\",\"inLanguage\":\"pt-BR\",\"@id\":\"https:\/\/www.notibras.com\/site\/#\/schema\/logo\/image\/\",\"url\":\"https:\/\/www.notibras.com\/site\/wp-content\/uploads\/2023\/01\/notibras23.png\",\"contentUrl\":\"https:\/\/www.notibras.com\/site\/wp-content\/uploads\/2023\/01\/notibras23.png\",\"width\":350,\"height\":87,\"caption\":\"Grupo Notibras de Comunica\u00e7\u00e3o\"},\"image\":{\"@id\":\"https:\/\/www.notibras.com\/site\/#\/schema\/logo\/image\/\"},\"sameAs\":[\"https:\/\/www.facebook.com\/notibras\/\",\"https:\/\/x.com\/Notibras\",\"https:\/\/www.instagram.com\/notibras\/\"]},{\"@type\":\"Person\",\"@id\":\"https:\/\/www.notibras.com\/site\/#\/schema\/person\/36ab0979449956132d3e5b517ea76ac8\",\"name\":\"Reda\u00e7\u00e3o\",\"image\":{\"@type\":\"ImageObject\",\"inLanguage\":\"pt-BR\",\"@id\":\"https:\/\/secure.gravatar.com\/avatar\/e0a867bdedb85fd243eadf09663511f96fc81e0720a4a42581f334ad4303aa6b?s=96&d=mm&r=g\",\"url\":\"https:\/\/secure.gravatar.com\/avatar\/e0a867bdedb85fd243eadf09663511f96fc81e0720a4a42581f334ad4303aa6b?s=96&d=mm&r=g\",\"contentUrl\":\"https:\/\/secure.gravatar.com\/avatar\/e0a867bdedb85fd243eadf09663511f96fc81e0720a4a42581f334ad4303aa6b?s=96&d=mm&r=g\",\"caption\":\"Reda\u00e7\u00e3o\"}}]}<\/script>\n<!-- \/ Yoast SEO plugin. -->","yoast_head_json":{"title":"Hemocentro pede socorro a doadores de sangue e plaquetas - Notibras","robots":{"index":"index","follow":"follow","max-snippet":"max-snippet:-1","max-image-preview":"max-image-preview:large","max-video-preview":"max-video-preview:-1"},"canonical":"https:\/\/www.notibras.com\/site\/hemocentro-pede-socorro-a-doadores-de-sangue-e-plaquetas\/","og_locale":"pt_BR","og_type":"article","og_title":"Hemocentro pede socorro a doadores de sangue e plaquetas - Notibras","og_description":"Com as coletas diretamente impactadas pelo Carnaval, a Funda\u00e7\u00e3o Hemocentro de Bras\u00edlia (FHB) convoca os brasilienses a doarem sangue visando garantir o abastecimento do estoque de bolsas que alimentam as unidades da rede p\u00fablica de sa\u00fade e institui\u00e7\u00f5es conveniadas. Segundo o Hemocentro, o m\u00eas de fevereiro registrou, at\u00e9 o momento, uma m\u00e9dia de 102 doa\u00e7\u00f5es [&hellip;]","og_url":"https:\/\/www.notibras.com\/site\/hemocentro-pede-socorro-a-doadores-de-sangue-e-plaquetas\/","og_site_name":"Notibras","article_publisher":"https:\/\/www.facebook.com\/notibras\/","article_published_time":"2024-02-16T03:00:40+00:00","article_modified_time":"2024-02-16T09:03:46+00:00","og_image":[{"width":1181,"height":787,"url":"https:\/\/www.notibras.com\/site\/wp-content\/uploads\/2024\/02\/sanguefim.jpg.jpg","type":"image\/jpeg"}],"author":"Reda\u00e7\u00e3o","twitter_card":"summary_large_image","twitter_creator":"@Notibras","twitter_site":"@Notibras","twitter_misc":{"Escrito por":"Reda\u00e7\u00e3o","Est. tempo de leitura":"3 minutos"},"schema":{"@context":"https:\/\/schema.org","@graph":[{"@type":"Article","@id":"https:\/\/www.notibras.com\/site\/hemocentro-pede-socorro-a-doadores-de-sangue-e-plaquetas\/#article","isPartOf":{"@id":"https:\/\/www.notibras.com\/site\/hemocentro-pede-socorro-a-doadores-de-sangue-e-plaquetas\/"},"author":{"name":"Reda\u00e7\u00e3o","@id":"https:\/\/www.notibras.com\/site\/#\/schema\/person\/36ab0979449956132d3e5b517ea76ac8"},"headline":"Hemocentro pede socorro a doadores de sangue e plaquetas","datePublished":"2024-02-16T03:00:40+00:00","dateModified":"2024-02-16T09:03:46+00:00","mainEntityOfPage":{"@id":"https:\/\/www.notibras.com\/site\/hemocentro-pede-socorro-a-doadores-de-sangue-e-plaquetas\/"},"wordCount":508,"publisher":{"@id":"https:\/\/www.notibras.com\/site\/#organization"},"image":{"@id":"https:\/\/www.notibras.com\/site\/hemocentro-pede-socorro-a-doadores-de-sangue-e-plaquetas\/#primaryimage"},"thumbnailUrl":"https:\/\/www.notibras.com\/site\/wp-content\/uploads\/2024\/02\/sanguefim.jpg.jpg","articleSection":["Quadradinho em Foco"],"inLanguage":"pt-BR"},{"@type":"WebPage","@id":"https:\/\/www.notibras.com\/site\/hemocentro-pede-socorro-a-doadores-de-sangue-e-plaquetas\/","url":"https:\/\/www.notibras.com\/site\/hemocentro-pede-socorro-a-doadores-de-sangue-e-plaquetas\/","name":"Hemocentro pede socorro a doadores de sangue e plaquetas - Notibras","isPartOf":{"@id":"https:\/\/www.notibras.com\/site\/#website"},"primaryImageOfPage":{"@id":"https:\/\/www.notibras.com\/site\/hemocentro-pede-socorro-a-doadores-de-sangue-e-plaquetas\/#primaryimage"},"image":{"@id":"https:\/\/www.notibras.com\/site\/hemocentro-pede-socorro-a-doadores-de-sangue-e-plaquetas\/#primaryimage"},"thumbnailUrl":"https:\/\/www.notibras.com\/site\/wp-content\/uploads\/2024\/02\/sanguefim.jpg.jpg","datePublished":"2024-02-16T03:00:40+00:00","dateModified":"2024-02-16T09:03:46+00:00","breadcrumb":{"@id":"https:\/\/www.notibras.com\/site\/hemocentro-pede-socorro-a-doadores-de-sangue-e-plaquetas\/#breadcrumb"},"inLanguage":"pt-BR","potentialAction":[{"@type":"ReadAction","target":["https:\/\/www.notibras.com\/site\/hemocentro-pede-socorro-a-doadores-de-sangue-e-plaquetas\/"]}]},{"@type":"ImageObject","inLanguage":"pt-BR","@id":"https:\/\/www.notibras.com\/site\/hemocentro-pede-socorro-a-doadores-de-sangue-e-plaquetas\/#primaryimage","url":"https:\/\/www.notibras.com\/site\/wp-content\/uploads\/2024\/02\/sanguefim.jpg.jpg","contentUrl":"https:\/\/www.notibras.com\/site\/wp-content\/uploads\/2024\/02\/sanguefim.jpg.jpg","width":1181,"height":787},{"@type":"BreadcrumbList","@id":"https:\/\/www.notibras.com\/site\/hemocentro-pede-socorro-a-doadores-de-sangue-e-plaquetas\/#breadcrumb","itemListElement":[{"@type":"ListItem","position":1,"name":"In\u00edcio","item":"https:\/\/www.notibras.com\/site\/"},{"@type":"ListItem","position":2,"name":"Hemocentro pede socorro a doadores de sangue e plaquetas"}]},{"@type":"WebSite","@id":"https:\/\/www.notibras.com\/site\/#website","url":"https:\/\/www.notibras.com\/site\/","name":"Notibras","description":"Not\u00edcias de Bras\u00edlia, do Brasil e do Mundo","publisher":{"@id":"https:\/\/www.notibras.com\/site\/#organization"},"potentialAction":[{"@type":"SearchAction","target":{"@type":"EntryPoint","urlTemplate":"https:\/\/www.notibras.com\/site\/?s={search_term_string}"},"query-input":{"@type":"PropertyValueSpecification","valueRequired":true,"valueName":"search_term_string"}}],"inLanguage":"pt-BR"},{"@type":"Organization","@id":"https:\/\/www.notibras.com\/site\/#organization","name":"Grupo Notibras de Comunica\u00e7\u00e3o","url":"https:\/\/www.notibras.com\/site\/","logo":{"@type":"ImageObject","inLanguage":"pt-BR","@id":"https:\/\/www.notibras.com\/site\/#\/schema\/logo\/image\/","url":"https:\/\/www.notibras.com\/site\/wp-content\/uploads\/2023\/01\/notibras23.png","contentUrl":"https:\/\/www.notibras.com\/site\/wp-content\/uploads\/2023\/01\/notibras23.png","width":350,"height":87,"caption":"Grupo Notibras de Comunica\u00e7\u00e3o"},"image":{"@id":"https:\/\/www.notibras.com\/site\/#\/schema\/logo\/image\/"},"sameAs":["https:\/\/www.facebook.com\/notibras\/","https:\/\/x.com\/Notibras","https:\/\/www.instagram.com\/notibras\/"]},{"@type":"Person","@id":"https:\/\/www.notibras.com\/site\/#\/schema\/person\/36ab0979449956132d3e5b517ea76ac8","name":"Reda\u00e7\u00e3o","image":{"@type":"ImageObject","inLanguage":"pt-BR","@id":"https:\/\/secure.gravatar.com\/avatar\/e0a867bdedb85fd243eadf09663511f96fc81e0720a4a42581f334ad4303aa6b?s=96&d=mm&r=g","url":"https:\/\/secure.gravatar.com\/avatar\/e0a867bdedb85fd243eadf09663511f96fc81e0720a4a42581f334ad4303aa6b?s=96&d=mm&r=g","contentUrl":"https:\/\/secure.gravatar.com\/avatar\/e0a867bdedb85fd243eadf09663511f96fc81e0720a4a42581f334ad4303aa6b?s=96&d=mm&r=g","caption":"Reda\u00e7\u00e3o"}}]}},"amp_enabled":true,"_links":{"self":[{"href":"https:\/\/www.notibras.com\/site\/wp-json\/wp\/v2\/posts\/322473","targetHints":{"allow":["GET"]}}],"collection":[{"href":"https:\/\/www.notibras.com\/site\/wp-json\/wp\/v2\/posts"}],"about":[{"href":"https:\/\/www.notibras.com\/site\/wp-json\/wp\/v2\/types\/post"}],"author":[{"embeddable":true,"href":"https:\/\/www.notibras.com\/site\/wp-json\/wp\/v2\/users\/2"}],"replies":[{"embeddable":true,"href":"https:\/\/www.notibras.com\/site\/wp-json\/wp\/v2\/comments?post=322473"}],"version-history":[{"count":1,"href":"https:\/\/www.notibras.com\/site\/wp-json\/wp\/v2\/posts\/322473\/revisions"}],"predecessor-version":[{"id":322475,"href":"https:\/\/www.notibras.com\/site\/wp-json\/wp\/v2\/posts\/322473\/revisions\/322475"}],"wp:featuredmedia":[{"embeddable":true,"href":"https:\/\/www.notibras.com\/site\/wp-json\/wp\/v2\/media\/322474"}],"wp:attachment":[{"href":"https:\/\/www.notibras.com\/site\/wp-json\/wp\/v2\/media?parent=322473"}],"wp:term":[{"taxonomy":"category","embeddable":true,"href":"https:\/\/www.notibras.com\/site\/wp-json\/wp\/v2\/categories?post=322473"},{"taxonomy":"post_tag","embeddable":true,"href":"https:\/\/www.notibras.com\/site\/wp-json\/wp\/v2\/tags?post=322473"}],"curies":[{"name":"wp","href":"https:\/\/api.w.org\/{rel}","templated":true}]}}