{"id":32249,"date":"2014-12-26T18:38:49","date_gmt":"2014-12-26T21:38:49","guid":{"rendered":"http:\/\/www.notibras.com\/site\/?p=32249"},"modified":"2014-12-26T18:38:49","modified_gmt":"2014-12-26T21:38:49","slug":"combustiveis-fosseis-colocam-em-risco-matriz-energetica-brasileira","status":"publish","type":"post","link":"https:\/\/www.notibras.com\/site\/combustiveis-fosseis-colocam-em-risco-matriz-energetica-brasileira\/","title":{"rendered":"Combust\u00edveis f\u00f3sseis colocam em risco matriz energ\u00e9tica brasileira"},"content":{"rendered":"<p>A recente divulga\u00e7\u00e3o de importantes dados sobre as mudan\u00e7as clim\u00e1ticas acendeu, mais uma vez, um sinal de alerta para a popula\u00e7\u00e3o mundial. No come\u00e7o de novembro, o IPCC (painel sobre mudan\u00e7as clim\u00e1ticas da ONU) apresentou seu novo relat\u00f3rio sobre o tema. Segundo Rajendra Pachauri, diretor do IPCC, &#8220;a influ\u00eancia humana no sistema clim\u00e1tico \u00e9 clara e n\u00e3o deixar\u00e1 nenhuma parte do mundo intocada pelos impactos que estamos vendo diante de nossos olhos&#8221;.<\/p>\n<p>O documento registra que dentre os principais impactos esperados pela intensifica\u00e7\u00e3o do aquecimento global destaca-se o risco para a produ\u00e7\u00e3o de alimentos, quest\u00e3o sens\u00edvel para todos.<\/p>\n<p>O relat\u00f3rio tamb\u00e9m culpa as emiss\u00f5es de gases de efeito estufa (GEE) resultantes da queima de combust\u00edveis f\u00f3sseis (carv\u00e3o, derivados de petr\u00f3leo e g\u00e1s natural) por grande parte do problema, critica o uso irrestrito dessas fontes de energia e tamb\u00e9m projeta que, por conta da necessidade de substitui\u00e7\u00e3o dos combust\u00edveis f\u00f3sseis por alternativas mais limpas, o uso dos combust\u00edveis renov\u00e1veis deveria atingir 80% do setor de energia at\u00e9 2050.<\/p>\n<div class=\"gera-modulo citacoes\">\n<p>Na sequ\u00eancia, tivemos a divulga\u00e7\u00e3o pelo Minist\u00e9rio da Ci\u00eancia, Tecnologia e Inova\u00e7\u00e3o da segunda edi\u00e7\u00e3o do relat\u00f3rio &#8220;Estimativas Anuais de Emiss\u00f5es de Gases de Efeito Estufa&#8221;.<\/p>\n<blockquote><p>Por fim, o Observat\u00f3rio do Clima, rede de organiza\u00e7\u00f5es da sociedade civil que atuam no tema, apresentou sua an\u00e1lise. O que chama a aten\u00e7\u00e3o nesses dois estudos sobre a evolu\u00e7\u00e3o das emiss\u00f5es de GEE no pa\u00eds \u00e9 que, independentemente de diferen\u00e7as metodol\u00f3gicas e per\u00edodos de an\u00e1lise considerados, ambos mostram que essa emiss\u00e3o, originada do uso intenso dos combust\u00edveis f\u00f3sseis, vem crescendo continuamente e tende a aumentar nos pr\u00f3ximos anos.<\/p><\/blockquote>\n<p>Segundo o estudo do governo federal, a emiss\u00e3o dos GEE cresceu 35,9% entre 2005 e 2012. J\u00e1 o levantamento do Observat\u00f3rio do Clima reporta um aumento de 7,3% de 2012 para 2013. De fato se observa uma gradual carboniza\u00e7\u00e3o da matriz energ\u00e9tica do pa\u00eds, considerada uma das mais limpas do mundo, e que est\u00e1 ficando &#8220;suja&#8221; por conta da intensifica\u00e7\u00e3o do uso de combust\u00edveis f\u00f3sseis.<\/p>\n<p>Infelizmente isso coloca o pa\u00eds na contram\u00e3o das necessidades ambientais, sociais e tend\u00eancias internacionais. Incompreensivelmente, a melhor alternativa que o pa\u00eds disp\u00f5e em escala comercial e imediatamente dispon\u00edvel para combater a intensifica\u00e7\u00e3o do aquecimento global, o etanol, foi colocada no limbo devido a pol\u00edticas econ\u00f4micas e energ\u00e9ticas que favoreceram os f\u00f3sseis em detrimento da bioenergia.<\/p>\n<p>Segundo estudos de pesquisadores da Unicamp, o etanol obtido da cana-de-a\u00e7\u00facar evita, ao longo de seu ciclo (do campo at\u00e9 o consumo final), 90% da emiss\u00e3o de di\u00f3xido de carbono que seria gerada pela gasolina.<\/p>\n<p>Oportuno registrar que pesquisas internacionais estimam que o custo ambiental da gasolina, em fun\u00e7\u00e3o dos danos resultantes dos GEE gerados por sua produ\u00e7\u00e3o e uso, atinge US$ 0,12 por litro, valor que apresenta tend\u00eancia de aumento, face o agravamento das condi\u00e7\u00f5es ambientais.<\/p>\n<p>A redu\u00e7\u00e3o da polui\u00e7\u00e3o do ar que o uso do etanol possibilita \u00e9 outra vantagem que n\u00e3o pode ser esquecida, principalmente nas grandes cidades, com efeitos sobre a sa\u00fade p\u00fablica, como nos informa o professor Paulo Saldiva da USP. Ao analisar as alternativas para reduzir as emiss\u00f5es de GEE no pa\u00eds, o governo federal, em seu segundo mandato, deve ter um novo olhar para o etanol e voltar a incentivar sua produ\u00e7\u00e3o e uso. Cabe \u00e0 sociedade fazer a sua parte no combate ao aquecimento global e adotar combust\u00edveis renov\u00e1veis e de baixo carbono como o etanol.<\/p>\n<p><strong>Elizabeth Farina e Alfred Szwarc<\/strong><\/p>\n<\/div>\n","protected":false},"excerpt":{"rendered":"<p>A recente divulga\u00e7\u00e3o de importantes dados sobre as mudan\u00e7as clim\u00e1ticas acendeu, mais uma vez, um sinal de alerta para a popula\u00e7\u00e3o mundial. No come\u00e7o de novembro, o IPCC (painel sobre mudan\u00e7as clim\u00e1ticas da ONU) apresentou seu novo relat\u00f3rio sobre o tema. Segundo Rajendra Pachauri, diretor do IPCC, &#8220;a influ\u00eancia humana no sistema clim\u00e1tico \u00e9 clara [&hellip;]<\/p>\n","protected":false},"author":2,"featured_media":32250,"comment_status":"open","ping_status":"closed","sticky":false,"template":"","format":"standard","meta":{"_acf_changed":false,"footnotes":""},"categories":[25],"tags":[],"class_list":["post-32249","post","type-post","status-publish","format-standard","has-post-thumbnail","hentry","category-opina-ai"],"acf":[],"yoast_head":"<!-- This site is optimized with the Yoast SEO plugin v27.2 - https:\/\/yoast.com\/product\/yoast-seo-wordpress\/ -->\n<title>Combust\u00edveis f\u00f3sseis colocam em risco matriz energ\u00e9tica brasileira - Notibras<\/title>\n<meta name=\"robots\" content=\"index, follow, max-snippet:-1, max-image-preview:large, max-video-preview:-1\" \/>\n<link rel=\"canonical\" href=\"https:\/\/www.notibras.com\/site\/combustiveis-fosseis-colocam-em-risco-matriz-energetica-brasileira\/\" \/>\n<meta property=\"og:locale\" content=\"pt_BR\" \/>\n<meta property=\"og:type\" content=\"article\" \/>\n<meta property=\"og:title\" content=\"Combust\u00edveis f\u00f3sseis colocam em risco matriz energ\u00e9tica brasileira - Notibras\" \/>\n<meta property=\"og:description\" content=\"A recente divulga\u00e7\u00e3o de importantes dados sobre as mudan\u00e7as clim\u00e1ticas acendeu, mais uma vez, um sinal de alerta para a popula\u00e7\u00e3o mundial. No come\u00e7o de novembro, o IPCC (painel sobre mudan\u00e7as clim\u00e1ticas da ONU) apresentou seu novo relat\u00f3rio sobre o tema. Segundo Rajendra Pachauri, diretor do IPCC, &#8220;a influ\u00eancia humana no sistema clim\u00e1tico \u00e9 clara [&hellip;]\" \/>\n<meta property=\"og:url\" content=\"https:\/\/www.notibras.com\/site\/combustiveis-fosseis-colocam-em-risco-matriz-energetica-brasileira\/\" \/>\n<meta property=\"og:site_name\" content=\"Notibras\" \/>\n<meta property=\"article:publisher\" content=\"https:\/\/www.facebook.com\/notibras\/\" \/>\n<meta property=\"article:published_time\" content=\"2014-12-26T21:38:49+00:00\" \/>\n<meta property=\"og:image\" content=\"https:\/\/www.notibras.com\/site\/wp-content\/uploads\/2014\/12\/618.jpg\" \/>\n\t<meta property=\"og:image:width\" content=\"550\" \/>\n\t<meta property=\"og:image:height\" content=\"365\" \/>\n\t<meta property=\"og:image:type\" content=\"image\/jpeg\" \/>\n<meta name=\"author\" content=\"Reda\u00e7\u00e3o\" \/>\n<meta name=\"twitter:card\" content=\"summary_large_image\" \/>\n<meta name=\"twitter:creator\" content=\"@Notibras\" \/>\n<meta name=\"twitter:site\" content=\"@Notibras\" \/>\n<meta name=\"twitter:label1\" content=\"Escrito por\" \/>\n\t<meta name=\"twitter:data1\" content=\"Reda\u00e7\u00e3o\" \/>\n\t<meta name=\"twitter:label2\" content=\"Est. tempo de leitura\" \/>\n\t<meta name=\"twitter:data2\" content=\"3 minutos\" \/>\n<script type=\"application\/ld+json\" class=\"yoast-schema-graph\">{\"@context\":\"https:\/\/schema.org\",\"@graph\":[{\"@type\":\"Article\",\"@id\":\"https:\/\/www.notibras.com\/site\/combustiveis-fosseis-colocam-em-risco-matriz-energetica-brasileira\/#article\",\"isPartOf\":{\"@id\":\"https:\/\/www.notibras.com\/site\/combustiveis-fosseis-colocam-em-risco-matriz-energetica-brasileira\/\"},\"author\":{\"name\":\"Reda\u00e7\u00e3o\",\"@id\":\"https:\/\/www.notibras.com\/site\/#\/schema\/person\/36ab0979449956132d3e5b517ea76ac8\"},\"headline\":\"Combust\u00edveis f\u00f3sseis colocam em risco matriz energ\u00e9tica brasileira\",\"datePublished\":\"2014-12-26T21:38:49+00:00\",\"mainEntityOfPage\":{\"@id\":\"https:\/\/www.notibras.com\/site\/combustiveis-fosseis-colocam-em-risco-matriz-energetica-brasileira\/\"},\"wordCount\":646,\"commentCount\":0,\"publisher\":{\"@id\":\"https:\/\/www.notibras.com\/site\/#organization\"},\"image\":{\"@id\":\"https:\/\/www.notibras.com\/site\/combustiveis-fosseis-colocam-em-risco-matriz-energetica-brasileira\/#primaryimage\"},\"thumbnailUrl\":\"https:\/\/www.notibras.com\/site\/wp-content\/uploads\/2014\/12\/618.jpg\",\"articleSection\":[\"Opina a\u00ed\"],\"inLanguage\":\"pt-BR\",\"potentialAction\":[{\"@type\":\"CommentAction\",\"name\":\"Comment\",\"target\":[\"https:\/\/www.notibras.com\/site\/combustiveis-fosseis-colocam-em-risco-matriz-energetica-brasileira\/#respond\"]}]},{\"@type\":\"WebPage\",\"@id\":\"https:\/\/www.notibras.com\/site\/combustiveis-fosseis-colocam-em-risco-matriz-energetica-brasileira\/\",\"url\":\"https:\/\/www.notibras.com\/site\/combustiveis-fosseis-colocam-em-risco-matriz-energetica-brasileira\/\",\"name\":\"Combust\u00edveis f\u00f3sseis colocam em risco matriz energ\u00e9tica brasileira - Notibras\",\"isPartOf\":{\"@id\":\"https:\/\/www.notibras.com\/site\/#website\"},\"primaryImageOfPage\":{\"@id\":\"https:\/\/www.notibras.com\/site\/combustiveis-fosseis-colocam-em-risco-matriz-energetica-brasileira\/#primaryimage\"},\"image\":{\"@id\":\"https:\/\/www.notibras.com\/site\/combustiveis-fosseis-colocam-em-risco-matriz-energetica-brasileira\/#primaryimage\"},\"thumbnailUrl\":\"https:\/\/www.notibras.com\/site\/wp-content\/uploads\/2014\/12\/618.jpg\",\"datePublished\":\"2014-12-26T21:38:49+00:00\",\"breadcrumb\":{\"@id\":\"https:\/\/www.notibras.com\/site\/combustiveis-fosseis-colocam-em-risco-matriz-energetica-brasileira\/#breadcrumb\"},\"inLanguage\":\"pt-BR\",\"potentialAction\":[{\"@type\":\"ReadAction\",\"target\":[\"https:\/\/www.notibras.com\/site\/combustiveis-fosseis-colocam-em-risco-matriz-energetica-brasileira\/\"]}]},{\"@type\":\"ImageObject\",\"inLanguage\":\"pt-BR\",\"@id\":\"https:\/\/www.notibras.com\/site\/combustiveis-fosseis-colocam-em-risco-matriz-energetica-brasileira\/#primaryimage\",\"url\":\"https:\/\/www.notibras.com\/site\/wp-content\/uploads\/2014\/12\/618.jpg\",\"contentUrl\":\"https:\/\/www.notibras.com\/site\/wp-content\/uploads\/2014\/12\/618.jpg\",\"width\":550,\"height\":365},{\"@type\":\"BreadcrumbList\",\"@id\":\"https:\/\/www.notibras.com\/site\/combustiveis-fosseis-colocam-em-risco-matriz-energetica-brasileira\/#breadcrumb\",\"itemListElement\":[{\"@type\":\"ListItem\",\"position\":1,\"name\":\"In\u00edcio\",\"item\":\"https:\/\/www.notibras.com\/site\/\"},{\"@type\":\"ListItem\",\"position\":2,\"name\":\"Combust\u00edveis f\u00f3sseis colocam em risco matriz energ\u00e9tica brasileira\"}]},{\"@type\":\"WebSite\",\"@id\":\"https:\/\/www.notibras.com\/site\/#website\",\"url\":\"https:\/\/www.notibras.com\/site\/\",\"name\":\"Notibras\",\"description\":\"Not\u00edcias de Bras\u00edlia, do Brasil e do Mundo\",\"publisher\":{\"@id\":\"https:\/\/www.notibras.com\/site\/#organization\"},\"potentialAction\":[{\"@type\":\"SearchAction\",\"target\":{\"@type\":\"EntryPoint\",\"urlTemplate\":\"https:\/\/www.notibras.com\/site\/?s={search_term_string}\"},\"query-input\":{\"@type\":\"PropertyValueSpecification\",\"valueRequired\":true,\"valueName\":\"search_term_string\"}}],\"inLanguage\":\"pt-BR\"},{\"@type\":\"Organization\",\"@id\":\"https:\/\/www.notibras.com\/site\/#organization\",\"name\":\"Grupo Notibras de Comunica\u00e7\u00e3o\",\"url\":\"https:\/\/www.notibras.com\/site\/\",\"logo\":{\"@type\":\"ImageObject\",\"inLanguage\":\"pt-BR\",\"@id\":\"https:\/\/www.notibras.com\/site\/#\/schema\/logo\/image\/\",\"url\":\"https:\/\/www.notibras.com\/site\/wp-content\/uploads\/2023\/01\/notibras23.png\",\"contentUrl\":\"https:\/\/www.notibras.com\/site\/wp-content\/uploads\/2023\/01\/notibras23.png\",\"width\":350,\"height\":87,\"caption\":\"Grupo Notibras de Comunica\u00e7\u00e3o\"},\"image\":{\"@id\":\"https:\/\/www.notibras.com\/site\/#\/schema\/logo\/image\/\"},\"sameAs\":[\"https:\/\/www.facebook.com\/notibras\/\",\"https:\/\/x.com\/Notibras\",\"https:\/\/www.instagram.com\/notibras\/\"]},{\"@type\":\"Person\",\"@id\":\"https:\/\/www.notibras.com\/site\/#\/schema\/person\/36ab0979449956132d3e5b517ea76ac8\",\"name\":\"Reda\u00e7\u00e3o\",\"image\":{\"@type\":\"ImageObject\",\"inLanguage\":\"pt-BR\",\"@id\":\"https:\/\/secure.gravatar.com\/avatar\/e0a867bdedb85fd243eadf09663511f96fc81e0720a4a42581f334ad4303aa6b?s=96&d=mm&r=g\",\"url\":\"https:\/\/secure.gravatar.com\/avatar\/e0a867bdedb85fd243eadf09663511f96fc81e0720a4a42581f334ad4303aa6b?s=96&d=mm&r=g\",\"contentUrl\":\"https:\/\/secure.gravatar.com\/avatar\/e0a867bdedb85fd243eadf09663511f96fc81e0720a4a42581f334ad4303aa6b?s=96&d=mm&r=g\",\"caption\":\"Reda\u00e7\u00e3o\"}}]}<\/script>\n<!-- \/ Yoast SEO plugin. -->","yoast_head_json":{"title":"Combust\u00edveis f\u00f3sseis colocam em risco matriz energ\u00e9tica brasileira - Notibras","robots":{"index":"index","follow":"follow","max-snippet":"max-snippet:-1","max-image-preview":"max-image-preview:large","max-video-preview":"max-video-preview:-1"},"canonical":"https:\/\/www.notibras.com\/site\/combustiveis-fosseis-colocam-em-risco-matriz-energetica-brasileira\/","og_locale":"pt_BR","og_type":"article","og_title":"Combust\u00edveis f\u00f3sseis colocam em risco matriz energ\u00e9tica brasileira - Notibras","og_description":"A recente divulga\u00e7\u00e3o de importantes dados sobre as mudan\u00e7as clim\u00e1ticas acendeu, mais uma vez, um sinal de alerta para a popula\u00e7\u00e3o mundial. No come\u00e7o de novembro, o IPCC (painel sobre mudan\u00e7as clim\u00e1ticas da ONU) apresentou seu novo relat\u00f3rio sobre o tema. Segundo Rajendra Pachauri, diretor do IPCC, &#8220;a influ\u00eancia humana no sistema clim\u00e1tico \u00e9 clara [&hellip;]","og_url":"https:\/\/www.notibras.com\/site\/combustiveis-fosseis-colocam-em-risco-matriz-energetica-brasileira\/","og_site_name":"Notibras","article_publisher":"https:\/\/www.facebook.com\/notibras\/","article_published_time":"2014-12-26T21:38:49+00:00","og_image":[{"width":550,"height":365,"url":"https:\/\/www.notibras.com\/site\/wp-content\/uploads\/2014\/12\/618.jpg","type":"image\/jpeg"}],"author":"Reda\u00e7\u00e3o","twitter_card":"summary_large_image","twitter_creator":"@Notibras","twitter_site":"@Notibras","twitter_misc":{"Escrito por":"Reda\u00e7\u00e3o","Est. tempo de leitura":"3 minutos"},"schema":{"@context":"https:\/\/schema.org","@graph":[{"@type":"Article","@id":"https:\/\/www.notibras.com\/site\/combustiveis-fosseis-colocam-em-risco-matriz-energetica-brasileira\/#article","isPartOf":{"@id":"https:\/\/www.notibras.com\/site\/combustiveis-fosseis-colocam-em-risco-matriz-energetica-brasileira\/"},"author":{"name":"Reda\u00e7\u00e3o","@id":"https:\/\/www.notibras.com\/site\/#\/schema\/person\/36ab0979449956132d3e5b517ea76ac8"},"headline":"Combust\u00edveis f\u00f3sseis colocam em risco matriz energ\u00e9tica brasileira","datePublished":"2014-12-26T21:38:49+00:00","mainEntityOfPage":{"@id":"https:\/\/www.notibras.com\/site\/combustiveis-fosseis-colocam-em-risco-matriz-energetica-brasileira\/"},"wordCount":646,"commentCount":0,"publisher":{"@id":"https:\/\/www.notibras.com\/site\/#organization"},"image":{"@id":"https:\/\/www.notibras.com\/site\/combustiveis-fosseis-colocam-em-risco-matriz-energetica-brasileira\/#primaryimage"},"thumbnailUrl":"https:\/\/www.notibras.com\/site\/wp-content\/uploads\/2014\/12\/618.jpg","articleSection":["Opina a\u00ed"],"inLanguage":"pt-BR","potentialAction":[{"@type":"CommentAction","name":"Comment","target":["https:\/\/www.notibras.com\/site\/combustiveis-fosseis-colocam-em-risco-matriz-energetica-brasileira\/#respond"]}]},{"@type":"WebPage","@id":"https:\/\/www.notibras.com\/site\/combustiveis-fosseis-colocam-em-risco-matriz-energetica-brasileira\/","url":"https:\/\/www.notibras.com\/site\/combustiveis-fosseis-colocam-em-risco-matriz-energetica-brasileira\/","name":"Combust\u00edveis f\u00f3sseis colocam em risco matriz energ\u00e9tica brasileira - Notibras","isPartOf":{"@id":"https:\/\/www.notibras.com\/site\/#website"},"primaryImageOfPage":{"@id":"https:\/\/www.notibras.com\/site\/combustiveis-fosseis-colocam-em-risco-matriz-energetica-brasileira\/#primaryimage"},"image":{"@id":"https:\/\/www.notibras.com\/site\/combustiveis-fosseis-colocam-em-risco-matriz-energetica-brasileira\/#primaryimage"},"thumbnailUrl":"https:\/\/www.notibras.com\/site\/wp-content\/uploads\/2014\/12\/618.jpg","datePublished":"2014-12-26T21:38:49+00:00","breadcrumb":{"@id":"https:\/\/www.notibras.com\/site\/combustiveis-fosseis-colocam-em-risco-matriz-energetica-brasileira\/#breadcrumb"},"inLanguage":"pt-BR","potentialAction":[{"@type":"ReadAction","target":["https:\/\/www.notibras.com\/site\/combustiveis-fosseis-colocam-em-risco-matriz-energetica-brasileira\/"]}]},{"@type":"ImageObject","inLanguage":"pt-BR","@id":"https:\/\/www.notibras.com\/site\/combustiveis-fosseis-colocam-em-risco-matriz-energetica-brasileira\/#primaryimage","url":"https:\/\/www.notibras.com\/site\/wp-content\/uploads\/2014\/12\/618.jpg","contentUrl":"https:\/\/www.notibras.com\/site\/wp-content\/uploads\/2014\/12\/618.jpg","width":550,"height":365},{"@type":"BreadcrumbList","@id":"https:\/\/www.notibras.com\/site\/combustiveis-fosseis-colocam-em-risco-matriz-energetica-brasileira\/#breadcrumb","itemListElement":[{"@type":"ListItem","position":1,"name":"In\u00edcio","item":"https:\/\/www.notibras.com\/site\/"},{"@type":"ListItem","position":2,"name":"Combust\u00edveis f\u00f3sseis colocam em risco matriz energ\u00e9tica brasileira"}]},{"@type":"WebSite","@id":"https:\/\/www.notibras.com\/site\/#website","url":"https:\/\/www.notibras.com\/site\/","name":"Notibras","description":"Not\u00edcias de Bras\u00edlia, do Brasil e do Mundo","publisher":{"@id":"https:\/\/www.notibras.com\/site\/#organization"},"potentialAction":[{"@type":"SearchAction","target":{"@type":"EntryPoint","urlTemplate":"https:\/\/www.notibras.com\/site\/?s={search_term_string}"},"query-input":{"@type":"PropertyValueSpecification","valueRequired":true,"valueName":"search_term_string"}}],"inLanguage":"pt-BR"},{"@type":"Organization","@id":"https:\/\/www.notibras.com\/site\/#organization","name":"Grupo Notibras de Comunica\u00e7\u00e3o","url":"https:\/\/www.notibras.com\/site\/","logo":{"@type":"ImageObject","inLanguage":"pt-BR","@id":"https:\/\/www.notibras.com\/site\/#\/schema\/logo\/image\/","url":"https:\/\/www.notibras.com\/site\/wp-content\/uploads\/2023\/01\/notibras23.png","contentUrl":"https:\/\/www.notibras.com\/site\/wp-content\/uploads\/2023\/01\/notibras23.png","width":350,"height":87,"caption":"Grupo Notibras de Comunica\u00e7\u00e3o"},"image":{"@id":"https:\/\/www.notibras.com\/site\/#\/schema\/logo\/image\/"},"sameAs":["https:\/\/www.facebook.com\/notibras\/","https:\/\/x.com\/Notibras","https:\/\/www.instagram.com\/notibras\/"]},{"@type":"Person","@id":"https:\/\/www.notibras.com\/site\/#\/schema\/person\/36ab0979449956132d3e5b517ea76ac8","name":"Reda\u00e7\u00e3o","image":{"@type":"ImageObject","inLanguage":"pt-BR","@id":"https:\/\/secure.gravatar.com\/avatar\/e0a867bdedb85fd243eadf09663511f96fc81e0720a4a42581f334ad4303aa6b?s=96&d=mm&r=g","url":"https:\/\/secure.gravatar.com\/avatar\/e0a867bdedb85fd243eadf09663511f96fc81e0720a4a42581f334ad4303aa6b?s=96&d=mm&r=g","contentUrl":"https:\/\/secure.gravatar.com\/avatar\/e0a867bdedb85fd243eadf09663511f96fc81e0720a4a42581f334ad4303aa6b?s=96&d=mm&r=g","caption":"Reda\u00e7\u00e3o"}}]}},"amp_enabled":true,"_links":{"self":[{"href":"https:\/\/www.notibras.com\/site\/wp-json\/wp\/v2\/posts\/32249","targetHints":{"allow":["GET"]}}],"collection":[{"href":"https:\/\/www.notibras.com\/site\/wp-json\/wp\/v2\/posts"}],"about":[{"href":"https:\/\/www.notibras.com\/site\/wp-json\/wp\/v2\/types\/post"}],"author":[{"embeddable":true,"href":"https:\/\/www.notibras.com\/site\/wp-json\/wp\/v2\/users\/2"}],"replies":[{"embeddable":true,"href":"https:\/\/www.notibras.com\/site\/wp-json\/wp\/v2\/comments?post=32249"}],"version-history":[{"count":0,"href":"https:\/\/www.notibras.com\/site\/wp-json\/wp\/v2\/posts\/32249\/revisions"}],"wp:featuredmedia":[{"embeddable":true,"href":"https:\/\/www.notibras.com\/site\/wp-json\/wp\/v2\/media\/32250"}],"wp:attachment":[{"href":"https:\/\/www.notibras.com\/site\/wp-json\/wp\/v2\/media?parent=32249"}],"wp:term":[{"taxonomy":"category","embeddable":true,"href":"https:\/\/www.notibras.com\/site\/wp-json\/wp\/v2\/categories?post=32249"},{"taxonomy":"post_tag","embeddable":true,"href":"https:\/\/www.notibras.com\/site\/wp-json\/wp\/v2\/tags?post=32249"}],"curies":[{"name":"wp","href":"https:\/\/api.w.org\/{rel}","templated":true}]}}