{"id":322546,"date":"2024-02-17T05:05:22","date_gmt":"2024-02-17T08:05:22","guid":{"rendered":"https:\/\/www.notibras.com\/site\/?p=322546"},"modified":"2024-02-17T13:57:20","modified_gmt":"2024-02-17T16:57:20","slug":"vacinacao-contra-dengue-comeca-em-quatro-estados","status":"publish","type":"post","link":"https:\/\/www.notibras.com\/site\/vacinacao-contra-dengue-comeca-em-quatro-estados\/","title":{"rendered":"Vacina\u00e7\u00e3o contra dengue come\u00e7a em quatro estados"},"content":{"rendered":"<p>A vacina\u00e7\u00e3o contra a dengue, iniciada por Dourados (Mato Grosso do Sul), Bras\u00edlia e Goi\u00e1s, come\u00e7a a chegar ao Nordeste. J\u00e1 receberam lotes da vacina a Bahia, Maranh\u00e3o, Rio Grande do Norte e Para\u00edba, onde a incid\u00eancia da doen\u00e7a \u00e9 maior.<\/p>\n<p>A previs\u00e3o de in\u00edcio de vacina\u00e7\u00e3o \u00e9 para a segunda-feira, 19, em Salvador, S\u00e3o Lu\u00eds, Natal e Jo\u00e3o Pessoa. Veja detalhes abaixo:<\/p>\n<p><strong>Bahia<\/strong><br \/>\nSalvador iniciou a vacina\u00e7\u00e3o contra a dengue na quinta-feira (15) em 30 postos de sa\u00fade. A Secretaria Municipal da Sa\u00fade recebeu o primeiro lote da vacina com 56.493 doses.<\/p>\n<p>O estado da Bahia recebeu as primeiras remessas da vacina com 70.368 mil doses que ser\u00e3o destinadas aos munic\u00edpios de Salvador, Lauro de Freitas, Vera Cruz, Madre de Deus, S\u00e3o Francisco do Conde, Itaparica, Candeias, Santo Amaro, S\u00e3o Sebasti\u00e3o do Pass\u00e9 e Saubara.<\/p>\n<p>Outras 32.290 doses foram destinadas para os munic\u00edpios da regi\u00e3o de Feira de Santana e 17.450 para os munic\u00edpios da regi\u00e3o de Cama\u00e7ari.<\/p>\n<p><strong>Maranh\u00e3o<\/strong><br \/>\nS\u00e3o Lu\u00eds iniciou na sexta-feira (16) a campanha de vacina\u00e7\u00e3o contra a dengue. Nesta primeira etapa, a vacina ser\u00e1 ofertada nas Unidades Sa\u00fade na Hora e, a partir da segunda-feira (19), as doses estar\u00e3o dispon\u00edveis em todas as Unidades B\u00e1sicas de Sa\u00fade, Ambulat\u00f3rio de Especialidades M\u00e9dicas Dr. Paulo Ramos e na APAE.<\/p>\n<p>De acordo com a Secretaria de Estado da Sa\u00fade, al\u00e9m da capital, outros quatro munic\u00edpios priorit\u00e1rios realizar\u00e3o, nesta fase, a aplica\u00e7\u00e3o da primeira dose da vacina contra a dengue, entre crian\u00e7as de 10 a 11 anos: S\u00e3o Jos\u00e9 de Ribamar, Pa\u00e7o do Lumiar, Raposa e Alc\u00e2ntara. Ao todo, foram encaminhadas ao Maranh\u00e3o 40.610 doses.<\/p>\n<p><strong>Rio Grande do Norte<\/strong><br \/>\nEm Natal,, a imuniza\u00e7\u00e3o deve come\u00e7ar na segunda-feira (19). O primeiro lote da vacina, com 45.190 doses, chegou ao estado na \u00faltima quinta-feira (15).<\/p>\n<p>Na primeira fase da campanha, ser\u00e3o imunizados jovens de 10 a 11 anos de 19 cidades. Os munic\u00edpios contemplados no estado s\u00e3o: Natal, S\u00e3o Gon\u00e7alo do Amarante, Maca\u00edba, Extremoz e Parnamirim, na Regi\u00e3o Metropolitana; Mossor\u00f3, Bara\u00fana, Apodi, Upanema, Tibau, Governador Dix-sept Rosado, Felipe Guerra, Cara\u00fabas, Serra do Mel, Areia Branca, Messias Targino, Grossos, Jandu\u00eds e Campo Grande, no Oeste Potiguar.<\/p>\n<p><strong>Para\u00edba<\/strong><br \/>\nEm Jo\u00e3o Pessoa, a vacina\u00e7\u00e3o come\u00e7a na segunda-feira (19). A secretaria estadual de sa\u00fade distribuiu as 37.040 doses da vacina Qdenga para os 14 munic\u00edpios, que iniciar\u00e3o a operacionaliza\u00e7\u00e3o da vacina\u00e7\u00e3o no p\u00fablico-alvo.<\/p>\n<p>Cada munic\u00edpio tem autonomia para definir o calend\u00e1rio de imuniza\u00e7\u00e3o e as estrat\u00e9gias que ser\u00e3o utilizadas para vacinar o p\u00fablico-alvo. Al\u00e9m de Jo\u00e3o Pessoa, v\u00e3o iniciar a vacina\u00e7\u00e3o as cidades de Santa Rita, Cabedelo, Bayeux, Conde, Caapor\u00e3, Sap\u00e9, Alhandra, Pitimbu, Cruz do Esp\u00edrito Santo, Lucena, Mari, Riach\u00e3o do Po\u00e7o e Sobrado.<\/p>\n","protected":false},"excerpt":{"rendered":"<p>A vacina\u00e7\u00e3o contra a dengue, iniciada por Dourados (Mato Grosso do Sul), Bras\u00edlia e Goi\u00e1s, come\u00e7a a chegar ao Nordeste. J\u00e1 receberam lotes da vacina a Bahia, Maranh\u00e3o, Rio Grande do Norte e Para\u00edba, onde a incid\u00eancia da doen\u00e7a \u00e9 maior. A previs\u00e3o de in\u00edcio de vacina\u00e7\u00e3o \u00e9 para a segunda-feira, 19, em Salvador, S\u00e3o [&hellip;]<\/p>\n","protected":false},"author":2,"featured_media":322547,"comment_status":"closed","ping_status":"closed","sticky":false,"template":"","format":"standard","meta":{"_acf_changed":false,"footnotes":""},"categories":[167,169,165,170,173],"tags":[],"class_list":["post-322546","post","type-post","status-publish","format-standard","has-post-thumbnail","hentry","category-bahia","category-maranhao","category-nordeste","category-paraiba-nordeste","category-rio-grande-do-norte"],"acf":[],"yoast_head":"<!-- This site is optimized with the Yoast SEO plugin v27.2 - https:\/\/yoast.com\/product\/yoast-seo-wordpress\/ -->\n<title>Vacina\u00e7\u00e3o contra dengue come\u00e7a em quatro estados - Notibras<\/title>\n<meta name=\"robots\" content=\"index, follow, max-snippet:-1, max-image-preview:large, max-video-preview:-1\" \/>\n<link rel=\"canonical\" href=\"https:\/\/www.notibras.com\/site\/vacinacao-contra-dengue-comeca-em-quatro-estados\/\" \/>\n<meta property=\"og:locale\" content=\"pt_BR\" \/>\n<meta property=\"og:type\" content=\"article\" \/>\n<meta property=\"og:title\" content=\"Vacina\u00e7\u00e3o contra dengue come\u00e7a em quatro estados - Notibras\" \/>\n<meta property=\"og:description\" content=\"A vacina\u00e7\u00e3o contra a dengue, iniciada por Dourados (Mato Grosso do Sul), Bras\u00edlia e Goi\u00e1s, come\u00e7a a chegar ao Nordeste. J\u00e1 receberam lotes da vacina a Bahia, Maranh\u00e3o, Rio Grande do Norte e Para\u00edba, onde a incid\u00eancia da doen\u00e7a \u00e9 maior. A previs\u00e3o de in\u00edcio de vacina\u00e7\u00e3o \u00e9 para a segunda-feira, 19, em Salvador, S\u00e3o [&hellip;]\" \/>\n<meta property=\"og:url\" content=\"https:\/\/www.notibras.com\/site\/vacinacao-contra-dengue-comeca-em-quatro-estados\/\" \/>\n<meta property=\"og:site_name\" content=\"Notibras\" \/>\n<meta property=\"article:publisher\" content=\"https:\/\/www.facebook.com\/notibras\/\" \/>\n<meta property=\"article:published_time\" content=\"2024-02-17T08:05:22+00:00\" \/>\n<meta property=\"article:modified_time\" content=\"2024-02-17T16:57:20+00:00\" \/>\n<meta property=\"og:image\" content=\"https:\/\/www.notibras.com\/site\/wp-content\/uploads\/2024\/02\/vacinanordeste.webp\" \/>\n\t<meta property=\"og:image:width\" content=\"1170\" \/>\n\t<meta property=\"og:image:height\" content=\"700\" \/>\n\t<meta property=\"og:image:type\" content=\"image\/webp\" \/>\n<meta name=\"author\" content=\"Reda\u00e7\u00e3o\" \/>\n<meta name=\"twitter:card\" content=\"summary_large_image\" \/>\n<meta name=\"twitter:creator\" content=\"@Notibras\" \/>\n<meta name=\"twitter:site\" content=\"@Notibras\" \/>\n<meta name=\"twitter:label1\" content=\"Escrito por\" \/>\n\t<meta name=\"twitter:data1\" content=\"Reda\u00e7\u00e3o\" \/>\n\t<meta name=\"twitter:label2\" content=\"Est. tempo de leitura\" \/>\n\t<meta name=\"twitter:data2\" content=\"3 minutos\" \/>\n<script type=\"application\/ld+json\" class=\"yoast-schema-graph\">{\"@context\":\"https:\/\/schema.org\",\"@graph\":[{\"@type\":\"Article\",\"@id\":\"https:\/\/www.notibras.com\/site\/vacinacao-contra-dengue-comeca-em-quatro-estados\/#article\",\"isPartOf\":{\"@id\":\"https:\/\/www.notibras.com\/site\/vacinacao-contra-dengue-comeca-em-quatro-estados\/\"},\"author\":{\"name\":\"Reda\u00e7\u00e3o\",\"@id\":\"https:\/\/www.notibras.com\/site\/#\/schema\/person\/36ab0979449956132d3e5b517ea76ac8\"},\"headline\":\"Vacina\u00e7\u00e3o contra dengue come\u00e7a em quatro estados\",\"datePublished\":\"2024-02-17T08:05:22+00:00\",\"dateModified\":\"2024-02-17T16:57:20+00:00\",\"mainEntityOfPage\":{\"@id\":\"https:\/\/www.notibras.com\/site\/vacinacao-contra-dengue-comeca-em-quatro-estados\/\"},\"wordCount\":509,\"publisher\":{\"@id\":\"https:\/\/www.notibras.com\/site\/#organization\"},\"image\":{\"@id\":\"https:\/\/www.notibras.com\/site\/vacinacao-contra-dengue-comeca-em-quatro-estados\/#primaryimage\"},\"thumbnailUrl\":\"https:\/\/www.notibras.com\/site\/wp-content\/uploads\/2024\/02\/vacinanordeste.webp\",\"articleSection\":[\"Bahia\",\"Maranh\u00e3o\",\"Nordeste\",\"Para\u00edba\",\"Rio Grande do Norte\"],\"inLanguage\":\"pt-BR\"},{\"@type\":\"WebPage\",\"@id\":\"https:\/\/www.notibras.com\/site\/vacinacao-contra-dengue-comeca-em-quatro-estados\/\",\"url\":\"https:\/\/www.notibras.com\/site\/vacinacao-contra-dengue-comeca-em-quatro-estados\/\",\"name\":\"Vacina\u00e7\u00e3o contra dengue come\u00e7a em quatro estados - Notibras\",\"isPartOf\":{\"@id\":\"https:\/\/www.notibras.com\/site\/#website\"},\"primaryImageOfPage\":{\"@id\":\"https:\/\/www.notibras.com\/site\/vacinacao-contra-dengue-comeca-em-quatro-estados\/#primaryimage\"},\"image\":{\"@id\":\"https:\/\/www.notibras.com\/site\/vacinacao-contra-dengue-comeca-em-quatro-estados\/#primaryimage\"},\"thumbnailUrl\":\"https:\/\/www.notibras.com\/site\/wp-content\/uploads\/2024\/02\/vacinanordeste.webp\",\"datePublished\":\"2024-02-17T08:05:22+00:00\",\"dateModified\":\"2024-02-17T16:57:20+00:00\",\"breadcrumb\":{\"@id\":\"https:\/\/www.notibras.com\/site\/vacinacao-contra-dengue-comeca-em-quatro-estados\/#breadcrumb\"},\"inLanguage\":\"pt-BR\",\"potentialAction\":[{\"@type\":\"ReadAction\",\"target\":[\"https:\/\/www.notibras.com\/site\/vacinacao-contra-dengue-comeca-em-quatro-estados\/\"]}]},{\"@type\":\"ImageObject\",\"inLanguage\":\"pt-BR\",\"@id\":\"https:\/\/www.notibras.com\/site\/vacinacao-contra-dengue-comeca-em-quatro-estados\/#primaryimage\",\"url\":\"https:\/\/www.notibras.com\/site\/wp-content\/uploads\/2024\/02\/vacinanordeste.webp\",\"contentUrl\":\"https:\/\/www.notibras.com\/site\/wp-content\/uploads\/2024\/02\/vacinanordeste.webp\",\"width\":1170,\"height\":700},{\"@type\":\"BreadcrumbList\",\"@id\":\"https:\/\/www.notibras.com\/site\/vacinacao-contra-dengue-comeca-em-quatro-estados\/#breadcrumb\",\"itemListElement\":[{\"@type\":\"ListItem\",\"position\":1,\"name\":\"In\u00edcio\",\"item\":\"https:\/\/www.notibras.com\/site\/\"},{\"@type\":\"ListItem\",\"position\":2,\"name\":\"Vacina\u00e7\u00e3o contra dengue come\u00e7a em quatro estados\"}]},{\"@type\":\"WebSite\",\"@id\":\"https:\/\/www.notibras.com\/site\/#website\",\"url\":\"https:\/\/www.notibras.com\/site\/\",\"name\":\"Notibras\",\"description\":\"Not\u00edcias de Bras\u00edlia, do Brasil e do Mundo\",\"publisher\":{\"@id\":\"https:\/\/www.notibras.com\/site\/#organization\"},\"potentialAction\":[{\"@type\":\"SearchAction\",\"target\":{\"@type\":\"EntryPoint\",\"urlTemplate\":\"https:\/\/www.notibras.com\/site\/?s={search_term_string}\"},\"query-input\":{\"@type\":\"PropertyValueSpecification\",\"valueRequired\":true,\"valueName\":\"search_term_string\"}}],\"inLanguage\":\"pt-BR\"},{\"@type\":\"Organization\",\"@id\":\"https:\/\/www.notibras.com\/site\/#organization\",\"name\":\"Grupo Notibras de Comunica\u00e7\u00e3o\",\"url\":\"https:\/\/www.notibras.com\/site\/\",\"logo\":{\"@type\":\"ImageObject\",\"inLanguage\":\"pt-BR\",\"@id\":\"https:\/\/www.notibras.com\/site\/#\/schema\/logo\/image\/\",\"url\":\"https:\/\/www.notibras.com\/site\/wp-content\/uploads\/2023\/01\/notibras23.png\",\"contentUrl\":\"https:\/\/www.notibras.com\/site\/wp-content\/uploads\/2023\/01\/notibras23.png\",\"width\":350,\"height\":87,\"caption\":\"Grupo Notibras de Comunica\u00e7\u00e3o\"},\"image\":{\"@id\":\"https:\/\/www.notibras.com\/site\/#\/schema\/logo\/image\/\"},\"sameAs\":[\"https:\/\/www.facebook.com\/notibras\/\",\"https:\/\/x.com\/Notibras\",\"https:\/\/www.instagram.com\/notibras\/\"]},{\"@type\":\"Person\",\"@id\":\"https:\/\/www.notibras.com\/site\/#\/schema\/person\/36ab0979449956132d3e5b517ea76ac8\",\"name\":\"Reda\u00e7\u00e3o\",\"image\":{\"@type\":\"ImageObject\",\"inLanguage\":\"pt-BR\",\"@id\":\"https:\/\/secure.gravatar.com\/avatar\/e0a867bdedb85fd243eadf09663511f96fc81e0720a4a42581f334ad4303aa6b?s=96&d=mm&r=g\",\"url\":\"https:\/\/secure.gravatar.com\/avatar\/e0a867bdedb85fd243eadf09663511f96fc81e0720a4a42581f334ad4303aa6b?s=96&d=mm&r=g\",\"contentUrl\":\"https:\/\/secure.gravatar.com\/avatar\/e0a867bdedb85fd243eadf09663511f96fc81e0720a4a42581f334ad4303aa6b?s=96&d=mm&r=g\",\"caption\":\"Reda\u00e7\u00e3o\"}}]}<\/script>\n<!-- \/ Yoast SEO plugin. -->","yoast_head_json":{"title":"Vacina\u00e7\u00e3o contra dengue come\u00e7a em quatro estados - Notibras","robots":{"index":"index","follow":"follow","max-snippet":"max-snippet:-1","max-image-preview":"max-image-preview:large","max-video-preview":"max-video-preview:-1"},"canonical":"https:\/\/www.notibras.com\/site\/vacinacao-contra-dengue-comeca-em-quatro-estados\/","og_locale":"pt_BR","og_type":"article","og_title":"Vacina\u00e7\u00e3o contra dengue come\u00e7a em quatro estados - Notibras","og_description":"A vacina\u00e7\u00e3o contra a dengue, iniciada por Dourados (Mato Grosso do Sul), Bras\u00edlia e Goi\u00e1s, come\u00e7a a chegar ao Nordeste. J\u00e1 receberam lotes da vacina a Bahia, Maranh\u00e3o, Rio Grande do Norte e Para\u00edba, onde a incid\u00eancia da doen\u00e7a \u00e9 maior. A previs\u00e3o de in\u00edcio de vacina\u00e7\u00e3o \u00e9 para a segunda-feira, 19, em Salvador, S\u00e3o [&hellip;]","og_url":"https:\/\/www.notibras.com\/site\/vacinacao-contra-dengue-comeca-em-quatro-estados\/","og_site_name":"Notibras","article_publisher":"https:\/\/www.facebook.com\/notibras\/","article_published_time":"2024-02-17T08:05:22+00:00","article_modified_time":"2024-02-17T16:57:20+00:00","og_image":[{"width":1170,"height":700,"url":"https:\/\/www.notibras.com\/site\/wp-content\/uploads\/2024\/02\/vacinanordeste.webp","type":"image\/webp"}],"author":"Reda\u00e7\u00e3o","twitter_card":"summary_large_image","twitter_creator":"@Notibras","twitter_site":"@Notibras","twitter_misc":{"Escrito por":"Reda\u00e7\u00e3o","Est. tempo de leitura":"3 minutos"},"schema":{"@context":"https:\/\/schema.org","@graph":[{"@type":"Article","@id":"https:\/\/www.notibras.com\/site\/vacinacao-contra-dengue-comeca-em-quatro-estados\/#article","isPartOf":{"@id":"https:\/\/www.notibras.com\/site\/vacinacao-contra-dengue-comeca-em-quatro-estados\/"},"author":{"name":"Reda\u00e7\u00e3o","@id":"https:\/\/www.notibras.com\/site\/#\/schema\/person\/36ab0979449956132d3e5b517ea76ac8"},"headline":"Vacina\u00e7\u00e3o contra dengue come\u00e7a em quatro estados","datePublished":"2024-02-17T08:05:22+00:00","dateModified":"2024-02-17T16:57:20+00:00","mainEntityOfPage":{"@id":"https:\/\/www.notibras.com\/site\/vacinacao-contra-dengue-comeca-em-quatro-estados\/"},"wordCount":509,"publisher":{"@id":"https:\/\/www.notibras.com\/site\/#organization"},"image":{"@id":"https:\/\/www.notibras.com\/site\/vacinacao-contra-dengue-comeca-em-quatro-estados\/#primaryimage"},"thumbnailUrl":"https:\/\/www.notibras.com\/site\/wp-content\/uploads\/2024\/02\/vacinanordeste.webp","articleSection":["Bahia","Maranh\u00e3o","Nordeste","Para\u00edba","Rio Grande do Norte"],"inLanguage":"pt-BR"},{"@type":"WebPage","@id":"https:\/\/www.notibras.com\/site\/vacinacao-contra-dengue-comeca-em-quatro-estados\/","url":"https:\/\/www.notibras.com\/site\/vacinacao-contra-dengue-comeca-em-quatro-estados\/","name":"Vacina\u00e7\u00e3o contra dengue come\u00e7a em quatro estados - Notibras","isPartOf":{"@id":"https:\/\/www.notibras.com\/site\/#website"},"primaryImageOfPage":{"@id":"https:\/\/www.notibras.com\/site\/vacinacao-contra-dengue-comeca-em-quatro-estados\/#primaryimage"},"image":{"@id":"https:\/\/www.notibras.com\/site\/vacinacao-contra-dengue-comeca-em-quatro-estados\/#primaryimage"},"thumbnailUrl":"https:\/\/www.notibras.com\/site\/wp-content\/uploads\/2024\/02\/vacinanordeste.webp","datePublished":"2024-02-17T08:05:22+00:00","dateModified":"2024-02-17T16:57:20+00:00","breadcrumb":{"@id":"https:\/\/www.notibras.com\/site\/vacinacao-contra-dengue-comeca-em-quatro-estados\/#breadcrumb"},"inLanguage":"pt-BR","potentialAction":[{"@type":"ReadAction","target":["https:\/\/www.notibras.com\/site\/vacinacao-contra-dengue-comeca-em-quatro-estados\/"]}]},{"@type":"ImageObject","inLanguage":"pt-BR","@id":"https:\/\/www.notibras.com\/site\/vacinacao-contra-dengue-comeca-em-quatro-estados\/#primaryimage","url":"https:\/\/www.notibras.com\/site\/wp-content\/uploads\/2024\/02\/vacinanordeste.webp","contentUrl":"https:\/\/www.notibras.com\/site\/wp-content\/uploads\/2024\/02\/vacinanordeste.webp","width":1170,"height":700},{"@type":"BreadcrumbList","@id":"https:\/\/www.notibras.com\/site\/vacinacao-contra-dengue-comeca-em-quatro-estados\/#breadcrumb","itemListElement":[{"@type":"ListItem","position":1,"name":"In\u00edcio","item":"https:\/\/www.notibras.com\/site\/"},{"@type":"ListItem","position":2,"name":"Vacina\u00e7\u00e3o contra dengue come\u00e7a em quatro estados"}]},{"@type":"WebSite","@id":"https:\/\/www.notibras.com\/site\/#website","url":"https:\/\/www.notibras.com\/site\/","name":"Notibras","description":"Not\u00edcias de Bras\u00edlia, do Brasil e do Mundo","publisher":{"@id":"https:\/\/www.notibras.com\/site\/#organization"},"potentialAction":[{"@type":"SearchAction","target":{"@type":"EntryPoint","urlTemplate":"https:\/\/www.notibras.com\/site\/?s={search_term_string}"},"query-input":{"@type":"PropertyValueSpecification","valueRequired":true,"valueName":"search_term_string"}}],"inLanguage":"pt-BR"},{"@type":"Organization","@id":"https:\/\/www.notibras.com\/site\/#organization","name":"Grupo Notibras de Comunica\u00e7\u00e3o","url":"https:\/\/www.notibras.com\/site\/","logo":{"@type":"ImageObject","inLanguage":"pt-BR","@id":"https:\/\/www.notibras.com\/site\/#\/schema\/logo\/image\/","url":"https:\/\/www.notibras.com\/site\/wp-content\/uploads\/2023\/01\/notibras23.png","contentUrl":"https:\/\/www.notibras.com\/site\/wp-content\/uploads\/2023\/01\/notibras23.png","width":350,"height":87,"caption":"Grupo Notibras de Comunica\u00e7\u00e3o"},"image":{"@id":"https:\/\/www.notibras.com\/site\/#\/schema\/logo\/image\/"},"sameAs":["https:\/\/www.facebook.com\/notibras\/","https:\/\/x.com\/Notibras","https:\/\/www.instagram.com\/notibras\/"]},{"@type":"Person","@id":"https:\/\/www.notibras.com\/site\/#\/schema\/person\/36ab0979449956132d3e5b517ea76ac8","name":"Reda\u00e7\u00e3o","image":{"@type":"ImageObject","inLanguage":"pt-BR","@id":"https:\/\/secure.gravatar.com\/avatar\/e0a867bdedb85fd243eadf09663511f96fc81e0720a4a42581f334ad4303aa6b?s=96&d=mm&r=g","url":"https:\/\/secure.gravatar.com\/avatar\/e0a867bdedb85fd243eadf09663511f96fc81e0720a4a42581f334ad4303aa6b?s=96&d=mm&r=g","contentUrl":"https:\/\/secure.gravatar.com\/avatar\/e0a867bdedb85fd243eadf09663511f96fc81e0720a4a42581f334ad4303aa6b?s=96&d=mm&r=g","caption":"Reda\u00e7\u00e3o"}}]}},"amp_enabled":true,"_links":{"self":[{"href":"https:\/\/www.notibras.com\/site\/wp-json\/wp\/v2\/posts\/322546","targetHints":{"allow":["GET"]}}],"collection":[{"href":"https:\/\/www.notibras.com\/site\/wp-json\/wp\/v2\/posts"}],"about":[{"href":"https:\/\/www.notibras.com\/site\/wp-json\/wp\/v2\/types\/post"}],"author":[{"embeddable":true,"href":"https:\/\/www.notibras.com\/site\/wp-json\/wp\/v2\/users\/2"}],"replies":[{"embeddable":true,"href":"https:\/\/www.notibras.com\/site\/wp-json\/wp\/v2\/comments?post=322546"}],"version-history":[{"count":1,"href":"https:\/\/www.notibras.com\/site\/wp-json\/wp\/v2\/posts\/322546\/revisions"}],"predecessor-version":[{"id":322548,"href":"https:\/\/www.notibras.com\/site\/wp-json\/wp\/v2\/posts\/322546\/revisions\/322548"}],"wp:featuredmedia":[{"embeddable":true,"href":"https:\/\/www.notibras.com\/site\/wp-json\/wp\/v2\/media\/322547"}],"wp:attachment":[{"href":"https:\/\/www.notibras.com\/site\/wp-json\/wp\/v2\/media?parent=322546"}],"wp:term":[{"taxonomy":"category","embeddable":true,"href":"https:\/\/www.notibras.com\/site\/wp-json\/wp\/v2\/categories?post=322546"},{"taxonomy":"post_tag","embeddable":true,"href":"https:\/\/www.notibras.com\/site\/wp-json\/wp\/v2\/tags?post=322546"}],"curies":[{"name":"wp","href":"https:\/\/api.w.org\/{rel}","templated":true}]}}