{"id":322557,"date":"2024-02-17T15:19:50","date_gmt":"2024-02-17T18:19:50","guid":{"rendered":"https:\/\/www.notibras.com\/site\/?p=322557"},"modified":"2024-02-17T15:21:32","modified_gmt":"2024-02-17T18:21:32","slug":"homem-de-gelo-fez-da-raquete-esporte-popular","status":"publish","type":"post","link":"https:\/\/www.notibras.com\/site\/homem-de-gelo-fez-da-raquete-esporte-popular\/","title":{"rendered":"Homem de gelo fez da raquete esporte popular"},"content":{"rendered":"<p>Com o in\u00edcio da pandemia, deixei de lado um dos meus maiores prazeres, que era jogar t\u00eanis. Ali\u00e1s, confesso que por d\u00e9cadas deixei de lado essa paix\u00e3o da minha inf\u00e2ncia, quando o grande nome desse esporte era o Bj\u00f6rn Borg, que, como um astro do rock, elevou o t\u00eanis a uma atividade quase popular.<\/p>\n<p>Nessa \u00e9poca, eu tinha uma raquete de t\u00eanis, n\u00e3o igual ao do Borg, mas tamb\u00e9m era de madeira. Por\u00e9m, eis que ele se aposenta muito cedo, pouco depois de vencer, aos 25 anos, seu 11\u00ba grand slam. Enquanto o sueco pendurava a raquete, a minha ia para o fundo do meu arm\u00e1rio, onde ficou por anos e, depois de n\u00e3o sei por quanto tempo, acabou se perdendo.<\/p>\n<p>N\u00e3o me lembro exatamente de quando decidi comprar uma nova raquete. Todavia, sei que foi numa dessas lojas especializadas, onde h\u00e1 algumas de segunda m\u00e3o. Pois foi justamente uma dessas que adquiri por menos da metade do pre\u00e7o de uma nova.<\/p>\n<p>As cordas foram trocadas, o que a tornava quase que sa\u00edda da f\u00e1brica. E l\u00e1 fui eu, como um menino da d\u00e9cada de 1970 querendo ser aquele cabeludo que se tornou uma lenda nas quadras de Wimbledon e Roland Garros, justamente os dois torneios mais emblem\u00e1ticos e discrepantes do circuito.<\/p>\n<p>Ningu\u00e9m! Ningu\u00e9m para eu desafiar depois de d\u00e9cadas de aposentadoria. Mas isso n\u00e3o me desanimou, pois havia um pared\u00e3o na quadra de saibro, justamente a especialidade do Borg. Fiquei ali batendo bola por n\u00e3o sei quanto tempo. Talvez n\u00e3o tanto quanto o meu corpo, exausto pela inatividade, imaginou.<\/p>\n<p>Seja como for, essa virou a minha rotina por anos, caso eu n\u00e3o encontrasse algu\u00e9m para jogar. E, quando isso acontecia, os caras s\u00f3 falavam em Roger Federer, Rafael Nadal e Novak Djokovic, Eles me perguntavam quem era o melhor. Eu tentava desconversar, falava que os tr\u00eas eram \u00f3timos. Mas a minha vontade mesmo era de gritar pra todos: Bj\u00f6rn Borg!!! No entanto, essas coisas n\u00e3o ficam bem na minha idade, quando a meninice j\u00e1 passou longe.<\/p>\n","protected":false},"excerpt":{"rendered":"<p>Com o in\u00edcio da pandemia, deixei de lado um dos meus maiores prazeres, que era jogar t\u00eanis. Ali\u00e1s, confesso que por d\u00e9cadas deixei de lado essa paix\u00e3o da minha inf\u00e2ncia, quando o grande nome desse esporte era o Bj\u00f6rn Borg, que, como um astro do rock, elevou o t\u00eanis a uma atividade quase popular. Nessa [&hellip;]<\/p>\n","protected":false},"author":2,"featured_media":322558,"comment_status":"closed","ping_status":"closed","sticky":false,"template":"","format":"standard","meta":{"_acf_changed":false,"footnotes":""},"categories":[161],"tags":[],"class_list":["post-322557","post","type-post","status-publish","format-standard","has-post-thumbnail","hentry","category-quadradinho-em-foco"],"acf":[],"yoast_head":"<!-- This site is optimized with the Yoast SEO plugin v27.2 - https:\/\/yoast.com\/product\/yoast-seo-wordpress\/ -->\n<title>Homem de gelo fez da raquete esporte popular - Notibras<\/title>\n<meta name=\"robots\" content=\"index, follow, max-snippet:-1, max-image-preview:large, max-video-preview:-1\" \/>\n<link rel=\"canonical\" href=\"https:\/\/www.notibras.com\/site\/homem-de-gelo-fez-da-raquete-esporte-popular\/\" \/>\n<meta property=\"og:locale\" content=\"pt_BR\" \/>\n<meta property=\"og:type\" content=\"article\" \/>\n<meta property=\"og:title\" content=\"Homem de gelo fez da raquete esporte popular - Notibras\" \/>\n<meta property=\"og:description\" content=\"Com o in\u00edcio da pandemia, deixei de lado um dos meus maiores prazeres, que era jogar t\u00eanis. Ali\u00e1s, confesso que por d\u00e9cadas deixei de lado essa paix\u00e3o da minha inf\u00e2ncia, quando o grande nome desse esporte era o Bj\u00f6rn Borg, que, como um astro do rock, elevou o t\u00eanis a uma atividade quase popular. Nessa [&hellip;]\" \/>\n<meta property=\"og:url\" content=\"https:\/\/www.notibras.com\/site\/homem-de-gelo-fez-da-raquete-esporte-popular\/\" \/>\n<meta property=\"og:site_name\" content=\"Notibras\" \/>\n<meta property=\"article:publisher\" content=\"https:\/\/www.facebook.com\/notibras\/\" \/>\n<meta property=\"article:published_time\" content=\"2024-02-17T18:19:50+00:00\" \/>\n<meta property=\"article:modified_time\" content=\"2024-02-17T18:21:32+00:00\" \/>\n<meta property=\"og:image\" content=\"https:\/\/www.notibras.com\/site\/wp-content\/uploads\/2024\/02\/4a476ecd-871a-45a5-b0f8-51153657900d.jpeg\" \/>\n\t<meta property=\"og:image:width\" content=\"560\" \/>\n\t<meta property=\"og:image:height\" content=\"380\" \/>\n\t<meta property=\"og:image:type\" content=\"image\/jpeg\" \/>\n<meta name=\"author\" content=\"Reda\u00e7\u00e3o\" \/>\n<meta name=\"twitter:card\" content=\"summary_large_image\" \/>\n<meta name=\"twitter:creator\" content=\"@Notibras\" \/>\n<meta name=\"twitter:site\" content=\"@Notibras\" \/>\n<meta name=\"twitter:label1\" content=\"Escrito por\" \/>\n\t<meta name=\"twitter:data1\" content=\"Reda\u00e7\u00e3o\" \/>\n\t<meta name=\"twitter:label2\" content=\"Est. tempo de leitura\" \/>\n\t<meta name=\"twitter:data2\" content=\"2 minutos\" \/>\n<script type=\"application\/ld+json\" class=\"yoast-schema-graph\">{\"@context\":\"https:\/\/schema.org\",\"@graph\":[{\"@type\":\"Article\",\"@id\":\"https:\/\/www.notibras.com\/site\/homem-de-gelo-fez-da-raquete-esporte-popular\/#article\",\"isPartOf\":{\"@id\":\"https:\/\/www.notibras.com\/site\/homem-de-gelo-fez-da-raquete-esporte-popular\/\"},\"author\":{\"name\":\"Reda\u00e7\u00e3o\",\"@id\":\"https:\/\/www.notibras.com\/site\/#\/schema\/person\/36ab0979449956132d3e5b517ea76ac8\"},\"headline\":\"Homem de gelo fez da raquete esporte popular\",\"datePublished\":\"2024-02-17T18:19:50+00:00\",\"dateModified\":\"2024-02-17T18:21:32+00:00\",\"mainEntityOfPage\":{\"@id\":\"https:\/\/www.notibras.com\/site\/homem-de-gelo-fez-da-raquete-esporte-popular\/\"},\"wordCount\":375,\"publisher\":{\"@id\":\"https:\/\/www.notibras.com\/site\/#organization\"},\"image\":{\"@id\":\"https:\/\/www.notibras.com\/site\/homem-de-gelo-fez-da-raquete-esporte-popular\/#primaryimage\"},\"thumbnailUrl\":\"https:\/\/www.notibras.com\/site\/wp-content\/uploads\/2024\/02\/4a476ecd-871a-45a5-b0f8-51153657900d.jpeg\",\"articleSection\":[\"Quadradinho em Foco\"],\"inLanguage\":\"pt-BR\"},{\"@type\":\"WebPage\",\"@id\":\"https:\/\/www.notibras.com\/site\/homem-de-gelo-fez-da-raquete-esporte-popular\/\",\"url\":\"https:\/\/www.notibras.com\/site\/homem-de-gelo-fez-da-raquete-esporte-popular\/\",\"name\":\"Homem de gelo fez da raquete esporte popular - Notibras\",\"isPartOf\":{\"@id\":\"https:\/\/www.notibras.com\/site\/#website\"},\"primaryImageOfPage\":{\"@id\":\"https:\/\/www.notibras.com\/site\/homem-de-gelo-fez-da-raquete-esporte-popular\/#primaryimage\"},\"image\":{\"@id\":\"https:\/\/www.notibras.com\/site\/homem-de-gelo-fez-da-raquete-esporte-popular\/#primaryimage\"},\"thumbnailUrl\":\"https:\/\/www.notibras.com\/site\/wp-content\/uploads\/2024\/02\/4a476ecd-871a-45a5-b0f8-51153657900d.jpeg\",\"datePublished\":\"2024-02-17T18:19:50+00:00\",\"dateModified\":\"2024-02-17T18:21:32+00:00\",\"breadcrumb\":{\"@id\":\"https:\/\/www.notibras.com\/site\/homem-de-gelo-fez-da-raquete-esporte-popular\/#breadcrumb\"},\"inLanguage\":\"pt-BR\",\"potentialAction\":[{\"@type\":\"ReadAction\",\"target\":[\"https:\/\/www.notibras.com\/site\/homem-de-gelo-fez-da-raquete-esporte-popular\/\"]}]},{\"@type\":\"ImageObject\",\"inLanguage\":\"pt-BR\",\"@id\":\"https:\/\/www.notibras.com\/site\/homem-de-gelo-fez-da-raquete-esporte-popular\/#primaryimage\",\"url\":\"https:\/\/www.notibras.com\/site\/wp-content\/uploads\/2024\/02\/4a476ecd-871a-45a5-b0f8-51153657900d.jpeg\",\"contentUrl\":\"https:\/\/www.notibras.com\/site\/wp-content\/uploads\/2024\/02\/4a476ecd-871a-45a5-b0f8-51153657900d.jpeg\",\"width\":560,\"height\":380},{\"@type\":\"BreadcrumbList\",\"@id\":\"https:\/\/www.notibras.com\/site\/homem-de-gelo-fez-da-raquete-esporte-popular\/#breadcrumb\",\"itemListElement\":[{\"@type\":\"ListItem\",\"position\":1,\"name\":\"In\u00edcio\",\"item\":\"https:\/\/www.notibras.com\/site\/\"},{\"@type\":\"ListItem\",\"position\":2,\"name\":\"Homem de gelo fez da raquete esporte popular\"}]},{\"@type\":\"WebSite\",\"@id\":\"https:\/\/www.notibras.com\/site\/#website\",\"url\":\"https:\/\/www.notibras.com\/site\/\",\"name\":\"Notibras\",\"description\":\"Not\u00edcias de Bras\u00edlia, do Brasil e do Mundo\",\"publisher\":{\"@id\":\"https:\/\/www.notibras.com\/site\/#organization\"},\"potentialAction\":[{\"@type\":\"SearchAction\",\"target\":{\"@type\":\"EntryPoint\",\"urlTemplate\":\"https:\/\/www.notibras.com\/site\/?s={search_term_string}\"},\"query-input\":{\"@type\":\"PropertyValueSpecification\",\"valueRequired\":true,\"valueName\":\"search_term_string\"}}],\"inLanguage\":\"pt-BR\"},{\"@type\":\"Organization\",\"@id\":\"https:\/\/www.notibras.com\/site\/#organization\",\"name\":\"Grupo Notibras de Comunica\u00e7\u00e3o\",\"url\":\"https:\/\/www.notibras.com\/site\/\",\"logo\":{\"@type\":\"ImageObject\",\"inLanguage\":\"pt-BR\",\"@id\":\"https:\/\/www.notibras.com\/site\/#\/schema\/logo\/image\/\",\"url\":\"https:\/\/www.notibras.com\/site\/wp-content\/uploads\/2023\/01\/notibras23.png\",\"contentUrl\":\"https:\/\/www.notibras.com\/site\/wp-content\/uploads\/2023\/01\/notibras23.png\",\"width\":350,\"height\":87,\"caption\":\"Grupo Notibras de Comunica\u00e7\u00e3o\"},\"image\":{\"@id\":\"https:\/\/www.notibras.com\/site\/#\/schema\/logo\/image\/\"},\"sameAs\":[\"https:\/\/www.facebook.com\/notibras\/\",\"https:\/\/x.com\/Notibras\",\"https:\/\/www.instagram.com\/notibras\/\"]},{\"@type\":\"Person\",\"@id\":\"https:\/\/www.notibras.com\/site\/#\/schema\/person\/36ab0979449956132d3e5b517ea76ac8\",\"name\":\"Reda\u00e7\u00e3o\",\"image\":{\"@type\":\"ImageObject\",\"inLanguage\":\"pt-BR\",\"@id\":\"https:\/\/secure.gravatar.com\/avatar\/e0a867bdedb85fd243eadf09663511f96fc81e0720a4a42581f334ad4303aa6b?s=96&d=mm&r=g\",\"url\":\"https:\/\/secure.gravatar.com\/avatar\/e0a867bdedb85fd243eadf09663511f96fc81e0720a4a42581f334ad4303aa6b?s=96&d=mm&r=g\",\"contentUrl\":\"https:\/\/secure.gravatar.com\/avatar\/e0a867bdedb85fd243eadf09663511f96fc81e0720a4a42581f334ad4303aa6b?s=96&d=mm&r=g\",\"caption\":\"Reda\u00e7\u00e3o\"}}]}<\/script>\n<!-- \/ Yoast SEO plugin. -->","yoast_head_json":{"title":"Homem de gelo fez da raquete esporte popular - Notibras","robots":{"index":"index","follow":"follow","max-snippet":"max-snippet:-1","max-image-preview":"max-image-preview:large","max-video-preview":"max-video-preview:-1"},"canonical":"https:\/\/www.notibras.com\/site\/homem-de-gelo-fez-da-raquete-esporte-popular\/","og_locale":"pt_BR","og_type":"article","og_title":"Homem de gelo fez da raquete esporte popular - Notibras","og_description":"Com o in\u00edcio da pandemia, deixei de lado um dos meus maiores prazeres, que era jogar t\u00eanis. Ali\u00e1s, confesso que por d\u00e9cadas deixei de lado essa paix\u00e3o da minha inf\u00e2ncia, quando o grande nome desse esporte era o Bj\u00f6rn Borg, que, como um astro do rock, elevou o t\u00eanis a uma atividade quase popular. Nessa [&hellip;]","og_url":"https:\/\/www.notibras.com\/site\/homem-de-gelo-fez-da-raquete-esporte-popular\/","og_site_name":"Notibras","article_publisher":"https:\/\/www.facebook.com\/notibras\/","article_published_time":"2024-02-17T18:19:50+00:00","article_modified_time":"2024-02-17T18:21:32+00:00","og_image":[{"width":560,"height":380,"url":"https:\/\/www.notibras.com\/site\/wp-content\/uploads\/2024\/02\/4a476ecd-871a-45a5-b0f8-51153657900d.jpeg","type":"image\/jpeg"}],"author":"Reda\u00e7\u00e3o","twitter_card":"summary_large_image","twitter_creator":"@Notibras","twitter_site":"@Notibras","twitter_misc":{"Escrito por":"Reda\u00e7\u00e3o","Est. tempo de leitura":"2 minutos"},"schema":{"@context":"https:\/\/schema.org","@graph":[{"@type":"Article","@id":"https:\/\/www.notibras.com\/site\/homem-de-gelo-fez-da-raquete-esporte-popular\/#article","isPartOf":{"@id":"https:\/\/www.notibras.com\/site\/homem-de-gelo-fez-da-raquete-esporte-popular\/"},"author":{"name":"Reda\u00e7\u00e3o","@id":"https:\/\/www.notibras.com\/site\/#\/schema\/person\/36ab0979449956132d3e5b517ea76ac8"},"headline":"Homem de gelo fez da raquete esporte popular","datePublished":"2024-02-17T18:19:50+00:00","dateModified":"2024-02-17T18:21:32+00:00","mainEntityOfPage":{"@id":"https:\/\/www.notibras.com\/site\/homem-de-gelo-fez-da-raquete-esporte-popular\/"},"wordCount":375,"publisher":{"@id":"https:\/\/www.notibras.com\/site\/#organization"},"image":{"@id":"https:\/\/www.notibras.com\/site\/homem-de-gelo-fez-da-raquete-esporte-popular\/#primaryimage"},"thumbnailUrl":"https:\/\/www.notibras.com\/site\/wp-content\/uploads\/2024\/02\/4a476ecd-871a-45a5-b0f8-51153657900d.jpeg","articleSection":["Quadradinho em Foco"],"inLanguage":"pt-BR"},{"@type":"WebPage","@id":"https:\/\/www.notibras.com\/site\/homem-de-gelo-fez-da-raquete-esporte-popular\/","url":"https:\/\/www.notibras.com\/site\/homem-de-gelo-fez-da-raquete-esporte-popular\/","name":"Homem de gelo fez da raquete esporte popular - Notibras","isPartOf":{"@id":"https:\/\/www.notibras.com\/site\/#website"},"primaryImageOfPage":{"@id":"https:\/\/www.notibras.com\/site\/homem-de-gelo-fez-da-raquete-esporte-popular\/#primaryimage"},"image":{"@id":"https:\/\/www.notibras.com\/site\/homem-de-gelo-fez-da-raquete-esporte-popular\/#primaryimage"},"thumbnailUrl":"https:\/\/www.notibras.com\/site\/wp-content\/uploads\/2024\/02\/4a476ecd-871a-45a5-b0f8-51153657900d.jpeg","datePublished":"2024-02-17T18:19:50+00:00","dateModified":"2024-02-17T18:21:32+00:00","breadcrumb":{"@id":"https:\/\/www.notibras.com\/site\/homem-de-gelo-fez-da-raquete-esporte-popular\/#breadcrumb"},"inLanguage":"pt-BR","potentialAction":[{"@type":"ReadAction","target":["https:\/\/www.notibras.com\/site\/homem-de-gelo-fez-da-raquete-esporte-popular\/"]}]},{"@type":"ImageObject","inLanguage":"pt-BR","@id":"https:\/\/www.notibras.com\/site\/homem-de-gelo-fez-da-raquete-esporte-popular\/#primaryimage","url":"https:\/\/www.notibras.com\/site\/wp-content\/uploads\/2024\/02\/4a476ecd-871a-45a5-b0f8-51153657900d.jpeg","contentUrl":"https:\/\/www.notibras.com\/site\/wp-content\/uploads\/2024\/02\/4a476ecd-871a-45a5-b0f8-51153657900d.jpeg","width":560,"height":380},{"@type":"BreadcrumbList","@id":"https:\/\/www.notibras.com\/site\/homem-de-gelo-fez-da-raquete-esporte-popular\/#breadcrumb","itemListElement":[{"@type":"ListItem","position":1,"name":"In\u00edcio","item":"https:\/\/www.notibras.com\/site\/"},{"@type":"ListItem","position":2,"name":"Homem de gelo fez da raquete esporte popular"}]},{"@type":"WebSite","@id":"https:\/\/www.notibras.com\/site\/#website","url":"https:\/\/www.notibras.com\/site\/","name":"Notibras","description":"Not\u00edcias de Bras\u00edlia, do Brasil e do Mundo","publisher":{"@id":"https:\/\/www.notibras.com\/site\/#organization"},"potentialAction":[{"@type":"SearchAction","target":{"@type":"EntryPoint","urlTemplate":"https:\/\/www.notibras.com\/site\/?s={search_term_string}"},"query-input":{"@type":"PropertyValueSpecification","valueRequired":true,"valueName":"search_term_string"}}],"inLanguage":"pt-BR"},{"@type":"Organization","@id":"https:\/\/www.notibras.com\/site\/#organization","name":"Grupo Notibras de Comunica\u00e7\u00e3o","url":"https:\/\/www.notibras.com\/site\/","logo":{"@type":"ImageObject","inLanguage":"pt-BR","@id":"https:\/\/www.notibras.com\/site\/#\/schema\/logo\/image\/","url":"https:\/\/www.notibras.com\/site\/wp-content\/uploads\/2023\/01\/notibras23.png","contentUrl":"https:\/\/www.notibras.com\/site\/wp-content\/uploads\/2023\/01\/notibras23.png","width":350,"height":87,"caption":"Grupo Notibras de Comunica\u00e7\u00e3o"},"image":{"@id":"https:\/\/www.notibras.com\/site\/#\/schema\/logo\/image\/"},"sameAs":["https:\/\/www.facebook.com\/notibras\/","https:\/\/x.com\/Notibras","https:\/\/www.instagram.com\/notibras\/"]},{"@type":"Person","@id":"https:\/\/www.notibras.com\/site\/#\/schema\/person\/36ab0979449956132d3e5b517ea76ac8","name":"Reda\u00e7\u00e3o","image":{"@type":"ImageObject","inLanguage":"pt-BR","@id":"https:\/\/secure.gravatar.com\/avatar\/e0a867bdedb85fd243eadf09663511f96fc81e0720a4a42581f334ad4303aa6b?s=96&d=mm&r=g","url":"https:\/\/secure.gravatar.com\/avatar\/e0a867bdedb85fd243eadf09663511f96fc81e0720a4a42581f334ad4303aa6b?s=96&d=mm&r=g","contentUrl":"https:\/\/secure.gravatar.com\/avatar\/e0a867bdedb85fd243eadf09663511f96fc81e0720a4a42581f334ad4303aa6b?s=96&d=mm&r=g","caption":"Reda\u00e7\u00e3o"}}]}},"amp_enabled":true,"_links":{"self":[{"href":"https:\/\/www.notibras.com\/site\/wp-json\/wp\/v2\/posts\/322557","targetHints":{"allow":["GET"]}}],"collection":[{"href":"https:\/\/www.notibras.com\/site\/wp-json\/wp\/v2\/posts"}],"about":[{"href":"https:\/\/www.notibras.com\/site\/wp-json\/wp\/v2\/types\/post"}],"author":[{"embeddable":true,"href":"https:\/\/www.notibras.com\/site\/wp-json\/wp\/v2\/users\/2"}],"replies":[{"embeddable":true,"href":"https:\/\/www.notibras.com\/site\/wp-json\/wp\/v2\/comments?post=322557"}],"version-history":[{"count":3,"href":"https:\/\/www.notibras.com\/site\/wp-json\/wp\/v2\/posts\/322557\/revisions"}],"predecessor-version":[{"id":322561,"href":"https:\/\/www.notibras.com\/site\/wp-json\/wp\/v2\/posts\/322557\/revisions\/322561"}],"wp:featuredmedia":[{"embeddable":true,"href":"https:\/\/www.notibras.com\/site\/wp-json\/wp\/v2\/media\/322558"}],"wp:attachment":[{"href":"https:\/\/www.notibras.com\/site\/wp-json\/wp\/v2\/media?parent=322557"}],"wp:term":[{"taxonomy":"category","embeddable":true,"href":"https:\/\/www.notibras.com\/site\/wp-json\/wp\/v2\/categories?post=322557"},{"taxonomy":"post_tag","embeddable":true,"href":"https:\/\/www.notibras.com\/site\/wp-json\/wp\/v2\/tags?post=322557"}],"curies":[{"name":"wp","href":"https:\/\/api.w.org\/{rel}","templated":true}]}}