{"id":322625,"date":"2024-02-18T00:00:37","date_gmt":"2024-02-18T03:00:37","guid":{"rendered":"https:\/\/www.notibras.com\/site\/?p=322625"},"modified":"2024-02-18T05:36:30","modified_gmt":"2024-02-18T08:36:30","slug":"prazo-para-pagar-primeira-parcela-termina-2a-feira","status":"publish","type":"post","link":"https:\/\/www.notibras.com\/site\/prazo-para-pagar-primeira-parcela-termina-2a-feira\/","title":{"rendered":"Prazo para pagar primeira parcela termina 2\u00aa feira"},"content":{"rendered":"<p>Propriet\u00e1rios de ve\u00edculos do Distrito Federal t\u00eam at\u00e9 esta segunda-feira (19) para quitar a parcela \u00fanica ou a primeira parcela do Imposto sobre a Propriedade de Ve\u00edculos Automotores (IPVA) referente aos autom\u00f3veis com placas terminadas em 1 e 2.<\/p>\n<p>Ap\u00f3s a data, o cronograma de pagamento seguir\u00e1 de acordo com o algarismo final das placas, estendendo-se ao longo da semana. Ou seja, na ter\u00e7a-feira (20), ser\u00e1 a vez dos condutores com placas terminadas em 3 e 4; na quarta (21), 5 e 6; na quinta (22), 7 e 8; e, na sexta (23), 9 ou 0.<\/p>\n<p>\u201c\u00c9 importante que o cidad\u00e3o realize o pagamento com anteced\u00eancia ou no prazo indicado para evitar corre\u00e7\u00e3o e juros\u201d, enfatiza \u00c9dson Miranda Santos, gerente de gest\u00e3o do IPVA. \u201cPara quem optou pela parcela \u00fanica, caso n\u00e3o tenha d\u00edvida ativa junto ao Governo do DF, ser\u00e1 poss\u00edvel pagar o IPVA com 10% de desconto\u201d, completa.<\/p>\n<p>Os contribuintes t\u00eam a op\u00e7\u00e3o de efetuar o pagamento do IPVA em uma \u00fanica parcela ou em at\u00e9 seis vezes, sendo o valor m\u00ednimo estipulado para a parcela de R$ 50. O prazo para pagamento da sexta e \u00faltima parcela do tributo \u00e9 entre os dias 22 a 26 de julho, respeitando o algarismo final da placa do ve\u00edculo. Para emitir a segunda via do boleto, acesse o site da Receita do DF.<\/p>\n<p><strong>Arrecada\u00e7\u00e3o<\/strong><br \/>\nCom a estimativa de arrecada\u00e7\u00e3o de R$ 1,7 bilh\u00e3o este ano, as autoridades fazend\u00e1rias destacam que h\u00e1 uma previs\u00e3o de redu\u00e7\u00e3o de 4,32% no IPVA para autom\u00f3veis, enquanto para caminh\u00f5es, a expectativa \u00e9 de um aumento de 0,8%.<\/p>\n<p>Estar em dia com esse e outros impostos garante a continuidade dos servi\u00e7os essenciais desempenhados pelo Estado, como constru\u00e7\u00e3o de creches e unidades b\u00e1sicas de sa\u00fade, pagamento de pessoal e obras de mobilidade.<\/p>\n<p>Al\u00e9m disso, o n\u00e3o pagamento do tributo dentro dos prazos estipulados pode resultar no ve\u00edculo retido pelo Departamento de Tr\u00e2nsito do DF (Detran-DF), impedindo sua circula\u00e7\u00e3o at\u00e9 a regulariza\u00e7\u00e3o da pend\u00eancia.<\/p>\n<p><strong>Isen\u00e7\u00e3o<\/strong><br \/>\nNo Distrito Federal, o IPVA \u00e9 aplicado a ve\u00edculos fabricados a partir de 1994, sendo a frota atual de 1.790.491 ve\u00edculos, dos quais 1.750.211 foram tributados em 2023.<\/p>\n<p>A lei que regulamenta o imposto estabelece, por\u00e9m, que alguns contribuintes t\u00eam direito a isen\u00e7\u00e3o tribut\u00e1ria, como pessoas com defici\u00eancia (PcDs), taxistas, motoristas de motofrete, al\u00e9m de condutores de tratores para atividades agr\u00edcolas, ve\u00edculos do corpo diplom\u00e1tico, de transporte p\u00fablico coletivo, de \u00f3rg\u00e3os do governo, cujo tempo de uso seja superior a 15 anos, ve\u00edculos automotores novos (no ano de sua aquisi\u00e7\u00e3o), autom\u00f3veis h\u00edbridos ou el\u00e9tricos e aqueles destinados para aulas de autoescola.<\/p>\n<p>Na maioria dos casos, a isen\u00e7\u00e3o \u00e9 liberada automaticamente, de acordo com a base de dados registrada junto ao Departamento de Tr\u00e2nsito do DF (Detran-DF). J\u00e1 as PcDs precisam comprovar a condi\u00e7\u00e3o para ter direito ao benef\u00edcio. Para isso, \u00e9 necess\u00e1rio anexar documentos m\u00e9dicos no Atendimento Virtual da Secretaria de Economia.<\/p>\n","protected":false},"excerpt":{"rendered":"<p>Propriet\u00e1rios de ve\u00edculos do Distrito Federal t\u00eam at\u00e9 esta segunda-feira (19) para quitar a parcela \u00fanica ou a primeira parcela do Imposto sobre a Propriedade de Ve\u00edculos Automotores (IPVA) referente aos autom\u00f3veis com placas terminadas em 1 e 2. Ap\u00f3s a data, o cronograma de pagamento seguir\u00e1 de acordo com o algarismo final das placas, [&hellip;]<\/p>\n","protected":false},"author":2,"featured_media":322626,"comment_status":"closed","ping_status":"closed","sticky":false,"template":"","format":"standard","meta":{"_acf_changed":false,"footnotes":""},"categories":[161],"tags":[],"class_list":["post-322625","post","type-post","status-publish","format-standard","has-post-thumbnail","hentry","category-quadradinho-em-foco"],"acf":[],"yoast_head":"<!-- This site is optimized with the Yoast SEO plugin v27.2 - https:\/\/yoast.com\/product\/yoast-seo-wordpress\/ -->\n<title>Prazo para pagar primeira parcela termina 2\u00aa feira - Notibras<\/title>\n<meta name=\"robots\" content=\"index, follow, max-snippet:-1, max-image-preview:large, max-video-preview:-1\" \/>\n<link rel=\"canonical\" href=\"https:\/\/www.notibras.com\/site\/prazo-para-pagar-primeira-parcela-termina-2a-feira\/\" \/>\n<meta property=\"og:locale\" content=\"pt_BR\" \/>\n<meta property=\"og:type\" content=\"article\" \/>\n<meta property=\"og:title\" content=\"Prazo para pagar primeira parcela termina 2\u00aa feira - Notibras\" \/>\n<meta property=\"og:description\" content=\"Propriet\u00e1rios de ve\u00edculos do Distrito Federal t\u00eam at\u00e9 esta segunda-feira (19) para quitar a parcela \u00fanica ou a primeira parcela do Imposto sobre a Propriedade de Ve\u00edculos Automotores (IPVA) referente aos autom\u00f3veis com placas terminadas em 1 e 2. Ap\u00f3s a data, o cronograma de pagamento seguir\u00e1 de acordo com o algarismo final das placas, [&hellip;]\" \/>\n<meta property=\"og:url\" content=\"https:\/\/www.notibras.com\/site\/prazo-para-pagar-primeira-parcela-termina-2a-feira\/\" \/>\n<meta property=\"og:site_name\" content=\"Notibras\" \/>\n<meta property=\"article:publisher\" content=\"https:\/\/www.facebook.com\/notibras\/\" \/>\n<meta property=\"article:published_time\" content=\"2024-02-18T03:00:37+00:00\" \/>\n<meta property=\"article:modified_time\" content=\"2024-02-18T08:36:30+00:00\" \/>\n<meta property=\"og:image\" content=\"https:\/\/www.notibras.com\/site\/wp-content\/uploads\/2024\/02\/Foto-Paulo-H.-Carvalho-5-scaled-1.jpg\" \/>\n\t<meta property=\"og:image:width\" content=\"2560\" \/>\n\t<meta property=\"og:image:height\" content=\"1707\" \/>\n\t<meta property=\"og:image:type\" content=\"image\/jpeg\" \/>\n<meta name=\"author\" content=\"Reda\u00e7\u00e3o\" \/>\n<meta name=\"twitter:card\" content=\"summary_large_image\" \/>\n<meta name=\"twitter:creator\" content=\"@Notibras\" \/>\n<meta name=\"twitter:site\" content=\"@Notibras\" \/>\n<meta name=\"twitter:label1\" content=\"Escrito por\" \/>\n\t<meta name=\"twitter:data1\" content=\"Reda\u00e7\u00e3o\" \/>\n\t<meta name=\"twitter:label2\" content=\"Est. tempo de leitura\" \/>\n\t<meta name=\"twitter:data2\" content=\"3 minutos\" \/>\n<script type=\"application\/ld+json\" class=\"yoast-schema-graph\">{\"@context\":\"https:\/\/schema.org\",\"@graph\":[{\"@type\":\"Article\",\"@id\":\"https:\/\/www.notibras.com\/site\/prazo-para-pagar-primeira-parcela-termina-2a-feira\/#article\",\"isPartOf\":{\"@id\":\"https:\/\/www.notibras.com\/site\/prazo-para-pagar-primeira-parcela-termina-2a-feira\/\"},\"author\":{\"name\":\"Reda\u00e7\u00e3o\",\"@id\":\"https:\/\/www.notibras.com\/site\/#\/schema\/person\/36ab0979449956132d3e5b517ea76ac8\"},\"headline\":\"Prazo para pagar primeira parcela termina 2\u00aa feira\",\"datePublished\":\"2024-02-18T03:00:37+00:00\",\"dateModified\":\"2024-02-18T08:36:30+00:00\",\"mainEntityOfPage\":{\"@id\":\"https:\/\/www.notibras.com\/site\/prazo-para-pagar-primeira-parcela-termina-2a-feira\/\"},\"wordCount\":515,\"publisher\":{\"@id\":\"https:\/\/www.notibras.com\/site\/#organization\"},\"image\":{\"@id\":\"https:\/\/www.notibras.com\/site\/prazo-para-pagar-primeira-parcela-termina-2a-feira\/#primaryimage\"},\"thumbnailUrl\":\"https:\/\/www.notibras.com\/site\/wp-content\/uploads\/2024\/02\/Foto-Paulo-H.-Carvalho-5-scaled-1.jpg\",\"articleSection\":[\"Quadradinho em Foco\"],\"inLanguage\":\"pt-BR\"},{\"@type\":\"WebPage\",\"@id\":\"https:\/\/www.notibras.com\/site\/prazo-para-pagar-primeira-parcela-termina-2a-feira\/\",\"url\":\"https:\/\/www.notibras.com\/site\/prazo-para-pagar-primeira-parcela-termina-2a-feira\/\",\"name\":\"Prazo para pagar primeira parcela termina 2\u00aa feira - Notibras\",\"isPartOf\":{\"@id\":\"https:\/\/www.notibras.com\/site\/#website\"},\"primaryImageOfPage\":{\"@id\":\"https:\/\/www.notibras.com\/site\/prazo-para-pagar-primeira-parcela-termina-2a-feira\/#primaryimage\"},\"image\":{\"@id\":\"https:\/\/www.notibras.com\/site\/prazo-para-pagar-primeira-parcela-termina-2a-feira\/#primaryimage\"},\"thumbnailUrl\":\"https:\/\/www.notibras.com\/site\/wp-content\/uploads\/2024\/02\/Foto-Paulo-H.-Carvalho-5-scaled-1.jpg\",\"datePublished\":\"2024-02-18T03:00:37+00:00\",\"dateModified\":\"2024-02-18T08:36:30+00:00\",\"breadcrumb\":{\"@id\":\"https:\/\/www.notibras.com\/site\/prazo-para-pagar-primeira-parcela-termina-2a-feira\/#breadcrumb\"},\"inLanguage\":\"pt-BR\",\"potentialAction\":[{\"@type\":\"ReadAction\",\"target\":[\"https:\/\/www.notibras.com\/site\/prazo-para-pagar-primeira-parcela-termina-2a-feira\/\"]}]},{\"@type\":\"ImageObject\",\"inLanguage\":\"pt-BR\",\"@id\":\"https:\/\/www.notibras.com\/site\/prazo-para-pagar-primeira-parcela-termina-2a-feira\/#primaryimage\",\"url\":\"https:\/\/www.notibras.com\/site\/wp-content\/uploads\/2024\/02\/Foto-Paulo-H.-Carvalho-5-scaled-1.jpg\",\"contentUrl\":\"https:\/\/www.notibras.com\/site\/wp-content\/uploads\/2024\/02\/Foto-Paulo-H.-Carvalho-5-scaled-1.jpg\",\"width\":2560,\"height\":1707},{\"@type\":\"BreadcrumbList\",\"@id\":\"https:\/\/www.notibras.com\/site\/prazo-para-pagar-primeira-parcela-termina-2a-feira\/#breadcrumb\",\"itemListElement\":[{\"@type\":\"ListItem\",\"position\":1,\"name\":\"In\u00edcio\",\"item\":\"https:\/\/www.notibras.com\/site\/\"},{\"@type\":\"ListItem\",\"position\":2,\"name\":\"Prazo para pagar primeira parcela termina 2\u00aa feira\"}]},{\"@type\":\"WebSite\",\"@id\":\"https:\/\/www.notibras.com\/site\/#website\",\"url\":\"https:\/\/www.notibras.com\/site\/\",\"name\":\"Notibras\",\"description\":\"Not\u00edcias de Bras\u00edlia, do Brasil e do Mundo\",\"publisher\":{\"@id\":\"https:\/\/www.notibras.com\/site\/#organization\"},\"potentialAction\":[{\"@type\":\"SearchAction\",\"target\":{\"@type\":\"EntryPoint\",\"urlTemplate\":\"https:\/\/www.notibras.com\/site\/?s={search_term_string}\"},\"query-input\":{\"@type\":\"PropertyValueSpecification\",\"valueRequired\":true,\"valueName\":\"search_term_string\"}}],\"inLanguage\":\"pt-BR\"},{\"@type\":\"Organization\",\"@id\":\"https:\/\/www.notibras.com\/site\/#organization\",\"name\":\"Grupo Notibras de Comunica\u00e7\u00e3o\",\"url\":\"https:\/\/www.notibras.com\/site\/\",\"logo\":{\"@type\":\"ImageObject\",\"inLanguage\":\"pt-BR\",\"@id\":\"https:\/\/www.notibras.com\/site\/#\/schema\/logo\/image\/\",\"url\":\"https:\/\/www.notibras.com\/site\/wp-content\/uploads\/2023\/01\/notibras23.png\",\"contentUrl\":\"https:\/\/www.notibras.com\/site\/wp-content\/uploads\/2023\/01\/notibras23.png\",\"width\":350,\"height\":87,\"caption\":\"Grupo Notibras de Comunica\u00e7\u00e3o\"},\"image\":{\"@id\":\"https:\/\/www.notibras.com\/site\/#\/schema\/logo\/image\/\"},\"sameAs\":[\"https:\/\/www.facebook.com\/notibras\/\",\"https:\/\/x.com\/Notibras\",\"https:\/\/www.instagram.com\/notibras\/\"]},{\"@type\":\"Person\",\"@id\":\"https:\/\/www.notibras.com\/site\/#\/schema\/person\/36ab0979449956132d3e5b517ea76ac8\",\"name\":\"Reda\u00e7\u00e3o\",\"image\":{\"@type\":\"ImageObject\",\"inLanguage\":\"pt-BR\",\"@id\":\"https:\/\/secure.gravatar.com\/avatar\/e0a867bdedb85fd243eadf09663511f96fc81e0720a4a42581f334ad4303aa6b?s=96&d=mm&r=g\",\"url\":\"https:\/\/secure.gravatar.com\/avatar\/e0a867bdedb85fd243eadf09663511f96fc81e0720a4a42581f334ad4303aa6b?s=96&d=mm&r=g\",\"contentUrl\":\"https:\/\/secure.gravatar.com\/avatar\/e0a867bdedb85fd243eadf09663511f96fc81e0720a4a42581f334ad4303aa6b?s=96&d=mm&r=g\",\"caption\":\"Reda\u00e7\u00e3o\"}}]}<\/script>\n<!-- \/ Yoast SEO plugin. -->","yoast_head_json":{"title":"Prazo para pagar primeira parcela termina 2\u00aa feira - Notibras","robots":{"index":"index","follow":"follow","max-snippet":"max-snippet:-1","max-image-preview":"max-image-preview:large","max-video-preview":"max-video-preview:-1"},"canonical":"https:\/\/www.notibras.com\/site\/prazo-para-pagar-primeira-parcela-termina-2a-feira\/","og_locale":"pt_BR","og_type":"article","og_title":"Prazo para pagar primeira parcela termina 2\u00aa feira - Notibras","og_description":"Propriet\u00e1rios de ve\u00edculos do Distrito Federal t\u00eam at\u00e9 esta segunda-feira (19) para quitar a parcela \u00fanica ou a primeira parcela do Imposto sobre a Propriedade de Ve\u00edculos Automotores (IPVA) referente aos autom\u00f3veis com placas terminadas em 1 e 2. Ap\u00f3s a data, o cronograma de pagamento seguir\u00e1 de acordo com o algarismo final das placas, [&hellip;]","og_url":"https:\/\/www.notibras.com\/site\/prazo-para-pagar-primeira-parcela-termina-2a-feira\/","og_site_name":"Notibras","article_publisher":"https:\/\/www.facebook.com\/notibras\/","article_published_time":"2024-02-18T03:00:37+00:00","article_modified_time":"2024-02-18T08:36:30+00:00","og_image":[{"width":2560,"height":1707,"url":"https:\/\/www.notibras.com\/site\/wp-content\/uploads\/2024\/02\/Foto-Paulo-H.-Carvalho-5-scaled-1.jpg","type":"image\/jpeg"}],"author":"Reda\u00e7\u00e3o","twitter_card":"summary_large_image","twitter_creator":"@Notibras","twitter_site":"@Notibras","twitter_misc":{"Escrito por":"Reda\u00e7\u00e3o","Est. tempo de leitura":"3 minutos"},"schema":{"@context":"https:\/\/schema.org","@graph":[{"@type":"Article","@id":"https:\/\/www.notibras.com\/site\/prazo-para-pagar-primeira-parcela-termina-2a-feira\/#article","isPartOf":{"@id":"https:\/\/www.notibras.com\/site\/prazo-para-pagar-primeira-parcela-termina-2a-feira\/"},"author":{"name":"Reda\u00e7\u00e3o","@id":"https:\/\/www.notibras.com\/site\/#\/schema\/person\/36ab0979449956132d3e5b517ea76ac8"},"headline":"Prazo para pagar primeira parcela termina 2\u00aa feira","datePublished":"2024-02-18T03:00:37+00:00","dateModified":"2024-02-18T08:36:30+00:00","mainEntityOfPage":{"@id":"https:\/\/www.notibras.com\/site\/prazo-para-pagar-primeira-parcela-termina-2a-feira\/"},"wordCount":515,"publisher":{"@id":"https:\/\/www.notibras.com\/site\/#organization"},"image":{"@id":"https:\/\/www.notibras.com\/site\/prazo-para-pagar-primeira-parcela-termina-2a-feira\/#primaryimage"},"thumbnailUrl":"https:\/\/www.notibras.com\/site\/wp-content\/uploads\/2024\/02\/Foto-Paulo-H.-Carvalho-5-scaled-1.jpg","articleSection":["Quadradinho em Foco"],"inLanguage":"pt-BR"},{"@type":"WebPage","@id":"https:\/\/www.notibras.com\/site\/prazo-para-pagar-primeira-parcela-termina-2a-feira\/","url":"https:\/\/www.notibras.com\/site\/prazo-para-pagar-primeira-parcela-termina-2a-feira\/","name":"Prazo para pagar primeira parcela termina 2\u00aa feira - Notibras","isPartOf":{"@id":"https:\/\/www.notibras.com\/site\/#website"},"primaryImageOfPage":{"@id":"https:\/\/www.notibras.com\/site\/prazo-para-pagar-primeira-parcela-termina-2a-feira\/#primaryimage"},"image":{"@id":"https:\/\/www.notibras.com\/site\/prazo-para-pagar-primeira-parcela-termina-2a-feira\/#primaryimage"},"thumbnailUrl":"https:\/\/www.notibras.com\/site\/wp-content\/uploads\/2024\/02\/Foto-Paulo-H.-Carvalho-5-scaled-1.jpg","datePublished":"2024-02-18T03:00:37+00:00","dateModified":"2024-02-18T08:36:30+00:00","breadcrumb":{"@id":"https:\/\/www.notibras.com\/site\/prazo-para-pagar-primeira-parcela-termina-2a-feira\/#breadcrumb"},"inLanguage":"pt-BR","potentialAction":[{"@type":"ReadAction","target":["https:\/\/www.notibras.com\/site\/prazo-para-pagar-primeira-parcela-termina-2a-feira\/"]}]},{"@type":"ImageObject","inLanguage":"pt-BR","@id":"https:\/\/www.notibras.com\/site\/prazo-para-pagar-primeira-parcela-termina-2a-feira\/#primaryimage","url":"https:\/\/www.notibras.com\/site\/wp-content\/uploads\/2024\/02\/Foto-Paulo-H.-Carvalho-5-scaled-1.jpg","contentUrl":"https:\/\/www.notibras.com\/site\/wp-content\/uploads\/2024\/02\/Foto-Paulo-H.-Carvalho-5-scaled-1.jpg","width":2560,"height":1707},{"@type":"BreadcrumbList","@id":"https:\/\/www.notibras.com\/site\/prazo-para-pagar-primeira-parcela-termina-2a-feira\/#breadcrumb","itemListElement":[{"@type":"ListItem","position":1,"name":"In\u00edcio","item":"https:\/\/www.notibras.com\/site\/"},{"@type":"ListItem","position":2,"name":"Prazo para pagar primeira parcela termina 2\u00aa feira"}]},{"@type":"WebSite","@id":"https:\/\/www.notibras.com\/site\/#website","url":"https:\/\/www.notibras.com\/site\/","name":"Notibras","description":"Not\u00edcias de Bras\u00edlia, do Brasil e do Mundo","publisher":{"@id":"https:\/\/www.notibras.com\/site\/#organization"},"potentialAction":[{"@type":"SearchAction","target":{"@type":"EntryPoint","urlTemplate":"https:\/\/www.notibras.com\/site\/?s={search_term_string}"},"query-input":{"@type":"PropertyValueSpecification","valueRequired":true,"valueName":"search_term_string"}}],"inLanguage":"pt-BR"},{"@type":"Organization","@id":"https:\/\/www.notibras.com\/site\/#organization","name":"Grupo Notibras de Comunica\u00e7\u00e3o","url":"https:\/\/www.notibras.com\/site\/","logo":{"@type":"ImageObject","inLanguage":"pt-BR","@id":"https:\/\/www.notibras.com\/site\/#\/schema\/logo\/image\/","url":"https:\/\/www.notibras.com\/site\/wp-content\/uploads\/2023\/01\/notibras23.png","contentUrl":"https:\/\/www.notibras.com\/site\/wp-content\/uploads\/2023\/01\/notibras23.png","width":350,"height":87,"caption":"Grupo Notibras de Comunica\u00e7\u00e3o"},"image":{"@id":"https:\/\/www.notibras.com\/site\/#\/schema\/logo\/image\/"},"sameAs":["https:\/\/www.facebook.com\/notibras\/","https:\/\/x.com\/Notibras","https:\/\/www.instagram.com\/notibras\/"]},{"@type":"Person","@id":"https:\/\/www.notibras.com\/site\/#\/schema\/person\/36ab0979449956132d3e5b517ea76ac8","name":"Reda\u00e7\u00e3o","image":{"@type":"ImageObject","inLanguage":"pt-BR","@id":"https:\/\/secure.gravatar.com\/avatar\/e0a867bdedb85fd243eadf09663511f96fc81e0720a4a42581f334ad4303aa6b?s=96&d=mm&r=g","url":"https:\/\/secure.gravatar.com\/avatar\/e0a867bdedb85fd243eadf09663511f96fc81e0720a4a42581f334ad4303aa6b?s=96&d=mm&r=g","contentUrl":"https:\/\/secure.gravatar.com\/avatar\/e0a867bdedb85fd243eadf09663511f96fc81e0720a4a42581f334ad4303aa6b?s=96&d=mm&r=g","caption":"Reda\u00e7\u00e3o"}}]}},"amp_enabled":true,"_links":{"self":[{"href":"https:\/\/www.notibras.com\/site\/wp-json\/wp\/v2\/posts\/322625","targetHints":{"allow":["GET"]}}],"collection":[{"href":"https:\/\/www.notibras.com\/site\/wp-json\/wp\/v2\/posts"}],"about":[{"href":"https:\/\/www.notibras.com\/site\/wp-json\/wp\/v2\/types\/post"}],"author":[{"embeddable":true,"href":"https:\/\/www.notibras.com\/site\/wp-json\/wp\/v2\/users\/2"}],"replies":[{"embeddable":true,"href":"https:\/\/www.notibras.com\/site\/wp-json\/wp\/v2\/comments?post=322625"}],"version-history":[{"count":1,"href":"https:\/\/www.notibras.com\/site\/wp-json\/wp\/v2\/posts\/322625\/revisions"}],"predecessor-version":[{"id":322627,"href":"https:\/\/www.notibras.com\/site\/wp-json\/wp\/v2\/posts\/322625\/revisions\/322627"}],"wp:featuredmedia":[{"embeddable":true,"href":"https:\/\/www.notibras.com\/site\/wp-json\/wp\/v2\/media\/322626"}],"wp:attachment":[{"href":"https:\/\/www.notibras.com\/site\/wp-json\/wp\/v2\/media?parent=322625"}],"wp:term":[{"taxonomy":"category","embeddable":true,"href":"https:\/\/www.notibras.com\/site\/wp-json\/wp\/v2\/categories?post=322625"},{"taxonomy":"post_tag","embeddable":true,"href":"https:\/\/www.notibras.com\/site\/wp-json\/wp\/v2\/tags?post=322625"}],"curies":[{"name":"wp","href":"https:\/\/api.w.org\/{rel}","templated":true}]}}