{"id":322628,"date":"2024-02-18T00:00:41","date_gmt":"2024-02-18T03:00:41","guid":{"rendered":"https:\/\/www.notibras.com\/site\/?p=322628"},"modified":"2024-02-18T05:45:32","modified_gmt":"2024-02-18T08:45:32","slug":"dia-d-leva-povo-a-agir-como-fiscal-contra-a-dengue","status":"publish","type":"post","link":"https:\/\/www.notibras.com\/site\/dia-d-leva-povo-a-agir-como-fiscal-contra-a-dengue\/","title":{"rendered":"Dia D leva povo a agir como fiscal contra a dengue"},"content":{"rendered":"<p>A Secretaria de Sa\u00fade intensificou as a\u00e7\u00f5es de combate ao Aedes aegypti na Estrutural com a realiza\u00e7\u00e3o do Dia D de Combate \u00e0 Dengue, neste s\u00e1bado (17). O evento contou com o engajamento da comunidade, que compareceu em peso. Nas pr\u00f3ximas semanas ser\u00e3o montadas mais 11 tendas de atendimento e outros dez carros de fumac\u00ea estar\u00e3o nas ruas de Bras\u00edlia, totalizando 40 ve\u00edculos.<\/p>\n<p>Na Tenda da Dengue, montada no Centro de Juventude da Estrutural, a secret\u00e1ria de Sa\u00fade, Lucilene Flor\u00eancio, pediu para que a popula\u00e7\u00e3o fiscalize suas resid\u00eancias e auxiliem na conscientiza\u00e7\u00e3o de vizinhos para evitar criadouros do mosquito. \u201cConclamamos a popula\u00e7\u00e3o que olhe para suas resid\u00eancias, sejam fiscais de si pr\u00f3prios e do outro. Olhar se tem algum dep\u00f3sito, pneu, carca\u00e7a, lixo descartado em local indevido. Temos o n\u00famero 199, precisamos ligar\u201d, ressaltou.<\/p>\n<p>No evento, a SES disponibilizou vacina\u00e7\u00e3o para a popula\u00e7\u00e3o, com imunizantes do calend\u00e1rio de rotina. Tamb\u00e9m foram realizados testes r\u00e1pidos para hepatites, s\u00edfilis e HIV, acompanhados de aconselhamento e distribui\u00e7\u00e3o de preservativos.<\/p>\n<p>A gestora caracterizou como satisfat\u00f3ria a procura pelas vacinas da dengue aplicadas em crian\u00e7as de 10 a 11 anos. Com o retorno das aulas, a procura deve se intensificar. \u201cPe\u00e7o a todos que completem o cart\u00e3o de vacina, principalmente da covid, tomem os refor\u00e7os. Temos 124 salas de vacina no DF. Procurem a sala de vacina mais pr\u00f3xima da resid\u00eancia e atualizem seu cart\u00e3o. Vacina \u00e9 sa\u00fade\u201d, refor\u00e7ou a secret\u00e1ria.<\/p>\n<p>O morador da Estrutural, Ezequiel Lopes, 29 anos, compareceu ao evento ap\u00f3s tr\u00eas dias com dores no corpo. \u201cFiz o teste r\u00e1pido e deu positivo. Rapidamente me colocaram na hidrata\u00e7\u00e3o. Estava muito fraco, o atendimento foi bem r\u00e1pido\u201d, avaliou. Durante duas horas, ele foi monitorado e recebeu hidrata\u00e7\u00e3o em uma sala climatizada.<\/p>\n<p>Mais de 40 profissionais da Estrat\u00e9gia Sa\u00fade da Fam\u00edlia (ESF) estiveram presentes na Tenda da Dengue, em funcionamento das 7h \u00e0s 19h, oferecendo atendimento a casos suspeitos da doen\u00e7a. Os pacientes tiveram acesso a hidrata\u00e7\u00e3o intravenosa e testagem r\u00e1pida. \u201cEstamos superando esse momento porque temos trabalhadores comprometidos e utilizando dados t\u00e9cnicos e de vigil\u00e2ncia epidemiol\u00f3gica. Essas constru\u00e7\u00f5es s\u00e3o feitas dia ap\u00f3s dia\u201d, elogiou a secret\u00e1ria de Sa\u00fade.<\/p>\n<p>A gerente de enfermagem da Diretoria Regional de Aten\u00e7\u00e3o Prim\u00e1ria \u00e0 Sa\u00fade (Diraps) da SES-DF, Patr\u00edcia Albuquerque, destacou que tamb\u00e9m foram realizadas a\u00e7\u00f5es de orienta\u00e7\u00e3o sobre odontologia e confec\u00e7\u00e3o de carteira de identidade pela Secretaria de Justi\u00e7a. \u201c\u00c9 um momento muito importante e que facilita a vida do usu\u00e1rio. Muita gente trabalha durante a semana, ent\u00e3o aproveita esse momento para vir at\u00e9 n\u00f3s\u201d.<\/p>\n<p>Estandes montados no local tamb\u00e9m ofereceram esclarecimentos e orienta\u00e7\u00f5es sobre outras endemias. A t\u00e9cnica administrativa da Diretoria de Vigil\u00e2ncia Ambiental da SES-DF, Terezinha Leite, destacou que a popula\u00e7\u00e3o n\u00e3o deve acumular \u00e1gua nem lixo. \u201cTemos um v\u00edrus circulante muito agressivo. S\u00e3o v\u00e1rios amigos e parentes com dengue. A gente chama aten\u00e7\u00e3o para que as pessoas mudem de comportamento\u201d.<\/p>\n<p>Nas ruas, equipes da SES-DF, Corpo de Bombeiros (CBMDF), Defensoria P\u00fablica (DPDF), Defesa Civil e outros \u00f3rg\u00e3os do Governo do Distrito Federal (GDF) se uniram em a\u00e7\u00f5es contra a prolifera\u00e7\u00e3o do mosquito da dengue. Os moradores receberam a visita de 30 agentes de vigil\u00e2ncia ambiental da SES-DF, acompanhados por 300 bombeiros militares, com o prop\u00f3sito de orientar e detectar poss\u00edveis focos de reprodu\u00e7\u00e3o do mosquito. Al\u00e9m disso, ve\u00edculos de fumac\u00ea percorreram as ruas da Estrutural.<\/p>\n<p>Um dos moradores visitados foi Jaime Rodrigues, 78 anos, residente do Setor Leste. Ele elogiou o esfor\u00e7o realizado no bairro. \u201cTenho um cuidado especial para evitar o mosquito da dengue. Recebo a visita dos agentes, cuido das plantas e do escoamento da \u00e1gua, para mim \u00e9 muito importante. Vi o fumac\u00ea passando. Tudo isso ajuda\u201d, relata.<\/p>\n<p>A comandante do Corpo de Bombeiros do DF, coronel M\u00f4nica Miranda, endossou que a luta contra a dengue conta com todos os esfor\u00e7os necess\u00e1rios. \u201dN\u00e3o s\u00f3 na parte operacional, mas tamb\u00e9m a quest\u00e3o de capacita\u00e7\u00e3o dos nossos bombeiros. \u00c9 um trabalho \u00e1rduo e vamos conseguir vencer essa batalha\u201d.<\/p>\n<p>O diretor de gest\u00e3o de risco e desastre da Defesa Civil do DF, Jos\u00e9 Genilson, exaltou que a data \u00e9 mais uma oportunidade de conscientizar a popula\u00e7\u00e3o do perigo da dengue. \u201cDevido ao per\u00edodo de chuva, a tend\u00eancia \u00e9 a prolifera\u00e7\u00e3o do mosquito. Aconselhamos a popula\u00e7\u00e3o a n\u00e3o acumular \u00e1gua, a utilizar repelente, fazer vistoria na sua resid\u00eancia, procurando focos\u201d. Ainda foram usados drones para inspecionar oito \u00e1reas de dif\u00edcil acesso da Estrutural.<\/p>\n<p>A Companhia Urbanizadora da Nova Capital do Brasil (Novacap) e o Servi\u00e7o de Limpeza Urbana do Distrito Federal (SLU) forneceu caminh\u00f5es basculantes e p\u00e1s mec\u00e2nicas para a remo\u00e7\u00e3o de lixo, entulho e res\u00edduos descartados de forma inadequada na regi\u00e3o.<\/p>\n","protected":false},"excerpt":{"rendered":"<p>A Secretaria de Sa\u00fade intensificou as a\u00e7\u00f5es de combate ao Aedes aegypti na Estrutural com a realiza\u00e7\u00e3o do Dia D de Combate \u00e0 Dengue, neste s\u00e1bado (17). O evento contou com o engajamento da comunidade, que compareceu em peso. Nas pr\u00f3ximas semanas ser\u00e3o montadas mais 11 tendas de atendimento e outros dez carros de fumac\u00ea [&hellip;]<\/p>\n","protected":false},"author":2,"featured_media":322629,"comment_status":"closed","ping_status":"closed","sticky":false,"template":"","format":"standard","meta":{"_acf_changed":false,"footnotes":""},"categories":[161],"tags":[],"class_list":["post-322628","post","type-post","status-publish","format-standard","has-post-thumbnail","hentry","category-quadradinho-em-foco"],"acf":[],"yoast_head":"<!-- This site is optimized with the Yoast SEO plugin v27.2 - https:\/\/yoast.com\/product\/yoast-seo-wordpress\/ -->\n<title>Dia D leva povo a agir como fiscal contra a dengue - Notibras<\/title>\n<meta name=\"robots\" content=\"index, follow, max-snippet:-1, max-image-preview:large, max-video-preview:-1\" \/>\n<link rel=\"canonical\" href=\"https:\/\/www.notibras.com\/site\/dia-d-leva-povo-a-agir-como-fiscal-contra-a-dengue\/\" \/>\n<meta property=\"og:locale\" content=\"pt_BR\" \/>\n<meta property=\"og:type\" content=\"article\" \/>\n<meta property=\"og:title\" content=\"Dia D leva povo a agir como fiscal contra a dengue - Notibras\" \/>\n<meta property=\"og:description\" content=\"A Secretaria de Sa\u00fade intensificou as a\u00e7\u00f5es de combate ao Aedes aegypti na Estrutural com a realiza\u00e7\u00e3o do Dia D de Combate \u00e0 Dengue, neste s\u00e1bado (17). O evento contou com o engajamento da comunidade, que compareceu em peso. Nas pr\u00f3ximas semanas ser\u00e3o montadas mais 11 tendas de atendimento e outros dez carros de fumac\u00ea [&hellip;]\" \/>\n<meta property=\"og:url\" content=\"https:\/\/www.notibras.com\/site\/dia-d-leva-povo-a-agir-como-fiscal-contra-a-dengue\/\" \/>\n<meta property=\"og:site_name\" content=\"Notibras\" \/>\n<meta property=\"article:publisher\" content=\"https:\/\/www.facebook.com\/notibras\/\" \/>\n<meta property=\"article:published_time\" content=\"2024-02-18T03:00:41+00:00\" \/>\n<meta property=\"article:modified_time\" content=\"2024-02-18T08:45:32+00:00\" \/>\n<meta property=\"og:image\" content=\"https:\/\/www.notibras.com\/site\/wp-content\/uploads\/2024\/02\/diaddengue.18.jpg\" \/>\n\t<meta property=\"og:image:width\" content=\"1536\" \/>\n\t<meta property=\"og:image:height\" content=\"1024\" \/>\n\t<meta property=\"og:image:type\" content=\"image\/jpeg\" \/>\n<meta name=\"author\" content=\"Reda\u00e7\u00e3o\" \/>\n<meta name=\"twitter:card\" content=\"summary_large_image\" \/>\n<meta name=\"twitter:creator\" content=\"@Notibras\" \/>\n<meta name=\"twitter:site\" content=\"@Notibras\" \/>\n<meta name=\"twitter:label1\" content=\"Escrito por\" \/>\n\t<meta name=\"twitter:data1\" content=\"Reda\u00e7\u00e3o\" \/>\n\t<meta name=\"twitter:label2\" content=\"Est. tempo de leitura\" \/>\n\t<meta name=\"twitter:data2\" content=\"5 minutos\" \/>\n<script type=\"application\/ld+json\" class=\"yoast-schema-graph\">{\"@context\":\"https:\/\/schema.org\",\"@graph\":[{\"@type\":\"Article\",\"@id\":\"https:\/\/www.notibras.com\/site\/dia-d-leva-povo-a-agir-como-fiscal-contra-a-dengue\/#article\",\"isPartOf\":{\"@id\":\"https:\/\/www.notibras.com\/site\/dia-d-leva-povo-a-agir-como-fiscal-contra-a-dengue\/\"},\"author\":{\"name\":\"Reda\u00e7\u00e3o\",\"@id\":\"https:\/\/www.notibras.com\/site\/#\/schema\/person\/36ab0979449956132d3e5b517ea76ac8\"},\"headline\":\"Dia D leva povo a agir como fiscal contra a dengue\",\"datePublished\":\"2024-02-18T03:00:41+00:00\",\"dateModified\":\"2024-02-18T08:45:32+00:00\",\"mainEntityOfPage\":{\"@id\":\"https:\/\/www.notibras.com\/site\/dia-d-leva-povo-a-agir-como-fiscal-contra-a-dengue\/\"},\"wordCount\":873,\"publisher\":{\"@id\":\"https:\/\/www.notibras.com\/site\/#organization\"},\"image\":{\"@id\":\"https:\/\/www.notibras.com\/site\/dia-d-leva-povo-a-agir-como-fiscal-contra-a-dengue\/#primaryimage\"},\"thumbnailUrl\":\"https:\/\/www.notibras.com\/site\/wp-content\/uploads\/2024\/02\/diaddengue.18.jpg\",\"articleSection\":[\"Quadradinho em Foco\"],\"inLanguage\":\"pt-BR\"},{\"@type\":\"WebPage\",\"@id\":\"https:\/\/www.notibras.com\/site\/dia-d-leva-povo-a-agir-como-fiscal-contra-a-dengue\/\",\"url\":\"https:\/\/www.notibras.com\/site\/dia-d-leva-povo-a-agir-como-fiscal-contra-a-dengue\/\",\"name\":\"Dia D leva povo a agir como fiscal contra a dengue - Notibras\",\"isPartOf\":{\"@id\":\"https:\/\/www.notibras.com\/site\/#website\"},\"primaryImageOfPage\":{\"@id\":\"https:\/\/www.notibras.com\/site\/dia-d-leva-povo-a-agir-como-fiscal-contra-a-dengue\/#primaryimage\"},\"image\":{\"@id\":\"https:\/\/www.notibras.com\/site\/dia-d-leva-povo-a-agir-como-fiscal-contra-a-dengue\/#primaryimage\"},\"thumbnailUrl\":\"https:\/\/www.notibras.com\/site\/wp-content\/uploads\/2024\/02\/diaddengue.18.jpg\",\"datePublished\":\"2024-02-18T03:00:41+00:00\",\"dateModified\":\"2024-02-18T08:45:32+00:00\",\"breadcrumb\":{\"@id\":\"https:\/\/www.notibras.com\/site\/dia-d-leva-povo-a-agir-como-fiscal-contra-a-dengue\/#breadcrumb\"},\"inLanguage\":\"pt-BR\",\"potentialAction\":[{\"@type\":\"ReadAction\",\"target\":[\"https:\/\/www.notibras.com\/site\/dia-d-leva-povo-a-agir-como-fiscal-contra-a-dengue\/\"]}]},{\"@type\":\"ImageObject\",\"inLanguage\":\"pt-BR\",\"@id\":\"https:\/\/www.notibras.com\/site\/dia-d-leva-povo-a-agir-como-fiscal-contra-a-dengue\/#primaryimage\",\"url\":\"https:\/\/www.notibras.com\/site\/wp-content\/uploads\/2024\/02\/diaddengue.18.jpg\",\"contentUrl\":\"https:\/\/www.notibras.com\/site\/wp-content\/uploads\/2024\/02\/diaddengue.18.jpg\",\"width\":1536,\"height\":1024},{\"@type\":\"BreadcrumbList\",\"@id\":\"https:\/\/www.notibras.com\/site\/dia-d-leva-povo-a-agir-como-fiscal-contra-a-dengue\/#breadcrumb\",\"itemListElement\":[{\"@type\":\"ListItem\",\"position\":1,\"name\":\"In\u00edcio\",\"item\":\"https:\/\/www.notibras.com\/site\/\"},{\"@type\":\"ListItem\",\"position\":2,\"name\":\"Dia D leva povo a agir como fiscal contra a dengue\"}]},{\"@type\":\"WebSite\",\"@id\":\"https:\/\/www.notibras.com\/site\/#website\",\"url\":\"https:\/\/www.notibras.com\/site\/\",\"name\":\"Notibras\",\"description\":\"Not\u00edcias de Bras\u00edlia, do Brasil e do Mundo\",\"publisher\":{\"@id\":\"https:\/\/www.notibras.com\/site\/#organization\"},\"potentialAction\":[{\"@type\":\"SearchAction\",\"target\":{\"@type\":\"EntryPoint\",\"urlTemplate\":\"https:\/\/www.notibras.com\/site\/?s={search_term_string}\"},\"query-input\":{\"@type\":\"PropertyValueSpecification\",\"valueRequired\":true,\"valueName\":\"search_term_string\"}}],\"inLanguage\":\"pt-BR\"},{\"@type\":\"Organization\",\"@id\":\"https:\/\/www.notibras.com\/site\/#organization\",\"name\":\"Grupo Notibras de Comunica\u00e7\u00e3o\",\"url\":\"https:\/\/www.notibras.com\/site\/\",\"logo\":{\"@type\":\"ImageObject\",\"inLanguage\":\"pt-BR\",\"@id\":\"https:\/\/www.notibras.com\/site\/#\/schema\/logo\/image\/\",\"url\":\"https:\/\/www.notibras.com\/site\/wp-content\/uploads\/2023\/01\/notibras23.png\",\"contentUrl\":\"https:\/\/www.notibras.com\/site\/wp-content\/uploads\/2023\/01\/notibras23.png\",\"width\":350,\"height\":87,\"caption\":\"Grupo Notibras de Comunica\u00e7\u00e3o\"},\"image\":{\"@id\":\"https:\/\/www.notibras.com\/site\/#\/schema\/logo\/image\/\"},\"sameAs\":[\"https:\/\/www.facebook.com\/notibras\/\",\"https:\/\/x.com\/Notibras\",\"https:\/\/www.instagram.com\/notibras\/\"]},{\"@type\":\"Person\",\"@id\":\"https:\/\/www.notibras.com\/site\/#\/schema\/person\/36ab0979449956132d3e5b517ea76ac8\",\"name\":\"Reda\u00e7\u00e3o\",\"image\":{\"@type\":\"ImageObject\",\"inLanguage\":\"pt-BR\",\"@id\":\"https:\/\/secure.gravatar.com\/avatar\/e0a867bdedb85fd243eadf09663511f96fc81e0720a4a42581f334ad4303aa6b?s=96&d=mm&r=g\",\"url\":\"https:\/\/secure.gravatar.com\/avatar\/e0a867bdedb85fd243eadf09663511f96fc81e0720a4a42581f334ad4303aa6b?s=96&d=mm&r=g\",\"contentUrl\":\"https:\/\/secure.gravatar.com\/avatar\/e0a867bdedb85fd243eadf09663511f96fc81e0720a4a42581f334ad4303aa6b?s=96&d=mm&r=g\",\"caption\":\"Reda\u00e7\u00e3o\"}}]}<\/script>\n<!-- \/ Yoast SEO plugin. -->","yoast_head_json":{"title":"Dia D leva povo a agir como fiscal contra a dengue - Notibras","robots":{"index":"index","follow":"follow","max-snippet":"max-snippet:-1","max-image-preview":"max-image-preview:large","max-video-preview":"max-video-preview:-1"},"canonical":"https:\/\/www.notibras.com\/site\/dia-d-leva-povo-a-agir-como-fiscal-contra-a-dengue\/","og_locale":"pt_BR","og_type":"article","og_title":"Dia D leva povo a agir como fiscal contra a dengue - Notibras","og_description":"A Secretaria de Sa\u00fade intensificou as a\u00e7\u00f5es de combate ao Aedes aegypti na Estrutural com a realiza\u00e7\u00e3o do Dia D de Combate \u00e0 Dengue, neste s\u00e1bado (17). O evento contou com o engajamento da comunidade, que compareceu em peso. Nas pr\u00f3ximas semanas ser\u00e3o montadas mais 11 tendas de atendimento e outros dez carros de fumac\u00ea [&hellip;]","og_url":"https:\/\/www.notibras.com\/site\/dia-d-leva-povo-a-agir-como-fiscal-contra-a-dengue\/","og_site_name":"Notibras","article_publisher":"https:\/\/www.facebook.com\/notibras\/","article_published_time":"2024-02-18T03:00:41+00:00","article_modified_time":"2024-02-18T08:45:32+00:00","og_image":[{"width":1536,"height":1024,"url":"https:\/\/www.notibras.com\/site\/wp-content\/uploads\/2024\/02\/diaddengue.18.jpg","type":"image\/jpeg"}],"author":"Reda\u00e7\u00e3o","twitter_card":"summary_large_image","twitter_creator":"@Notibras","twitter_site":"@Notibras","twitter_misc":{"Escrito por":"Reda\u00e7\u00e3o","Est. tempo de leitura":"5 minutos"},"schema":{"@context":"https:\/\/schema.org","@graph":[{"@type":"Article","@id":"https:\/\/www.notibras.com\/site\/dia-d-leva-povo-a-agir-como-fiscal-contra-a-dengue\/#article","isPartOf":{"@id":"https:\/\/www.notibras.com\/site\/dia-d-leva-povo-a-agir-como-fiscal-contra-a-dengue\/"},"author":{"name":"Reda\u00e7\u00e3o","@id":"https:\/\/www.notibras.com\/site\/#\/schema\/person\/36ab0979449956132d3e5b517ea76ac8"},"headline":"Dia D leva povo a agir como fiscal contra a dengue","datePublished":"2024-02-18T03:00:41+00:00","dateModified":"2024-02-18T08:45:32+00:00","mainEntityOfPage":{"@id":"https:\/\/www.notibras.com\/site\/dia-d-leva-povo-a-agir-como-fiscal-contra-a-dengue\/"},"wordCount":873,"publisher":{"@id":"https:\/\/www.notibras.com\/site\/#organization"},"image":{"@id":"https:\/\/www.notibras.com\/site\/dia-d-leva-povo-a-agir-como-fiscal-contra-a-dengue\/#primaryimage"},"thumbnailUrl":"https:\/\/www.notibras.com\/site\/wp-content\/uploads\/2024\/02\/diaddengue.18.jpg","articleSection":["Quadradinho em Foco"],"inLanguage":"pt-BR"},{"@type":"WebPage","@id":"https:\/\/www.notibras.com\/site\/dia-d-leva-povo-a-agir-como-fiscal-contra-a-dengue\/","url":"https:\/\/www.notibras.com\/site\/dia-d-leva-povo-a-agir-como-fiscal-contra-a-dengue\/","name":"Dia D leva povo a agir como fiscal contra a dengue - Notibras","isPartOf":{"@id":"https:\/\/www.notibras.com\/site\/#website"},"primaryImageOfPage":{"@id":"https:\/\/www.notibras.com\/site\/dia-d-leva-povo-a-agir-como-fiscal-contra-a-dengue\/#primaryimage"},"image":{"@id":"https:\/\/www.notibras.com\/site\/dia-d-leva-povo-a-agir-como-fiscal-contra-a-dengue\/#primaryimage"},"thumbnailUrl":"https:\/\/www.notibras.com\/site\/wp-content\/uploads\/2024\/02\/diaddengue.18.jpg","datePublished":"2024-02-18T03:00:41+00:00","dateModified":"2024-02-18T08:45:32+00:00","breadcrumb":{"@id":"https:\/\/www.notibras.com\/site\/dia-d-leva-povo-a-agir-como-fiscal-contra-a-dengue\/#breadcrumb"},"inLanguage":"pt-BR","potentialAction":[{"@type":"ReadAction","target":["https:\/\/www.notibras.com\/site\/dia-d-leva-povo-a-agir-como-fiscal-contra-a-dengue\/"]}]},{"@type":"ImageObject","inLanguage":"pt-BR","@id":"https:\/\/www.notibras.com\/site\/dia-d-leva-povo-a-agir-como-fiscal-contra-a-dengue\/#primaryimage","url":"https:\/\/www.notibras.com\/site\/wp-content\/uploads\/2024\/02\/diaddengue.18.jpg","contentUrl":"https:\/\/www.notibras.com\/site\/wp-content\/uploads\/2024\/02\/diaddengue.18.jpg","width":1536,"height":1024},{"@type":"BreadcrumbList","@id":"https:\/\/www.notibras.com\/site\/dia-d-leva-povo-a-agir-como-fiscal-contra-a-dengue\/#breadcrumb","itemListElement":[{"@type":"ListItem","position":1,"name":"In\u00edcio","item":"https:\/\/www.notibras.com\/site\/"},{"@type":"ListItem","position":2,"name":"Dia D leva povo a agir como fiscal contra a dengue"}]},{"@type":"WebSite","@id":"https:\/\/www.notibras.com\/site\/#website","url":"https:\/\/www.notibras.com\/site\/","name":"Notibras","description":"Not\u00edcias de Bras\u00edlia, do Brasil e do Mundo","publisher":{"@id":"https:\/\/www.notibras.com\/site\/#organization"},"potentialAction":[{"@type":"SearchAction","target":{"@type":"EntryPoint","urlTemplate":"https:\/\/www.notibras.com\/site\/?s={search_term_string}"},"query-input":{"@type":"PropertyValueSpecification","valueRequired":true,"valueName":"search_term_string"}}],"inLanguage":"pt-BR"},{"@type":"Organization","@id":"https:\/\/www.notibras.com\/site\/#organization","name":"Grupo Notibras de Comunica\u00e7\u00e3o","url":"https:\/\/www.notibras.com\/site\/","logo":{"@type":"ImageObject","inLanguage":"pt-BR","@id":"https:\/\/www.notibras.com\/site\/#\/schema\/logo\/image\/","url":"https:\/\/www.notibras.com\/site\/wp-content\/uploads\/2023\/01\/notibras23.png","contentUrl":"https:\/\/www.notibras.com\/site\/wp-content\/uploads\/2023\/01\/notibras23.png","width":350,"height":87,"caption":"Grupo Notibras de Comunica\u00e7\u00e3o"},"image":{"@id":"https:\/\/www.notibras.com\/site\/#\/schema\/logo\/image\/"},"sameAs":["https:\/\/www.facebook.com\/notibras\/","https:\/\/x.com\/Notibras","https:\/\/www.instagram.com\/notibras\/"]},{"@type":"Person","@id":"https:\/\/www.notibras.com\/site\/#\/schema\/person\/36ab0979449956132d3e5b517ea76ac8","name":"Reda\u00e7\u00e3o","image":{"@type":"ImageObject","inLanguage":"pt-BR","@id":"https:\/\/secure.gravatar.com\/avatar\/e0a867bdedb85fd243eadf09663511f96fc81e0720a4a42581f334ad4303aa6b?s=96&d=mm&r=g","url":"https:\/\/secure.gravatar.com\/avatar\/e0a867bdedb85fd243eadf09663511f96fc81e0720a4a42581f334ad4303aa6b?s=96&d=mm&r=g","contentUrl":"https:\/\/secure.gravatar.com\/avatar\/e0a867bdedb85fd243eadf09663511f96fc81e0720a4a42581f334ad4303aa6b?s=96&d=mm&r=g","caption":"Reda\u00e7\u00e3o"}}]}},"amp_enabled":true,"_links":{"self":[{"href":"https:\/\/www.notibras.com\/site\/wp-json\/wp\/v2\/posts\/322628","targetHints":{"allow":["GET"]}}],"collection":[{"href":"https:\/\/www.notibras.com\/site\/wp-json\/wp\/v2\/posts"}],"about":[{"href":"https:\/\/www.notibras.com\/site\/wp-json\/wp\/v2\/types\/post"}],"author":[{"embeddable":true,"href":"https:\/\/www.notibras.com\/site\/wp-json\/wp\/v2\/users\/2"}],"replies":[{"embeddable":true,"href":"https:\/\/www.notibras.com\/site\/wp-json\/wp\/v2\/comments?post=322628"}],"version-history":[{"count":1,"href":"https:\/\/www.notibras.com\/site\/wp-json\/wp\/v2\/posts\/322628\/revisions"}],"predecessor-version":[{"id":322630,"href":"https:\/\/www.notibras.com\/site\/wp-json\/wp\/v2\/posts\/322628\/revisions\/322630"}],"wp:featuredmedia":[{"embeddable":true,"href":"https:\/\/www.notibras.com\/site\/wp-json\/wp\/v2\/media\/322629"}],"wp:attachment":[{"href":"https:\/\/www.notibras.com\/site\/wp-json\/wp\/v2\/media?parent=322628"}],"wp:term":[{"taxonomy":"category","embeddable":true,"href":"https:\/\/www.notibras.com\/site\/wp-json\/wp\/v2\/categories?post=322628"},{"taxonomy":"post_tag","embeddable":true,"href":"https:\/\/www.notibras.com\/site\/wp-json\/wp\/v2\/tags?post=322628"}],"curies":[{"name":"wp","href":"https:\/\/api.w.org\/{rel}","templated":true}]}}