{"id":322652,"date":"2024-02-18T00:33:36","date_gmt":"2024-02-18T03:33:36","guid":{"rendered":"https:\/\/www.notibras.com\/site\/?p=322652"},"modified":"2024-02-18T10:39:56","modified_gmt":"2024-02-18T13:39:56","slug":"secretaria-de-saude-acelera-vacinacao-contra-a-dengue","status":"publish","type":"post","link":"https:\/\/www.notibras.com\/site\/secretaria-de-saude-acelera-vacinacao-contra-a-dengue\/","title":{"rendered":"Secretaria de Sa\u00fade acelera vacina\u00e7\u00e3o contra a dengue"},"content":{"rendered":"<p>O Maranh\u00e3o, por meio da Secretaria de Estado da Sa\u00fade (SES), est\u00e1 fortalecendo a imuniza\u00e7\u00e3o de crian\u00e7as de 10 e 11 anos contra a dengue. Neste s\u00e1bado (17), a primeira dose da vacina foi ofertada nas Policl\u00ednicas Vinhais e Cidade Oper\u00e1ria. A vacina\u00e7\u00e3o ser\u00e1 ampliada a partir de segunda-feira, 19 (evja locais abaixo).<\/p>\n<p>&#8220;Iniciamos a vacina\u00e7\u00e3o contra a Dengue neste s\u00e1bado nas Policl\u00ednicas do Vinhais e da Cidade Oper\u00e1ria, mas a partir da pr\u00f3xima semana, n\u00f3s tamb\u00e9m estaremos com pontos de vacina\u00e7\u00e3o na Policl\u00ednica Vila Luiz\u00e3o e no Hospital Dr. Gen\u00e9sio R\u00eago, sempre das 8h \u00e0s 17h. Ent\u00e3o, voc\u00ea papai, mam\u00e3e e\/ou respons\u00e1vel, dirija-se juntamente com a sua crian\u00e7a de 10 e 11 anos de idade para assim receber a primeira dose contra a dengue, tendo em m\u00e3os um documento com identifica\u00e7\u00e3o, caderneta de vacina\u00e7\u00e3o e o comprovante de resid\u00eancia&#8221;, disse a chefe do Departamento de Imuniza\u00e7\u00e3o da SES, Halice Figueiredo.<\/p>\n<p>Ao todo, foram encaminhadas ao Maranh\u00e3o 40.610 doses, sendo 27.367 doses para S\u00e3o Lu\u00eds; 7.184 para S\u00e3o Jos\u00e9 de Ribamar; 4.337 para Pa\u00e7o do Lumiar; 1.102 para Raposa e 620 doses destinadas ao munic\u00edpio de Alc\u00e2ntara.<\/p>\n<p>Pietra Barbosa, de 11 anos, garantiu a primeira dose contra a dengue neste s\u00e1bado na Policl\u00ednica Vinhais. &#8220;Al\u00e9m da vacina\u00e7\u00e3o, eu tenho feito a minha parte em n\u00e3o deixar a \u00e1gua parada nos locais&#8221;, compartilhou a jovem.<\/p>\n<p>O pai de Pietra, Pedro Barbosa, de 43 anos, ficou sabendo a mobiliza\u00e7\u00e3o por meio das redes sociais. &#8220;Eu sempre participei da vacina\u00e7\u00e3o da minha filha, desde crian\u00e7a, e acompanho as campanhas. Nunca deixo de participar, pois preven\u00e7\u00e3o \u00e9 sempre bom&#8221;, acrescentou.<\/p>\n<p>A administra\u00e7\u00e3o do imunizante ocorrer\u00e1 em etapas, sendo a segunda dose ap\u00f3s tr\u00eas meses da primeira. O avan\u00e7o da faixa et\u00e1ria ocorrer\u00e1 de forma progressiva, conforme a entrega de novos lotes por parte do Minist\u00e9rio da Sa\u00fade (MS).<\/p>\n<p>Quem tamb\u00e9m aproveitou a manh\u00e3 de s\u00e1bado para participar da a\u00e7\u00e3o de sa\u00fade p\u00fablica foi Wallace Arag\u00e3o, de 46 anos, que, na ocasi\u00e3o, p\u00f4de acompanhar a filha, Ana Ruth da Silva Arag\u00e3o, de 10 anos, durante a vacina\u00e7\u00e3o. &#8220;\u00c9 uma grande oportunidade, n\u00e9? Gra\u00e7as a Deus, a gente t\u00e1 vendo a\u00ed a manifesta\u00e7\u00e3o que t\u00e1 tendo em todos os estados e tamb\u00e9m aqui em S\u00e3o Lu\u00eds&#8221;, disse Wallace.<\/p>\n<p>O jovem N\u00edcolas Neves, de 11 anos, tamb\u00e9m aproveitou o ponto de aplica\u00e7\u00e3o instalado na Policl\u00ednica Vinhais e chamou o pai dele, Marcelo Neves, de 42 anos, para estar com ele. &#8220;Tem que se vacinar, sen\u00e3o ela pode matar as pessoas, por isso tem que se proteger&#8221;, comentou o rapaz.<\/p>\n<p>Com a vacina\u00e7\u00e3o iniciada, a SES espera que haja a redu\u00e7\u00e3o das hospitaliza\u00e7\u00f5es e \u00f3bitos decorrentes das infec\u00e7\u00f5es pelo v\u00edrus da dengue em crian\u00e7as de 10 e 11 anos. A meta \u00e9 imunizar 90% do p\u00fablico-alvo da vacina.<\/p>\n<p>Confira os locais e hor\u00e1rios de vacina\u00e7\u00e3o na rede estadual a partir da segunda-feira (19):<\/p>\n<p><strong>\u2022 Policl\u00ednica Vinhais \u2013 De segunda a sexta-feira, das 8h \u00e0s 17h, e s\u00e1bado, das 8h \u00e0s 12h;<\/strong><br \/>\n<strong>\u2022 Policl\u00ednica Cidade Oper\u00e1ria &#8211; De segunda a 6\u00aa, das 8h \u00e0s 17h, e s\u00e1bado, das 8h \u00e0s 12h;<\/strong><br \/>\n<strong>\u2022 Policl\u00ednica Vila Luiz\u00e3o &#8211; De segunda a sexta-feira, das 8h \u00e0s 17h;<\/strong><br \/>\n<strong>\u2022 Hospital Dr. Gen\u00e9sio R\u00eago &#8211; De segunda a sexta-feira, das 8h \u00e0s 17h.<\/strong><\/p>\n","protected":false},"excerpt":{"rendered":"<p>O Maranh\u00e3o, por meio da Secretaria de Estado da Sa\u00fade (SES), est\u00e1 fortalecendo a imuniza\u00e7\u00e3o de crian\u00e7as de 10 e 11 anos contra a dengue. Neste s\u00e1bado (17), a primeira dose da vacina foi ofertada nas Policl\u00ednicas Vinhais e Cidade Oper\u00e1ria. A vacina\u00e7\u00e3o ser\u00e1 ampliada a partir de segunda-feira, 19 (evja locais abaixo). &#8220;Iniciamos a [&hellip;]<\/p>\n","protected":false},"author":2,"featured_media":322653,"comment_status":"closed","ping_status":"closed","sticky":false,"template":"","format":"standard","meta":{"_acf_changed":false,"footnotes":""},"categories":[169,165],"tags":[],"class_list":["post-322652","post","type-post","status-publish","format-standard","has-post-thumbnail","hentry","category-maranhao","category-nordeste"],"acf":[],"yoast_head":"<!-- This site is optimized with the Yoast SEO plugin v27.2 - https:\/\/yoast.com\/product\/yoast-seo-wordpress\/ -->\n<title>Secretaria de Sa\u00fade acelera vacina\u00e7\u00e3o contra a dengue - Notibras<\/title>\n<meta name=\"robots\" content=\"index, follow, max-snippet:-1, max-image-preview:large, max-video-preview:-1\" \/>\n<link rel=\"canonical\" href=\"https:\/\/www.notibras.com\/site\/secretaria-de-saude-acelera-vacinacao-contra-a-dengue\/\" \/>\n<meta property=\"og:locale\" content=\"pt_BR\" \/>\n<meta property=\"og:type\" content=\"article\" \/>\n<meta property=\"og:title\" content=\"Secretaria de Sa\u00fade acelera vacina\u00e7\u00e3o contra a dengue - Notibras\" \/>\n<meta property=\"og:description\" content=\"O Maranh\u00e3o, por meio da Secretaria de Estado da Sa\u00fade (SES), est\u00e1 fortalecendo a imuniza\u00e7\u00e3o de crian\u00e7as de 10 e 11 anos contra a dengue. Neste s\u00e1bado (17), a primeira dose da vacina foi ofertada nas Policl\u00ednicas Vinhais e Cidade Oper\u00e1ria. A vacina\u00e7\u00e3o ser\u00e1 ampliada a partir de segunda-feira, 19 (evja locais abaixo). &#8220;Iniciamos a [&hellip;]\" \/>\n<meta property=\"og:url\" content=\"https:\/\/www.notibras.com\/site\/secretaria-de-saude-acelera-vacinacao-contra-a-dengue\/\" \/>\n<meta property=\"og:site_name\" content=\"Notibras\" \/>\n<meta property=\"article:publisher\" content=\"https:\/\/www.facebook.com\/notibras\/\" \/>\n<meta property=\"article:published_time\" content=\"2024-02-18T03:33:36+00:00\" \/>\n<meta property=\"article:modified_time\" content=\"2024-02-18T13:39:56+00:00\" \/>\n<meta property=\"og:image\" content=\"https:\/\/www.notibras.com\/site\/wp-content\/uploads\/2024\/02\/45929_vacinacao_contra_a_dengue_foto_israel_pontes_7_4175511231054773190_1.jpg\" \/>\n\t<meta property=\"og:image:width\" content=\"744\" \/>\n\t<meta property=\"og:image:height\" content=\"311\" \/>\n\t<meta property=\"og:image:type\" content=\"image\/jpeg\" \/>\n<meta name=\"author\" content=\"Reda\u00e7\u00e3o\" \/>\n<meta name=\"twitter:card\" content=\"summary_large_image\" \/>\n<meta name=\"twitter:creator\" content=\"@Notibras\" \/>\n<meta name=\"twitter:site\" content=\"@Notibras\" \/>\n<meta name=\"twitter:label1\" content=\"Escrito por\" \/>\n\t<meta name=\"twitter:data1\" content=\"Reda\u00e7\u00e3o\" \/>\n\t<meta name=\"twitter:label2\" content=\"Est. tempo de leitura\" \/>\n\t<meta name=\"twitter:data2\" content=\"3 minutos\" \/>\n<script type=\"application\/ld+json\" class=\"yoast-schema-graph\">{\"@context\":\"https:\/\/schema.org\",\"@graph\":[{\"@type\":\"Article\",\"@id\":\"https:\/\/www.notibras.com\/site\/secretaria-de-saude-acelera-vacinacao-contra-a-dengue\/#article\",\"isPartOf\":{\"@id\":\"https:\/\/www.notibras.com\/site\/secretaria-de-saude-acelera-vacinacao-contra-a-dengue\/\"},\"author\":{\"name\":\"Reda\u00e7\u00e3o\",\"@id\":\"https:\/\/www.notibras.com\/site\/#\/schema\/person\/36ab0979449956132d3e5b517ea76ac8\"},\"headline\":\"Secretaria de Sa\u00fade acelera vacina\u00e7\u00e3o contra a dengue\",\"datePublished\":\"2024-02-18T03:33:36+00:00\",\"dateModified\":\"2024-02-18T13:39:56+00:00\",\"mainEntityOfPage\":{\"@id\":\"https:\/\/www.notibras.com\/site\/secretaria-de-saude-acelera-vacinacao-contra-a-dengue\/\"},\"wordCount\":609,\"publisher\":{\"@id\":\"https:\/\/www.notibras.com\/site\/#organization\"},\"image\":{\"@id\":\"https:\/\/www.notibras.com\/site\/secretaria-de-saude-acelera-vacinacao-contra-a-dengue\/#primaryimage\"},\"thumbnailUrl\":\"https:\/\/www.notibras.com\/site\/wp-content\/uploads\/2024\/02\/45929_vacinacao_contra_a_dengue_foto_israel_pontes_7_4175511231054773190_1.jpg\",\"articleSection\":[\"Maranh\u00e3o\",\"Nordeste\"],\"inLanguage\":\"pt-BR\"},{\"@type\":\"WebPage\",\"@id\":\"https:\/\/www.notibras.com\/site\/secretaria-de-saude-acelera-vacinacao-contra-a-dengue\/\",\"url\":\"https:\/\/www.notibras.com\/site\/secretaria-de-saude-acelera-vacinacao-contra-a-dengue\/\",\"name\":\"Secretaria de Sa\u00fade acelera vacina\u00e7\u00e3o contra a dengue - Notibras\",\"isPartOf\":{\"@id\":\"https:\/\/www.notibras.com\/site\/#website\"},\"primaryImageOfPage\":{\"@id\":\"https:\/\/www.notibras.com\/site\/secretaria-de-saude-acelera-vacinacao-contra-a-dengue\/#primaryimage\"},\"image\":{\"@id\":\"https:\/\/www.notibras.com\/site\/secretaria-de-saude-acelera-vacinacao-contra-a-dengue\/#primaryimage\"},\"thumbnailUrl\":\"https:\/\/www.notibras.com\/site\/wp-content\/uploads\/2024\/02\/45929_vacinacao_contra_a_dengue_foto_israel_pontes_7_4175511231054773190_1.jpg\",\"datePublished\":\"2024-02-18T03:33:36+00:00\",\"dateModified\":\"2024-02-18T13:39:56+00:00\",\"breadcrumb\":{\"@id\":\"https:\/\/www.notibras.com\/site\/secretaria-de-saude-acelera-vacinacao-contra-a-dengue\/#breadcrumb\"},\"inLanguage\":\"pt-BR\",\"potentialAction\":[{\"@type\":\"ReadAction\",\"target\":[\"https:\/\/www.notibras.com\/site\/secretaria-de-saude-acelera-vacinacao-contra-a-dengue\/\"]}]},{\"@type\":\"ImageObject\",\"inLanguage\":\"pt-BR\",\"@id\":\"https:\/\/www.notibras.com\/site\/secretaria-de-saude-acelera-vacinacao-contra-a-dengue\/#primaryimage\",\"url\":\"https:\/\/www.notibras.com\/site\/wp-content\/uploads\/2024\/02\/45929_vacinacao_contra_a_dengue_foto_israel_pontes_7_4175511231054773190_1.jpg\",\"contentUrl\":\"https:\/\/www.notibras.com\/site\/wp-content\/uploads\/2024\/02\/45929_vacinacao_contra_a_dengue_foto_israel_pontes_7_4175511231054773190_1.jpg\",\"width\":744,\"height\":311},{\"@type\":\"BreadcrumbList\",\"@id\":\"https:\/\/www.notibras.com\/site\/secretaria-de-saude-acelera-vacinacao-contra-a-dengue\/#breadcrumb\",\"itemListElement\":[{\"@type\":\"ListItem\",\"position\":1,\"name\":\"In\u00edcio\",\"item\":\"https:\/\/www.notibras.com\/site\/\"},{\"@type\":\"ListItem\",\"position\":2,\"name\":\"Secretaria de Sa\u00fade acelera vacina\u00e7\u00e3o contra a dengue\"}]},{\"@type\":\"WebSite\",\"@id\":\"https:\/\/www.notibras.com\/site\/#website\",\"url\":\"https:\/\/www.notibras.com\/site\/\",\"name\":\"Notibras\",\"description\":\"Not\u00edcias de Bras\u00edlia, do Brasil e do Mundo\",\"publisher\":{\"@id\":\"https:\/\/www.notibras.com\/site\/#organization\"},\"potentialAction\":[{\"@type\":\"SearchAction\",\"target\":{\"@type\":\"EntryPoint\",\"urlTemplate\":\"https:\/\/www.notibras.com\/site\/?s={search_term_string}\"},\"query-input\":{\"@type\":\"PropertyValueSpecification\",\"valueRequired\":true,\"valueName\":\"search_term_string\"}}],\"inLanguage\":\"pt-BR\"},{\"@type\":\"Organization\",\"@id\":\"https:\/\/www.notibras.com\/site\/#organization\",\"name\":\"Grupo Notibras de Comunica\u00e7\u00e3o\",\"url\":\"https:\/\/www.notibras.com\/site\/\",\"logo\":{\"@type\":\"ImageObject\",\"inLanguage\":\"pt-BR\",\"@id\":\"https:\/\/www.notibras.com\/site\/#\/schema\/logo\/image\/\",\"url\":\"https:\/\/www.notibras.com\/site\/wp-content\/uploads\/2023\/01\/notibras23.png\",\"contentUrl\":\"https:\/\/www.notibras.com\/site\/wp-content\/uploads\/2023\/01\/notibras23.png\",\"width\":350,\"height\":87,\"caption\":\"Grupo Notibras de Comunica\u00e7\u00e3o\"},\"image\":{\"@id\":\"https:\/\/www.notibras.com\/site\/#\/schema\/logo\/image\/\"},\"sameAs\":[\"https:\/\/www.facebook.com\/notibras\/\",\"https:\/\/x.com\/Notibras\",\"https:\/\/www.instagram.com\/notibras\/\"]},{\"@type\":\"Person\",\"@id\":\"https:\/\/www.notibras.com\/site\/#\/schema\/person\/36ab0979449956132d3e5b517ea76ac8\",\"name\":\"Reda\u00e7\u00e3o\",\"image\":{\"@type\":\"ImageObject\",\"inLanguage\":\"pt-BR\",\"@id\":\"https:\/\/secure.gravatar.com\/avatar\/e0a867bdedb85fd243eadf09663511f96fc81e0720a4a42581f334ad4303aa6b?s=96&d=mm&r=g\",\"url\":\"https:\/\/secure.gravatar.com\/avatar\/e0a867bdedb85fd243eadf09663511f96fc81e0720a4a42581f334ad4303aa6b?s=96&d=mm&r=g\",\"contentUrl\":\"https:\/\/secure.gravatar.com\/avatar\/e0a867bdedb85fd243eadf09663511f96fc81e0720a4a42581f334ad4303aa6b?s=96&d=mm&r=g\",\"caption\":\"Reda\u00e7\u00e3o\"}}]}<\/script>\n<!-- \/ Yoast SEO plugin. -->","yoast_head_json":{"title":"Secretaria de Sa\u00fade acelera vacina\u00e7\u00e3o contra a dengue - Notibras","robots":{"index":"index","follow":"follow","max-snippet":"max-snippet:-1","max-image-preview":"max-image-preview:large","max-video-preview":"max-video-preview:-1"},"canonical":"https:\/\/www.notibras.com\/site\/secretaria-de-saude-acelera-vacinacao-contra-a-dengue\/","og_locale":"pt_BR","og_type":"article","og_title":"Secretaria de Sa\u00fade acelera vacina\u00e7\u00e3o contra a dengue - Notibras","og_description":"O Maranh\u00e3o, por meio da Secretaria de Estado da Sa\u00fade (SES), est\u00e1 fortalecendo a imuniza\u00e7\u00e3o de crian\u00e7as de 10 e 11 anos contra a dengue. Neste s\u00e1bado (17), a primeira dose da vacina foi ofertada nas Policl\u00ednicas Vinhais e Cidade Oper\u00e1ria. A vacina\u00e7\u00e3o ser\u00e1 ampliada a partir de segunda-feira, 19 (evja locais abaixo). &#8220;Iniciamos a [&hellip;]","og_url":"https:\/\/www.notibras.com\/site\/secretaria-de-saude-acelera-vacinacao-contra-a-dengue\/","og_site_name":"Notibras","article_publisher":"https:\/\/www.facebook.com\/notibras\/","article_published_time":"2024-02-18T03:33:36+00:00","article_modified_time":"2024-02-18T13:39:56+00:00","og_image":[{"width":744,"height":311,"url":"https:\/\/www.notibras.com\/site\/wp-content\/uploads\/2024\/02\/45929_vacinacao_contra_a_dengue_foto_israel_pontes_7_4175511231054773190_1.jpg","type":"image\/jpeg"}],"author":"Reda\u00e7\u00e3o","twitter_card":"summary_large_image","twitter_creator":"@Notibras","twitter_site":"@Notibras","twitter_misc":{"Escrito por":"Reda\u00e7\u00e3o","Est. tempo de leitura":"3 minutos"},"schema":{"@context":"https:\/\/schema.org","@graph":[{"@type":"Article","@id":"https:\/\/www.notibras.com\/site\/secretaria-de-saude-acelera-vacinacao-contra-a-dengue\/#article","isPartOf":{"@id":"https:\/\/www.notibras.com\/site\/secretaria-de-saude-acelera-vacinacao-contra-a-dengue\/"},"author":{"name":"Reda\u00e7\u00e3o","@id":"https:\/\/www.notibras.com\/site\/#\/schema\/person\/36ab0979449956132d3e5b517ea76ac8"},"headline":"Secretaria de Sa\u00fade acelera vacina\u00e7\u00e3o contra a dengue","datePublished":"2024-02-18T03:33:36+00:00","dateModified":"2024-02-18T13:39:56+00:00","mainEntityOfPage":{"@id":"https:\/\/www.notibras.com\/site\/secretaria-de-saude-acelera-vacinacao-contra-a-dengue\/"},"wordCount":609,"publisher":{"@id":"https:\/\/www.notibras.com\/site\/#organization"},"image":{"@id":"https:\/\/www.notibras.com\/site\/secretaria-de-saude-acelera-vacinacao-contra-a-dengue\/#primaryimage"},"thumbnailUrl":"https:\/\/www.notibras.com\/site\/wp-content\/uploads\/2024\/02\/45929_vacinacao_contra_a_dengue_foto_israel_pontes_7_4175511231054773190_1.jpg","articleSection":["Maranh\u00e3o","Nordeste"],"inLanguage":"pt-BR"},{"@type":"WebPage","@id":"https:\/\/www.notibras.com\/site\/secretaria-de-saude-acelera-vacinacao-contra-a-dengue\/","url":"https:\/\/www.notibras.com\/site\/secretaria-de-saude-acelera-vacinacao-contra-a-dengue\/","name":"Secretaria de Sa\u00fade acelera vacina\u00e7\u00e3o contra a dengue - Notibras","isPartOf":{"@id":"https:\/\/www.notibras.com\/site\/#website"},"primaryImageOfPage":{"@id":"https:\/\/www.notibras.com\/site\/secretaria-de-saude-acelera-vacinacao-contra-a-dengue\/#primaryimage"},"image":{"@id":"https:\/\/www.notibras.com\/site\/secretaria-de-saude-acelera-vacinacao-contra-a-dengue\/#primaryimage"},"thumbnailUrl":"https:\/\/www.notibras.com\/site\/wp-content\/uploads\/2024\/02\/45929_vacinacao_contra_a_dengue_foto_israel_pontes_7_4175511231054773190_1.jpg","datePublished":"2024-02-18T03:33:36+00:00","dateModified":"2024-02-18T13:39:56+00:00","breadcrumb":{"@id":"https:\/\/www.notibras.com\/site\/secretaria-de-saude-acelera-vacinacao-contra-a-dengue\/#breadcrumb"},"inLanguage":"pt-BR","potentialAction":[{"@type":"ReadAction","target":["https:\/\/www.notibras.com\/site\/secretaria-de-saude-acelera-vacinacao-contra-a-dengue\/"]}]},{"@type":"ImageObject","inLanguage":"pt-BR","@id":"https:\/\/www.notibras.com\/site\/secretaria-de-saude-acelera-vacinacao-contra-a-dengue\/#primaryimage","url":"https:\/\/www.notibras.com\/site\/wp-content\/uploads\/2024\/02\/45929_vacinacao_contra_a_dengue_foto_israel_pontes_7_4175511231054773190_1.jpg","contentUrl":"https:\/\/www.notibras.com\/site\/wp-content\/uploads\/2024\/02\/45929_vacinacao_contra_a_dengue_foto_israel_pontes_7_4175511231054773190_1.jpg","width":744,"height":311},{"@type":"BreadcrumbList","@id":"https:\/\/www.notibras.com\/site\/secretaria-de-saude-acelera-vacinacao-contra-a-dengue\/#breadcrumb","itemListElement":[{"@type":"ListItem","position":1,"name":"In\u00edcio","item":"https:\/\/www.notibras.com\/site\/"},{"@type":"ListItem","position":2,"name":"Secretaria de Sa\u00fade acelera vacina\u00e7\u00e3o contra a dengue"}]},{"@type":"WebSite","@id":"https:\/\/www.notibras.com\/site\/#website","url":"https:\/\/www.notibras.com\/site\/","name":"Notibras","description":"Not\u00edcias de Bras\u00edlia, do Brasil e do Mundo","publisher":{"@id":"https:\/\/www.notibras.com\/site\/#organization"},"potentialAction":[{"@type":"SearchAction","target":{"@type":"EntryPoint","urlTemplate":"https:\/\/www.notibras.com\/site\/?s={search_term_string}"},"query-input":{"@type":"PropertyValueSpecification","valueRequired":true,"valueName":"search_term_string"}}],"inLanguage":"pt-BR"},{"@type":"Organization","@id":"https:\/\/www.notibras.com\/site\/#organization","name":"Grupo Notibras de Comunica\u00e7\u00e3o","url":"https:\/\/www.notibras.com\/site\/","logo":{"@type":"ImageObject","inLanguage":"pt-BR","@id":"https:\/\/www.notibras.com\/site\/#\/schema\/logo\/image\/","url":"https:\/\/www.notibras.com\/site\/wp-content\/uploads\/2023\/01\/notibras23.png","contentUrl":"https:\/\/www.notibras.com\/site\/wp-content\/uploads\/2023\/01\/notibras23.png","width":350,"height":87,"caption":"Grupo Notibras de Comunica\u00e7\u00e3o"},"image":{"@id":"https:\/\/www.notibras.com\/site\/#\/schema\/logo\/image\/"},"sameAs":["https:\/\/www.facebook.com\/notibras\/","https:\/\/x.com\/Notibras","https:\/\/www.instagram.com\/notibras\/"]},{"@type":"Person","@id":"https:\/\/www.notibras.com\/site\/#\/schema\/person\/36ab0979449956132d3e5b517ea76ac8","name":"Reda\u00e7\u00e3o","image":{"@type":"ImageObject","inLanguage":"pt-BR","@id":"https:\/\/secure.gravatar.com\/avatar\/e0a867bdedb85fd243eadf09663511f96fc81e0720a4a42581f334ad4303aa6b?s=96&d=mm&r=g","url":"https:\/\/secure.gravatar.com\/avatar\/e0a867bdedb85fd243eadf09663511f96fc81e0720a4a42581f334ad4303aa6b?s=96&d=mm&r=g","contentUrl":"https:\/\/secure.gravatar.com\/avatar\/e0a867bdedb85fd243eadf09663511f96fc81e0720a4a42581f334ad4303aa6b?s=96&d=mm&r=g","caption":"Reda\u00e7\u00e3o"}}]}},"amp_enabled":true,"_links":{"self":[{"href":"https:\/\/www.notibras.com\/site\/wp-json\/wp\/v2\/posts\/322652","targetHints":{"allow":["GET"]}}],"collection":[{"href":"https:\/\/www.notibras.com\/site\/wp-json\/wp\/v2\/posts"}],"about":[{"href":"https:\/\/www.notibras.com\/site\/wp-json\/wp\/v2\/types\/post"}],"author":[{"embeddable":true,"href":"https:\/\/www.notibras.com\/site\/wp-json\/wp\/v2\/users\/2"}],"replies":[{"embeddable":true,"href":"https:\/\/www.notibras.com\/site\/wp-json\/wp\/v2\/comments?post=322652"}],"version-history":[{"count":4,"href":"https:\/\/www.notibras.com\/site\/wp-json\/wp\/v2\/posts\/322652\/revisions"}],"predecessor-version":[{"id":322657,"href":"https:\/\/www.notibras.com\/site\/wp-json\/wp\/v2\/posts\/322652\/revisions\/322657"}],"wp:featuredmedia":[{"embeddable":true,"href":"https:\/\/www.notibras.com\/site\/wp-json\/wp\/v2\/media\/322653"}],"wp:attachment":[{"href":"https:\/\/www.notibras.com\/site\/wp-json\/wp\/v2\/media?parent=322652"}],"wp:term":[{"taxonomy":"category","embeddable":true,"href":"https:\/\/www.notibras.com\/site\/wp-json\/wp\/v2\/categories?post=322652"},{"taxonomy":"post_tag","embeddable":true,"href":"https:\/\/www.notibras.com\/site\/wp-json\/wp\/v2\/tags?post=322652"}],"curies":[{"name":"wp","href":"https:\/\/api.w.org\/{rel}","templated":true}]}}