{"id":322670,"date":"2024-02-19T05:04:52","date_gmt":"2024-02-19T08:04:52","guid":{"rendered":"https:\/\/www.notibras.com\/site\/?p=322670"},"modified":"2024-02-19T05:04:52","modified_gmt":"2024-02-19T08:04:52","slug":"genro-aprende-sob-olhar-severo-que-cuia-e-de-mao-em-mao","status":"publish","type":"post","link":"https:\/\/www.notibras.com\/site\/genro-aprende-sob-olhar-severo-que-cuia-e-de-mao-em-mao\/","title":{"rendered":"Genro aprende sob olhar severo que cuia \u00e9 de m\u00e3o em m\u00e3o"},"content":{"rendered":"<p>Antenor, ga\u00facho de S\u00e3o Jos\u00e9 dos Ausentes, poderia muito bem andar de camiseta nos invernos de Porto Alegre. Mas, n\u00e3o. Tinha l\u00e1 seus h\u00e1bitos e pudores. Tradicional que era, carregava-os consigo junto \u00e0 antiga cuia de porongo e um tanto de erva suficiente para uma invernada no lombo de um cavalo crioulo na lida com o gado. N\u00e3o possu\u00eda muito estudo, mal assinava seu nome, mas palavra dada era no fio do bigode.<\/p>\n<p>O homem, assim que chegou \u00e0 casa da filha na capital, foi apresentado ao Solano, o genro, herdeiro de conceituada fam\u00edlia da ind\u00fastria paulista. Sem preocupa\u00e7\u00f5es financeiras, o rapaz bem que poderia se dar ao luxo de nunca ter que acordar antes do meio-dia. Que nada, logo se meteu nos neg\u00f3cios da parentada e tomou gosto pela coisa.<\/p>\n<p>Olho no olho, Antenor cumprimentou o marido da filha. Diante daquele homem feito, o velho chegou a imaginar que estava apertando a m\u00e3o de um menino de n\u00e3o mais de seis anos. Solano, por sua vez, acostumado com a lida de gente, procurou disfar\u00e7ar o inc\u00f4modo provocado por aqueles calos. Diferen\u00e7as \u00e0 parte, n\u00e3o se notou agrura entre os dois tipos.<\/p>\n<p>Na manh\u00e3 seguinte, Antenor se levantou mais cedo do que o dia. Ainda sonolento, foi at\u00e9 a cozinha, colocou um pouco de erva na cuia, despejou a \u00e1gua quente, um h\u00e1bito desde sempre. Espetou a bomba enquanto caminhou at\u00e9 a sacada do amplo apartamento. Sentou-se numa das cadeiras, nenhuma com pelego. Tomou o mate at\u00e9 o primeiro ronco. Agora, sim, Antenor se sentiu acordado.<\/p>\n<p>Tentou olhar ao longe, mas o edif\u00edcio bem em frente o impediu. N\u00e3o havia horizonte para perder de vista por ali. Pensou em sair para dar uma volta, mas logo deixou tal ideia no canto. Sem a companhia de Poncho, a montaria de anos, talvez n\u00e3o soubesse retornar. Decidiu esperar algu\u00e9m sair da cama. Que fosse a filha, que na certa lhe faria companhia pelo resto da manh\u00e3.<\/p>\n<p>Entretido em pensamentos vazios, n\u00e3o percebeu quando algu\u00e9m abriu a porta do apartamento. Era Iranilde, a empregada. Ciente de que os patr\u00f5es dormiam at\u00e9 mais tarde, entrou na ponta dos p\u00e9s e foi at\u00e9 a cozinha. Ga\u00facha que era, sentiu o cheiro t\u00e3o familiar da erva. A mulher farejou at\u00e9 encontrar aquele homenzarr\u00e3o. Quem seria? Curiosa, aproximou-se e, antes que pudesse se anunciar, foi notada por Antenor, que logo lhe ofereceu o mate, aceito de pronto e bom grado.<\/p>\n<p>O par de \u00faltima hora trocou algumas palavras, enquanto o porongo, de tempo em tempo, era compartilhado. Aquela era a primeira vez, desde que havia chegado a Porto Alegre, que Antenor sentiu alguma familiaridade com o ambiente. Iranilde, por conta das tarefas que ainda lhe aguardavam, levantou-se e retornou \u00e0 cozinha, sendo acompanhada pelo homem.<\/p>\n<p>Mesa posta, n\u00e3o tardou, l\u00e1 estava a patroa ao lado do marido. Tomaram o caf\u00e9 da manh\u00e3, enquanto Antenor jogava fora a erva usada. Trocaram olhares e poucas palavras, como se estranhos fossem. Talvez tentando se aproximar, a mulher puxou conversa com o velho.<\/p>\n<p>&#8211; Pai, o senhor acredita que o Solano ainda n\u00e3o tomou mate?<\/p>\n<p>Antenor, homem simples que era, nem por isso deixou de sorrir debaixo do bigode comprido, que lhe tapava metade dos l\u00e1bios. Tratou logo de preencher a cuia com a erva e despejar a \u00e1gua quente. Bomba devidamente posta, entregou o porongo ao genro.<\/p>\n<p>&#8211; N\u00e3o mexa na bomba.<\/p>\n<p>&#8211; Bomba?<\/p>\n<p>&#8211; \u00c9 o canudo, meu bem.<\/p>\n<p>Solano, no primeiro gole, queimou o c\u00e9u da boca e fez cara feia com o amargor do mate. N\u00e3o querendo fazer desfeita perante o sogro, engoliu tudo sem reclamar. Em seguida, tentou devolver o porongo ao sogro, que insistiu.<\/p>\n<p>&#8211; Beba at\u00e9 a cuia roncar.<\/p>\n<p>Solano, apesar de querer cuspir tudo aquilo, entendeu o recado e bebericou todo o mate. Seu corpo, n\u00e3o acostumado com aquela quantidade de cafe\u00edna, come\u00e7ou a tremer. Antenor, bugre at\u00e9 o talo, nem por isso deixou de admirar o genro. Estava aprovado.<\/p>\n<p>Os dias se seguiram sem quase animosidades. Solano at\u00e9 que passou a gostar da presen\u00e7a do sogro e, n\u00e3o raro, o instigava a contar sobre a vida no campo. Antenor, de bom grado, aceitava aquela aproxima\u00e7\u00e3o. O jovem at\u00e9 comprou cuia nova, mas que ficou em desuso. N\u00e3o se muda tradi\u00e7\u00e3o de uma hora para outra, ainda mais diante de tamanha autoridade sobre o assunto.<\/p>\n<p>Naquela manh\u00e3, uma manh\u00e3 como as demais, l\u00e1 estavam Antenor, a filha, Solano e Iranilde na cozinha. O velho, que acabara de preparar mate, chamou a empregada a se sentar ao seu lado. O homem tomou seu gole e, em seguida, passou a cuia para Iranilde, que, ap\u00f3s beber, a repassou para a patroa. Esta pegou seu quinh\u00e3o de mate e entregou o porongo ao marido.<\/p>\n<p>Solano, j\u00e1 familiarizado com chimarr\u00e3o, tomou um, dois, tr\u00eas goles. O rapaz, ainda com a cuia na m\u00e3o, n\u00e3o percebeu o olhar de desaprova\u00e7\u00e3o do sogro. A esposa at\u00e9 pensou em lhe chamar a aten\u00e7\u00e3o, mas foi precedida pelo pai.<\/p>\n<p>&#8211; Ouvi falar de um l\u00e1 em S\u00e3o Jos\u00e9 dos Ausentes que morreu com um porongo na m\u00e3o.<\/p>\n","protected":false},"excerpt":{"rendered":"<p>Antenor, ga\u00facho de S\u00e3o Jos\u00e9 dos Ausentes, poderia muito bem andar de camiseta nos invernos de Porto Alegre. Mas, n\u00e3o. Tinha l\u00e1 seus h\u00e1bitos e pudores. Tradicional que era, carregava-os consigo junto \u00e0 antiga cuia de porongo e um tanto de erva suficiente para uma invernada no lombo de um cavalo crioulo na lida com [&hellip;]<\/p>\n","protected":false},"author":2,"featured_media":322671,"comment_status":"closed","ping_status":"closed","sticky":false,"template":"","format":"standard","meta":{"_acf_changed":false,"footnotes":""},"categories":[161],"tags":[],"class_list":["post-322670","post","type-post","status-publish","format-standard","has-post-thumbnail","hentry","category-quadradinho-em-foco"],"acf":[],"yoast_head":"<!-- This site is optimized with the Yoast SEO plugin v27.2 - https:\/\/yoast.com\/product\/yoast-seo-wordpress\/ -->\n<title>Genro aprende sob olhar severo que cuia \u00e9 de m\u00e3o em m\u00e3o - Notibras<\/title>\n<meta name=\"robots\" content=\"index, follow, max-snippet:-1, max-image-preview:large, max-video-preview:-1\" \/>\n<link rel=\"canonical\" href=\"https:\/\/www.notibras.com\/site\/genro-aprende-sob-olhar-severo-que-cuia-e-de-mao-em-mao\/\" \/>\n<meta property=\"og:locale\" content=\"pt_BR\" \/>\n<meta property=\"og:type\" content=\"article\" \/>\n<meta property=\"og:title\" content=\"Genro aprende sob olhar severo que cuia \u00e9 de m\u00e3o em m\u00e3o - Notibras\" \/>\n<meta property=\"og:description\" content=\"Antenor, ga\u00facho de S\u00e3o Jos\u00e9 dos Ausentes, poderia muito bem andar de camiseta nos invernos de Porto Alegre. Mas, n\u00e3o. Tinha l\u00e1 seus h\u00e1bitos e pudores. Tradicional que era, carregava-os consigo junto \u00e0 antiga cuia de porongo e um tanto de erva suficiente para uma invernada no lombo de um cavalo crioulo na lida com [&hellip;]\" \/>\n<meta property=\"og:url\" content=\"https:\/\/www.notibras.com\/site\/genro-aprende-sob-olhar-severo-que-cuia-e-de-mao-em-mao\/\" \/>\n<meta property=\"og:site_name\" content=\"Notibras\" \/>\n<meta property=\"article:publisher\" content=\"https:\/\/www.facebook.com\/notibras\/\" \/>\n<meta property=\"article:published_time\" content=\"2024-02-19T08:04:52+00:00\" \/>\n<meta property=\"og:image\" content=\"https:\/\/www.notibras.com\/site\/wp-content\/uploads\/2024\/02\/3d0731ea-1c0d-415b-8959-58ba9ec7a10a.jpeg\" \/>\n\t<meta property=\"og:image:width\" content=\"1024\" \/>\n\t<meta property=\"og:image:height\" content=\"1024\" \/>\n\t<meta property=\"og:image:type\" content=\"image\/jpeg\" \/>\n<meta name=\"author\" content=\"Reda\u00e7\u00e3o\" \/>\n<meta name=\"twitter:card\" content=\"summary_large_image\" \/>\n<meta name=\"twitter:creator\" content=\"@Notibras\" \/>\n<meta name=\"twitter:site\" content=\"@Notibras\" \/>\n<meta name=\"twitter:label1\" content=\"Escrito por\" \/>\n\t<meta name=\"twitter:data1\" content=\"Reda\u00e7\u00e3o\" \/>\n\t<meta name=\"twitter:label2\" content=\"Est. tempo de leitura\" \/>\n\t<meta name=\"twitter:data2\" content=\"5 minutos\" \/>\n<script type=\"application\/ld+json\" class=\"yoast-schema-graph\">{\"@context\":\"https:\/\/schema.org\",\"@graph\":[{\"@type\":\"Article\",\"@id\":\"https:\/\/www.notibras.com\/site\/genro-aprende-sob-olhar-severo-que-cuia-e-de-mao-em-mao\/#article\",\"isPartOf\":{\"@id\":\"https:\/\/www.notibras.com\/site\/genro-aprende-sob-olhar-severo-que-cuia-e-de-mao-em-mao\/\"},\"author\":{\"name\":\"Reda\u00e7\u00e3o\",\"@id\":\"https:\/\/www.notibras.com\/site\/#\/schema\/person\/36ab0979449956132d3e5b517ea76ac8\"},\"headline\":\"Genro aprende sob olhar severo que cuia \u00e9 de m\u00e3o em m\u00e3o\",\"datePublished\":\"2024-02-19T08:04:52+00:00\",\"mainEntityOfPage\":{\"@id\":\"https:\/\/www.notibras.com\/site\/genro-aprende-sob-olhar-severo-que-cuia-e-de-mao-em-mao\/\"},\"wordCount\":906,\"publisher\":{\"@id\":\"https:\/\/www.notibras.com\/site\/#organization\"},\"image\":{\"@id\":\"https:\/\/www.notibras.com\/site\/genro-aprende-sob-olhar-severo-que-cuia-e-de-mao-em-mao\/#primaryimage\"},\"thumbnailUrl\":\"https:\/\/www.notibras.com\/site\/wp-content\/uploads\/2024\/02\/3d0731ea-1c0d-415b-8959-58ba9ec7a10a.jpeg\",\"articleSection\":[\"Quadradinho em Foco\"],\"inLanguage\":\"pt-BR\"},{\"@type\":\"WebPage\",\"@id\":\"https:\/\/www.notibras.com\/site\/genro-aprende-sob-olhar-severo-que-cuia-e-de-mao-em-mao\/\",\"url\":\"https:\/\/www.notibras.com\/site\/genro-aprende-sob-olhar-severo-que-cuia-e-de-mao-em-mao\/\",\"name\":\"Genro aprende sob olhar severo que cuia \u00e9 de m\u00e3o em m\u00e3o - Notibras\",\"isPartOf\":{\"@id\":\"https:\/\/www.notibras.com\/site\/#website\"},\"primaryImageOfPage\":{\"@id\":\"https:\/\/www.notibras.com\/site\/genro-aprende-sob-olhar-severo-que-cuia-e-de-mao-em-mao\/#primaryimage\"},\"image\":{\"@id\":\"https:\/\/www.notibras.com\/site\/genro-aprende-sob-olhar-severo-que-cuia-e-de-mao-em-mao\/#primaryimage\"},\"thumbnailUrl\":\"https:\/\/www.notibras.com\/site\/wp-content\/uploads\/2024\/02\/3d0731ea-1c0d-415b-8959-58ba9ec7a10a.jpeg\",\"datePublished\":\"2024-02-19T08:04:52+00:00\",\"breadcrumb\":{\"@id\":\"https:\/\/www.notibras.com\/site\/genro-aprende-sob-olhar-severo-que-cuia-e-de-mao-em-mao\/#breadcrumb\"},\"inLanguage\":\"pt-BR\",\"potentialAction\":[{\"@type\":\"ReadAction\",\"target\":[\"https:\/\/www.notibras.com\/site\/genro-aprende-sob-olhar-severo-que-cuia-e-de-mao-em-mao\/\"]}]},{\"@type\":\"ImageObject\",\"inLanguage\":\"pt-BR\",\"@id\":\"https:\/\/www.notibras.com\/site\/genro-aprende-sob-olhar-severo-que-cuia-e-de-mao-em-mao\/#primaryimage\",\"url\":\"https:\/\/www.notibras.com\/site\/wp-content\/uploads\/2024\/02\/3d0731ea-1c0d-415b-8959-58ba9ec7a10a.jpeg\",\"contentUrl\":\"https:\/\/www.notibras.com\/site\/wp-content\/uploads\/2024\/02\/3d0731ea-1c0d-415b-8959-58ba9ec7a10a.jpeg\",\"width\":1024,\"height\":1024},{\"@type\":\"BreadcrumbList\",\"@id\":\"https:\/\/www.notibras.com\/site\/genro-aprende-sob-olhar-severo-que-cuia-e-de-mao-em-mao\/#breadcrumb\",\"itemListElement\":[{\"@type\":\"ListItem\",\"position\":1,\"name\":\"In\u00edcio\",\"item\":\"https:\/\/www.notibras.com\/site\/\"},{\"@type\":\"ListItem\",\"position\":2,\"name\":\"Genro aprende sob olhar severo que cuia \u00e9 de m\u00e3o em m\u00e3o\"}]},{\"@type\":\"WebSite\",\"@id\":\"https:\/\/www.notibras.com\/site\/#website\",\"url\":\"https:\/\/www.notibras.com\/site\/\",\"name\":\"Notibras\",\"description\":\"Not\u00edcias de Bras\u00edlia, do Brasil e do Mundo\",\"publisher\":{\"@id\":\"https:\/\/www.notibras.com\/site\/#organization\"},\"potentialAction\":[{\"@type\":\"SearchAction\",\"target\":{\"@type\":\"EntryPoint\",\"urlTemplate\":\"https:\/\/www.notibras.com\/site\/?s={search_term_string}\"},\"query-input\":{\"@type\":\"PropertyValueSpecification\",\"valueRequired\":true,\"valueName\":\"search_term_string\"}}],\"inLanguage\":\"pt-BR\"},{\"@type\":\"Organization\",\"@id\":\"https:\/\/www.notibras.com\/site\/#organization\",\"name\":\"Grupo Notibras de Comunica\u00e7\u00e3o\",\"url\":\"https:\/\/www.notibras.com\/site\/\",\"logo\":{\"@type\":\"ImageObject\",\"inLanguage\":\"pt-BR\",\"@id\":\"https:\/\/www.notibras.com\/site\/#\/schema\/logo\/image\/\",\"url\":\"https:\/\/www.notibras.com\/site\/wp-content\/uploads\/2023\/01\/notibras23.png\",\"contentUrl\":\"https:\/\/www.notibras.com\/site\/wp-content\/uploads\/2023\/01\/notibras23.png\",\"width\":350,\"height\":87,\"caption\":\"Grupo Notibras de Comunica\u00e7\u00e3o\"},\"image\":{\"@id\":\"https:\/\/www.notibras.com\/site\/#\/schema\/logo\/image\/\"},\"sameAs\":[\"https:\/\/www.facebook.com\/notibras\/\",\"https:\/\/x.com\/Notibras\",\"https:\/\/www.instagram.com\/notibras\/\"]},{\"@type\":\"Person\",\"@id\":\"https:\/\/www.notibras.com\/site\/#\/schema\/person\/36ab0979449956132d3e5b517ea76ac8\",\"name\":\"Reda\u00e7\u00e3o\",\"image\":{\"@type\":\"ImageObject\",\"inLanguage\":\"pt-BR\",\"@id\":\"https:\/\/secure.gravatar.com\/avatar\/e0a867bdedb85fd243eadf09663511f96fc81e0720a4a42581f334ad4303aa6b?s=96&d=mm&r=g\",\"url\":\"https:\/\/secure.gravatar.com\/avatar\/e0a867bdedb85fd243eadf09663511f96fc81e0720a4a42581f334ad4303aa6b?s=96&d=mm&r=g\",\"contentUrl\":\"https:\/\/secure.gravatar.com\/avatar\/e0a867bdedb85fd243eadf09663511f96fc81e0720a4a42581f334ad4303aa6b?s=96&d=mm&r=g\",\"caption\":\"Reda\u00e7\u00e3o\"}}]}<\/script>\n<!-- \/ Yoast SEO plugin. -->","yoast_head_json":{"title":"Genro aprende sob olhar severo que cuia \u00e9 de m\u00e3o em m\u00e3o - Notibras","robots":{"index":"index","follow":"follow","max-snippet":"max-snippet:-1","max-image-preview":"max-image-preview:large","max-video-preview":"max-video-preview:-1"},"canonical":"https:\/\/www.notibras.com\/site\/genro-aprende-sob-olhar-severo-que-cuia-e-de-mao-em-mao\/","og_locale":"pt_BR","og_type":"article","og_title":"Genro aprende sob olhar severo que cuia \u00e9 de m\u00e3o em m\u00e3o - Notibras","og_description":"Antenor, ga\u00facho de S\u00e3o Jos\u00e9 dos Ausentes, poderia muito bem andar de camiseta nos invernos de Porto Alegre. Mas, n\u00e3o. Tinha l\u00e1 seus h\u00e1bitos e pudores. Tradicional que era, carregava-os consigo junto \u00e0 antiga cuia de porongo e um tanto de erva suficiente para uma invernada no lombo de um cavalo crioulo na lida com [&hellip;]","og_url":"https:\/\/www.notibras.com\/site\/genro-aprende-sob-olhar-severo-que-cuia-e-de-mao-em-mao\/","og_site_name":"Notibras","article_publisher":"https:\/\/www.facebook.com\/notibras\/","article_published_time":"2024-02-19T08:04:52+00:00","og_image":[{"width":1024,"height":1024,"url":"https:\/\/www.notibras.com\/site\/wp-content\/uploads\/2024\/02\/3d0731ea-1c0d-415b-8959-58ba9ec7a10a.jpeg","type":"image\/jpeg"}],"author":"Reda\u00e7\u00e3o","twitter_card":"summary_large_image","twitter_creator":"@Notibras","twitter_site":"@Notibras","twitter_misc":{"Escrito por":"Reda\u00e7\u00e3o","Est. tempo de leitura":"5 minutos"},"schema":{"@context":"https:\/\/schema.org","@graph":[{"@type":"Article","@id":"https:\/\/www.notibras.com\/site\/genro-aprende-sob-olhar-severo-que-cuia-e-de-mao-em-mao\/#article","isPartOf":{"@id":"https:\/\/www.notibras.com\/site\/genro-aprende-sob-olhar-severo-que-cuia-e-de-mao-em-mao\/"},"author":{"name":"Reda\u00e7\u00e3o","@id":"https:\/\/www.notibras.com\/site\/#\/schema\/person\/36ab0979449956132d3e5b517ea76ac8"},"headline":"Genro aprende sob olhar severo que cuia \u00e9 de m\u00e3o em m\u00e3o","datePublished":"2024-02-19T08:04:52+00:00","mainEntityOfPage":{"@id":"https:\/\/www.notibras.com\/site\/genro-aprende-sob-olhar-severo-que-cuia-e-de-mao-em-mao\/"},"wordCount":906,"publisher":{"@id":"https:\/\/www.notibras.com\/site\/#organization"},"image":{"@id":"https:\/\/www.notibras.com\/site\/genro-aprende-sob-olhar-severo-que-cuia-e-de-mao-em-mao\/#primaryimage"},"thumbnailUrl":"https:\/\/www.notibras.com\/site\/wp-content\/uploads\/2024\/02\/3d0731ea-1c0d-415b-8959-58ba9ec7a10a.jpeg","articleSection":["Quadradinho em Foco"],"inLanguage":"pt-BR"},{"@type":"WebPage","@id":"https:\/\/www.notibras.com\/site\/genro-aprende-sob-olhar-severo-que-cuia-e-de-mao-em-mao\/","url":"https:\/\/www.notibras.com\/site\/genro-aprende-sob-olhar-severo-que-cuia-e-de-mao-em-mao\/","name":"Genro aprende sob olhar severo que cuia \u00e9 de m\u00e3o em m\u00e3o - Notibras","isPartOf":{"@id":"https:\/\/www.notibras.com\/site\/#website"},"primaryImageOfPage":{"@id":"https:\/\/www.notibras.com\/site\/genro-aprende-sob-olhar-severo-que-cuia-e-de-mao-em-mao\/#primaryimage"},"image":{"@id":"https:\/\/www.notibras.com\/site\/genro-aprende-sob-olhar-severo-que-cuia-e-de-mao-em-mao\/#primaryimage"},"thumbnailUrl":"https:\/\/www.notibras.com\/site\/wp-content\/uploads\/2024\/02\/3d0731ea-1c0d-415b-8959-58ba9ec7a10a.jpeg","datePublished":"2024-02-19T08:04:52+00:00","breadcrumb":{"@id":"https:\/\/www.notibras.com\/site\/genro-aprende-sob-olhar-severo-que-cuia-e-de-mao-em-mao\/#breadcrumb"},"inLanguage":"pt-BR","potentialAction":[{"@type":"ReadAction","target":["https:\/\/www.notibras.com\/site\/genro-aprende-sob-olhar-severo-que-cuia-e-de-mao-em-mao\/"]}]},{"@type":"ImageObject","inLanguage":"pt-BR","@id":"https:\/\/www.notibras.com\/site\/genro-aprende-sob-olhar-severo-que-cuia-e-de-mao-em-mao\/#primaryimage","url":"https:\/\/www.notibras.com\/site\/wp-content\/uploads\/2024\/02\/3d0731ea-1c0d-415b-8959-58ba9ec7a10a.jpeg","contentUrl":"https:\/\/www.notibras.com\/site\/wp-content\/uploads\/2024\/02\/3d0731ea-1c0d-415b-8959-58ba9ec7a10a.jpeg","width":1024,"height":1024},{"@type":"BreadcrumbList","@id":"https:\/\/www.notibras.com\/site\/genro-aprende-sob-olhar-severo-que-cuia-e-de-mao-em-mao\/#breadcrumb","itemListElement":[{"@type":"ListItem","position":1,"name":"In\u00edcio","item":"https:\/\/www.notibras.com\/site\/"},{"@type":"ListItem","position":2,"name":"Genro aprende sob olhar severo que cuia \u00e9 de m\u00e3o em m\u00e3o"}]},{"@type":"WebSite","@id":"https:\/\/www.notibras.com\/site\/#website","url":"https:\/\/www.notibras.com\/site\/","name":"Notibras","description":"Not\u00edcias de Bras\u00edlia, do Brasil e do Mundo","publisher":{"@id":"https:\/\/www.notibras.com\/site\/#organization"},"potentialAction":[{"@type":"SearchAction","target":{"@type":"EntryPoint","urlTemplate":"https:\/\/www.notibras.com\/site\/?s={search_term_string}"},"query-input":{"@type":"PropertyValueSpecification","valueRequired":true,"valueName":"search_term_string"}}],"inLanguage":"pt-BR"},{"@type":"Organization","@id":"https:\/\/www.notibras.com\/site\/#organization","name":"Grupo Notibras de Comunica\u00e7\u00e3o","url":"https:\/\/www.notibras.com\/site\/","logo":{"@type":"ImageObject","inLanguage":"pt-BR","@id":"https:\/\/www.notibras.com\/site\/#\/schema\/logo\/image\/","url":"https:\/\/www.notibras.com\/site\/wp-content\/uploads\/2023\/01\/notibras23.png","contentUrl":"https:\/\/www.notibras.com\/site\/wp-content\/uploads\/2023\/01\/notibras23.png","width":350,"height":87,"caption":"Grupo Notibras de Comunica\u00e7\u00e3o"},"image":{"@id":"https:\/\/www.notibras.com\/site\/#\/schema\/logo\/image\/"},"sameAs":["https:\/\/www.facebook.com\/notibras\/","https:\/\/x.com\/Notibras","https:\/\/www.instagram.com\/notibras\/"]},{"@type":"Person","@id":"https:\/\/www.notibras.com\/site\/#\/schema\/person\/36ab0979449956132d3e5b517ea76ac8","name":"Reda\u00e7\u00e3o","image":{"@type":"ImageObject","inLanguage":"pt-BR","@id":"https:\/\/secure.gravatar.com\/avatar\/e0a867bdedb85fd243eadf09663511f96fc81e0720a4a42581f334ad4303aa6b?s=96&d=mm&r=g","url":"https:\/\/secure.gravatar.com\/avatar\/e0a867bdedb85fd243eadf09663511f96fc81e0720a4a42581f334ad4303aa6b?s=96&d=mm&r=g","contentUrl":"https:\/\/secure.gravatar.com\/avatar\/e0a867bdedb85fd243eadf09663511f96fc81e0720a4a42581f334ad4303aa6b?s=96&d=mm&r=g","caption":"Reda\u00e7\u00e3o"}}]}},"amp_enabled":true,"_links":{"self":[{"href":"https:\/\/www.notibras.com\/site\/wp-json\/wp\/v2\/posts\/322670","targetHints":{"allow":["GET"]}}],"collection":[{"href":"https:\/\/www.notibras.com\/site\/wp-json\/wp\/v2\/posts"}],"about":[{"href":"https:\/\/www.notibras.com\/site\/wp-json\/wp\/v2\/types\/post"}],"author":[{"embeddable":true,"href":"https:\/\/www.notibras.com\/site\/wp-json\/wp\/v2\/users\/2"}],"replies":[{"embeddable":true,"href":"https:\/\/www.notibras.com\/site\/wp-json\/wp\/v2\/comments?post=322670"}],"version-history":[{"count":1,"href":"https:\/\/www.notibras.com\/site\/wp-json\/wp\/v2\/posts\/322670\/revisions"}],"predecessor-version":[{"id":322672,"href":"https:\/\/www.notibras.com\/site\/wp-json\/wp\/v2\/posts\/322670\/revisions\/322672"}],"wp:featuredmedia":[{"embeddable":true,"href":"https:\/\/www.notibras.com\/site\/wp-json\/wp\/v2\/media\/322671"}],"wp:attachment":[{"href":"https:\/\/www.notibras.com\/site\/wp-json\/wp\/v2\/media?parent=322670"}],"wp:term":[{"taxonomy":"category","embeddable":true,"href":"https:\/\/www.notibras.com\/site\/wp-json\/wp\/v2\/categories?post=322670"},{"taxonomy":"post_tag","embeddable":true,"href":"https:\/\/www.notibras.com\/site\/wp-json\/wp\/v2\/tags?post=322670"}],"curies":[{"name":"wp","href":"https:\/\/api.w.org\/{rel}","templated":true}]}}