{"id":322685,"date":"2024-02-19T00:01:22","date_gmt":"2024-02-19T03:01:22","guid":{"rendered":"https:\/\/www.notibras.com\/site\/?p=322685"},"modified":"2024-02-19T05:54:05","modified_gmt":"2024-02-19T08:54:05","slug":"vasco-vira-sobre-botafogo-e-entra-no-g4-do-cariocao","status":"publish","type":"post","link":"https:\/\/www.notibras.com\/site\/vasco-vira-sobre-botafogo-e-entra-no-g4-do-cariocao\/","title":{"rendered":"Vasco vira sobre Botafogo e entra no G4 do Carioc\u00e3o"},"content":{"rendered":"<p>O Botafogo anotou dois belos gols, mas foi o Vasco que saiu com a vit\u00f3ria no est\u00e1dio Nilton Santos neste domingo (18). O Cruzmaltino venceu o cl\u00e1ssico por 4 a 2 e, de quebra, entrou momentaneamente no G4 do Campeonato Carioca com a vit\u00f3ria. A equipe comandada pelo argentino Ramon D\u00edaz soma 16 pontos em nove partidas. O Botafogo, com 14 pontos, sai do grupo dos quatro primeiros restando apenas dois jogos para o fim da primeira fase.<\/p>\n<p>Diante de mais de 26 mil torcedores presentes, os donos da casa sa\u00edram na frente ap\u00f3s tabelinha de Eduardo com Tiquinho Soares, que terminou com bela finaliza\u00e7\u00e3o de fora da \u00e1rea do meio-campista, aos 20 minutos. O empate do Vasco veio aos 28, quando Payet encontrou Galdames livre na \u00e1rea. O chileno finalizou duas vezes para vencer Gatito Fern\u00e1ndez.<\/p>\n<p>Na segunda etapa, o Vasco precisou de menos de um minuto para virar o jogo, ap\u00f3s jogada pela esquerda que terminou com a finaliza\u00e7\u00e3o de Lucas Piton. A vit\u00f3ria parcial se transformou em goleada com dois gols do argentino Pablo Vegetti, o primeiro deles em cobran\u00e7a de p\u00eanalti.<\/p>\n<p>O Botafogo diminuiu a desvantagem com um gola\u00e7o de bicicleta de Eduardo, o segundo dele na partida, dando n\u00fameros finais ao duelo: 4 a 2.<\/p>\n<p>Enquanto o Vasco descansa at\u00e9 o confronto com o Volta Redonda, no pr\u00f3ximo s\u00e1bado (24), pela 10\u00aa rodada do Campeonato Carioca, em Cariacica (Esp\u00edrito Santo), o Botafogo tem um compromisso de extrema import\u00e2ncia na pr\u00f3xima quarta-feira (21): encara o Aurora (Bol\u00edvia) em Cochabamba pela segunda fase preliminar da Copa Libertadores da Am\u00e9rica.<\/p>\n","protected":false},"excerpt":{"rendered":"<p>O Botafogo anotou dois belos gols, mas foi o Vasco que saiu com a vit\u00f3ria no est\u00e1dio Nilton Santos neste domingo (18). O Cruzmaltino venceu o cl\u00e1ssico por 4 a 2 e, de quebra, entrou momentaneamente no G4 do Campeonato Carioca com a vit\u00f3ria. A equipe comandada pelo argentino Ramon D\u00edaz soma 16 pontos em [&hellip;]<\/p>\n","protected":false},"author":2,"featured_media":322686,"comment_status":"closed","ping_status":"closed","sticky":false,"template":"","format":"standard","meta":{"_acf_changed":false,"footnotes":""},"categories":[19],"tags":[],"class_list":["post-322685","post","type-post","status-publish","format-standard","has-post-thumbnail","hentry","category-esportes"],"acf":[],"yoast_head":"<!-- This site is optimized with the Yoast SEO plugin v27.2 - https:\/\/yoast.com\/product\/yoast-seo-wordpress\/ -->\n<title>Vasco vira sobre Botafogo e entra no G4 do Carioc\u00e3o - Notibras<\/title>\n<meta name=\"robots\" content=\"index, follow, max-snippet:-1, max-image-preview:large, max-video-preview:-1\" \/>\n<link rel=\"canonical\" href=\"https:\/\/www.notibras.com\/site\/vasco-vira-sobre-botafogo-e-entra-no-g4-do-cariocao\/\" \/>\n<meta property=\"og:locale\" content=\"pt_BR\" \/>\n<meta property=\"og:type\" content=\"article\" \/>\n<meta property=\"og:title\" content=\"Vasco vira sobre Botafogo e entra no G4 do Carioc\u00e3o - Notibras\" \/>\n<meta property=\"og:description\" content=\"O Botafogo anotou dois belos gols, mas foi o Vasco que saiu com a vit\u00f3ria no est\u00e1dio Nilton Santos neste domingo (18). O Cruzmaltino venceu o cl\u00e1ssico por 4 a 2 e, de quebra, entrou momentaneamente no G4 do Campeonato Carioca com a vit\u00f3ria. A equipe comandada pelo argentino Ramon D\u00edaz soma 16 pontos em [&hellip;]\" \/>\n<meta property=\"og:url\" content=\"https:\/\/www.notibras.com\/site\/vasco-vira-sobre-botafogo-e-entra-no-g4-do-cariocao\/\" \/>\n<meta property=\"og:site_name\" content=\"Notibras\" \/>\n<meta property=\"article:publisher\" content=\"https:\/\/www.facebook.com\/notibras\/\" \/>\n<meta property=\"article:published_time\" content=\"2024-02-19T03:01:22+00:00\" \/>\n<meta property=\"article:modified_time\" content=\"2024-02-19T08:54:05+00:00\" \/>\n<meta property=\"og:image\" content=\"https:\/\/www.notibras.com\/site\/wp-content\/uploads\/2024\/02\/vasfogo.webp\" \/>\n\t<meta property=\"og:image:width\" content=\"1170\" \/>\n\t<meta property=\"og:image:height\" content=\"700\" \/>\n\t<meta property=\"og:image:type\" content=\"image\/webp\" \/>\n<meta name=\"author\" content=\"Reda\u00e7\u00e3o\" \/>\n<meta name=\"twitter:card\" content=\"summary_large_image\" \/>\n<meta name=\"twitter:creator\" content=\"@Notibras\" \/>\n<meta name=\"twitter:site\" content=\"@Notibras\" \/>\n<meta name=\"twitter:label1\" content=\"Escrito por\" \/>\n\t<meta name=\"twitter:data1\" content=\"Reda\u00e7\u00e3o\" \/>\n\t<meta name=\"twitter:label2\" content=\"Est. tempo de leitura\" \/>\n\t<meta name=\"twitter:data2\" content=\"2 minutos\" \/>\n<script type=\"application\/ld+json\" class=\"yoast-schema-graph\">{\"@context\":\"https:\/\/schema.org\",\"@graph\":[{\"@type\":\"Article\",\"@id\":\"https:\/\/www.notibras.com\/site\/vasco-vira-sobre-botafogo-e-entra-no-g4-do-cariocao\/#article\",\"isPartOf\":{\"@id\":\"https:\/\/www.notibras.com\/site\/vasco-vira-sobre-botafogo-e-entra-no-g4-do-cariocao\/\"},\"author\":{\"name\":\"Reda\u00e7\u00e3o\",\"@id\":\"https:\/\/www.notibras.com\/site\/#\/schema\/person\/36ab0979449956132d3e5b517ea76ac8\"},\"headline\":\"Vasco vira sobre Botafogo e entra no G4 do Carioc\u00e3o\",\"datePublished\":\"2024-02-19T03:01:22+00:00\",\"dateModified\":\"2024-02-19T08:54:05+00:00\",\"mainEntityOfPage\":{\"@id\":\"https:\/\/www.notibras.com\/site\/vasco-vira-sobre-botafogo-e-entra-no-g4-do-cariocao\/\"},\"wordCount\":283,\"publisher\":{\"@id\":\"https:\/\/www.notibras.com\/site\/#organization\"},\"image\":{\"@id\":\"https:\/\/www.notibras.com\/site\/vasco-vira-sobre-botafogo-e-entra-no-g4-do-cariocao\/#primaryimage\"},\"thumbnailUrl\":\"https:\/\/www.notibras.com\/site\/wp-content\/uploads\/2024\/02\/vasfogo.webp\",\"articleSection\":[\"Esportes\"],\"inLanguage\":\"pt-BR\"},{\"@type\":\"WebPage\",\"@id\":\"https:\/\/www.notibras.com\/site\/vasco-vira-sobre-botafogo-e-entra-no-g4-do-cariocao\/\",\"url\":\"https:\/\/www.notibras.com\/site\/vasco-vira-sobre-botafogo-e-entra-no-g4-do-cariocao\/\",\"name\":\"Vasco vira sobre Botafogo e entra no G4 do Carioc\u00e3o - Notibras\",\"isPartOf\":{\"@id\":\"https:\/\/www.notibras.com\/site\/#website\"},\"primaryImageOfPage\":{\"@id\":\"https:\/\/www.notibras.com\/site\/vasco-vira-sobre-botafogo-e-entra-no-g4-do-cariocao\/#primaryimage\"},\"image\":{\"@id\":\"https:\/\/www.notibras.com\/site\/vasco-vira-sobre-botafogo-e-entra-no-g4-do-cariocao\/#primaryimage\"},\"thumbnailUrl\":\"https:\/\/www.notibras.com\/site\/wp-content\/uploads\/2024\/02\/vasfogo.webp\",\"datePublished\":\"2024-02-19T03:01:22+00:00\",\"dateModified\":\"2024-02-19T08:54:05+00:00\",\"breadcrumb\":{\"@id\":\"https:\/\/www.notibras.com\/site\/vasco-vira-sobre-botafogo-e-entra-no-g4-do-cariocao\/#breadcrumb\"},\"inLanguage\":\"pt-BR\",\"potentialAction\":[{\"@type\":\"ReadAction\",\"target\":[\"https:\/\/www.notibras.com\/site\/vasco-vira-sobre-botafogo-e-entra-no-g4-do-cariocao\/\"]}]},{\"@type\":\"ImageObject\",\"inLanguage\":\"pt-BR\",\"@id\":\"https:\/\/www.notibras.com\/site\/vasco-vira-sobre-botafogo-e-entra-no-g4-do-cariocao\/#primaryimage\",\"url\":\"https:\/\/www.notibras.com\/site\/wp-content\/uploads\/2024\/02\/vasfogo.webp\",\"contentUrl\":\"https:\/\/www.notibras.com\/site\/wp-content\/uploads\/2024\/02\/vasfogo.webp\",\"width\":1170,\"height\":700},{\"@type\":\"BreadcrumbList\",\"@id\":\"https:\/\/www.notibras.com\/site\/vasco-vira-sobre-botafogo-e-entra-no-g4-do-cariocao\/#breadcrumb\",\"itemListElement\":[{\"@type\":\"ListItem\",\"position\":1,\"name\":\"In\u00edcio\",\"item\":\"https:\/\/www.notibras.com\/site\/\"},{\"@type\":\"ListItem\",\"position\":2,\"name\":\"Vasco vira sobre Botafogo e entra no G4 do Carioc\u00e3o\"}]},{\"@type\":\"WebSite\",\"@id\":\"https:\/\/www.notibras.com\/site\/#website\",\"url\":\"https:\/\/www.notibras.com\/site\/\",\"name\":\"Notibras\",\"description\":\"Not\u00edcias de Bras\u00edlia, do Brasil e do Mundo\",\"publisher\":{\"@id\":\"https:\/\/www.notibras.com\/site\/#organization\"},\"potentialAction\":[{\"@type\":\"SearchAction\",\"target\":{\"@type\":\"EntryPoint\",\"urlTemplate\":\"https:\/\/www.notibras.com\/site\/?s={search_term_string}\"},\"query-input\":{\"@type\":\"PropertyValueSpecification\",\"valueRequired\":true,\"valueName\":\"search_term_string\"}}],\"inLanguage\":\"pt-BR\"},{\"@type\":\"Organization\",\"@id\":\"https:\/\/www.notibras.com\/site\/#organization\",\"name\":\"Grupo Notibras de Comunica\u00e7\u00e3o\",\"url\":\"https:\/\/www.notibras.com\/site\/\",\"logo\":{\"@type\":\"ImageObject\",\"inLanguage\":\"pt-BR\",\"@id\":\"https:\/\/www.notibras.com\/site\/#\/schema\/logo\/image\/\",\"url\":\"https:\/\/www.notibras.com\/site\/wp-content\/uploads\/2023\/01\/notibras23.png\",\"contentUrl\":\"https:\/\/www.notibras.com\/site\/wp-content\/uploads\/2023\/01\/notibras23.png\",\"width\":350,\"height\":87,\"caption\":\"Grupo Notibras de Comunica\u00e7\u00e3o\"},\"image\":{\"@id\":\"https:\/\/www.notibras.com\/site\/#\/schema\/logo\/image\/\"},\"sameAs\":[\"https:\/\/www.facebook.com\/notibras\/\",\"https:\/\/x.com\/Notibras\",\"https:\/\/www.instagram.com\/notibras\/\"]},{\"@type\":\"Person\",\"@id\":\"https:\/\/www.notibras.com\/site\/#\/schema\/person\/36ab0979449956132d3e5b517ea76ac8\",\"name\":\"Reda\u00e7\u00e3o\",\"image\":{\"@type\":\"ImageObject\",\"inLanguage\":\"pt-BR\",\"@id\":\"https:\/\/secure.gravatar.com\/avatar\/e0a867bdedb85fd243eadf09663511f96fc81e0720a4a42581f334ad4303aa6b?s=96&d=mm&r=g\",\"url\":\"https:\/\/secure.gravatar.com\/avatar\/e0a867bdedb85fd243eadf09663511f96fc81e0720a4a42581f334ad4303aa6b?s=96&d=mm&r=g\",\"contentUrl\":\"https:\/\/secure.gravatar.com\/avatar\/e0a867bdedb85fd243eadf09663511f96fc81e0720a4a42581f334ad4303aa6b?s=96&d=mm&r=g\",\"caption\":\"Reda\u00e7\u00e3o\"}}]}<\/script>\n<!-- \/ Yoast SEO plugin. -->","yoast_head_json":{"title":"Vasco vira sobre Botafogo e entra no G4 do Carioc\u00e3o - Notibras","robots":{"index":"index","follow":"follow","max-snippet":"max-snippet:-1","max-image-preview":"max-image-preview:large","max-video-preview":"max-video-preview:-1"},"canonical":"https:\/\/www.notibras.com\/site\/vasco-vira-sobre-botafogo-e-entra-no-g4-do-cariocao\/","og_locale":"pt_BR","og_type":"article","og_title":"Vasco vira sobre Botafogo e entra no G4 do Carioc\u00e3o - Notibras","og_description":"O Botafogo anotou dois belos gols, mas foi o Vasco que saiu com a vit\u00f3ria no est\u00e1dio Nilton Santos neste domingo (18). O Cruzmaltino venceu o cl\u00e1ssico por 4 a 2 e, de quebra, entrou momentaneamente no G4 do Campeonato Carioca com a vit\u00f3ria. A equipe comandada pelo argentino Ramon D\u00edaz soma 16 pontos em [&hellip;]","og_url":"https:\/\/www.notibras.com\/site\/vasco-vira-sobre-botafogo-e-entra-no-g4-do-cariocao\/","og_site_name":"Notibras","article_publisher":"https:\/\/www.facebook.com\/notibras\/","article_published_time":"2024-02-19T03:01:22+00:00","article_modified_time":"2024-02-19T08:54:05+00:00","og_image":[{"width":1170,"height":700,"url":"https:\/\/www.notibras.com\/site\/wp-content\/uploads\/2024\/02\/vasfogo.webp","type":"image\/webp"}],"author":"Reda\u00e7\u00e3o","twitter_card":"summary_large_image","twitter_creator":"@Notibras","twitter_site":"@Notibras","twitter_misc":{"Escrito por":"Reda\u00e7\u00e3o","Est. tempo de leitura":"2 minutos"},"schema":{"@context":"https:\/\/schema.org","@graph":[{"@type":"Article","@id":"https:\/\/www.notibras.com\/site\/vasco-vira-sobre-botafogo-e-entra-no-g4-do-cariocao\/#article","isPartOf":{"@id":"https:\/\/www.notibras.com\/site\/vasco-vira-sobre-botafogo-e-entra-no-g4-do-cariocao\/"},"author":{"name":"Reda\u00e7\u00e3o","@id":"https:\/\/www.notibras.com\/site\/#\/schema\/person\/36ab0979449956132d3e5b517ea76ac8"},"headline":"Vasco vira sobre Botafogo e entra no G4 do Carioc\u00e3o","datePublished":"2024-02-19T03:01:22+00:00","dateModified":"2024-02-19T08:54:05+00:00","mainEntityOfPage":{"@id":"https:\/\/www.notibras.com\/site\/vasco-vira-sobre-botafogo-e-entra-no-g4-do-cariocao\/"},"wordCount":283,"publisher":{"@id":"https:\/\/www.notibras.com\/site\/#organization"},"image":{"@id":"https:\/\/www.notibras.com\/site\/vasco-vira-sobre-botafogo-e-entra-no-g4-do-cariocao\/#primaryimage"},"thumbnailUrl":"https:\/\/www.notibras.com\/site\/wp-content\/uploads\/2024\/02\/vasfogo.webp","articleSection":["Esportes"],"inLanguage":"pt-BR"},{"@type":"WebPage","@id":"https:\/\/www.notibras.com\/site\/vasco-vira-sobre-botafogo-e-entra-no-g4-do-cariocao\/","url":"https:\/\/www.notibras.com\/site\/vasco-vira-sobre-botafogo-e-entra-no-g4-do-cariocao\/","name":"Vasco vira sobre Botafogo e entra no G4 do Carioc\u00e3o - Notibras","isPartOf":{"@id":"https:\/\/www.notibras.com\/site\/#website"},"primaryImageOfPage":{"@id":"https:\/\/www.notibras.com\/site\/vasco-vira-sobre-botafogo-e-entra-no-g4-do-cariocao\/#primaryimage"},"image":{"@id":"https:\/\/www.notibras.com\/site\/vasco-vira-sobre-botafogo-e-entra-no-g4-do-cariocao\/#primaryimage"},"thumbnailUrl":"https:\/\/www.notibras.com\/site\/wp-content\/uploads\/2024\/02\/vasfogo.webp","datePublished":"2024-02-19T03:01:22+00:00","dateModified":"2024-02-19T08:54:05+00:00","breadcrumb":{"@id":"https:\/\/www.notibras.com\/site\/vasco-vira-sobre-botafogo-e-entra-no-g4-do-cariocao\/#breadcrumb"},"inLanguage":"pt-BR","potentialAction":[{"@type":"ReadAction","target":["https:\/\/www.notibras.com\/site\/vasco-vira-sobre-botafogo-e-entra-no-g4-do-cariocao\/"]}]},{"@type":"ImageObject","inLanguage":"pt-BR","@id":"https:\/\/www.notibras.com\/site\/vasco-vira-sobre-botafogo-e-entra-no-g4-do-cariocao\/#primaryimage","url":"https:\/\/www.notibras.com\/site\/wp-content\/uploads\/2024\/02\/vasfogo.webp","contentUrl":"https:\/\/www.notibras.com\/site\/wp-content\/uploads\/2024\/02\/vasfogo.webp","width":1170,"height":700},{"@type":"BreadcrumbList","@id":"https:\/\/www.notibras.com\/site\/vasco-vira-sobre-botafogo-e-entra-no-g4-do-cariocao\/#breadcrumb","itemListElement":[{"@type":"ListItem","position":1,"name":"In\u00edcio","item":"https:\/\/www.notibras.com\/site\/"},{"@type":"ListItem","position":2,"name":"Vasco vira sobre Botafogo e entra no G4 do Carioc\u00e3o"}]},{"@type":"WebSite","@id":"https:\/\/www.notibras.com\/site\/#website","url":"https:\/\/www.notibras.com\/site\/","name":"Notibras","description":"Not\u00edcias de Bras\u00edlia, do Brasil e do Mundo","publisher":{"@id":"https:\/\/www.notibras.com\/site\/#organization"},"potentialAction":[{"@type":"SearchAction","target":{"@type":"EntryPoint","urlTemplate":"https:\/\/www.notibras.com\/site\/?s={search_term_string}"},"query-input":{"@type":"PropertyValueSpecification","valueRequired":true,"valueName":"search_term_string"}}],"inLanguage":"pt-BR"},{"@type":"Organization","@id":"https:\/\/www.notibras.com\/site\/#organization","name":"Grupo Notibras de Comunica\u00e7\u00e3o","url":"https:\/\/www.notibras.com\/site\/","logo":{"@type":"ImageObject","inLanguage":"pt-BR","@id":"https:\/\/www.notibras.com\/site\/#\/schema\/logo\/image\/","url":"https:\/\/www.notibras.com\/site\/wp-content\/uploads\/2023\/01\/notibras23.png","contentUrl":"https:\/\/www.notibras.com\/site\/wp-content\/uploads\/2023\/01\/notibras23.png","width":350,"height":87,"caption":"Grupo Notibras de Comunica\u00e7\u00e3o"},"image":{"@id":"https:\/\/www.notibras.com\/site\/#\/schema\/logo\/image\/"},"sameAs":["https:\/\/www.facebook.com\/notibras\/","https:\/\/x.com\/Notibras","https:\/\/www.instagram.com\/notibras\/"]},{"@type":"Person","@id":"https:\/\/www.notibras.com\/site\/#\/schema\/person\/36ab0979449956132d3e5b517ea76ac8","name":"Reda\u00e7\u00e3o","image":{"@type":"ImageObject","inLanguage":"pt-BR","@id":"https:\/\/secure.gravatar.com\/avatar\/e0a867bdedb85fd243eadf09663511f96fc81e0720a4a42581f334ad4303aa6b?s=96&d=mm&r=g","url":"https:\/\/secure.gravatar.com\/avatar\/e0a867bdedb85fd243eadf09663511f96fc81e0720a4a42581f334ad4303aa6b?s=96&d=mm&r=g","contentUrl":"https:\/\/secure.gravatar.com\/avatar\/e0a867bdedb85fd243eadf09663511f96fc81e0720a4a42581f334ad4303aa6b?s=96&d=mm&r=g","caption":"Reda\u00e7\u00e3o"}}]}},"amp_enabled":true,"_links":{"self":[{"href":"https:\/\/www.notibras.com\/site\/wp-json\/wp\/v2\/posts\/322685","targetHints":{"allow":["GET"]}}],"collection":[{"href":"https:\/\/www.notibras.com\/site\/wp-json\/wp\/v2\/posts"}],"about":[{"href":"https:\/\/www.notibras.com\/site\/wp-json\/wp\/v2\/types\/post"}],"author":[{"embeddable":true,"href":"https:\/\/www.notibras.com\/site\/wp-json\/wp\/v2\/users\/2"}],"replies":[{"embeddable":true,"href":"https:\/\/www.notibras.com\/site\/wp-json\/wp\/v2\/comments?post=322685"}],"version-history":[{"count":1,"href":"https:\/\/www.notibras.com\/site\/wp-json\/wp\/v2\/posts\/322685\/revisions"}],"predecessor-version":[{"id":322687,"href":"https:\/\/www.notibras.com\/site\/wp-json\/wp\/v2\/posts\/322685\/revisions\/322687"}],"wp:featuredmedia":[{"embeddable":true,"href":"https:\/\/www.notibras.com\/site\/wp-json\/wp\/v2\/media\/322686"}],"wp:attachment":[{"href":"https:\/\/www.notibras.com\/site\/wp-json\/wp\/v2\/media?parent=322685"}],"wp:term":[{"taxonomy":"category","embeddable":true,"href":"https:\/\/www.notibras.com\/site\/wp-json\/wp\/v2\/categories?post=322685"},{"taxonomy":"post_tag","embeddable":true,"href":"https:\/\/www.notibras.com\/site\/wp-json\/wp\/v2\/tags?post=322685"}],"curies":[{"name":"wp","href":"https:\/\/api.w.org\/{rel}","templated":true}]}}