{"id":322714,"date":"2024-02-19T00:31:48","date_gmt":"2024-02-19T03:31:48","guid":{"rendered":"https:\/\/www.notibras.com\/site\/?p=322714"},"modified":"2024-02-19T07:33:34","modified_gmt":"2024-02-19T10:33:34","slug":"repasse-recorde-agiliza-manutencao-de-escolas-publicas","status":"publish","type":"post","link":"https:\/\/www.notibras.com\/site\/repasse-recorde-agiliza-manutencao-de-escolas-publicas\/","title":{"rendered":"Repasse recorde agiliza manuten\u00e7\u00e3o de escolas p\u00fablicas"},"content":{"rendered":"<p>Criado para dar autonomia \u00e0s escolas na tomada de decis\u00f5es sobre pequenos reparos e compra de materiais, o Programa de Descentraliza\u00e7\u00e3o Administrativa e Financeira (Pdaf) bateu recorde em 2023 ao atingir cerca de R$ 263 milh\u00f5es repassados \u00e0s regionais de ensino.<\/p>\n<p>O maior valor obtido at\u00e9 ent\u00e3o era de 2021, quando R$ 248,4 milh\u00f5es foram distribu\u00eddos \u00e0s escolas, somando os recursos ordin\u00e1rios e os oriundos de emenda parlamentar. Essas s\u00e3o as duas formas de se chegar aos valores do Pdaf, sendo o ordin\u00e1rio calculado pelo or\u00e7amento do ano do governo e as emendas vinculadas ao que cada parlamentar destina.<\/p>\n<p>Em 2023, o valor resultou da soma de aproximadamente R$ 149 milh\u00f5es do ordin\u00e1rio e cerca de R$ 114 milh\u00f5es de emendas parlamentares. O crescimento mostrou a consolida\u00e7\u00e3o do programa na gest\u00e3o escolar das unidades de ensino do DF.<\/p>\n<p>Essa verba, assim pode se dizer, \u00e9 multi\u00faso. Ela \u00e9 empregada em manuten\u00e7\u00e3o de pintura, constru\u00e7\u00e3o, instala\u00e7\u00f5es hidr\u00e1ulica e el\u00e9trica, equipamentos eletr\u00f4nicos e de inform\u00e1tica, ventila\u00e7\u00e3o e refrigera\u00e7\u00e3o, engenharia, papelaria, entre outros servi\u00e7os. E cabe para quase tudo, sendo restrita em apenas cinco situa\u00e7\u00f5es: coc\u00e7\u00e3o de alimentos, limpeza, vigil\u00e2ncia patrimonial, socorro e salvamento e sa\u00fade.<\/p>\n<p>Todas as 14 regionais de ensino recebem essa verba, considerada essencial para o funcionamento das escolas e para o bem-estar da comunidade. O valor ordin\u00e1rio, que consta no or\u00e7amento do governo, \u00e9 distribu\u00eddo de acordo com o censo per capita das escolas. Ou seja, quanto mais alunos e escolas t\u00eam uma regional, maior ser\u00e1 o repasse. As campe\u00e3s do DF s\u00e3o as regionais do Plano Piloto, com 107 escolas, seguido por Ceil\u00e2ndia, com 98 escolas.<\/p>\n<p>\u201cO todo vem melhorando constantemente. O que antes a gente n\u00e3o conseguia fazer com o Pdaf, hoje \u00e9 poss\u00edvel, adquirindo melhores produtos e proporcionando um melhor ambiente aos alunos e servidores. Isso facilita o aprendizado e a vida da comunidade\u201d, observa o diretor do Pdaf da Secretaria de Educa\u00e7\u00e3o, Carlos Chiodi.<\/p>\n<p><strong>Melhorias no Guar\u00e1<\/strong><br \/>\nUma das unidades educacionais beneficiadas pelos recursos do programa \u00e9 a Escola Classe 05 do Guar\u00e1, que atende 439 alunos em dois turnos, com idades entre 6 e 11 anos. A verba possibilitou a implementa\u00e7\u00e3o de diversas melhorias estruturais no centro de ensino, incluindo a reforma da cozinha e do parquinho infantil, al\u00e9m da constru\u00e7\u00e3o de um estacionamento privativo para os professores.<\/p>\n<p>\u201cO Pdaf tamb\u00e9m nos permitiu restaurar as pinturas da fachada e dos banheiros de uso das crian\u00e7as. Sem esse recurso, dificilmente ter\u00edamos condi\u00e7\u00f5es de realizar essas melhorias estruturais. Ter essa verba \u00e0 disposi\u00e7\u00e3o nos proporciona mais seguran\u00e7a e nos possibilita oferecer um conforto maior aos estudantes\u201d, explica Zuleide Moura e Silva, diretora da escola.<\/p>\n<p>Zuleide Moura e Silva, diretora da escola, destaca que o programa tamb\u00e9m contribuir\u00e1 para realizar um sonho antigo dos alunos: a constru\u00e7\u00e3o de uma cobertura para a atual quadra poliesportiva. \u201cTemos aulas de educa\u00e7\u00e3o f\u00edsica duas vezes por semana, e as crian\u00e7as sempre pediam essa cobertura, especialmente porque, em dias chuvosos, n\u00e3o era poss\u00edvel dar continuidade \u00e0s aulas\u201d, detalha.<\/p>\n<p><strong>Cart\u00e3o Pdaf<\/strong><br \/>\nUma novidade ainda em fase de implementa\u00e7\u00e3o que tem colaborado para melhor aplica\u00e7\u00e3o dos recursos \u00e9 o Cart\u00e3o Pdaf. Com ele, os coordenadores passaram a pagar com o cart\u00e3o ou na modalidade link de pagamento via e-mail, abandonando o obsoleto cheque. Outra mudan\u00e7a foi o cadastro de fornecedores, evitando que o gestor fique procurando certid\u00f5es e se o prestador de servi\u00e7o est\u00e1 apto a realiz\u00e1-lo.<\/p>\n<p>\u201cModernizamos o Pdaf com o cart\u00e3o. N\u00e3o tem mais cheque, os coordenadores t\u00eam acesso a dois sistemas para chamar o fornecedor ou pag\u00e1-lo. \u00c9 algo em implementa\u00e7\u00e3o, mas quando estiver 100% vai facilitar a vida de todo mundo\u201d, acrescenta Carlos Chiodi.<\/p>\n","protected":false},"excerpt":{"rendered":"<p>Criado para dar autonomia \u00e0s escolas na tomada de decis\u00f5es sobre pequenos reparos e compra de materiais, o Programa de Descentraliza\u00e7\u00e3o Administrativa e Financeira (Pdaf) bateu recorde em 2023 ao atingir cerca de R$ 263 milh\u00f5es repassados \u00e0s regionais de ensino. O maior valor obtido at\u00e9 ent\u00e3o era de 2021, quando R$ 248,4 milh\u00f5es foram [&hellip;]<\/p>\n","protected":false},"author":2,"featured_media":322715,"comment_status":"closed","ping_status":"closed","sticky":false,"template":"","format":"standard","meta":{"_acf_changed":false,"footnotes":""},"categories":[161],"tags":[],"class_list":["post-322714","post","type-post","status-publish","format-standard","has-post-thumbnail","hentry","category-quadradinho-em-foco"],"acf":[],"yoast_head":"<!-- This site is optimized with the Yoast SEO plugin v27.2 - https:\/\/yoast.com\/product\/yoast-seo-wordpress\/ -->\n<title>Repasse recorde agiliza manuten\u00e7\u00e3o de escolas p\u00fablicas - Notibras<\/title>\n<meta name=\"robots\" content=\"index, follow, max-snippet:-1, max-image-preview:large, max-video-preview:-1\" \/>\n<link rel=\"canonical\" href=\"https:\/\/www.notibras.com\/site\/repasse-recorde-agiliza-manutencao-de-escolas-publicas\/\" \/>\n<meta property=\"og:locale\" content=\"pt_BR\" \/>\n<meta property=\"og:type\" content=\"article\" \/>\n<meta property=\"og:title\" content=\"Repasse recorde agiliza manuten\u00e7\u00e3o de escolas p\u00fablicas - Notibras\" \/>\n<meta property=\"og:description\" content=\"Criado para dar autonomia \u00e0s escolas na tomada de decis\u00f5es sobre pequenos reparos e compra de materiais, o Programa de Descentraliza\u00e7\u00e3o Administrativa e Financeira (Pdaf) bateu recorde em 2023 ao atingir cerca de R$ 263 milh\u00f5es repassados \u00e0s regionais de ensino. O maior valor obtido at\u00e9 ent\u00e3o era de 2021, quando R$ 248,4 milh\u00f5es foram [&hellip;]\" \/>\n<meta property=\"og:url\" content=\"https:\/\/www.notibras.com\/site\/repasse-recorde-agiliza-manutencao-de-escolas-publicas\/\" \/>\n<meta property=\"og:site_name\" content=\"Notibras\" \/>\n<meta property=\"article:publisher\" content=\"https:\/\/www.facebook.com\/notibras\/\" \/>\n<meta property=\"article:published_time\" content=\"2024-02-19T03:31:48+00:00\" \/>\n<meta property=\"article:modified_time\" content=\"2024-02-19T10:33:34+00:00\" \/>\n<meta property=\"og:image\" content=\"https:\/\/www.notibras.com\/site\/wp-content\/uploads\/2024\/02\/WhatsApp-Image-2024-02-09-at-14.08.22-1536x1023-1.jpeg\" \/>\n\t<meta property=\"og:image:width\" content=\"1536\" \/>\n\t<meta property=\"og:image:height\" content=\"1023\" \/>\n\t<meta property=\"og:image:type\" content=\"image\/jpeg\" \/>\n<meta name=\"author\" content=\"Reda\u00e7\u00e3o\" \/>\n<meta name=\"twitter:card\" content=\"summary_large_image\" \/>\n<meta name=\"twitter:creator\" content=\"@Notibras\" \/>\n<meta name=\"twitter:site\" content=\"@Notibras\" \/>\n<meta name=\"twitter:label1\" content=\"Escrito por\" \/>\n\t<meta name=\"twitter:data1\" content=\"Reda\u00e7\u00e3o\" \/>\n\t<meta name=\"twitter:label2\" content=\"Est. tempo de leitura\" \/>\n\t<meta name=\"twitter:data2\" content=\"4 minutos\" \/>\n<script type=\"application\/ld+json\" class=\"yoast-schema-graph\">{\"@context\":\"https:\/\/schema.org\",\"@graph\":[{\"@type\":\"Article\",\"@id\":\"https:\/\/www.notibras.com\/site\/repasse-recorde-agiliza-manutencao-de-escolas-publicas\/#article\",\"isPartOf\":{\"@id\":\"https:\/\/www.notibras.com\/site\/repasse-recorde-agiliza-manutencao-de-escolas-publicas\/\"},\"author\":{\"name\":\"Reda\u00e7\u00e3o\",\"@id\":\"https:\/\/www.notibras.com\/site\/#\/schema\/person\/36ab0979449956132d3e5b517ea76ac8\"},\"headline\":\"Repasse recorde agiliza manuten\u00e7\u00e3o de escolas p\u00fablicas\",\"datePublished\":\"2024-02-19T03:31:48+00:00\",\"dateModified\":\"2024-02-19T10:33:34+00:00\",\"mainEntityOfPage\":{\"@id\":\"https:\/\/www.notibras.com\/site\/repasse-recorde-agiliza-manutencao-de-escolas-publicas\/\"},\"wordCount\":661,\"publisher\":{\"@id\":\"https:\/\/www.notibras.com\/site\/#organization\"},\"image\":{\"@id\":\"https:\/\/www.notibras.com\/site\/repasse-recorde-agiliza-manutencao-de-escolas-publicas\/#primaryimage\"},\"thumbnailUrl\":\"https:\/\/www.notibras.com\/site\/wp-content\/uploads\/2024\/02\/WhatsApp-Image-2024-02-09-at-14.08.22-1536x1023-1.jpeg\",\"articleSection\":[\"Quadradinho em Foco\"],\"inLanguage\":\"pt-BR\"},{\"@type\":\"WebPage\",\"@id\":\"https:\/\/www.notibras.com\/site\/repasse-recorde-agiliza-manutencao-de-escolas-publicas\/\",\"url\":\"https:\/\/www.notibras.com\/site\/repasse-recorde-agiliza-manutencao-de-escolas-publicas\/\",\"name\":\"Repasse recorde agiliza manuten\u00e7\u00e3o de escolas p\u00fablicas - Notibras\",\"isPartOf\":{\"@id\":\"https:\/\/www.notibras.com\/site\/#website\"},\"primaryImageOfPage\":{\"@id\":\"https:\/\/www.notibras.com\/site\/repasse-recorde-agiliza-manutencao-de-escolas-publicas\/#primaryimage\"},\"image\":{\"@id\":\"https:\/\/www.notibras.com\/site\/repasse-recorde-agiliza-manutencao-de-escolas-publicas\/#primaryimage\"},\"thumbnailUrl\":\"https:\/\/www.notibras.com\/site\/wp-content\/uploads\/2024\/02\/WhatsApp-Image-2024-02-09-at-14.08.22-1536x1023-1.jpeg\",\"datePublished\":\"2024-02-19T03:31:48+00:00\",\"dateModified\":\"2024-02-19T10:33:34+00:00\",\"breadcrumb\":{\"@id\":\"https:\/\/www.notibras.com\/site\/repasse-recorde-agiliza-manutencao-de-escolas-publicas\/#breadcrumb\"},\"inLanguage\":\"pt-BR\",\"potentialAction\":[{\"@type\":\"ReadAction\",\"target\":[\"https:\/\/www.notibras.com\/site\/repasse-recorde-agiliza-manutencao-de-escolas-publicas\/\"]}]},{\"@type\":\"ImageObject\",\"inLanguage\":\"pt-BR\",\"@id\":\"https:\/\/www.notibras.com\/site\/repasse-recorde-agiliza-manutencao-de-escolas-publicas\/#primaryimage\",\"url\":\"https:\/\/www.notibras.com\/site\/wp-content\/uploads\/2024\/02\/WhatsApp-Image-2024-02-09-at-14.08.22-1536x1023-1.jpeg\",\"contentUrl\":\"https:\/\/www.notibras.com\/site\/wp-content\/uploads\/2024\/02\/WhatsApp-Image-2024-02-09-at-14.08.22-1536x1023-1.jpeg\",\"width\":1536,\"height\":1023},{\"@type\":\"BreadcrumbList\",\"@id\":\"https:\/\/www.notibras.com\/site\/repasse-recorde-agiliza-manutencao-de-escolas-publicas\/#breadcrumb\",\"itemListElement\":[{\"@type\":\"ListItem\",\"position\":1,\"name\":\"In\u00edcio\",\"item\":\"https:\/\/www.notibras.com\/site\/\"},{\"@type\":\"ListItem\",\"position\":2,\"name\":\"Repasse recorde agiliza manuten\u00e7\u00e3o de escolas p\u00fablicas\"}]},{\"@type\":\"WebSite\",\"@id\":\"https:\/\/www.notibras.com\/site\/#website\",\"url\":\"https:\/\/www.notibras.com\/site\/\",\"name\":\"Notibras\",\"description\":\"Not\u00edcias de Bras\u00edlia, do Brasil e do Mundo\",\"publisher\":{\"@id\":\"https:\/\/www.notibras.com\/site\/#organization\"},\"potentialAction\":[{\"@type\":\"SearchAction\",\"target\":{\"@type\":\"EntryPoint\",\"urlTemplate\":\"https:\/\/www.notibras.com\/site\/?s={search_term_string}\"},\"query-input\":{\"@type\":\"PropertyValueSpecification\",\"valueRequired\":true,\"valueName\":\"search_term_string\"}}],\"inLanguage\":\"pt-BR\"},{\"@type\":\"Organization\",\"@id\":\"https:\/\/www.notibras.com\/site\/#organization\",\"name\":\"Grupo Notibras de Comunica\u00e7\u00e3o\",\"url\":\"https:\/\/www.notibras.com\/site\/\",\"logo\":{\"@type\":\"ImageObject\",\"inLanguage\":\"pt-BR\",\"@id\":\"https:\/\/www.notibras.com\/site\/#\/schema\/logo\/image\/\",\"url\":\"https:\/\/www.notibras.com\/site\/wp-content\/uploads\/2023\/01\/notibras23.png\",\"contentUrl\":\"https:\/\/www.notibras.com\/site\/wp-content\/uploads\/2023\/01\/notibras23.png\",\"width\":350,\"height\":87,\"caption\":\"Grupo Notibras de Comunica\u00e7\u00e3o\"},\"image\":{\"@id\":\"https:\/\/www.notibras.com\/site\/#\/schema\/logo\/image\/\"},\"sameAs\":[\"https:\/\/www.facebook.com\/notibras\/\",\"https:\/\/x.com\/Notibras\",\"https:\/\/www.instagram.com\/notibras\/\"]},{\"@type\":\"Person\",\"@id\":\"https:\/\/www.notibras.com\/site\/#\/schema\/person\/36ab0979449956132d3e5b517ea76ac8\",\"name\":\"Reda\u00e7\u00e3o\",\"image\":{\"@type\":\"ImageObject\",\"inLanguage\":\"pt-BR\",\"@id\":\"https:\/\/secure.gravatar.com\/avatar\/e0a867bdedb85fd243eadf09663511f96fc81e0720a4a42581f334ad4303aa6b?s=96&d=mm&r=g\",\"url\":\"https:\/\/secure.gravatar.com\/avatar\/e0a867bdedb85fd243eadf09663511f96fc81e0720a4a42581f334ad4303aa6b?s=96&d=mm&r=g\",\"contentUrl\":\"https:\/\/secure.gravatar.com\/avatar\/e0a867bdedb85fd243eadf09663511f96fc81e0720a4a42581f334ad4303aa6b?s=96&d=mm&r=g\",\"caption\":\"Reda\u00e7\u00e3o\"}}]}<\/script>\n<!-- \/ Yoast SEO plugin. -->","yoast_head_json":{"title":"Repasse recorde agiliza manuten\u00e7\u00e3o de escolas p\u00fablicas - Notibras","robots":{"index":"index","follow":"follow","max-snippet":"max-snippet:-1","max-image-preview":"max-image-preview:large","max-video-preview":"max-video-preview:-1"},"canonical":"https:\/\/www.notibras.com\/site\/repasse-recorde-agiliza-manutencao-de-escolas-publicas\/","og_locale":"pt_BR","og_type":"article","og_title":"Repasse recorde agiliza manuten\u00e7\u00e3o de escolas p\u00fablicas - Notibras","og_description":"Criado para dar autonomia \u00e0s escolas na tomada de decis\u00f5es sobre pequenos reparos e compra de materiais, o Programa de Descentraliza\u00e7\u00e3o Administrativa e Financeira (Pdaf) bateu recorde em 2023 ao atingir cerca de R$ 263 milh\u00f5es repassados \u00e0s regionais de ensino. O maior valor obtido at\u00e9 ent\u00e3o era de 2021, quando R$ 248,4 milh\u00f5es foram [&hellip;]","og_url":"https:\/\/www.notibras.com\/site\/repasse-recorde-agiliza-manutencao-de-escolas-publicas\/","og_site_name":"Notibras","article_publisher":"https:\/\/www.facebook.com\/notibras\/","article_published_time":"2024-02-19T03:31:48+00:00","article_modified_time":"2024-02-19T10:33:34+00:00","og_image":[{"width":1536,"height":1023,"url":"https:\/\/www.notibras.com\/site\/wp-content\/uploads\/2024\/02\/WhatsApp-Image-2024-02-09-at-14.08.22-1536x1023-1.jpeg","type":"image\/jpeg"}],"author":"Reda\u00e7\u00e3o","twitter_card":"summary_large_image","twitter_creator":"@Notibras","twitter_site":"@Notibras","twitter_misc":{"Escrito por":"Reda\u00e7\u00e3o","Est. tempo de leitura":"4 minutos"},"schema":{"@context":"https:\/\/schema.org","@graph":[{"@type":"Article","@id":"https:\/\/www.notibras.com\/site\/repasse-recorde-agiliza-manutencao-de-escolas-publicas\/#article","isPartOf":{"@id":"https:\/\/www.notibras.com\/site\/repasse-recorde-agiliza-manutencao-de-escolas-publicas\/"},"author":{"name":"Reda\u00e7\u00e3o","@id":"https:\/\/www.notibras.com\/site\/#\/schema\/person\/36ab0979449956132d3e5b517ea76ac8"},"headline":"Repasse recorde agiliza manuten\u00e7\u00e3o de escolas p\u00fablicas","datePublished":"2024-02-19T03:31:48+00:00","dateModified":"2024-02-19T10:33:34+00:00","mainEntityOfPage":{"@id":"https:\/\/www.notibras.com\/site\/repasse-recorde-agiliza-manutencao-de-escolas-publicas\/"},"wordCount":661,"publisher":{"@id":"https:\/\/www.notibras.com\/site\/#organization"},"image":{"@id":"https:\/\/www.notibras.com\/site\/repasse-recorde-agiliza-manutencao-de-escolas-publicas\/#primaryimage"},"thumbnailUrl":"https:\/\/www.notibras.com\/site\/wp-content\/uploads\/2024\/02\/WhatsApp-Image-2024-02-09-at-14.08.22-1536x1023-1.jpeg","articleSection":["Quadradinho em Foco"],"inLanguage":"pt-BR"},{"@type":"WebPage","@id":"https:\/\/www.notibras.com\/site\/repasse-recorde-agiliza-manutencao-de-escolas-publicas\/","url":"https:\/\/www.notibras.com\/site\/repasse-recorde-agiliza-manutencao-de-escolas-publicas\/","name":"Repasse recorde agiliza manuten\u00e7\u00e3o de escolas p\u00fablicas - Notibras","isPartOf":{"@id":"https:\/\/www.notibras.com\/site\/#website"},"primaryImageOfPage":{"@id":"https:\/\/www.notibras.com\/site\/repasse-recorde-agiliza-manutencao-de-escolas-publicas\/#primaryimage"},"image":{"@id":"https:\/\/www.notibras.com\/site\/repasse-recorde-agiliza-manutencao-de-escolas-publicas\/#primaryimage"},"thumbnailUrl":"https:\/\/www.notibras.com\/site\/wp-content\/uploads\/2024\/02\/WhatsApp-Image-2024-02-09-at-14.08.22-1536x1023-1.jpeg","datePublished":"2024-02-19T03:31:48+00:00","dateModified":"2024-02-19T10:33:34+00:00","breadcrumb":{"@id":"https:\/\/www.notibras.com\/site\/repasse-recorde-agiliza-manutencao-de-escolas-publicas\/#breadcrumb"},"inLanguage":"pt-BR","potentialAction":[{"@type":"ReadAction","target":["https:\/\/www.notibras.com\/site\/repasse-recorde-agiliza-manutencao-de-escolas-publicas\/"]}]},{"@type":"ImageObject","inLanguage":"pt-BR","@id":"https:\/\/www.notibras.com\/site\/repasse-recorde-agiliza-manutencao-de-escolas-publicas\/#primaryimage","url":"https:\/\/www.notibras.com\/site\/wp-content\/uploads\/2024\/02\/WhatsApp-Image-2024-02-09-at-14.08.22-1536x1023-1.jpeg","contentUrl":"https:\/\/www.notibras.com\/site\/wp-content\/uploads\/2024\/02\/WhatsApp-Image-2024-02-09-at-14.08.22-1536x1023-1.jpeg","width":1536,"height":1023},{"@type":"BreadcrumbList","@id":"https:\/\/www.notibras.com\/site\/repasse-recorde-agiliza-manutencao-de-escolas-publicas\/#breadcrumb","itemListElement":[{"@type":"ListItem","position":1,"name":"In\u00edcio","item":"https:\/\/www.notibras.com\/site\/"},{"@type":"ListItem","position":2,"name":"Repasse recorde agiliza manuten\u00e7\u00e3o de escolas p\u00fablicas"}]},{"@type":"WebSite","@id":"https:\/\/www.notibras.com\/site\/#website","url":"https:\/\/www.notibras.com\/site\/","name":"Notibras","description":"Not\u00edcias de Bras\u00edlia, do Brasil e do Mundo","publisher":{"@id":"https:\/\/www.notibras.com\/site\/#organization"},"potentialAction":[{"@type":"SearchAction","target":{"@type":"EntryPoint","urlTemplate":"https:\/\/www.notibras.com\/site\/?s={search_term_string}"},"query-input":{"@type":"PropertyValueSpecification","valueRequired":true,"valueName":"search_term_string"}}],"inLanguage":"pt-BR"},{"@type":"Organization","@id":"https:\/\/www.notibras.com\/site\/#organization","name":"Grupo Notibras de Comunica\u00e7\u00e3o","url":"https:\/\/www.notibras.com\/site\/","logo":{"@type":"ImageObject","inLanguage":"pt-BR","@id":"https:\/\/www.notibras.com\/site\/#\/schema\/logo\/image\/","url":"https:\/\/www.notibras.com\/site\/wp-content\/uploads\/2023\/01\/notibras23.png","contentUrl":"https:\/\/www.notibras.com\/site\/wp-content\/uploads\/2023\/01\/notibras23.png","width":350,"height":87,"caption":"Grupo Notibras de Comunica\u00e7\u00e3o"},"image":{"@id":"https:\/\/www.notibras.com\/site\/#\/schema\/logo\/image\/"},"sameAs":["https:\/\/www.facebook.com\/notibras\/","https:\/\/x.com\/Notibras","https:\/\/www.instagram.com\/notibras\/"]},{"@type":"Person","@id":"https:\/\/www.notibras.com\/site\/#\/schema\/person\/36ab0979449956132d3e5b517ea76ac8","name":"Reda\u00e7\u00e3o","image":{"@type":"ImageObject","inLanguage":"pt-BR","@id":"https:\/\/secure.gravatar.com\/avatar\/e0a867bdedb85fd243eadf09663511f96fc81e0720a4a42581f334ad4303aa6b?s=96&d=mm&r=g","url":"https:\/\/secure.gravatar.com\/avatar\/e0a867bdedb85fd243eadf09663511f96fc81e0720a4a42581f334ad4303aa6b?s=96&d=mm&r=g","contentUrl":"https:\/\/secure.gravatar.com\/avatar\/e0a867bdedb85fd243eadf09663511f96fc81e0720a4a42581f334ad4303aa6b?s=96&d=mm&r=g","caption":"Reda\u00e7\u00e3o"}}]}},"amp_enabled":true,"_links":{"self":[{"href":"https:\/\/www.notibras.com\/site\/wp-json\/wp\/v2\/posts\/322714","targetHints":{"allow":["GET"]}}],"collection":[{"href":"https:\/\/www.notibras.com\/site\/wp-json\/wp\/v2\/posts"}],"about":[{"href":"https:\/\/www.notibras.com\/site\/wp-json\/wp\/v2\/types\/post"}],"author":[{"embeddable":true,"href":"https:\/\/www.notibras.com\/site\/wp-json\/wp\/v2\/users\/2"}],"replies":[{"embeddable":true,"href":"https:\/\/www.notibras.com\/site\/wp-json\/wp\/v2\/comments?post=322714"}],"version-history":[{"count":1,"href":"https:\/\/www.notibras.com\/site\/wp-json\/wp\/v2\/posts\/322714\/revisions"}],"predecessor-version":[{"id":322716,"href":"https:\/\/www.notibras.com\/site\/wp-json\/wp\/v2\/posts\/322714\/revisions\/322716"}],"wp:featuredmedia":[{"embeddable":true,"href":"https:\/\/www.notibras.com\/site\/wp-json\/wp\/v2\/media\/322715"}],"wp:attachment":[{"href":"https:\/\/www.notibras.com\/site\/wp-json\/wp\/v2\/media?parent=322714"}],"wp:term":[{"taxonomy":"category","embeddable":true,"href":"https:\/\/www.notibras.com\/site\/wp-json\/wp\/v2\/categories?post=322714"},{"taxonomy":"post_tag","embeddable":true,"href":"https:\/\/www.notibras.com\/site\/wp-json\/wp\/v2\/tags?post=322714"}],"curies":[{"name":"wp","href":"https:\/\/api.w.org\/{rel}","templated":true}]}}