{"id":322717,"date":"2024-02-19T00:37:34","date_gmt":"2024-02-19T03:37:34","guid":{"rendered":"https:\/\/www.notibras.com\/site\/?p=322717"},"modified":"2024-02-19T07:41:56","modified_gmt":"2024-02-19T10:41:56","slug":"plantas-fazem-de-brasilia-uma-eterna-cidade-primaveril","status":"publish","type":"post","link":"https:\/\/www.notibras.com\/site\/plantas-fazem-de-brasilia-uma-eterna-cidade-primaveril\/","title":{"rendered":"Plantas fazem de Bras\u00edlia uma eterna cidade primaveril"},"content":{"rendered":"<p>A lista \u00e9 extensa e variada: mais de 5,5 milh\u00f5es de \u00e1rvores ornamentam o Distrito Federal. Cada esp\u00e9cie segue um ritmo pr\u00f3prio de flora\u00e7\u00e3o e, combinadas, garantem que as regi\u00f5es administrativas fiquem adornadas o ano inteiro. O calend\u00e1rio \u00e9 diverso: dos famosos ip\u00eas, queridinhos da popula\u00e7\u00e3o, a esp\u00e9cies menos conhecidas, as principais flora\u00e7\u00f5es trazem cor e uma paleta diversa para a capital.<\/p>\n<p>Mais de 200 esp\u00e9cies de \u00e1rvores s\u00e3o desenvolvidas pela Companhia Urbanizadora da Nova Capital do Brasil (Novacap), das quais cerca de 60% s\u00e3o nativas do Cerrado. \u00c9 o caso do ing\u00e1-mirim e do ing\u00e1-colar, que despontam logo em janeiro, bem como dos ip\u00eas, do jatob\u00e1-da-mata e do jatob\u00e1-do-cerrado, que florescem em junho.<\/p>\n<p>J\u00e1 entre as mudas de outras vegeta\u00e7\u00f5es adaptadas ao Quadradinho, h\u00e1 o pau-brasil e o oiti, esp\u00e9cies da Mata Atl\u00e2ntica. As \u00e1rvores do pau-brasil caracterizam-se por flores amarelas que abrem em meados de setembro. Tamb\u00e9m em tons amarelados, sendo algumas brancas, as flores do oiti d\u00e3o o ar da gra\u00e7a em novembro.<\/p>\n<p>A chefe da Divis\u00e3o de Agronomia da Novacap, Janaina Gonz\u00e1lez, explica que o calend\u00e1rio n\u00e3o \u00e9 fixo, mas uma previs\u00e3o dos ciclos das \u00e1rvores. \u201cIndicamos um per\u00edodo em que as esp\u00e9cies costumam florescer mais. Por\u00e9m, n\u00e3o s\u00e3o datas fixas. O cambu\u00ed, por exemplo, costuma florir em janeiro, mas no final de dezembro passado j\u00e1 estava no auge da flora\u00e7\u00e3o\u201d, esclarece. As altera\u00e7\u00f5es ocorrem devido a fatores clim\u00e1ticos, como aumento ou atraso do per\u00edodo chuvoso.<\/p>\n<p>A fixa\u00e7\u00e3o dos meses \u00e9 uma forma de organizar a coleta de sementes. \u201cTodas as plantas que s\u00e3o plantadas no DF nasceram de sementes daqui mesmo. N\u00f3s monitoramos a flora\u00e7\u00e3o para saber quando poderemos fazer a coleta e, em seguida, o beneficiamento, que \u00e9 o tratamento para a multiplica\u00e7\u00e3o das plantas\u201d, afirma Gonz\u00e1lez. O beneficiamento ocorre no Viveiro 1, localizado no Park Way, enquanto o desenvolvimento das mudas \u00e9 realizado no Viveiro 2, no Setor de Oficinas Norte (SOF Norte).<\/p>\n<p><strong>Os cuidados<\/strong><br \/>\nA Novacap \u00e9 respons\u00e1vel pelo plantio e manuten\u00e7\u00e3o das \u00e1rvores, coordenando desde a coleta de sementes a implanta\u00e7\u00e3o das mudas nas cidades e a\u00e7\u00f5es posteriores, como podas preventivas. O plantio feito pela popula\u00e7\u00e3o deve ser orientado por equipes t\u00e9cnicas do \u00f3rg\u00e3o para evitar preju\u00edzos estruturais e at\u00e9 acidentes. O servi\u00e7o pode ser solicitado pela Ouvidoria-Geral do Distrito Federal, por meio do telefone 162 ou pelo site.<\/p>\n","protected":false},"excerpt":{"rendered":"<p>A lista \u00e9 extensa e variada: mais de 5,5 milh\u00f5es de \u00e1rvores ornamentam o Distrito Federal. Cada esp\u00e9cie segue um ritmo pr\u00f3prio de flora\u00e7\u00e3o e, combinadas, garantem que as regi\u00f5es administrativas fiquem adornadas o ano inteiro. O calend\u00e1rio \u00e9 diverso: dos famosos ip\u00eas, queridinhos da popula\u00e7\u00e3o, a esp\u00e9cies menos conhecidas, as principais flora\u00e7\u00f5es trazem cor [&hellip;]<\/p>\n","protected":false},"author":2,"featured_media":322718,"comment_status":"closed","ping_status":"closed","sticky":false,"template":"","format":"standard","meta":{"_acf_changed":false,"footnotes":""},"categories":[161],"tags":[],"class_list":["post-322717","post","type-post","status-publish","format-standard","has-post-thumbnail","hentry","category-quadradinho-em-foco"],"acf":[],"yoast_head":"<!-- This site is optimized with the Yoast SEO plugin v27.2 - https:\/\/yoast.com\/product\/yoast-seo-wordpress\/ -->\n<title>Plantas fazem de Bras\u00edlia uma eterna cidade primaveril - Notibras<\/title>\n<meta name=\"robots\" content=\"index, follow, max-snippet:-1, max-image-preview:large, max-video-preview:-1\" \/>\n<link rel=\"canonical\" href=\"https:\/\/www.notibras.com\/site\/plantas-fazem-de-brasilia-uma-eterna-cidade-primaveril\/\" \/>\n<meta property=\"og:locale\" content=\"pt_BR\" \/>\n<meta property=\"og:type\" content=\"article\" \/>\n<meta property=\"og:title\" content=\"Plantas fazem de Bras\u00edlia uma eterna cidade primaveril - Notibras\" \/>\n<meta property=\"og:description\" content=\"A lista \u00e9 extensa e variada: mais de 5,5 milh\u00f5es de \u00e1rvores ornamentam o Distrito Federal. Cada esp\u00e9cie segue um ritmo pr\u00f3prio de flora\u00e7\u00e3o e, combinadas, garantem que as regi\u00f5es administrativas fiquem adornadas o ano inteiro. O calend\u00e1rio \u00e9 diverso: dos famosos ip\u00eas, queridinhos da popula\u00e7\u00e3o, a esp\u00e9cies menos conhecidas, as principais flora\u00e7\u00f5es trazem cor [&hellip;]\" \/>\n<meta property=\"og:url\" content=\"https:\/\/www.notibras.com\/site\/plantas-fazem-de-brasilia-uma-eterna-cidade-primaveril\/\" \/>\n<meta property=\"og:site_name\" content=\"Notibras\" \/>\n<meta property=\"article:publisher\" content=\"https:\/\/www.facebook.com\/notibras\/\" \/>\n<meta property=\"article:published_time\" content=\"2024-02-19T03:37:34+00:00\" \/>\n<meta property=\"article:modified_time\" content=\"2024-02-19T10:41:56+00:00\" \/>\n<meta property=\"og:image\" content=\"https:\/\/www.notibras.com\/site\/wp-content\/uploads\/2024\/02\/53535763572_23b88a0925_c.jpg\" \/>\n\t<meta property=\"og:image:width\" content=\"800\" \/>\n\t<meta property=\"og:image:height\" content=\"531\" \/>\n\t<meta property=\"og:image:type\" content=\"image\/jpeg\" \/>\n<meta name=\"author\" content=\"Reda\u00e7\u00e3o\" \/>\n<meta name=\"twitter:card\" content=\"summary_large_image\" \/>\n<meta name=\"twitter:creator\" content=\"@Notibras\" \/>\n<meta name=\"twitter:site\" content=\"@Notibras\" \/>\n<meta name=\"twitter:label1\" content=\"Escrito por\" \/>\n\t<meta name=\"twitter:data1\" content=\"Reda\u00e7\u00e3o\" \/>\n\t<meta name=\"twitter:label2\" content=\"Est. tempo de leitura\" \/>\n\t<meta name=\"twitter:data2\" content=\"3 minutos\" \/>\n<script type=\"application\/ld+json\" class=\"yoast-schema-graph\">{\"@context\":\"https:\/\/schema.org\",\"@graph\":[{\"@type\":\"Article\",\"@id\":\"https:\/\/www.notibras.com\/site\/plantas-fazem-de-brasilia-uma-eterna-cidade-primaveril\/#article\",\"isPartOf\":{\"@id\":\"https:\/\/www.notibras.com\/site\/plantas-fazem-de-brasilia-uma-eterna-cidade-primaveril\/\"},\"author\":{\"name\":\"Reda\u00e7\u00e3o\",\"@id\":\"https:\/\/www.notibras.com\/site\/#\/schema\/person\/36ab0979449956132d3e5b517ea76ac8\"},\"headline\":\"Plantas fazem de Bras\u00edlia uma eterna cidade primaveril\",\"datePublished\":\"2024-02-19T03:37:34+00:00\",\"dateModified\":\"2024-02-19T10:41:56+00:00\",\"mainEntityOfPage\":{\"@id\":\"https:\/\/www.notibras.com\/site\/plantas-fazem-de-brasilia-uma-eterna-cidade-primaveril\/\"},\"wordCount\":436,\"publisher\":{\"@id\":\"https:\/\/www.notibras.com\/site\/#organization\"},\"image\":{\"@id\":\"https:\/\/www.notibras.com\/site\/plantas-fazem-de-brasilia-uma-eterna-cidade-primaveril\/#primaryimage\"},\"thumbnailUrl\":\"https:\/\/www.notibras.com\/site\/wp-content\/uploads\/2024\/02\/53535763572_23b88a0925_c.jpg\",\"articleSection\":[\"Quadradinho em Foco\"],\"inLanguage\":\"pt-BR\"},{\"@type\":\"WebPage\",\"@id\":\"https:\/\/www.notibras.com\/site\/plantas-fazem-de-brasilia-uma-eterna-cidade-primaveril\/\",\"url\":\"https:\/\/www.notibras.com\/site\/plantas-fazem-de-brasilia-uma-eterna-cidade-primaveril\/\",\"name\":\"Plantas fazem de Bras\u00edlia uma eterna cidade primaveril - Notibras\",\"isPartOf\":{\"@id\":\"https:\/\/www.notibras.com\/site\/#website\"},\"primaryImageOfPage\":{\"@id\":\"https:\/\/www.notibras.com\/site\/plantas-fazem-de-brasilia-uma-eterna-cidade-primaveril\/#primaryimage\"},\"image\":{\"@id\":\"https:\/\/www.notibras.com\/site\/plantas-fazem-de-brasilia-uma-eterna-cidade-primaveril\/#primaryimage\"},\"thumbnailUrl\":\"https:\/\/www.notibras.com\/site\/wp-content\/uploads\/2024\/02\/53535763572_23b88a0925_c.jpg\",\"datePublished\":\"2024-02-19T03:37:34+00:00\",\"dateModified\":\"2024-02-19T10:41:56+00:00\",\"breadcrumb\":{\"@id\":\"https:\/\/www.notibras.com\/site\/plantas-fazem-de-brasilia-uma-eterna-cidade-primaveril\/#breadcrumb\"},\"inLanguage\":\"pt-BR\",\"potentialAction\":[{\"@type\":\"ReadAction\",\"target\":[\"https:\/\/www.notibras.com\/site\/plantas-fazem-de-brasilia-uma-eterna-cidade-primaveril\/\"]}]},{\"@type\":\"ImageObject\",\"inLanguage\":\"pt-BR\",\"@id\":\"https:\/\/www.notibras.com\/site\/plantas-fazem-de-brasilia-uma-eterna-cidade-primaveril\/#primaryimage\",\"url\":\"https:\/\/www.notibras.com\/site\/wp-content\/uploads\/2024\/02\/53535763572_23b88a0925_c.jpg\",\"contentUrl\":\"https:\/\/www.notibras.com\/site\/wp-content\/uploads\/2024\/02\/53535763572_23b88a0925_c.jpg\",\"width\":800,\"height\":531},{\"@type\":\"BreadcrumbList\",\"@id\":\"https:\/\/www.notibras.com\/site\/plantas-fazem-de-brasilia-uma-eterna-cidade-primaveril\/#breadcrumb\",\"itemListElement\":[{\"@type\":\"ListItem\",\"position\":1,\"name\":\"In\u00edcio\",\"item\":\"https:\/\/www.notibras.com\/site\/\"},{\"@type\":\"ListItem\",\"position\":2,\"name\":\"Plantas fazem de Bras\u00edlia uma eterna cidade primaveril\"}]},{\"@type\":\"WebSite\",\"@id\":\"https:\/\/www.notibras.com\/site\/#website\",\"url\":\"https:\/\/www.notibras.com\/site\/\",\"name\":\"Notibras\",\"description\":\"Not\u00edcias de Bras\u00edlia, do Brasil e do Mundo\",\"publisher\":{\"@id\":\"https:\/\/www.notibras.com\/site\/#organization\"},\"potentialAction\":[{\"@type\":\"SearchAction\",\"target\":{\"@type\":\"EntryPoint\",\"urlTemplate\":\"https:\/\/www.notibras.com\/site\/?s={search_term_string}\"},\"query-input\":{\"@type\":\"PropertyValueSpecification\",\"valueRequired\":true,\"valueName\":\"search_term_string\"}}],\"inLanguage\":\"pt-BR\"},{\"@type\":\"Organization\",\"@id\":\"https:\/\/www.notibras.com\/site\/#organization\",\"name\":\"Grupo Notibras de Comunica\u00e7\u00e3o\",\"url\":\"https:\/\/www.notibras.com\/site\/\",\"logo\":{\"@type\":\"ImageObject\",\"inLanguage\":\"pt-BR\",\"@id\":\"https:\/\/www.notibras.com\/site\/#\/schema\/logo\/image\/\",\"url\":\"https:\/\/www.notibras.com\/site\/wp-content\/uploads\/2023\/01\/notibras23.png\",\"contentUrl\":\"https:\/\/www.notibras.com\/site\/wp-content\/uploads\/2023\/01\/notibras23.png\",\"width\":350,\"height\":87,\"caption\":\"Grupo Notibras de Comunica\u00e7\u00e3o\"},\"image\":{\"@id\":\"https:\/\/www.notibras.com\/site\/#\/schema\/logo\/image\/\"},\"sameAs\":[\"https:\/\/www.facebook.com\/notibras\/\",\"https:\/\/x.com\/Notibras\",\"https:\/\/www.instagram.com\/notibras\/\"]},{\"@type\":\"Person\",\"@id\":\"https:\/\/www.notibras.com\/site\/#\/schema\/person\/36ab0979449956132d3e5b517ea76ac8\",\"name\":\"Reda\u00e7\u00e3o\",\"image\":{\"@type\":\"ImageObject\",\"inLanguage\":\"pt-BR\",\"@id\":\"https:\/\/secure.gravatar.com\/avatar\/e0a867bdedb85fd243eadf09663511f96fc81e0720a4a42581f334ad4303aa6b?s=96&d=mm&r=g\",\"url\":\"https:\/\/secure.gravatar.com\/avatar\/e0a867bdedb85fd243eadf09663511f96fc81e0720a4a42581f334ad4303aa6b?s=96&d=mm&r=g\",\"contentUrl\":\"https:\/\/secure.gravatar.com\/avatar\/e0a867bdedb85fd243eadf09663511f96fc81e0720a4a42581f334ad4303aa6b?s=96&d=mm&r=g\",\"caption\":\"Reda\u00e7\u00e3o\"}}]}<\/script>\n<!-- \/ Yoast SEO plugin. -->","yoast_head_json":{"title":"Plantas fazem de Bras\u00edlia uma eterna cidade primaveril - Notibras","robots":{"index":"index","follow":"follow","max-snippet":"max-snippet:-1","max-image-preview":"max-image-preview:large","max-video-preview":"max-video-preview:-1"},"canonical":"https:\/\/www.notibras.com\/site\/plantas-fazem-de-brasilia-uma-eterna-cidade-primaveril\/","og_locale":"pt_BR","og_type":"article","og_title":"Plantas fazem de Bras\u00edlia uma eterna cidade primaveril - Notibras","og_description":"A lista \u00e9 extensa e variada: mais de 5,5 milh\u00f5es de \u00e1rvores ornamentam o Distrito Federal. Cada esp\u00e9cie segue um ritmo pr\u00f3prio de flora\u00e7\u00e3o e, combinadas, garantem que as regi\u00f5es administrativas fiquem adornadas o ano inteiro. O calend\u00e1rio \u00e9 diverso: dos famosos ip\u00eas, queridinhos da popula\u00e7\u00e3o, a esp\u00e9cies menos conhecidas, as principais flora\u00e7\u00f5es trazem cor [&hellip;]","og_url":"https:\/\/www.notibras.com\/site\/plantas-fazem-de-brasilia-uma-eterna-cidade-primaveril\/","og_site_name":"Notibras","article_publisher":"https:\/\/www.facebook.com\/notibras\/","article_published_time":"2024-02-19T03:37:34+00:00","article_modified_time":"2024-02-19T10:41:56+00:00","og_image":[{"width":800,"height":531,"url":"https:\/\/www.notibras.com\/site\/wp-content\/uploads\/2024\/02\/53535763572_23b88a0925_c.jpg","type":"image\/jpeg"}],"author":"Reda\u00e7\u00e3o","twitter_card":"summary_large_image","twitter_creator":"@Notibras","twitter_site":"@Notibras","twitter_misc":{"Escrito por":"Reda\u00e7\u00e3o","Est. tempo de leitura":"3 minutos"},"schema":{"@context":"https:\/\/schema.org","@graph":[{"@type":"Article","@id":"https:\/\/www.notibras.com\/site\/plantas-fazem-de-brasilia-uma-eterna-cidade-primaveril\/#article","isPartOf":{"@id":"https:\/\/www.notibras.com\/site\/plantas-fazem-de-brasilia-uma-eterna-cidade-primaveril\/"},"author":{"name":"Reda\u00e7\u00e3o","@id":"https:\/\/www.notibras.com\/site\/#\/schema\/person\/36ab0979449956132d3e5b517ea76ac8"},"headline":"Plantas fazem de Bras\u00edlia uma eterna cidade primaveril","datePublished":"2024-02-19T03:37:34+00:00","dateModified":"2024-02-19T10:41:56+00:00","mainEntityOfPage":{"@id":"https:\/\/www.notibras.com\/site\/plantas-fazem-de-brasilia-uma-eterna-cidade-primaveril\/"},"wordCount":436,"publisher":{"@id":"https:\/\/www.notibras.com\/site\/#organization"},"image":{"@id":"https:\/\/www.notibras.com\/site\/plantas-fazem-de-brasilia-uma-eterna-cidade-primaveril\/#primaryimage"},"thumbnailUrl":"https:\/\/www.notibras.com\/site\/wp-content\/uploads\/2024\/02\/53535763572_23b88a0925_c.jpg","articleSection":["Quadradinho em Foco"],"inLanguage":"pt-BR"},{"@type":"WebPage","@id":"https:\/\/www.notibras.com\/site\/plantas-fazem-de-brasilia-uma-eterna-cidade-primaveril\/","url":"https:\/\/www.notibras.com\/site\/plantas-fazem-de-brasilia-uma-eterna-cidade-primaveril\/","name":"Plantas fazem de Bras\u00edlia uma eterna cidade primaveril - Notibras","isPartOf":{"@id":"https:\/\/www.notibras.com\/site\/#website"},"primaryImageOfPage":{"@id":"https:\/\/www.notibras.com\/site\/plantas-fazem-de-brasilia-uma-eterna-cidade-primaveril\/#primaryimage"},"image":{"@id":"https:\/\/www.notibras.com\/site\/plantas-fazem-de-brasilia-uma-eterna-cidade-primaveril\/#primaryimage"},"thumbnailUrl":"https:\/\/www.notibras.com\/site\/wp-content\/uploads\/2024\/02\/53535763572_23b88a0925_c.jpg","datePublished":"2024-02-19T03:37:34+00:00","dateModified":"2024-02-19T10:41:56+00:00","breadcrumb":{"@id":"https:\/\/www.notibras.com\/site\/plantas-fazem-de-brasilia-uma-eterna-cidade-primaveril\/#breadcrumb"},"inLanguage":"pt-BR","potentialAction":[{"@type":"ReadAction","target":["https:\/\/www.notibras.com\/site\/plantas-fazem-de-brasilia-uma-eterna-cidade-primaveril\/"]}]},{"@type":"ImageObject","inLanguage":"pt-BR","@id":"https:\/\/www.notibras.com\/site\/plantas-fazem-de-brasilia-uma-eterna-cidade-primaveril\/#primaryimage","url":"https:\/\/www.notibras.com\/site\/wp-content\/uploads\/2024\/02\/53535763572_23b88a0925_c.jpg","contentUrl":"https:\/\/www.notibras.com\/site\/wp-content\/uploads\/2024\/02\/53535763572_23b88a0925_c.jpg","width":800,"height":531},{"@type":"BreadcrumbList","@id":"https:\/\/www.notibras.com\/site\/plantas-fazem-de-brasilia-uma-eterna-cidade-primaveril\/#breadcrumb","itemListElement":[{"@type":"ListItem","position":1,"name":"In\u00edcio","item":"https:\/\/www.notibras.com\/site\/"},{"@type":"ListItem","position":2,"name":"Plantas fazem de Bras\u00edlia uma eterna cidade primaveril"}]},{"@type":"WebSite","@id":"https:\/\/www.notibras.com\/site\/#website","url":"https:\/\/www.notibras.com\/site\/","name":"Notibras","description":"Not\u00edcias de Bras\u00edlia, do Brasil e do Mundo","publisher":{"@id":"https:\/\/www.notibras.com\/site\/#organization"},"potentialAction":[{"@type":"SearchAction","target":{"@type":"EntryPoint","urlTemplate":"https:\/\/www.notibras.com\/site\/?s={search_term_string}"},"query-input":{"@type":"PropertyValueSpecification","valueRequired":true,"valueName":"search_term_string"}}],"inLanguage":"pt-BR"},{"@type":"Organization","@id":"https:\/\/www.notibras.com\/site\/#organization","name":"Grupo Notibras de Comunica\u00e7\u00e3o","url":"https:\/\/www.notibras.com\/site\/","logo":{"@type":"ImageObject","inLanguage":"pt-BR","@id":"https:\/\/www.notibras.com\/site\/#\/schema\/logo\/image\/","url":"https:\/\/www.notibras.com\/site\/wp-content\/uploads\/2023\/01\/notibras23.png","contentUrl":"https:\/\/www.notibras.com\/site\/wp-content\/uploads\/2023\/01\/notibras23.png","width":350,"height":87,"caption":"Grupo Notibras de Comunica\u00e7\u00e3o"},"image":{"@id":"https:\/\/www.notibras.com\/site\/#\/schema\/logo\/image\/"},"sameAs":["https:\/\/www.facebook.com\/notibras\/","https:\/\/x.com\/Notibras","https:\/\/www.instagram.com\/notibras\/"]},{"@type":"Person","@id":"https:\/\/www.notibras.com\/site\/#\/schema\/person\/36ab0979449956132d3e5b517ea76ac8","name":"Reda\u00e7\u00e3o","image":{"@type":"ImageObject","inLanguage":"pt-BR","@id":"https:\/\/secure.gravatar.com\/avatar\/e0a867bdedb85fd243eadf09663511f96fc81e0720a4a42581f334ad4303aa6b?s=96&d=mm&r=g","url":"https:\/\/secure.gravatar.com\/avatar\/e0a867bdedb85fd243eadf09663511f96fc81e0720a4a42581f334ad4303aa6b?s=96&d=mm&r=g","contentUrl":"https:\/\/secure.gravatar.com\/avatar\/e0a867bdedb85fd243eadf09663511f96fc81e0720a4a42581f334ad4303aa6b?s=96&d=mm&r=g","caption":"Reda\u00e7\u00e3o"}}]}},"amp_enabled":true,"_links":{"self":[{"href":"https:\/\/www.notibras.com\/site\/wp-json\/wp\/v2\/posts\/322717","targetHints":{"allow":["GET"]}}],"collection":[{"href":"https:\/\/www.notibras.com\/site\/wp-json\/wp\/v2\/posts"}],"about":[{"href":"https:\/\/www.notibras.com\/site\/wp-json\/wp\/v2\/types\/post"}],"author":[{"embeddable":true,"href":"https:\/\/www.notibras.com\/site\/wp-json\/wp\/v2\/users\/2"}],"replies":[{"embeddable":true,"href":"https:\/\/www.notibras.com\/site\/wp-json\/wp\/v2\/comments?post=322717"}],"version-history":[{"count":1,"href":"https:\/\/www.notibras.com\/site\/wp-json\/wp\/v2\/posts\/322717\/revisions"}],"predecessor-version":[{"id":322719,"href":"https:\/\/www.notibras.com\/site\/wp-json\/wp\/v2\/posts\/322717\/revisions\/322719"}],"wp:featuredmedia":[{"embeddable":true,"href":"https:\/\/www.notibras.com\/site\/wp-json\/wp\/v2\/media\/322718"}],"wp:attachment":[{"href":"https:\/\/www.notibras.com\/site\/wp-json\/wp\/v2\/media?parent=322717"}],"wp:term":[{"taxonomy":"category","embeddable":true,"href":"https:\/\/www.notibras.com\/site\/wp-json\/wp\/v2\/categories?post=322717"},{"taxonomy":"post_tag","embeddable":true,"href":"https:\/\/www.notibras.com\/site\/wp-json\/wp\/v2\/tags?post=322717"}],"curies":[{"name":"wp","href":"https:\/\/api.w.org\/{rel}","templated":true}]}}