{"id":322720,"date":"2024-02-19T00:00:34","date_gmt":"2024-02-19T03:00:34","guid":{"rendered":"https:\/\/www.notibras.com\/site\/?p=322720"},"modified":"2024-02-19T07:57:43","modified_gmt":"2024-02-19T10:57:43","slug":"ceilandia-tem-domingo-de-charme-com-danca-e-inclusao-social","status":"publish","type":"post","link":"https:\/\/www.notibras.com\/site\/ceilandia-tem-domingo-de-charme-com-danca-e-inclusao-social\/","title":{"rendered":"Ceil\u00e2ndia tem domingo de charme, com dan\u00e7a e inclus\u00e3o social"},"content":{"rendered":"<p>Com muito charme, a Casa do Cantador, em Ceil\u00e2ndia, celebrou neste domingo (18), a diversidade e inclus\u00e3o na segunda edi\u00e7\u00e3o do evento Cidade Diversidade. E o charme em quest\u00e3o \u00e9 um estilo de dan\u00e7a, uma sequ\u00eancia de passinhos com origem nos bailes blacks do Rio de Janeiro.<\/p>\n<p>Gratuito, o evento foi at\u00e9 as 20h no espa\u00e7o cultural, com a participa\u00e7\u00e3o de diversos DJs. O projeto \u00e9 executado por meio do Fundo de Apoio \u00e0 Cultura do DF (FAC-DF), com um recurso de R$ 140 mil.<\/p>\n<p>De acordo com a idealizadora do projeto, Tatiana Assem Haidar, al\u00e9m de reacender os bailes de charme, flashback e hip-hop, o projeto \u00e9 uma forma de expressar a arte buscando criar uma atmosfera inclusiva e celebrat\u00f3ria para a comunidade. Ela tamb\u00e9m lembrou da acessibilidade que envolve a a\u00e7\u00e3o.<\/p>\n<p>\u201cAl\u00e9m de trazer essa diversidade de nichos musicais e ver a galera dan\u00e7ando ali no meio de pessoas com mobilidade reduzida, o espa\u00e7o oferece a cobertura do sol, da chuva, os banheiros, seguran\u00e7a, \u00e1gua. O que \u00e9 muito importante, porque \u00e0s vezes a pessoa da periferia quer curtir, mas n\u00e3o tem condi\u00e7\u00f5es de pagar para ir ao evento, ou n\u00e3o tem dinheiro para comprar uma \u00e1gua, ent\u00e3o ela deixa de sair por conta disso. A Casa do Cantador traz cultura, dan\u00e7a e entretenimento para as pessoas, ent\u00e3o \u00e9 s\u00f3 chegar, entrar e se divertir\u201d, ressaltou.<\/p>\n<p>Com uma fus\u00e3o de estilos que inclui as batidas nost\u00e1lgicas do flashback, os ritmos pulsantes do hip-hop e os passinhos marcantes do charme, a trilha sonora deste domingo ser\u00e1 comandada pelos DJs Yanka, Cazuza e Pedro Fran\u00e7a. A dan\u00e7a ser\u00e1 conduzida pelas professoras Mi Guedes, Laurice e Tatiana Assem Haidar, e a expectativa \u00e9 receber cerca de 400 pessoas de todas as idades.<\/p>\n<p>A moradora de Ceil\u00e2ndia Neta Fernandes, 55, j\u00e1 dan\u00e7ava com bastante vontade no espa\u00e7o com DJ. Aposentada e presidente da associa\u00e7\u00e3o Movimento Luz, ela destaca a import\u00e2ncia do evento para as pessoas com defici\u00eancia (PcDs).<\/p>\n<p>\u201c\u00c9 muito importante ter recursos para a inclus\u00e3o social, porque na realidade a pessoa com defici\u00eancia ainda \u00e9 rotulada. Ent\u00e3o a inclus\u00e3o \u00e9 muito importante para tirar as pessoas de casa e descobrirem as pr\u00f3prias capacidades. Eu me sinto como se tivesse andando normalmente, porque a cadeira n\u00e3o \u00e9 nada pra mim\u201d, observa. \u201cIsso faz muito bem, faz com que eu me sinta rejuvenescida. J\u00e1 criei os filhos, agora vou viver pra mim\u201d, acrescentou, animada.<\/p>\n<p><strong>Riqueza cultural<\/strong><br \/>\nO diretor da Casa do Cantador, Manoel de Sousa Rodrigues, conhecido como Z\u00e9 do Cerrado, refor\u00e7a a import\u00e2ncia do espa\u00e7o p\u00fablico para servir a comunidade e gerar empregos. \u201cCeil\u00e2ndia \u00e9 um caldeir\u00e3o de cultura, o hip-hop \u00e9 muito forte nessa regi\u00e3o. A Casa do Cantador est\u00e1 incrustada de riqueza cultural, \u00e9 um espa\u00e7o muito procurado\u201d, pontuou.<\/p>\n<p><strong>Movimento Luz<\/strong><br \/>\nO militar Pedro Lopes escolheu ir ao espa\u00e7o no dia do seu anivers\u00e1rio, celebrando seus 58 anos no evento deste domingo. Com um grupo de Valpara\u00edso, onde mora, decidiu comemorar no melhor estilo: dan\u00e7ando. \u201cO charme veio para mim h\u00e1 mais ou menos seis anos, quando eu estava fazendo artes marciais com um grupo que come\u00e7ou com a dan\u00e7a, e acabei me apaixonando. E para mim hoje \u00e9 motivo de sa\u00fade, lazer, divertimento, tudo. Dan\u00e7ar \u00e9 muito bom\u201d, afirmou.<\/p>\n<p>No pr\u00f3ximo domingo (25), o evento passar\u00e1 para o Deck do Skate Park do Sol Nascente, iniciando \u00e0s 14h e indo at\u00e9 as 20h. O projeto existe h\u00e1 um ano e tamb\u00e9m proporciona aulas de charme todas as segundas e sextas-feiras na Pra\u00e7a do Cidad\u00e3o, em Ceil\u00e2ndia, das 19h \u00e0s 21h30.<\/p>\n","protected":false},"excerpt":{"rendered":"<p>Com muito charme, a Casa do Cantador, em Ceil\u00e2ndia, celebrou neste domingo (18), a diversidade e inclus\u00e3o na segunda edi\u00e7\u00e3o do evento Cidade Diversidade. E o charme em quest\u00e3o \u00e9 um estilo de dan\u00e7a, uma sequ\u00eancia de passinhos com origem nos bailes blacks do Rio de Janeiro. Gratuito, o evento foi at\u00e9 as 20h no [&hellip;]<\/p>\n","protected":false},"author":2,"featured_media":322721,"comment_status":"closed","ping_status":"closed","sticky":false,"template":"","format":"standard","meta":{"_acf_changed":false,"footnotes":""},"categories":[161],"tags":[],"class_list":["post-322720","post","type-post","status-publish","format-standard","has-post-thumbnail","hentry","category-quadradinho-em-foco"],"acf":[],"yoast_head":"<!-- This site is optimized with the Yoast SEO plugin v27.2 - https:\/\/yoast.com\/product\/yoast-seo-wordpress\/ -->\n<title>Ceil\u00e2ndia tem domingo de charme, com dan\u00e7a e inclus\u00e3o social - Notibras<\/title>\n<meta name=\"robots\" content=\"index, follow, max-snippet:-1, max-image-preview:large, max-video-preview:-1\" \/>\n<link rel=\"canonical\" href=\"https:\/\/www.notibras.com\/site\/ceilandia-tem-domingo-de-charme-com-danca-e-inclusao-social\/\" \/>\n<meta property=\"og:locale\" content=\"pt_BR\" \/>\n<meta property=\"og:type\" content=\"article\" \/>\n<meta property=\"og:title\" content=\"Ceil\u00e2ndia tem domingo de charme, com dan\u00e7a e inclus\u00e3o social - Notibras\" \/>\n<meta property=\"og:description\" content=\"Com muito charme, a Casa do Cantador, em Ceil\u00e2ndia, celebrou neste domingo (18), a diversidade e inclus\u00e3o na segunda edi\u00e7\u00e3o do evento Cidade Diversidade. E o charme em quest\u00e3o \u00e9 um estilo de dan\u00e7a, uma sequ\u00eancia de passinhos com origem nos bailes blacks do Rio de Janeiro. Gratuito, o evento foi at\u00e9 as 20h no [&hellip;]\" \/>\n<meta property=\"og:url\" content=\"https:\/\/www.notibras.com\/site\/ceilandia-tem-domingo-de-charme-com-danca-e-inclusao-social\/\" \/>\n<meta property=\"og:site_name\" content=\"Notibras\" \/>\n<meta property=\"article:publisher\" content=\"https:\/\/www.facebook.com\/notibras\/\" \/>\n<meta property=\"article:published_time\" content=\"2024-02-19T03:00:34+00:00\" \/>\n<meta property=\"article:modified_time\" content=\"2024-02-19T10:57:43+00:00\" \/>\n<meta property=\"og:image\" content=\"https:\/\/www.notibras.com\/site\/wp-content\/uploads\/2024\/02\/Dentro-2_1-3-1536x1024-1.jpg\" \/>\n\t<meta property=\"og:image:width\" content=\"1536\" \/>\n\t<meta property=\"og:image:height\" content=\"1024\" \/>\n\t<meta property=\"og:image:type\" content=\"image\/jpeg\" \/>\n<meta name=\"author\" content=\"Reda\u00e7\u00e3o\" \/>\n<meta name=\"twitter:card\" content=\"summary_large_image\" \/>\n<meta name=\"twitter:creator\" content=\"@Notibras\" \/>\n<meta name=\"twitter:site\" content=\"@Notibras\" \/>\n<meta name=\"twitter:label1\" content=\"Escrito por\" \/>\n\t<meta name=\"twitter:data1\" content=\"Reda\u00e7\u00e3o\" \/>\n\t<meta name=\"twitter:label2\" content=\"Est. tempo de leitura\" \/>\n\t<meta name=\"twitter:data2\" content=\"4 minutos\" \/>\n<script type=\"application\/ld+json\" class=\"yoast-schema-graph\">{\"@context\":\"https:\/\/schema.org\",\"@graph\":[{\"@type\":\"Article\",\"@id\":\"https:\/\/www.notibras.com\/site\/ceilandia-tem-domingo-de-charme-com-danca-e-inclusao-social\/#article\",\"isPartOf\":{\"@id\":\"https:\/\/www.notibras.com\/site\/ceilandia-tem-domingo-de-charme-com-danca-e-inclusao-social\/\"},\"author\":{\"name\":\"Reda\u00e7\u00e3o\",\"@id\":\"https:\/\/www.notibras.com\/site\/#\/schema\/person\/36ab0979449956132d3e5b517ea76ac8\"},\"headline\":\"Ceil\u00e2ndia tem domingo de charme, com dan\u00e7a e inclus\u00e3o social\",\"datePublished\":\"2024-02-19T03:00:34+00:00\",\"dateModified\":\"2024-02-19T10:57:43+00:00\",\"mainEntityOfPage\":{\"@id\":\"https:\/\/www.notibras.com\/site\/ceilandia-tem-domingo-de-charme-com-danca-e-inclusao-social\/\"},\"wordCount\":641,\"publisher\":{\"@id\":\"https:\/\/www.notibras.com\/site\/#organization\"},\"image\":{\"@id\":\"https:\/\/www.notibras.com\/site\/ceilandia-tem-domingo-de-charme-com-danca-e-inclusao-social\/#primaryimage\"},\"thumbnailUrl\":\"https:\/\/www.notibras.com\/site\/wp-content\/uploads\/2024\/02\/Dentro-2_1-3-1536x1024-1.jpg\",\"articleSection\":[\"Quadradinho em Foco\"],\"inLanguage\":\"pt-BR\"},{\"@type\":\"WebPage\",\"@id\":\"https:\/\/www.notibras.com\/site\/ceilandia-tem-domingo-de-charme-com-danca-e-inclusao-social\/\",\"url\":\"https:\/\/www.notibras.com\/site\/ceilandia-tem-domingo-de-charme-com-danca-e-inclusao-social\/\",\"name\":\"Ceil\u00e2ndia tem domingo de charme, com dan\u00e7a e inclus\u00e3o social - Notibras\",\"isPartOf\":{\"@id\":\"https:\/\/www.notibras.com\/site\/#website\"},\"primaryImageOfPage\":{\"@id\":\"https:\/\/www.notibras.com\/site\/ceilandia-tem-domingo-de-charme-com-danca-e-inclusao-social\/#primaryimage\"},\"image\":{\"@id\":\"https:\/\/www.notibras.com\/site\/ceilandia-tem-domingo-de-charme-com-danca-e-inclusao-social\/#primaryimage\"},\"thumbnailUrl\":\"https:\/\/www.notibras.com\/site\/wp-content\/uploads\/2024\/02\/Dentro-2_1-3-1536x1024-1.jpg\",\"datePublished\":\"2024-02-19T03:00:34+00:00\",\"dateModified\":\"2024-02-19T10:57:43+00:00\",\"breadcrumb\":{\"@id\":\"https:\/\/www.notibras.com\/site\/ceilandia-tem-domingo-de-charme-com-danca-e-inclusao-social\/#breadcrumb\"},\"inLanguage\":\"pt-BR\",\"potentialAction\":[{\"@type\":\"ReadAction\",\"target\":[\"https:\/\/www.notibras.com\/site\/ceilandia-tem-domingo-de-charme-com-danca-e-inclusao-social\/\"]}]},{\"@type\":\"ImageObject\",\"inLanguage\":\"pt-BR\",\"@id\":\"https:\/\/www.notibras.com\/site\/ceilandia-tem-domingo-de-charme-com-danca-e-inclusao-social\/#primaryimage\",\"url\":\"https:\/\/www.notibras.com\/site\/wp-content\/uploads\/2024\/02\/Dentro-2_1-3-1536x1024-1.jpg\",\"contentUrl\":\"https:\/\/www.notibras.com\/site\/wp-content\/uploads\/2024\/02\/Dentro-2_1-3-1536x1024-1.jpg\",\"width\":1536,\"height\":1024},{\"@type\":\"BreadcrumbList\",\"@id\":\"https:\/\/www.notibras.com\/site\/ceilandia-tem-domingo-de-charme-com-danca-e-inclusao-social\/#breadcrumb\",\"itemListElement\":[{\"@type\":\"ListItem\",\"position\":1,\"name\":\"In\u00edcio\",\"item\":\"https:\/\/www.notibras.com\/site\/\"},{\"@type\":\"ListItem\",\"position\":2,\"name\":\"Ceil\u00e2ndia tem domingo de charme, com dan\u00e7a e inclus\u00e3o social\"}]},{\"@type\":\"WebSite\",\"@id\":\"https:\/\/www.notibras.com\/site\/#website\",\"url\":\"https:\/\/www.notibras.com\/site\/\",\"name\":\"Notibras\",\"description\":\"Not\u00edcias de Bras\u00edlia, do Brasil e do Mundo\",\"publisher\":{\"@id\":\"https:\/\/www.notibras.com\/site\/#organization\"},\"potentialAction\":[{\"@type\":\"SearchAction\",\"target\":{\"@type\":\"EntryPoint\",\"urlTemplate\":\"https:\/\/www.notibras.com\/site\/?s={search_term_string}\"},\"query-input\":{\"@type\":\"PropertyValueSpecification\",\"valueRequired\":true,\"valueName\":\"search_term_string\"}}],\"inLanguage\":\"pt-BR\"},{\"@type\":\"Organization\",\"@id\":\"https:\/\/www.notibras.com\/site\/#organization\",\"name\":\"Grupo Notibras de Comunica\u00e7\u00e3o\",\"url\":\"https:\/\/www.notibras.com\/site\/\",\"logo\":{\"@type\":\"ImageObject\",\"inLanguage\":\"pt-BR\",\"@id\":\"https:\/\/www.notibras.com\/site\/#\/schema\/logo\/image\/\",\"url\":\"https:\/\/www.notibras.com\/site\/wp-content\/uploads\/2023\/01\/notibras23.png\",\"contentUrl\":\"https:\/\/www.notibras.com\/site\/wp-content\/uploads\/2023\/01\/notibras23.png\",\"width\":350,\"height\":87,\"caption\":\"Grupo Notibras de Comunica\u00e7\u00e3o\"},\"image\":{\"@id\":\"https:\/\/www.notibras.com\/site\/#\/schema\/logo\/image\/\"},\"sameAs\":[\"https:\/\/www.facebook.com\/notibras\/\",\"https:\/\/x.com\/Notibras\",\"https:\/\/www.instagram.com\/notibras\/\"]},{\"@type\":\"Person\",\"@id\":\"https:\/\/www.notibras.com\/site\/#\/schema\/person\/36ab0979449956132d3e5b517ea76ac8\",\"name\":\"Reda\u00e7\u00e3o\",\"image\":{\"@type\":\"ImageObject\",\"inLanguage\":\"pt-BR\",\"@id\":\"https:\/\/secure.gravatar.com\/avatar\/e0a867bdedb85fd243eadf09663511f96fc81e0720a4a42581f334ad4303aa6b?s=96&d=mm&r=g\",\"url\":\"https:\/\/secure.gravatar.com\/avatar\/e0a867bdedb85fd243eadf09663511f96fc81e0720a4a42581f334ad4303aa6b?s=96&d=mm&r=g\",\"contentUrl\":\"https:\/\/secure.gravatar.com\/avatar\/e0a867bdedb85fd243eadf09663511f96fc81e0720a4a42581f334ad4303aa6b?s=96&d=mm&r=g\",\"caption\":\"Reda\u00e7\u00e3o\"}}]}<\/script>\n<!-- \/ Yoast SEO plugin. -->","yoast_head_json":{"title":"Ceil\u00e2ndia tem domingo de charme, com dan\u00e7a e inclus\u00e3o social - Notibras","robots":{"index":"index","follow":"follow","max-snippet":"max-snippet:-1","max-image-preview":"max-image-preview:large","max-video-preview":"max-video-preview:-1"},"canonical":"https:\/\/www.notibras.com\/site\/ceilandia-tem-domingo-de-charme-com-danca-e-inclusao-social\/","og_locale":"pt_BR","og_type":"article","og_title":"Ceil\u00e2ndia tem domingo de charme, com dan\u00e7a e inclus\u00e3o social - Notibras","og_description":"Com muito charme, a Casa do Cantador, em Ceil\u00e2ndia, celebrou neste domingo (18), a diversidade e inclus\u00e3o na segunda edi\u00e7\u00e3o do evento Cidade Diversidade. E o charme em quest\u00e3o \u00e9 um estilo de dan\u00e7a, uma sequ\u00eancia de passinhos com origem nos bailes blacks do Rio de Janeiro. Gratuito, o evento foi at\u00e9 as 20h no [&hellip;]","og_url":"https:\/\/www.notibras.com\/site\/ceilandia-tem-domingo-de-charme-com-danca-e-inclusao-social\/","og_site_name":"Notibras","article_publisher":"https:\/\/www.facebook.com\/notibras\/","article_published_time":"2024-02-19T03:00:34+00:00","article_modified_time":"2024-02-19T10:57:43+00:00","og_image":[{"width":1536,"height":1024,"url":"https:\/\/www.notibras.com\/site\/wp-content\/uploads\/2024\/02\/Dentro-2_1-3-1536x1024-1.jpg","type":"image\/jpeg"}],"author":"Reda\u00e7\u00e3o","twitter_card":"summary_large_image","twitter_creator":"@Notibras","twitter_site":"@Notibras","twitter_misc":{"Escrito por":"Reda\u00e7\u00e3o","Est. tempo de leitura":"4 minutos"},"schema":{"@context":"https:\/\/schema.org","@graph":[{"@type":"Article","@id":"https:\/\/www.notibras.com\/site\/ceilandia-tem-domingo-de-charme-com-danca-e-inclusao-social\/#article","isPartOf":{"@id":"https:\/\/www.notibras.com\/site\/ceilandia-tem-domingo-de-charme-com-danca-e-inclusao-social\/"},"author":{"name":"Reda\u00e7\u00e3o","@id":"https:\/\/www.notibras.com\/site\/#\/schema\/person\/36ab0979449956132d3e5b517ea76ac8"},"headline":"Ceil\u00e2ndia tem domingo de charme, com dan\u00e7a e inclus\u00e3o social","datePublished":"2024-02-19T03:00:34+00:00","dateModified":"2024-02-19T10:57:43+00:00","mainEntityOfPage":{"@id":"https:\/\/www.notibras.com\/site\/ceilandia-tem-domingo-de-charme-com-danca-e-inclusao-social\/"},"wordCount":641,"publisher":{"@id":"https:\/\/www.notibras.com\/site\/#organization"},"image":{"@id":"https:\/\/www.notibras.com\/site\/ceilandia-tem-domingo-de-charme-com-danca-e-inclusao-social\/#primaryimage"},"thumbnailUrl":"https:\/\/www.notibras.com\/site\/wp-content\/uploads\/2024\/02\/Dentro-2_1-3-1536x1024-1.jpg","articleSection":["Quadradinho em Foco"],"inLanguage":"pt-BR"},{"@type":"WebPage","@id":"https:\/\/www.notibras.com\/site\/ceilandia-tem-domingo-de-charme-com-danca-e-inclusao-social\/","url":"https:\/\/www.notibras.com\/site\/ceilandia-tem-domingo-de-charme-com-danca-e-inclusao-social\/","name":"Ceil\u00e2ndia tem domingo de charme, com dan\u00e7a e inclus\u00e3o social - Notibras","isPartOf":{"@id":"https:\/\/www.notibras.com\/site\/#website"},"primaryImageOfPage":{"@id":"https:\/\/www.notibras.com\/site\/ceilandia-tem-domingo-de-charme-com-danca-e-inclusao-social\/#primaryimage"},"image":{"@id":"https:\/\/www.notibras.com\/site\/ceilandia-tem-domingo-de-charme-com-danca-e-inclusao-social\/#primaryimage"},"thumbnailUrl":"https:\/\/www.notibras.com\/site\/wp-content\/uploads\/2024\/02\/Dentro-2_1-3-1536x1024-1.jpg","datePublished":"2024-02-19T03:00:34+00:00","dateModified":"2024-02-19T10:57:43+00:00","breadcrumb":{"@id":"https:\/\/www.notibras.com\/site\/ceilandia-tem-domingo-de-charme-com-danca-e-inclusao-social\/#breadcrumb"},"inLanguage":"pt-BR","potentialAction":[{"@type":"ReadAction","target":["https:\/\/www.notibras.com\/site\/ceilandia-tem-domingo-de-charme-com-danca-e-inclusao-social\/"]}]},{"@type":"ImageObject","inLanguage":"pt-BR","@id":"https:\/\/www.notibras.com\/site\/ceilandia-tem-domingo-de-charme-com-danca-e-inclusao-social\/#primaryimage","url":"https:\/\/www.notibras.com\/site\/wp-content\/uploads\/2024\/02\/Dentro-2_1-3-1536x1024-1.jpg","contentUrl":"https:\/\/www.notibras.com\/site\/wp-content\/uploads\/2024\/02\/Dentro-2_1-3-1536x1024-1.jpg","width":1536,"height":1024},{"@type":"BreadcrumbList","@id":"https:\/\/www.notibras.com\/site\/ceilandia-tem-domingo-de-charme-com-danca-e-inclusao-social\/#breadcrumb","itemListElement":[{"@type":"ListItem","position":1,"name":"In\u00edcio","item":"https:\/\/www.notibras.com\/site\/"},{"@type":"ListItem","position":2,"name":"Ceil\u00e2ndia tem domingo de charme, com dan\u00e7a e inclus\u00e3o social"}]},{"@type":"WebSite","@id":"https:\/\/www.notibras.com\/site\/#website","url":"https:\/\/www.notibras.com\/site\/","name":"Notibras","description":"Not\u00edcias de Bras\u00edlia, do Brasil e do Mundo","publisher":{"@id":"https:\/\/www.notibras.com\/site\/#organization"},"potentialAction":[{"@type":"SearchAction","target":{"@type":"EntryPoint","urlTemplate":"https:\/\/www.notibras.com\/site\/?s={search_term_string}"},"query-input":{"@type":"PropertyValueSpecification","valueRequired":true,"valueName":"search_term_string"}}],"inLanguage":"pt-BR"},{"@type":"Organization","@id":"https:\/\/www.notibras.com\/site\/#organization","name":"Grupo Notibras de Comunica\u00e7\u00e3o","url":"https:\/\/www.notibras.com\/site\/","logo":{"@type":"ImageObject","inLanguage":"pt-BR","@id":"https:\/\/www.notibras.com\/site\/#\/schema\/logo\/image\/","url":"https:\/\/www.notibras.com\/site\/wp-content\/uploads\/2023\/01\/notibras23.png","contentUrl":"https:\/\/www.notibras.com\/site\/wp-content\/uploads\/2023\/01\/notibras23.png","width":350,"height":87,"caption":"Grupo Notibras de Comunica\u00e7\u00e3o"},"image":{"@id":"https:\/\/www.notibras.com\/site\/#\/schema\/logo\/image\/"},"sameAs":["https:\/\/www.facebook.com\/notibras\/","https:\/\/x.com\/Notibras","https:\/\/www.instagram.com\/notibras\/"]},{"@type":"Person","@id":"https:\/\/www.notibras.com\/site\/#\/schema\/person\/36ab0979449956132d3e5b517ea76ac8","name":"Reda\u00e7\u00e3o","image":{"@type":"ImageObject","inLanguage":"pt-BR","@id":"https:\/\/secure.gravatar.com\/avatar\/e0a867bdedb85fd243eadf09663511f96fc81e0720a4a42581f334ad4303aa6b?s=96&d=mm&r=g","url":"https:\/\/secure.gravatar.com\/avatar\/e0a867bdedb85fd243eadf09663511f96fc81e0720a4a42581f334ad4303aa6b?s=96&d=mm&r=g","contentUrl":"https:\/\/secure.gravatar.com\/avatar\/e0a867bdedb85fd243eadf09663511f96fc81e0720a4a42581f334ad4303aa6b?s=96&d=mm&r=g","caption":"Reda\u00e7\u00e3o"}}]}},"amp_enabled":true,"_links":{"self":[{"href":"https:\/\/www.notibras.com\/site\/wp-json\/wp\/v2\/posts\/322720","targetHints":{"allow":["GET"]}}],"collection":[{"href":"https:\/\/www.notibras.com\/site\/wp-json\/wp\/v2\/posts"}],"about":[{"href":"https:\/\/www.notibras.com\/site\/wp-json\/wp\/v2\/types\/post"}],"author":[{"embeddable":true,"href":"https:\/\/www.notibras.com\/site\/wp-json\/wp\/v2\/users\/2"}],"replies":[{"embeddable":true,"href":"https:\/\/www.notibras.com\/site\/wp-json\/wp\/v2\/comments?post=322720"}],"version-history":[{"count":1,"href":"https:\/\/www.notibras.com\/site\/wp-json\/wp\/v2\/posts\/322720\/revisions"}],"predecessor-version":[{"id":322722,"href":"https:\/\/www.notibras.com\/site\/wp-json\/wp\/v2\/posts\/322720\/revisions\/322722"}],"wp:featuredmedia":[{"embeddable":true,"href":"https:\/\/www.notibras.com\/site\/wp-json\/wp\/v2\/media\/322721"}],"wp:attachment":[{"href":"https:\/\/www.notibras.com\/site\/wp-json\/wp\/v2\/media?parent=322720"}],"wp:term":[{"taxonomy":"category","embeddable":true,"href":"https:\/\/www.notibras.com\/site\/wp-json\/wp\/v2\/categories?post=322720"},{"taxonomy":"post_tag","embeddable":true,"href":"https:\/\/www.notibras.com\/site\/wp-json\/wp\/v2\/tags?post=322720"}],"curies":[{"name":"wp","href":"https:\/\/api.w.org\/{rel}","templated":true}]}}