{"id":322735,"date":"2024-02-19T10:48:56","date_gmt":"2024-02-19T13:48:56","guid":{"rendered":"https:\/\/www.notibras.com\/site\/?p=322735"},"modified":"2024-02-19T13:50:42","modified_gmt":"2024-02-19T16:50:42","slug":"prazo-para-comprovar-dados-termina-na-terca-feira-20","status":"publish","type":"post","link":"https:\/\/www.notibras.com\/site\/prazo-para-comprovar-dados-termina-na-terca-feira-20\/","title":{"rendered":"Prazo para comprovar dados termina na ter\u00e7a-feira, 20"},"content":{"rendered":"<p>Pr\u00e9-selecionados na primeira chamada do Programa Universidade para Todos (Prouni) do primeiro semestre de 2024 t\u00eam at\u00e9 esta ter\u00e7a-feira (20) para comprovar os dados informados no ato da inscri\u00e7\u00e3o.<\/p>\n<p>O prazo para a entrega dos documentos come\u00e7ou no dia 6 de fevereiro. O processo deve ser feito na pr\u00f3pria institui\u00e7\u00e3o de ensino superior para a qual o candidato foi pr\u00e9-selecionado.<\/p>\n<p>A primeira edi\u00e7\u00e3o do Prouni 2024 ofertou 406.428 bolsas, sendo 308.977 integrais e 97.451\u202fparciais\u202f(50%), distribu\u00eddas em 15.482\u202fcursos\u202fde 1.028 institui\u00e7\u00f5es participantes.<\/p>\n<p><strong>O programa<\/strong><br \/>\nO Prouni oferta bolsas de estudo integrais e parciais em cursos de gradua\u00e7\u00e3o e sequenciais de forma\u00e7\u00e3o espec\u00edfica, em institui\u00e7\u00f5es de educa\u00e7\u00e3o superior privadas. O p\u00fablico-alvo s\u00e3o estudantes sem diploma de n\u00edvel superior.<\/p>\n<p>Para se inscrever, \u00e9 preciso ter realizado pelo menos uma das duas \u00faltimas edi\u00e7\u00f5es do Exame Nacional do Ensino M\u00e9dio (Enem) e ter alcan\u00e7ado, no m\u00ednimo, 450 pontos de m\u00e9dia nas notas das cinco provas do exame.<\/p>\n<p>Al\u00e9m disso, o estudante n\u00e3o pode ter tirado zero na prova de reda\u00e7\u00e3o do Enem e nem ter participado do exame na condi\u00e7\u00e3o de treineiro.<\/p>\n<p>O\u202fprocesso seletivo tem duas chamadas sucessivas.\u202fA lista dos\u202fcandidatos\u202fpr\u00e9-selecionados\u202fna segunda chamada deve ser publicada no Portal\u202f\u00danico de\u202fAcesso ao Ensino Superior em 27 de fevereiro.<\/p>\n","protected":false},"excerpt":{"rendered":"<p>Pr\u00e9-selecionados na primeira chamada do Programa Universidade para Todos (Prouni) do primeiro semestre de 2024 t\u00eam at\u00e9 esta ter\u00e7a-feira (20) para comprovar os dados informados no ato da inscri\u00e7\u00e3o. O prazo para a entrega dos documentos come\u00e7ou no dia 6 de fevereiro. O processo deve ser feito na pr\u00f3pria institui\u00e7\u00e3o de ensino superior para a [&hellip;]<\/p>\n","protected":false},"author":2,"featured_media":322736,"comment_status":"closed","ping_status":"closed","sticky":false,"template":"","format":"standard","meta":{"_acf_changed":false,"footnotes":""},"categories":[161],"tags":[95],"class_list":["post-322735","post","type-post","status-publish","format-standard","has-post-thumbnail","hentry","category-quadradinho-em-foco","tag-capa"],"acf":[],"yoast_head":"<!-- This site is optimized with the Yoast SEO plugin v27.2 - https:\/\/yoast.com\/product\/yoast-seo-wordpress\/ -->\n<title>Prazo para comprovar dados termina na ter\u00e7a-feira, 20 - Notibras<\/title>\n<meta name=\"robots\" content=\"index, follow, max-snippet:-1, max-image-preview:large, max-video-preview:-1\" \/>\n<link rel=\"canonical\" href=\"https:\/\/www.notibras.com\/site\/prazo-para-comprovar-dados-termina-na-terca-feira-20\/\" \/>\n<meta property=\"og:locale\" content=\"pt_BR\" \/>\n<meta property=\"og:type\" content=\"article\" \/>\n<meta property=\"og:title\" content=\"Prazo para comprovar dados termina na ter\u00e7a-feira, 20 - Notibras\" \/>\n<meta property=\"og:description\" content=\"Pr\u00e9-selecionados na primeira chamada do Programa Universidade para Todos (Prouni) do primeiro semestre de 2024 t\u00eam at\u00e9 esta ter\u00e7a-feira (20) para comprovar os dados informados no ato da inscri\u00e7\u00e3o. O prazo para a entrega dos documentos come\u00e7ou no dia 6 de fevereiro. O processo deve ser feito na pr\u00f3pria institui\u00e7\u00e3o de ensino superior para a [&hellip;]\" \/>\n<meta property=\"og:url\" content=\"https:\/\/www.notibras.com\/site\/prazo-para-comprovar-dados-termina-na-terca-feira-20\/\" \/>\n<meta property=\"og:site_name\" content=\"Notibras\" \/>\n<meta property=\"article:publisher\" content=\"https:\/\/www.facebook.com\/notibras\/\" \/>\n<meta property=\"article:published_time\" content=\"2024-02-19T13:48:56+00:00\" \/>\n<meta property=\"article:modified_time\" content=\"2024-02-19T16:50:42+00:00\" \/>\n<meta property=\"og:image\" content=\"https:\/\/www.notibras.com\/site\/wp-content\/uploads\/2024\/02\/prouniprazo.webp\" \/>\n\t<meta property=\"og:image:width\" content=\"1170\" \/>\n\t<meta property=\"og:image:height\" content=\"700\" \/>\n\t<meta property=\"og:image:type\" content=\"image\/webp\" \/>\n<meta name=\"author\" content=\"Reda\u00e7\u00e3o\" \/>\n<meta name=\"twitter:card\" content=\"summary_large_image\" \/>\n<meta name=\"twitter:creator\" content=\"@Notibras\" \/>\n<meta name=\"twitter:site\" content=\"@Notibras\" \/>\n<meta name=\"twitter:label1\" content=\"Escrito por\" \/>\n\t<meta name=\"twitter:data1\" content=\"Reda\u00e7\u00e3o\" \/>\n\t<meta name=\"twitter:label2\" content=\"Est. tempo de leitura\" \/>\n\t<meta name=\"twitter:data2\" content=\"2 minutos\" \/>\n<script type=\"application\/ld+json\" class=\"yoast-schema-graph\">{\"@context\":\"https:\/\/schema.org\",\"@graph\":[{\"@type\":\"Article\",\"@id\":\"https:\/\/www.notibras.com\/site\/prazo-para-comprovar-dados-termina-na-terca-feira-20\/#article\",\"isPartOf\":{\"@id\":\"https:\/\/www.notibras.com\/site\/prazo-para-comprovar-dados-termina-na-terca-feira-20\/\"},\"author\":{\"name\":\"Reda\u00e7\u00e3o\",\"@id\":\"https:\/\/www.notibras.com\/site\/#\/schema\/person\/36ab0979449956132d3e5b517ea76ac8\"},\"headline\":\"Prazo para comprovar dados termina na ter\u00e7a-feira, 20\",\"datePublished\":\"2024-02-19T13:48:56+00:00\",\"dateModified\":\"2024-02-19T16:50:42+00:00\",\"mainEntityOfPage\":{\"@id\":\"https:\/\/www.notibras.com\/site\/prazo-para-comprovar-dados-termina-na-terca-feira-20\/\"},\"wordCount\":235,\"publisher\":{\"@id\":\"https:\/\/www.notibras.com\/site\/#organization\"},\"image\":{\"@id\":\"https:\/\/www.notibras.com\/site\/prazo-para-comprovar-dados-termina-na-terca-feira-20\/#primaryimage\"},\"thumbnailUrl\":\"https:\/\/www.notibras.com\/site\/wp-content\/uploads\/2024\/02\/prouniprazo.webp\",\"keywords\":[\"capa\"],\"articleSection\":[\"Quadradinho em Foco\"],\"inLanguage\":\"pt-BR\"},{\"@type\":\"WebPage\",\"@id\":\"https:\/\/www.notibras.com\/site\/prazo-para-comprovar-dados-termina-na-terca-feira-20\/\",\"url\":\"https:\/\/www.notibras.com\/site\/prazo-para-comprovar-dados-termina-na-terca-feira-20\/\",\"name\":\"Prazo para comprovar dados termina na ter\u00e7a-feira, 20 - Notibras\",\"isPartOf\":{\"@id\":\"https:\/\/www.notibras.com\/site\/#website\"},\"primaryImageOfPage\":{\"@id\":\"https:\/\/www.notibras.com\/site\/prazo-para-comprovar-dados-termina-na-terca-feira-20\/#primaryimage\"},\"image\":{\"@id\":\"https:\/\/www.notibras.com\/site\/prazo-para-comprovar-dados-termina-na-terca-feira-20\/#primaryimage\"},\"thumbnailUrl\":\"https:\/\/www.notibras.com\/site\/wp-content\/uploads\/2024\/02\/prouniprazo.webp\",\"datePublished\":\"2024-02-19T13:48:56+00:00\",\"dateModified\":\"2024-02-19T16:50:42+00:00\",\"breadcrumb\":{\"@id\":\"https:\/\/www.notibras.com\/site\/prazo-para-comprovar-dados-termina-na-terca-feira-20\/#breadcrumb\"},\"inLanguage\":\"pt-BR\",\"potentialAction\":[{\"@type\":\"ReadAction\",\"target\":[\"https:\/\/www.notibras.com\/site\/prazo-para-comprovar-dados-termina-na-terca-feira-20\/\"]}]},{\"@type\":\"ImageObject\",\"inLanguage\":\"pt-BR\",\"@id\":\"https:\/\/www.notibras.com\/site\/prazo-para-comprovar-dados-termina-na-terca-feira-20\/#primaryimage\",\"url\":\"https:\/\/www.notibras.com\/site\/wp-content\/uploads\/2024\/02\/prouniprazo.webp\",\"contentUrl\":\"https:\/\/www.notibras.com\/site\/wp-content\/uploads\/2024\/02\/prouniprazo.webp\",\"width\":1170,\"height\":700},{\"@type\":\"BreadcrumbList\",\"@id\":\"https:\/\/www.notibras.com\/site\/prazo-para-comprovar-dados-termina-na-terca-feira-20\/#breadcrumb\",\"itemListElement\":[{\"@type\":\"ListItem\",\"position\":1,\"name\":\"In\u00edcio\",\"item\":\"https:\/\/www.notibras.com\/site\/\"},{\"@type\":\"ListItem\",\"position\":2,\"name\":\"Prazo para comprovar dados termina na ter\u00e7a-feira, 20\"}]},{\"@type\":\"WebSite\",\"@id\":\"https:\/\/www.notibras.com\/site\/#website\",\"url\":\"https:\/\/www.notibras.com\/site\/\",\"name\":\"Notibras\",\"description\":\"Not\u00edcias de Bras\u00edlia, do Brasil e do Mundo\",\"publisher\":{\"@id\":\"https:\/\/www.notibras.com\/site\/#organization\"},\"potentialAction\":[{\"@type\":\"SearchAction\",\"target\":{\"@type\":\"EntryPoint\",\"urlTemplate\":\"https:\/\/www.notibras.com\/site\/?s={search_term_string}\"},\"query-input\":{\"@type\":\"PropertyValueSpecification\",\"valueRequired\":true,\"valueName\":\"search_term_string\"}}],\"inLanguage\":\"pt-BR\"},{\"@type\":\"Organization\",\"@id\":\"https:\/\/www.notibras.com\/site\/#organization\",\"name\":\"Grupo Notibras de Comunica\u00e7\u00e3o\",\"url\":\"https:\/\/www.notibras.com\/site\/\",\"logo\":{\"@type\":\"ImageObject\",\"inLanguage\":\"pt-BR\",\"@id\":\"https:\/\/www.notibras.com\/site\/#\/schema\/logo\/image\/\",\"url\":\"https:\/\/www.notibras.com\/site\/wp-content\/uploads\/2023\/01\/notibras23.png\",\"contentUrl\":\"https:\/\/www.notibras.com\/site\/wp-content\/uploads\/2023\/01\/notibras23.png\",\"width\":350,\"height\":87,\"caption\":\"Grupo Notibras de Comunica\u00e7\u00e3o\"},\"image\":{\"@id\":\"https:\/\/www.notibras.com\/site\/#\/schema\/logo\/image\/\"},\"sameAs\":[\"https:\/\/www.facebook.com\/notibras\/\",\"https:\/\/x.com\/Notibras\",\"https:\/\/www.instagram.com\/notibras\/\"]},{\"@type\":\"Person\",\"@id\":\"https:\/\/www.notibras.com\/site\/#\/schema\/person\/36ab0979449956132d3e5b517ea76ac8\",\"name\":\"Reda\u00e7\u00e3o\",\"image\":{\"@type\":\"ImageObject\",\"inLanguage\":\"pt-BR\",\"@id\":\"https:\/\/secure.gravatar.com\/avatar\/e0a867bdedb85fd243eadf09663511f96fc81e0720a4a42581f334ad4303aa6b?s=96&d=mm&r=g\",\"url\":\"https:\/\/secure.gravatar.com\/avatar\/e0a867bdedb85fd243eadf09663511f96fc81e0720a4a42581f334ad4303aa6b?s=96&d=mm&r=g\",\"contentUrl\":\"https:\/\/secure.gravatar.com\/avatar\/e0a867bdedb85fd243eadf09663511f96fc81e0720a4a42581f334ad4303aa6b?s=96&d=mm&r=g\",\"caption\":\"Reda\u00e7\u00e3o\"}}]}<\/script>\n<!-- \/ Yoast SEO plugin. -->","yoast_head_json":{"title":"Prazo para comprovar dados termina na ter\u00e7a-feira, 20 - Notibras","robots":{"index":"index","follow":"follow","max-snippet":"max-snippet:-1","max-image-preview":"max-image-preview:large","max-video-preview":"max-video-preview:-1"},"canonical":"https:\/\/www.notibras.com\/site\/prazo-para-comprovar-dados-termina-na-terca-feira-20\/","og_locale":"pt_BR","og_type":"article","og_title":"Prazo para comprovar dados termina na ter\u00e7a-feira, 20 - Notibras","og_description":"Pr\u00e9-selecionados na primeira chamada do Programa Universidade para Todos (Prouni) do primeiro semestre de 2024 t\u00eam at\u00e9 esta ter\u00e7a-feira (20) para comprovar os dados informados no ato da inscri\u00e7\u00e3o. O prazo para a entrega dos documentos come\u00e7ou no dia 6 de fevereiro. O processo deve ser feito na pr\u00f3pria institui\u00e7\u00e3o de ensino superior para a [&hellip;]","og_url":"https:\/\/www.notibras.com\/site\/prazo-para-comprovar-dados-termina-na-terca-feira-20\/","og_site_name":"Notibras","article_publisher":"https:\/\/www.facebook.com\/notibras\/","article_published_time":"2024-02-19T13:48:56+00:00","article_modified_time":"2024-02-19T16:50:42+00:00","og_image":[{"width":1170,"height":700,"url":"https:\/\/www.notibras.com\/site\/wp-content\/uploads\/2024\/02\/prouniprazo.webp","type":"image\/webp"}],"author":"Reda\u00e7\u00e3o","twitter_card":"summary_large_image","twitter_creator":"@Notibras","twitter_site":"@Notibras","twitter_misc":{"Escrito por":"Reda\u00e7\u00e3o","Est. tempo de leitura":"2 minutos"},"schema":{"@context":"https:\/\/schema.org","@graph":[{"@type":"Article","@id":"https:\/\/www.notibras.com\/site\/prazo-para-comprovar-dados-termina-na-terca-feira-20\/#article","isPartOf":{"@id":"https:\/\/www.notibras.com\/site\/prazo-para-comprovar-dados-termina-na-terca-feira-20\/"},"author":{"name":"Reda\u00e7\u00e3o","@id":"https:\/\/www.notibras.com\/site\/#\/schema\/person\/36ab0979449956132d3e5b517ea76ac8"},"headline":"Prazo para comprovar dados termina na ter\u00e7a-feira, 20","datePublished":"2024-02-19T13:48:56+00:00","dateModified":"2024-02-19T16:50:42+00:00","mainEntityOfPage":{"@id":"https:\/\/www.notibras.com\/site\/prazo-para-comprovar-dados-termina-na-terca-feira-20\/"},"wordCount":235,"publisher":{"@id":"https:\/\/www.notibras.com\/site\/#organization"},"image":{"@id":"https:\/\/www.notibras.com\/site\/prazo-para-comprovar-dados-termina-na-terca-feira-20\/#primaryimage"},"thumbnailUrl":"https:\/\/www.notibras.com\/site\/wp-content\/uploads\/2024\/02\/prouniprazo.webp","keywords":["capa"],"articleSection":["Quadradinho em Foco"],"inLanguage":"pt-BR"},{"@type":"WebPage","@id":"https:\/\/www.notibras.com\/site\/prazo-para-comprovar-dados-termina-na-terca-feira-20\/","url":"https:\/\/www.notibras.com\/site\/prazo-para-comprovar-dados-termina-na-terca-feira-20\/","name":"Prazo para comprovar dados termina na ter\u00e7a-feira, 20 - Notibras","isPartOf":{"@id":"https:\/\/www.notibras.com\/site\/#website"},"primaryImageOfPage":{"@id":"https:\/\/www.notibras.com\/site\/prazo-para-comprovar-dados-termina-na-terca-feira-20\/#primaryimage"},"image":{"@id":"https:\/\/www.notibras.com\/site\/prazo-para-comprovar-dados-termina-na-terca-feira-20\/#primaryimage"},"thumbnailUrl":"https:\/\/www.notibras.com\/site\/wp-content\/uploads\/2024\/02\/prouniprazo.webp","datePublished":"2024-02-19T13:48:56+00:00","dateModified":"2024-02-19T16:50:42+00:00","breadcrumb":{"@id":"https:\/\/www.notibras.com\/site\/prazo-para-comprovar-dados-termina-na-terca-feira-20\/#breadcrumb"},"inLanguage":"pt-BR","potentialAction":[{"@type":"ReadAction","target":["https:\/\/www.notibras.com\/site\/prazo-para-comprovar-dados-termina-na-terca-feira-20\/"]}]},{"@type":"ImageObject","inLanguage":"pt-BR","@id":"https:\/\/www.notibras.com\/site\/prazo-para-comprovar-dados-termina-na-terca-feira-20\/#primaryimage","url":"https:\/\/www.notibras.com\/site\/wp-content\/uploads\/2024\/02\/prouniprazo.webp","contentUrl":"https:\/\/www.notibras.com\/site\/wp-content\/uploads\/2024\/02\/prouniprazo.webp","width":1170,"height":700},{"@type":"BreadcrumbList","@id":"https:\/\/www.notibras.com\/site\/prazo-para-comprovar-dados-termina-na-terca-feira-20\/#breadcrumb","itemListElement":[{"@type":"ListItem","position":1,"name":"In\u00edcio","item":"https:\/\/www.notibras.com\/site\/"},{"@type":"ListItem","position":2,"name":"Prazo para comprovar dados termina na ter\u00e7a-feira, 20"}]},{"@type":"WebSite","@id":"https:\/\/www.notibras.com\/site\/#website","url":"https:\/\/www.notibras.com\/site\/","name":"Notibras","description":"Not\u00edcias de Bras\u00edlia, do Brasil e do Mundo","publisher":{"@id":"https:\/\/www.notibras.com\/site\/#organization"},"potentialAction":[{"@type":"SearchAction","target":{"@type":"EntryPoint","urlTemplate":"https:\/\/www.notibras.com\/site\/?s={search_term_string}"},"query-input":{"@type":"PropertyValueSpecification","valueRequired":true,"valueName":"search_term_string"}}],"inLanguage":"pt-BR"},{"@type":"Organization","@id":"https:\/\/www.notibras.com\/site\/#organization","name":"Grupo Notibras de Comunica\u00e7\u00e3o","url":"https:\/\/www.notibras.com\/site\/","logo":{"@type":"ImageObject","inLanguage":"pt-BR","@id":"https:\/\/www.notibras.com\/site\/#\/schema\/logo\/image\/","url":"https:\/\/www.notibras.com\/site\/wp-content\/uploads\/2023\/01\/notibras23.png","contentUrl":"https:\/\/www.notibras.com\/site\/wp-content\/uploads\/2023\/01\/notibras23.png","width":350,"height":87,"caption":"Grupo Notibras de Comunica\u00e7\u00e3o"},"image":{"@id":"https:\/\/www.notibras.com\/site\/#\/schema\/logo\/image\/"},"sameAs":["https:\/\/www.facebook.com\/notibras\/","https:\/\/x.com\/Notibras","https:\/\/www.instagram.com\/notibras\/"]},{"@type":"Person","@id":"https:\/\/www.notibras.com\/site\/#\/schema\/person\/36ab0979449956132d3e5b517ea76ac8","name":"Reda\u00e7\u00e3o","image":{"@type":"ImageObject","inLanguage":"pt-BR","@id":"https:\/\/secure.gravatar.com\/avatar\/e0a867bdedb85fd243eadf09663511f96fc81e0720a4a42581f334ad4303aa6b?s=96&d=mm&r=g","url":"https:\/\/secure.gravatar.com\/avatar\/e0a867bdedb85fd243eadf09663511f96fc81e0720a4a42581f334ad4303aa6b?s=96&d=mm&r=g","contentUrl":"https:\/\/secure.gravatar.com\/avatar\/e0a867bdedb85fd243eadf09663511f96fc81e0720a4a42581f334ad4303aa6b?s=96&d=mm&r=g","caption":"Reda\u00e7\u00e3o"}}]}},"amp_enabled":true,"_links":{"self":[{"href":"https:\/\/www.notibras.com\/site\/wp-json\/wp\/v2\/posts\/322735","targetHints":{"allow":["GET"]}}],"collection":[{"href":"https:\/\/www.notibras.com\/site\/wp-json\/wp\/v2\/posts"}],"about":[{"href":"https:\/\/www.notibras.com\/site\/wp-json\/wp\/v2\/types\/post"}],"author":[{"embeddable":true,"href":"https:\/\/www.notibras.com\/site\/wp-json\/wp\/v2\/users\/2"}],"replies":[{"embeddable":true,"href":"https:\/\/www.notibras.com\/site\/wp-json\/wp\/v2\/comments?post=322735"}],"version-history":[{"count":1,"href":"https:\/\/www.notibras.com\/site\/wp-json\/wp\/v2\/posts\/322735\/revisions"}],"predecessor-version":[{"id":322737,"href":"https:\/\/www.notibras.com\/site\/wp-json\/wp\/v2\/posts\/322735\/revisions\/322737"}],"wp:featuredmedia":[{"embeddable":true,"href":"https:\/\/www.notibras.com\/site\/wp-json\/wp\/v2\/media\/322736"}],"wp:attachment":[{"href":"https:\/\/www.notibras.com\/site\/wp-json\/wp\/v2\/media?parent=322735"}],"wp:term":[{"taxonomy":"category","embeddable":true,"href":"https:\/\/www.notibras.com\/site\/wp-json\/wp\/v2\/categories?post=322735"},{"taxonomy":"post_tag","embeddable":true,"href":"https:\/\/www.notibras.com\/site\/wp-json\/wp\/v2\/tags?post=322735"}],"curies":[{"name":"wp","href":"https:\/\/api.w.org\/{rel}","templated":true}]}}