{"id":322771,"date":"2024-02-20T03:05:20","date_gmt":"2024-02-20T06:05:20","guid":{"rendered":"https:\/\/www.notibras.com\/site\/?p=322771"},"modified":"2024-02-20T03:05:20","modified_gmt":"2024-02-20T06:05:20","slug":"terraco-shopping-tem-atracao-inspirada-nas-selvas","status":"publish","type":"post","link":"https:\/\/www.notibras.com\/site\/terraco-shopping-tem-atracao-inspirada-nas-selvas\/","title":{"rendered":"Terra\u00e7o Shopping tem atra\u00e7\u00e3o inspirada nas selvas"},"content":{"rendered":"<p>Uma emocionante jornada pela selva \u00e9 o que promete a atra\u00e7\u00e3o &#8220;Aventura na Floresta&#8221;, aberta ao p\u00fablico no \u00faltimo dia 9 e que se estender\u00e1 at\u00e9 31 de mar\u00e7o, na Pra\u00e7a Central do Terra\u00e7o Shopping. As crian\u00e7as ter\u00e3o a oportunidade de explorar desafios de arvorismo, garantindo momentos emocionantes, recheados de muita divers\u00e3o.<\/p>\n<p>&#8220;Aventura na Floresta&#8221; oferece uma variedade de desafios, desde trilhas simples at\u00e9 obst\u00e1culos mais elaborados, que testar\u00e3o a habilidade e a coragem dos participantes. A atra\u00e7\u00e3o inclui a escada horizontal, o equil\u00edbrio desafiador do tronco m\u00f3vel, a travessia emocionante pela ponte comprida, a experi\u00eancia \u00fanica na malha de rede e a ousadia na ponte de cabo. Al\u00e9m disso, uma \u00e1rea infantil com cama el\u00e1stica e escalada completa a divers\u00e3o.<\/p>\n<p>A atra\u00e7\u00e3o estar\u00e1 dispon\u00edvel \u00e0s sextas e s\u00e1bados, das 12h \u00e0s 22h, domingo a quinta-feira e feriados, das 12h \u00e0s 20h, para crian\u00e7as de quatro a doze anos de idade. Os ingressos para &#8220;Aventura na Floresta&#8221; custam R$ 30,00 (trinta reais) por 30 minutos, com cada minuto adicional custando R$ 1,00 (um real).<\/p>\n<p><strong>Servi\u00e7o<\/strong><br \/>\nAventura na floresta<br \/>\nPer\u00edodo: At\u00e9 31 de mar\u00e7o<br \/>\nLocal: Pra\u00e7a Central<br \/>\nHor\u00e1rio de funcionamento:<br \/>\nDomingo a quinta-feira e feriados, das 12h \u00e0s 20h; sextas e s\u00e1bados, 12h \u00e0s 22h.<br \/>\nClassifica\u00e7\u00e3o: crian\u00e7as de 4 a 12 anos.<br \/>\nValor do ingresso: R$ 30,00 por trinta minutos.<br \/>\nCada minuto adicional ter\u00e1 o valor de R$ 1,00.<br \/>\nConsulte o regulamento.<\/p>\n","protected":false},"excerpt":{"rendered":"<p>Uma emocionante jornada pela selva \u00e9 o que promete a atra\u00e7\u00e3o &#8220;Aventura na Floresta&#8221;, aberta ao p\u00fablico no \u00faltimo dia 9 e que se estender\u00e1 at\u00e9 31 de mar\u00e7o, na Pra\u00e7a Central do Terra\u00e7o Shopping. As crian\u00e7as ter\u00e3o a oportunidade de explorar desafios de arvorismo, garantindo momentos emocionantes, recheados de muita divers\u00e3o. &#8220;Aventura na Floresta&#8221; [&hellip;]<\/p>\n","protected":false},"author":2,"featured_media":322772,"comment_status":"closed","ping_status":"closed","sticky":false,"template":"","format":"standard","meta":{"_acf_changed":false,"footnotes":""},"categories":[161],"tags":[],"class_list":["post-322771","post","type-post","status-publish","format-standard","has-post-thumbnail","hentry","category-quadradinho-em-foco"],"acf":[],"yoast_head":"<!-- This site is optimized with the Yoast SEO plugin v27.2 - https:\/\/yoast.com\/product\/yoast-seo-wordpress\/ -->\n<title>Terra\u00e7o Shopping tem atra\u00e7\u00e3o inspirada nas selvas - Notibras<\/title>\n<meta name=\"robots\" content=\"index, follow, max-snippet:-1, max-image-preview:large, max-video-preview:-1\" \/>\n<link rel=\"canonical\" href=\"https:\/\/www.notibras.com\/site\/terraco-shopping-tem-atracao-inspirada-nas-selvas\/\" \/>\n<meta property=\"og:locale\" content=\"pt_BR\" \/>\n<meta property=\"og:type\" content=\"article\" \/>\n<meta property=\"og:title\" content=\"Terra\u00e7o Shopping tem atra\u00e7\u00e3o inspirada nas selvas - Notibras\" \/>\n<meta property=\"og:description\" content=\"Uma emocionante jornada pela selva \u00e9 o que promete a atra\u00e7\u00e3o &#8220;Aventura na Floresta&#8221;, aberta ao p\u00fablico no \u00faltimo dia 9 e que se estender\u00e1 at\u00e9 31 de mar\u00e7o, na Pra\u00e7a Central do Terra\u00e7o Shopping. As crian\u00e7as ter\u00e3o a oportunidade de explorar desafios de arvorismo, garantindo momentos emocionantes, recheados de muita divers\u00e3o. &#8220;Aventura na Floresta&#8221; [&hellip;]\" \/>\n<meta property=\"og:url\" content=\"https:\/\/www.notibras.com\/site\/terraco-shopping-tem-atracao-inspirada-nas-selvas\/\" \/>\n<meta property=\"og:site_name\" content=\"Notibras\" \/>\n<meta property=\"article:publisher\" content=\"https:\/\/www.facebook.com\/notibras\/\" \/>\n<meta property=\"article:published_time\" content=\"2024-02-20T06:05:20+00:00\" \/>\n<meta property=\"og:image\" content=\"https:\/\/www.notibras.com\/site\/wp-content\/uploads\/2024\/02\/Aventura-na-Floresta-1-scaled.jpeg\" \/>\n\t<meta property=\"og:image:width\" content=\"1920\" \/>\n\t<meta property=\"og:image:height\" content=\"2560\" \/>\n\t<meta property=\"og:image:type\" content=\"image\/jpeg\" \/>\n<meta name=\"author\" content=\"Reda\u00e7\u00e3o\" \/>\n<meta name=\"twitter:card\" content=\"summary_large_image\" \/>\n<meta name=\"twitter:creator\" content=\"@Notibras\" \/>\n<meta name=\"twitter:site\" content=\"@Notibras\" \/>\n<meta name=\"twitter:label1\" content=\"Escrito por\" \/>\n\t<meta name=\"twitter:data1\" content=\"Reda\u00e7\u00e3o\" \/>\n\t<meta name=\"twitter:label2\" content=\"Est. tempo de leitura\" \/>\n\t<meta name=\"twitter:data2\" content=\"2 minutos\" \/>\n<script type=\"application\/ld+json\" class=\"yoast-schema-graph\">{\"@context\":\"https:\/\/schema.org\",\"@graph\":[{\"@type\":\"Article\",\"@id\":\"https:\/\/www.notibras.com\/site\/terraco-shopping-tem-atracao-inspirada-nas-selvas\/#article\",\"isPartOf\":{\"@id\":\"https:\/\/www.notibras.com\/site\/terraco-shopping-tem-atracao-inspirada-nas-selvas\/\"},\"author\":{\"name\":\"Reda\u00e7\u00e3o\",\"@id\":\"https:\/\/www.notibras.com\/site\/#\/schema\/person\/36ab0979449956132d3e5b517ea76ac8\"},\"headline\":\"Terra\u00e7o Shopping tem atra\u00e7\u00e3o inspirada nas selvas\",\"datePublished\":\"2024-02-20T06:05:20+00:00\",\"mainEntityOfPage\":{\"@id\":\"https:\/\/www.notibras.com\/site\/terraco-shopping-tem-atracao-inspirada-nas-selvas\/\"},\"wordCount\":258,\"publisher\":{\"@id\":\"https:\/\/www.notibras.com\/site\/#organization\"},\"image\":{\"@id\":\"https:\/\/www.notibras.com\/site\/terraco-shopping-tem-atracao-inspirada-nas-selvas\/#primaryimage\"},\"thumbnailUrl\":\"https:\/\/www.notibras.com\/site\/wp-content\/uploads\/2024\/02\/Aventura-na-Floresta-1-scaled.jpeg\",\"articleSection\":[\"Quadradinho em Foco\"],\"inLanguage\":\"pt-BR\"},{\"@type\":\"WebPage\",\"@id\":\"https:\/\/www.notibras.com\/site\/terraco-shopping-tem-atracao-inspirada-nas-selvas\/\",\"url\":\"https:\/\/www.notibras.com\/site\/terraco-shopping-tem-atracao-inspirada-nas-selvas\/\",\"name\":\"Terra\u00e7o Shopping tem atra\u00e7\u00e3o inspirada nas selvas - Notibras\",\"isPartOf\":{\"@id\":\"https:\/\/www.notibras.com\/site\/#website\"},\"primaryImageOfPage\":{\"@id\":\"https:\/\/www.notibras.com\/site\/terraco-shopping-tem-atracao-inspirada-nas-selvas\/#primaryimage\"},\"image\":{\"@id\":\"https:\/\/www.notibras.com\/site\/terraco-shopping-tem-atracao-inspirada-nas-selvas\/#primaryimage\"},\"thumbnailUrl\":\"https:\/\/www.notibras.com\/site\/wp-content\/uploads\/2024\/02\/Aventura-na-Floresta-1-scaled.jpeg\",\"datePublished\":\"2024-02-20T06:05:20+00:00\",\"breadcrumb\":{\"@id\":\"https:\/\/www.notibras.com\/site\/terraco-shopping-tem-atracao-inspirada-nas-selvas\/#breadcrumb\"},\"inLanguage\":\"pt-BR\",\"potentialAction\":[{\"@type\":\"ReadAction\",\"target\":[\"https:\/\/www.notibras.com\/site\/terraco-shopping-tem-atracao-inspirada-nas-selvas\/\"]}]},{\"@type\":\"ImageObject\",\"inLanguage\":\"pt-BR\",\"@id\":\"https:\/\/www.notibras.com\/site\/terraco-shopping-tem-atracao-inspirada-nas-selvas\/#primaryimage\",\"url\":\"https:\/\/www.notibras.com\/site\/wp-content\/uploads\/2024\/02\/Aventura-na-Floresta-1-scaled.jpeg\",\"contentUrl\":\"https:\/\/www.notibras.com\/site\/wp-content\/uploads\/2024\/02\/Aventura-na-Floresta-1-scaled.jpeg\",\"width\":1920,\"height\":2560},{\"@type\":\"BreadcrumbList\",\"@id\":\"https:\/\/www.notibras.com\/site\/terraco-shopping-tem-atracao-inspirada-nas-selvas\/#breadcrumb\",\"itemListElement\":[{\"@type\":\"ListItem\",\"position\":1,\"name\":\"In\u00edcio\",\"item\":\"https:\/\/www.notibras.com\/site\/\"},{\"@type\":\"ListItem\",\"position\":2,\"name\":\"Terra\u00e7o Shopping tem atra\u00e7\u00e3o inspirada nas selvas\"}]},{\"@type\":\"WebSite\",\"@id\":\"https:\/\/www.notibras.com\/site\/#website\",\"url\":\"https:\/\/www.notibras.com\/site\/\",\"name\":\"Notibras\",\"description\":\"Not\u00edcias de Bras\u00edlia, do Brasil e do Mundo\",\"publisher\":{\"@id\":\"https:\/\/www.notibras.com\/site\/#organization\"},\"potentialAction\":[{\"@type\":\"SearchAction\",\"target\":{\"@type\":\"EntryPoint\",\"urlTemplate\":\"https:\/\/www.notibras.com\/site\/?s={search_term_string}\"},\"query-input\":{\"@type\":\"PropertyValueSpecification\",\"valueRequired\":true,\"valueName\":\"search_term_string\"}}],\"inLanguage\":\"pt-BR\"},{\"@type\":\"Organization\",\"@id\":\"https:\/\/www.notibras.com\/site\/#organization\",\"name\":\"Grupo Notibras de Comunica\u00e7\u00e3o\",\"url\":\"https:\/\/www.notibras.com\/site\/\",\"logo\":{\"@type\":\"ImageObject\",\"inLanguage\":\"pt-BR\",\"@id\":\"https:\/\/www.notibras.com\/site\/#\/schema\/logo\/image\/\",\"url\":\"https:\/\/www.notibras.com\/site\/wp-content\/uploads\/2023\/01\/notibras23.png\",\"contentUrl\":\"https:\/\/www.notibras.com\/site\/wp-content\/uploads\/2023\/01\/notibras23.png\",\"width\":350,\"height\":87,\"caption\":\"Grupo Notibras de Comunica\u00e7\u00e3o\"},\"image\":{\"@id\":\"https:\/\/www.notibras.com\/site\/#\/schema\/logo\/image\/\"},\"sameAs\":[\"https:\/\/www.facebook.com\/notibras\/\",\"https:\/\/x.com\/Notibras\",\"https:\/\/www.instagram.com\/notibras\/\"]},{\"@type\":\"Person\",\"@id\":\"https:\/\/www.notibras.com\/site\/#\/schema\/person\/36ab0979449956132d3e5b517ea76ac8\",\"name\":\"Reda\u00e7\u00e3o\",\"image\":{\"@type\":\"ImageObject\",\"inLanguage\":\"pt-BR\",\"@id\":\"https:\/\/secure.gravatar.com\/avatar\/e0a867bdedb85fd243eadf09663511f96fc81e0720a4a42581f334ad4303aa6b?s=96&d=mm&r=g\",\"url\":\"https:\/\/secure.gravatar.com\/avatar\/e0a867bdedb85fd243eadf09663511f96fc81e0720a4a42581f334ad4303aa6b?s=96&d=mm&r=g\",\"contentUrl\":\"https:\/\/secure.gravatar.com\/avatar\/e0a867bdedb85fd243eadf09663511f96fc81e0720a4a42581f334ad4303aa6b?s=96&d=mm&r=g\",\"caption\":\"Reda\u00e7\u00e3o\"}}]}<\/script>\n<!-- \/ Yoast SEO plugin. -->","yoast_head_json":{"title":"Terra\u00e7o Shopping tem atra\u00e7\u00e3o inspirada nas selvas - Notibras","robots":{"index":"index","follow":"follow","max-snippet":"max-snippet:-1","max-image-preview":"max-image-preview:large","max-video-preview":"max-video-preview:-1"},"canonical":"https:\/\/www.notibras.com\/site\/terraco-shopping-tem-atracao-inspirada-nas-selvas\/","og_locale":"pt_BR","og_type":"article","og_title":"Terra\u00e7o Shopping tem atra\u00e7\u00e3o inspirada nas selvas - Notibras","og_description":"Uma emocionante jornada pela selva \u00e9 o que promete a atra\u00e7\u00e3o &#8220;Aventura na Floresta&#8221;, aberta ao p\u00fablico no \u00faltimo dia 9 e que se estender\u00e1 at\u00e9 31 de mar\u00e7o, na Pra\u00e7a Central do Terra\u00e7o Shopping. As crian\u00e7as ter\u00e3o a oportunidade de explorar desafios de arvorismo, garantindo momentos emocionantes, recheados de muita divers\u00e3o. &#8220;Aventura na Floresta&#8221; [&hellip;]","og_url":"https:\/\/www.notibras.com\/site\/terraco-shopping-tem-atracao-inspirada-nas-selvas\/","og_site_name":"Notibras","article_publisher":"https:\/\/www.facebook.com\/notibras\/","article_published_time":"2024-02-20T06:05:20+00:00","og_image":[{"width":1920,"height":2560,"url":"https:\/\/www.notibras.com\/site\/wp-content\/uploads\/2024\/02\/Aventura-na-Floresta-1-scaled.jpeg","type":"image\/jpeg"}],"author":"Reda\u00e7\u00e3o","twitter_card":"summary_large_image","twitter_creator":"@Notibras","twitter_site":"@Notibras","twitter_misc":{"Escrito por":"Reda\u00e7\u00e3o","Est. tempo de leitura":"2 minutos"},"schema":{"@context":"https:\/\/schema.org","@graph":[{"@type":"Article","@id":"https:\/\/www.notibras.com\/site\/terraco-shopping-tem-atracao-inspirada-nas-selvas\/#article","isPartOf":{"@id":"https:\/\/www.notibras.com\/site\/terraco-shopping-tem-atracao-inspirada-nas-selvas\/"},"author":{"name":"Reda\u00e7\u00e3o","@id":"https:\/\/www.notibras.com\/site\/#\/schema\/person\/36ab0979449956132d3e5b517ea76ac8"},"headline":"Terra\u00e7o Shopping tem atra\u00e7\u00e3o inspirada nas selvas","datePublished":"2024-02-20T06:05:20+00:00","mainEntityOfPage":{"@id":"https:\/\/www.notibras.com\/site\/terraco-shopping-tem-atracao-inspirada-nas-selvas\/"},"wordCount":258,"publisher":{"@id":"https:\/\/www.notibras.com\/site\/#organization"},"image":{"@id":"https:\/\/www.notibras.com\/site\/terraco-shopping-tem-atracao-inspirada-nas-selvas\/#primaryimage"},"thumbnailUrl":"https:\/\/www.notibras.com\/site\/wp-content\/uploads\/2024\/02\/Aventura-na-Floresta-1-scaled.jpeg","articleSection":["Quadradinho em Foco"],"inLanguage":"pt-BR"},{"@type":"WebPage","@id":"https:\/\/www.notibras.com\/site\/terraco-shopping-tem-atracao-inspirada-nas-selvas\/","url":"https:\/\/www.notibras.com\/site\/terraco-shopping-tem-atracao-inspirada-nas-selvas\/","name":"Terra\u00e7o Shopping tem atra\u00e7\u00e3o inspirada nas selvas - Notibras","isPartOf":{"@id":"https:\/\/www.notibras.com\/site\/#website"},"primaryImageOfPage":{"@id":"https:\/\/www.notibras.com\/site\/terraco-shopping-tem-atracao-inspirada-nas-selvas\/#primaryimage"},"image":{"@id":"https:\/\/www.notibras.com\/site\/terraco-shopping-tem-atracao-inspirada-nas-selvas\/#primaryimage"},"thumbnailUrl":"https:\/\/www.notibras.com\/site\/wp-content\/uploads\/2024\/02\/Aventura-na-Floresta-1-scaled.jpeg","datePublished":"2024-02-20T06:05:20+00:00","breadcrumb":{"@id":"https:\/\/www.notibras.com\/site\/terraco-shopping-tem-atracao-inspirada-nas-selvas\/#breadcrumb"},"inLanguage":"pt-BR","potentialAction":[{"@type":"ReadAction","target":["https:\/\/www.notibras.com\/site\/terraco-shopping-tem-atracao-inspirada-nas-selvas\/"]}]},{"@type":"ImageObject","inLanguage":"pt-BR","@id":"https:\/\/www.notibras.com\/site\/terraco-shopping-tem-atracao-inspirada-nas-selvas\/#primaryimage","url":"https:\/\/www.notibras.com\/site\/wp-content\/uploads\/2024\/02\/Aventura-na-Floresta-1-scaled.jpeg","contentUrl":"https:\/\/www.notibras.com\/site\/wp-content\/uploads\/2024\/02\/Aventura-na-Floresta-1-scaled.jpeg","width":1920,"height":2560},{"@type":"BreadcrumbList","@id":"https:\/\/www.notibras.com\/site\/terraco-shopping-tem-atracao-inspirada-nas-selvas\/#breadcrumb","itemListElement":[{"@type":"ListItem","position":1,"name":"In\u00edcio","item":"https:\/\/www.notibras.com\/site\/"},{"@type":"ListItem","position":2,"name":"Terra\u00e7o Shopping tem atra\u00e7\u00e3o inspirada nas selvas"}]},{"@type":"WebSite","@id":"https:\/\/www.notibras.com\/site\/#website","url":"https:\/\/www.notibras.com\/site\/","name":"Notibras","description":"Not\u00edcias de Bras\u00edlia, do Brasil e do Mundo","publisher":{"@id":"https:\/\/www.notibras.com\/site\/#organization"},"potentialAction":[{"@type":"SearchAction","target":{"@type":"EntryPoint","urlTemplate":"https:\/\/www.notibras.com\/site\/?s={search_term_string}"},"query-input":{"@type":"PropertyValueSpecification","valueRequired":true,"valueName":"search_term_string"}}],"inLanguage":"pt-BR"},{"@type":"Organization","@id":"https:\/\/www.notibras.com\/site\/#organization","name":"Grupo Notibras de Comunica\u00e7\u00e3o","url":"https:\/\/www.notibras.com\/site\/","logo":{"@type":"ImageObject","inLanguage":"pt-BR","@id":"https:\/\/www.notibras.com\/site\/#\/schema\/logo\/image\/","url":"https:\/\/www.notibras.com\/site\/wp-content\/uploads\/2023\/01\/notibras23.png","contentUrl":"https:\/\/www.notibras.com\/site\/wp-content\/uploads\/2023\/01\/notibras23.png","width":350,"height":87,"caption":"Grupo Notibras de Comunica\u00e7\u00e3o"},"image":{"@id":"https:\/\/www.notibras.com\/site\/#\/schema\/logo\/image\/"},"sameAs":["https:\/\/www.facebook.com\/notibras\/","https:\/\/x.com\/Notibras","https:\/\/www.instagram.com\/notibras\/"]},{"@type":"Person","@id":"https:\/\/www.notibras.com\/site\/#\/schema\/person\/36ab0979449956132d3e5b517ea76ac8","name":"Reda\u00e7\u00e3o","image":{"@type":"ImageObject","inLanguage":"pt-BR","@id":"https:\/\/secure.gravatar.com\/avatar\/e0a867bdedb85fd243eadf09663511f96fc81e0720a4a42581f334ad4303aa6b?s=96&d=mm&r=g","url":"https:\/\/secure.gravatar.com\/avatar\/e0a867bdedb85fd243eadf09663511f96fc81e0720a4a42581f334ad4303aa6b?s=96&d=mm&r=g","contentUrl":"https:\/\/secure.gravatar.com\/avatar\/e0a867bdedb85fd243eadf09663511f96fc81e0720a4a42581f334ad4303aa6b?s=96&d=mm&r=g","caption":"Reda\u00e7\u00e3o"}}]}},"amp_enabled":true,"_links":{"self":[{"href":"https:\/\/www.notibras.com\/site\/wp-json\/wp\/v2\/posts\/322771","targetHints":{"allow":["GET"]}}],"collection":[{"href":"https:\/\/www.notibras.com\/site\/wp-json\/wp\/v2\/posts"}],"about":[{"href":"https:\/\/www.notibras.com\/site\/wp-json\/wp\/v2\/types\/post"}],"author":[{"embeddable":true,"href":"https:\/\/www.notibras.com\/site\/wp-json\/wp\/v2\/users\/2"}],"replies":[{"embeddable":true,"href":"https:\/\/www.notibras.com\/site\/wp-json\/wp\/v2\/comments?post=322771"}],"version-history":[{"count":1,"href":"https:\/\/www.notibras.com\/site\/wp-json\/wp\/v2\/posts\/322771\/revisions"}],"predecessor-version":[{"id":322773,"href":"https:\/\/www.notibras.com\/site\/wp-json\/wp\/v2\/posts\/322771\/revisions\/322773"}],"wp:featuredmedia":[{"embeddable":true,"href":"https:\/\/www.notibras.com\/site\/wp-json\/wp\/v2\/media\/322772"}],"wp:attachment":[{"href":"https:\/\/www.notibras.com\/site\/wp-json\/wp\/v2\/media?parent=322771"}],"wp:term":[{"taxonomy":"category","embeddable":true,"href":"https:\/\/www.notibras.com\/site\/wp-json\/wp\/v2\/categories?post=322771"},{"taxonomy":"post_tag","embeddable":true,"href":"https:\/\/www.notibras.com\/site\/wp-json\/wp\/v2\/tags?post=322771"}],"curies":[{"name":"wp","href":"https:\/\/api.w.org\/{rel}","templated":true}]}}