{"id":322779,"date":"2024-02-20T03:35:02","date_gmt":"2024-02-20T06:35:02","guid":{"rendered":"https:\/\/www.notibras.com\/site\/?p=322779"},"modified":"2024-02-20T03:35:02","modified_gmt":"2024-02-20T06:35:02","slug":"adesao-ao-programa-pe-de-meia-termina-domingo","status":"publish","type":"post","link":"https:\/\/www.notibras.com\/site\/adesao-ao-programa-pe-de-meia-termina-domingo\/","title":{"rendered":"Ades\u00e3o ao Programa P\u00e9-de-Meia termina domingo"},"content":{"rendered":"<p>Termina no pr\u00f3ximo domingo (25) o prazo para a assinatura do termo de compromisso das redes federais, estaduais, distrital e municipais com o Programa P\u00e9-de-Meia, institu\u00eddo pelo governo federal como uma esp\u00e9cie de poupan\u00e7a que serve de incentivo para que estudantes de baixa renda concluam o ensino m\u00e9dio.<\/p>\n<p>Os procedimentos devem ser feitos pelas secretarias de Educa\u00e7\u00e3o, por meio do m\u00f3dulo P\u00e9-de-Meia do Sistema Integrado de Monitoramento, Execu\u00e7\u00e3o e Controle do Minist\u00e9rio da Educa\u00e7\u00e3o (Simec). Ao assinar o termo, as autoridades indicam quem ser\u00e3o os respons\u00e1veis pelo envio mensal das informa\u00e7\u00f5es dos alunos para o Minist\u00e9rio da Educa\u00e7\u00e3o (MEC).<\/p>\n<p>\u201cSomente os perfis do respectivo secret\u00e1rio estadual e municipal de Educa\u00e7\u00e3o e do reitor das institui\u00e7\u00f5es federais que ofertam ensino m\u00e9dio regular podem acessar o m\u00f3dulo no Simec e fazer a ades\u00e3o\u201d, informa o MEC.<\/p>\n<p>Ser\u00e3o beneficiados jovens de baixa renda regularmente matriculados no ensino m\u00e9dio na rede p\u00fablica e com a fam\u00edlia inscrita no Cadastro \u00danico para Programas Sociais do Governo Federal (Cad\u00danico), com renda per capita mensal igual ou inferior a R$ 218. No caso de educa\u00e7\u00e3o para jovens e adultos, podem receber o benef\u00edcio quem est\u00e1 na faixa et\u00e1ria de 19 a 24 anos.<\/p>\n<p><strong>P\u00e9-de-Meia<\/strong><br \/>\nO programa oferece quatro tipos de incentivos para os estudantes do ensino m\u00e9dio: incentivo-matr\u00edcula, pago uma vez por ano para aqueles que se matricularem; incentivo-frequ\u00eancia, pago em nove vezes durante o ano para aqueles que frequentarem pelo menos 80% das aulas; incentivo-conclus\u00e3o, pago pela conclus\u00e3o dos anos letivos, para aqueles que forem aprovados, participando das avalia\u00e7\u00f5es; e, o incentivo-Enem, pago uma \u00fanica vez para aqueles que comprovarem a participa\u00e7\u00e3o Enem.<\/p>\n<p>No ato da matr\u00edcula, no in\u00edcio do ano letivo, o estudante do ensino m\u00e9dio receber\u00e1 em sua conta poupan\u00e7a R$ 200. Com a comprova\u00e7\u00e3o de frequ\u00eancia, ele ter\u00e1 direito ao recebimento de R$ 1,8 mil por ano, em nove parcelas de R$ 200.<\/p>\n<p>Assim, o total por ano letivo ser\u00e1 de R$ 2 mil. Ao concluir a \u00faltima s\u00e9rie, o aluno receber\u00e1 R$ 3 mil na conta poupan\u00e7a, que equivale a R$ 1 mil por s\u00e9rie. Aqueles que participarem do Enem receber\u00e3o R$ 200. Assim, caso o estudante cumpra todos os requisitos estabelecidos ao longo dos 3 anos, ele ter\u00e1 recebido um total de R$ 9,2 mil.<\/p>\n<p>Os recursos ser\u00e3o depositados em conta em nome do estudante benefici\u00e1rio, de natureza pessoal e intransfer\u00edvel, que poder\u00e1 ser do tipo poupan\u00e7a social digital. Os valores n\u00e3o entrar\u00e3o no c\u00e1lculo para declara\u00e7\u00e3o de renda familiar e recebimento de outros benef\u00edcios, como o Bolsa Fam\u00edlia, por exemplo.<\/p>\n<p>\u201cCom a assinatura do Termo, as redes ofertantes de ensino m\u00e9dio se comprometem a fornecer e compartilhar, com o MEC, as informa\u00e7\u00f5es dos estudantes matriculados nessa etapa de ensino e, quando for o caso, de seus representantes legais. A coopera\u00e7\u00e3o dos sistemas de ensino possibilitar\u00e1 o acesso de seus alunos matriculados ao incentivo financeiro-educacional\u201d, detalhou o minist\u00e9rio.<\/p>\n","protected":false},"excerpt":{"rendered":"<p>Termina no pr\u00f3ximo domingo (25) o prazo para a assinatura do termo de compromisso das redes federais, estaduais, distrital e municipais com o Programa P\u00e9-de-Meia, institu\u00eddo pelo governo federal como uma esp\u00e9cie de poupan\u00e7a que serve de incentivo para que estudantes de baixa renda concluam o ensino m\u00e9dio. Os procedimentos devem ser feitos pelas secretarias [&hellip;]<\/p>\n","protected":false},"author":2,"featured_media":322780,"comment_status":"closed","ping_status":"closed","sticky":false,"template":"","format":"standard","meta":{"_acf_changed":false,"footnotes":""},"categories":[166,167,168,169,170,171,172,161,173,174],"tags":[],"class_list":["post-322779","post","type-post","status-publish","format-standard","has-post-thumbnail","hentry","category-alagoas","category-bahia","category-ceara","category-maranhao","category-paraiba-nordeste","category-pernambuco-nordeste","category-piaui","category-quadradinho-em-foco","category-rio-grande-do-norte","category-sergipe"],"acf":[],"yoast_head":"<!-- This site is optimized with the Yoast SEO plugin v27.2 - https:\/\/yoast.com\/product\/yoast-seo-wordpress\/ -->\n<title>Ades\u00e3o ao Programa P\u00e9-de-Meia termina domingo - Notibras<\/title>\n<meta name=\"robots\" content=\"index, follow, max-snippet:-1, max-image-preview:large, max-video-preview:-1\" \/>\n<link rel=\"canonical\" href=\"https:\/\/www.notibras.com\/site\/adesao-ao-programa-pe-de-meia-termina-domingo\/\" \/>\n<meta property=\"og:locale\" content=\"pt_BR\" \/>\n<meta property=\"og:type\" content=\"article\" \/>\n<meta property=\"og:title\" content=\"Ades\u00e3o ao Programa P\u00e9-de-Meia termina domingo - Notibras\" \/>\n<meta property=\"og:description\" content=\"Termina no pr\u00f3ximo domingo (25) o prazo para a assinatura do termo de compromisso das redes federais, estaduais, distrital e municipais com o Programa P\u00e9-de-Meia, institu\u00eddo pelo governo federal como uma esp\u00e9cie de poupan\u00e7a que serve de incentivo para que estudantes de baixa renda concluam o ensino m\u00e9dio. Os procedimentos devem ser feitos pelas secretarias [&hellip;]\" \/>\n<meta property=\"og:url\" content=\"https:\/\/www.notibras.com\/site\/adesao-ao-programa-pe-de-meia-termina-domingo\/\" \/>\n<meta property=\"og:site_name\" content=\"Notibras\" \/>\n<meta property=\"article:publisher\" content=\"https:\/\/www.facebook.com\/notibras\/\" \/>\n<meta property=\"article:published_time\" content=\"2024-02-20T06:35:02+00:00\" \/>\n<meta property=\"og:image\" content=\"https:\/\/www.notibras.com\/site\/wp-content\/uploads\/2024\/02\/pedemeia.prazo_.webp\" \/>\n\t<meta property=\"og:image:width\" content=\"1170\" \/>\n\t<meta property=\"og:image:height\" content=\"700\" \/>\n\t<meta property=\"og:image:type\" content=\"image\/webp\" \/>\n<meta name=\"author\" content=\"Reda\u00e7\u00e3o\" \/>\n<meta name=\"twitter:card\" content=\"summary_large_image\" \/>\n<meta name=\"twitter:creator\" content=\"@Notibras\" \/>\n<meta name=\"twitter:site\" content=\"@Notibras\" \/>\n<meta name=\"twitter:label1\" content=\"Escrito por\" \/>\n\t<meta name=\"twitter:data1\" content=\"Reda\u00e7\u00e3o\" \/>\n\t<meta name=\"twitter:label2\" content=\"Est. tempo de leitura\" \/>\n\t<meta name=\"twitter:data2\" content=\"3 minutos\" \/>\n<script type=\"application\/ld+json\" class=\"yoast-schema-graph\">{\"@context\":\"https:\/\/schema.org\",\"@graph\":[{\"@type\":\"Article\",\"@id\":\"https:\/\/www.notibras.com\/site\/adesao-ao-programa-pe-de-meia-termina-domingo\/#article\",\"isPartOf\":{\"@id\":\"https:\/\/www.notibras.com\/site\/adesao-ao-programa-pe-de-meia-termina-domingo\/\"},\"author\":{\"name\":\"Reda\u00e7\u00e3o\",\"@id\":\"https:\/\/www.notibras.com\/site\/#\/schema\/person\/36ab0979449956132d3e5b517ea76ac8\"},\"headline\":\"Ades\u00e3o ao Programa P\u00e9-de-Meia termina domingo\",\"datePublished\":\"2024-02-20T06:35:02+00:00\",\"mainEntityOfPage\":{\"@id\":\"https:\/\/www.notibras.com\/site\/adesao-ao-programa-pe-de-meia-termina-domingo\/\"},\"wordCount\":534,\"publisher\":{\"@id\":\"https:\/\/www.notibras.com\/site\/#organization\"},\"image\":{\"@id\":\"https:\/\/www.notibras.com\/site\/adesao-ao-programa-pe-de-meia-termina-domingo\/#primaryimage\"},\"thumbnailUrl\":\"https:\/\/www.notibras.com\/site\/wp-content\/uploads\/2024\/02\/pedemeia.prazo_.webp\",\"articleSection\":[\"Alagoas\",\"Bahia\",\"Cear\u00e1\",\"Maranh\u00e3o\",\"Para\u00edba\",\"Pernambuco\",\"Piau\u00ed\",\"Quadradinho em Foco\",\"Rio Grande do Norte\",\"Sergipe\"],\"inLanguage\":\"pt-BR\"},{\"@type\":\"WebPage\",\"@id\":\"https:\/\/www.notibras.com\/site\/adesao-ao-programa-pe-de-meia-termina-domingo\/\",\"url\":\"https:\/\/www.notibras.com\/site\/adesao-ao-programa-pe-de-meia-termina-domingo\/\",\"name\":\"Ades\u00e3o ao Programa P\u00e9-de-Meia termina domingo - Notibras\",\"isPartOf\":{\"@id\":\"https:\/\/www.notibras.com\/site\/#website\"},\"primaryImageOfPage\":{\"@id\":\"https:\/\/www.notibras.com\/site\/adesao-ao-programa-pe-de-meia-termina-domingo\/#primaryimage\"},\"image\":{\"@id\":\"https:\/\/www.notibras.com\/site\/adesao-ao-programa-pe-de-meia-termina-domingo\/#primaryimage\"},\"thumbnailUrl\":\"https:\/\/www.notibras.com\/site\/wp-content\/uploads\/2024\/02\/pedemeia.prazo_.webp\",\"datePublished\":\"2024-02-20T06:35:02+00:00\",\"breadcrumb\":{\"@id\":\"https:\/\/www.notibras.com\/site\/adesao-ao-programa-pe-de-meia-termina-domingo\/#breadcrumb\"},\"inLanguage\":\"pt-BR\",\"potentialAction\":[{\"@type\":\"ReadAction\",\"target\":[\"https:\/\/www.notibras.com\/site\/adesao-ao-programa-pe-de-meia-termina-domingo\/\"]}]},{\"@type\":\"ImageObject\",\"inLanguage\":\"pt-BR\",\"@id\":\"https:\/\/www.notibras.com\/site\/adesao-ao-programa-pe-de-meia-termina-domingo\/#primaryimage\",\"url\":\"https:\/\/www.notibras.com\/site\/wp-content\/uploads\/2024\/02\/pedemeia.prazo_.webp\",\"contentUrl\":\"https:\/\/www.notibras.com\/site\/wp-content\/uploads\/2024\/02\/pedemeia.prazo_.webp\",\"width\":1170,\"height\":700},{\"@type\":\"BreadcrumbList\",\"@id\":\"https:\/\/www.notibras.com\/site\/adesao-ao-programa-pe-de-meia-termina-domingo\/#breadcrumb\",\"itemListElement\":[{\"@type\":\"ListItem\",\"position\":1,\"name\":\"In\u00edcio\",\"item\":\"https:\/\/www.notibras.com\/site\/\"},{\"@type\":\"ListItem\",\"position\":2,\"name\":\"Ades\u00e3o ao Programa P\u00e9-de-Meia termina domingo\"}]},{\"@type\":\"WebSite\",\"@id\":\"https:\/\/www.notibras.com\/site\/#website\",\"url\":\"https:\/\/www.notibras.com\/site\/\",\"name\":\"Notibras\",\"description\":\"Not\u00edcias de Bras\u00edlia, do Brasil e do Mundo\",\"publisher\":{\"@id\":\"https:\/\/www.notibras.com\/site\/#organization\"},\"potentialAction\":[{\"@type\":\"SearchAction\",\"target\":{\"@type\":\"EntryPoint\",\"urlTemplate\":\"https:\/\/www.notibras.com\/site\/?s={search_term_string}\"},\"query-input\":{\"@type\":\"PropertyValueSpecification\",\"valueRequired\":true,\"valueName\":\"search_term_string\"}}],\"inLanguage\":\"pt-BR\"},{\"@type\":\"Organization\",\"@id\":\"https:\/\/www.notibras.com\/site\/#organization\",\"name\":\"Grupo Notibras de Comunica\u00e7\u00e3o\",\"url\":\"https:\/\/www.notibras.com\/site\/\",\"logo\":{\"@type\":\"ImageObject\",\"inLanguage\":\"pt-BR\",\"@id\":\"https:\/\/www.notibras.com\/site\/#\/schema\/logo\/image\/\",\"url\":\"https:\/\/www.notibras.com\/site\/wp-content\/uploads\/2023\/01\/notibras23.png\",\"contentUrl\":\"https:\/\/www.notibras.com\/site\/wp-content\/uploads\/2023\/01\/notibras23.png\",\"width\":350,\"height\":87,\"caption\":\"Grupo Notibras de Comunica\u00e7\u00e3o\"},\"image\":{\"@id\":\"https:\/\/www.notibras.com\/site\/#\/schema\/logo\/image\/\"},\"sameAs\":[\"https:\/\/www.facebook.com\/notibras\/\",\"https:\/\/x.com\/Notibras\",\"https:\/\/www.instagram.com\/notibras\/\"]},{\"@type\":\"Person\",\"@id\":\"https:\/\/www.notibras.com\/site\/#\/schema\/person\/36ab0979449956132d3e5b517ea76ac8\",\"name\":\"Reda\u00e7\u00e3o\",\"image\":{\"@type\":\"ImageObject\",\"inLanguage\":\"pt-BR\",\"@id\":\"https:\/\/secure.gravatar.com\/avatar\/e0a867bdedb85fd243eadf09663511f96fc81e0720a4a42581f334ad4303aa6b?s=96&d=mm&r=g\",\"url\":\"https:\/\/secure.gravatar.com\/avatar\/e0a867bdedb85fd243eadf09663511f96fc81e0720a4a42581f334ad4303aa6b?s=96&d=mm&r=g\",\"contentUrl\":\"https:\/\/secure.gravatar.com\/avatar\/e0a867bdedb85fd243eadf09663511f96fc81e0720a4a42581f334ad4303aa6b?s=96&d=mm&r=g\",\"caption\":\"Reda\u00e7\u00e3o\"}}]}<\/script>\n<!-- \/ Yoast SEO plugin. -->","yoast_head_json":{"title":"Ades\u00e3o ao Programa P\u00e9-de-Meia termina domingo - Notibras","robots":{"index":"index","follow":"follow","max-snippet":"max-snippet:-1","max-image-preview":"max-image-preview:large","max-video-preview":"max-video-preview:-1"},"canonical":"https:\/\/www.notibras.com\/site\/adesao-ao-programa-pe-de-meia-termina-domingo\/","og_locale":"pt_BR","og_type":"article","og_title":"Ades\u00e3o ao Programa P\u00e9-de-Meia termina domingo - Notibras","og_description":"Termina no pr\u00f3ximo domingo (25) o prazo para a assinatura do termo de compromisso das redes federais, estaduais, distrital e municipais com o Programa P\u00e9-de-Meia, institu\u00eddo pelo governo federal como uma esp\u00e9cie de poupan\u00e7a que serve de incentivo para que estudantes de baixa renda concluam o ensino m\u00e9dio. Os procedimentos devem ser feitos pelas secretarias [&hellip;]","og_url":"https:\/\/www.notibras.com\/site\/adesao-ao-programa-pe-de-meia-termina-domingo\/","og_site_name":"Notibras","article_publisher":"https:\/\/www.facebook.com\/notibras\/","article_published_time":"2024-02-20T06:35:02+00:00","og_image":[{"width":1170,"height":700,"url":"https:\/\/www.notibras.com\/site\/wp-content\/uploads\/2024\/02\/pedemeia.prazo_.webp","type":"image\/webp"}],"author":"Reda\u00e7\u00e3o","twitter_card":"summary_large_image","twitter_creator":"@Notibras","twitter_site":"@Notibras","twitter_misc":{"Escrito por":"Reda\u00e7\u00e3o","Est. tempo de leitura":"3 minutos"},"schema":{"@context":"https:\/\/schema.org","@graph":[{"@type":"Article","@id":"https:\/\/www.notibras.com\/site\/adesao-ao-programa-pe-de-meia-termina-domingo\/#article","isPartOf":{"@id":"https:\/\/www.notibras.com\/site\/adesao-ao-programa-pe-de-meia-termina-domingo\/"},"author":{"name":"Reda\u00e7\u00e3o","@id":"https:\/\/www.notibras.com\/site\/#\/schema\/person\/36ab0979449956132d3e5b517ea76ac8"},"headline":"Ades\u00e3o ao Programa P\u00e9-de-Meia termina domingo","datePublished":"2024-02-20T06:35:02+00:00","mainEntityOfPage":{"@id":"https:\/\/www.notibras.com\/site\/adesao-ao-programa-pe-de-meia-termina-domingo\/"},"wordCount":534,"publisher":{"@id":"https:\/\/www.notibras.com\/site\/#organization"},"image":{"@id":"https:\/\/www.notibras.com\/site\/adesao-ao-programa-pe-de-meia-termina-domingo\/#primaryimage"},"thumbnailUrl":"https:\/\/www.notibras.com\/site\/wp-content\/uploads\/2024\/02\/pedemeia.prazo_.webp","articleSection":["Alagoas","Bahia","Cear\u00e1","Maranh\u00e3o","Para\u00edba","Pernambuco","Piau\u00ed","Quadradinho em Foco","Rio Grande do Norte","Sergipe"],"inLanguage":"pt-BR"},{"@type":"WebPage","@id":"https:\/\/www.notibras.com\/site\/adesao-ao-programa-pe-de-meia-termina-domingo\/","url":"https:\/\/www.notibras.com\/site\/adesao-ao-programa-pe-de-meia-termina-domingo\/","name":"Ades\u00e3o ao Programa P\u00e9-de-Meia termina domingo - Notibras","isPartOf":{"@id":"https:\/\/www.notibras.com\/site\/#website"},"primaryImageOfPage":{"@id":"https:\/\/www.notibras.com\/site\/adesao-ao-programa-pe-de-meia-termina-domingo\/#primaryimage"},"image":{"@id":"https:\/\/www.notibras.com\/site\/adesao-ao-programa-pe-de-meia-termina-domingo\/#primaryimage"},"thumbnailUrl":"https:\/\/www.notibras.com\/site\/wp-content\/uploads\/2024\/02\/pedemeia.prazo_.webp","datePublished":"2024-02-20T06:35:02+00:00","breadcrumb":{"@id":"https:\/\/www.notibras.com\/site\/adesao-ao-programa-pe-de-meia-termina-domingo\/#breadcrumb"},"inLanguage":"pt-BR","potentialAction":[{"@type":"ReadAction","target":["https:\/\/www.notibras.com\/site\/adesao-ao-programa-pe-de-meia-termina-domingo\/"]}]},{"@type":"ImageObject","inLanguage":"pt-BR","@id":"https:\/\/www.notibras.com\/site\/adesao-ao-programa-pe-de-meia-termina-domingo\/#primaryimage","url":"https:\/\/www.notibras.com\/site\/wp-content\/uploads\/2024\/02\/pedemeia.prazo_.webp","contentUrl":"https:\/\/www.notibras.com\/site\/wp-content\/uploads\/2024\/02\/pedemeia.prazo_.webp","width":1170,"height":700},{"@type":"BreadcrumbList","@id":"https:\/\/www.notibras.com\/site\/adesao-ao-programa-pe-de-meia-termina-domingo\/#breadcrumb","itemListElement":[{"@type":"ListItem","position":1,"name":"In\u00edcio","item":"https:\/\/www.notibras.com\/site\/"},{"@type":"ListItem","position":2,"name":"Ades\u00e3o ao Programa P\u00e9-de-Meia termina domingo"}]},{"@type":"WebSite","@id":"https:\/\/www.notibras.com\/site\/#website","url":"https:\/\/www.notibras.com\/site\/","name":"Notibras","description":"Not\u00edcias de Bras\u00edlia, do Brasil e do Mundo","publisher":{"@id":"https:\/\/www.notibras.com\/site\/#organization"},"potentialAction":[{"@type":"SearchAction","target":{"@type":"EntryPoint","urlTemplate":"https:\/\/www.notibras.com\/site\/?s={search_term_string}"},"query-input":{"@type":"PropertyValueSpecification","valueRequired":true,"valueName":"search_term_string"}}],"inLanguage":"pt-BR"},{"@type":"Organization","@id":"https:\/\/www.notibras.com\/site\/#organization","name":"Grupo Notibras de Comunica\u00e7\u00e3o","url":"https:\/\/www.notibras.com\/site\/","logo":{"@type":"ImageObject","inLanguage":"pt-BR","@id":"https:\/\/www.notibras.com\/site\/#\/schema\/logo\/image\/","url":"https:\/\/www.notibras.com\/site\/wp-content\/uploads\/2023\/01\/notibras23.png","contentUrl":"https:\/\/www.notibras.com\/site\/wp-content\/uploads\/2023\/01\/notibras23.png","width":350,"height":87,"caption":"Grupo Notibras de Comunica\u00e7\u00e3o"},"image":{"@id":"https:\/\/www.notibras.com\/site\/#\/schema\/logo\/image\/"},"sameAs":["https:\/\/www.facebook.com\/notibras\/","https:\/\/x.com\/Notibras","https:\/\/www.instagram.com\/notibras\/"]},{"@type":"Person","@id":"https:\/\/www.notibras.com\/site\/#\/schema\/person\/36ab0979449956132d3e5b517ea76ac8","name":"Reda\u00e7\u00e3o","image":{"@type":"ImageObject","inLanguage":"pt-BR","@id":"https:\/\/secure.gravatar.com\/avatar\/e0a867bdedb85fd243eadf09663511f96fc81e0720a4a42581f334ad4303aa6b?s=96&d=mm&r=g","url":"https:\/\/secure.gravatar.com\/avatar\/e0a867bdedb85fd243eadf09663511f96fc81e0720a4a42581f334ad4303aa6b?s=96&d=mm&r=g","contentUrl":"https:\/\/secure.gravatar.com\/avatar\/e0a867bdedb85fd243eadf09663511f96fc81e0720a4a42581f334ad4303aa6b?s=96&d=mm&r=g","caption":"Reda\u00e7\u00e3o"}}]}},"amp_enabled":true,"_links":{"self":[{"href":"https:\/\/www.notibras.com\/site\/wp-json\/wp\/v2\/posts\/322779","targetHints":{"allow":["GET"]}}],"collection":[{"href":"https:\/\/www.notibras.com\/site\/wp-json\/wp\/v2\/posts"}],"about":[{"href":"https:\/\/www.notibras.com\/site\/wp-json\/wp\/v2\/types\/post"}],"author":[{"embeddable":true,"href":"https:\/\/www.notibras.com\/site\/wp-json\/wp\/v2\/users\/2"}],"replies":[{"embeddable":true,"href":"https:\/\/www.notibras.com\/site\/wp-json\/wp\/v2\/comments?post=322779"}],"version-history":[{"count":1,"href":"https:\/\/www.notibras.com\/site\/wp-json\/wp\/v2\/posts\/322779\/revisions"}],"predecessor-version":[{"id":322781,"href":"https:\/\/www.notibras.com\/site\/wp-json\/wp\/v2\/posts\/322779\/revisions\/322781"}],"wp:featuredmedia":[{"embeddable":true,"href":"https:\/\/www.notibras.com\/site\/wp-json\/wp\/v2\/media\/322780"}],"wp:attachment":[{"href":"https:\/\/www.notibras.com\/site\/wp-json\/wp\/v2\/media?parent=322779"}],"wp:term":[{"taxonomy":"category","embeddable":true,"href":"https:\/\/www.notibras.com\/site\/wp-json\/wp\/v2\/categories?post=322779"},{"taxonomy":"post_tag","embeddable":true,"href":"https:\/\/www.notibras.com\/site\/wp-json\/wp\/v2\/tags?post=322779"}],"curies":[{"name":"wp","href":"https:\/\/api.w.org\/{rel}","templated":true}]}}