{"id":322799,"date":"2024-02-20T04:37:13","date_gmt":"2024-02-20T07:37:13","guid":{"rendered":"https:\/\/www.notibras.com\/site\/?p=322799"},"modified":"2024-02-20T04:38:05","modified_gmt":"2024-02-20T07:38:05","slug":"dona-irene-eu-a-estrada-e-o-biscoito-de-polvilho","status":"publish","type":"post","link":"https:\/\/www.notibras.com\/site\/dona-irene-eu-a-estrada-e-o-biscoito-de-polvilho\/","title":{"rendered":"Dona Irene, eu, a estrada e o biscoito de polvilho"},"content":{"rendered":"<p>Uma das coisas que a Dona Irene e eu amamos \u00e9 pegar a estrada, quando, ent\u00e3o, quase sempre, nos embrenhamos por caminhos outros al\u00e9m do destino. Isso torna nossas viagens mais longas, por\u00e9m, muito mais divertidas, j\u00e1 que temos a oportunidade de visitar lugares que talvez nunca imaginar\u00edamos conhecer.<\/p>\n<p>Outra caracter\u00edstica das nossas aventuras \u00e9 que preferimos sair de madrugada, quando o sil\u00eancio do tr\u00e2nsito nos tira logo da cidade e nos coloca na estrada, muitas vezes t\u00e3o escura, que, se deslig\u00e1ssemos os far\u00f3is, n\u00e3o conseguir\u00edamos enxergar nem um palmo \u00e0 nossa frente. Esse ambiente, aparentemente assustador, nos conforta, pois ali estamos apenas n\u00f3s dois, longe das preocupa\u00e7\u00f5es do dia a dia.<\/p>\n<p>Enquanto enfrentamos cada quil\u00f4metro, bebemos aquele delicioso caf\u00e9 na mesma x\u00edcara, que esquenta o friozinho na barriga. A minha mulher at\u00e9 se torna mais falante, me conta alguma piada ou uma hist\u00f3ria engra\u00e7ada, o que me mant\u00e9m alerta ao volante. Ela tamb\u00e9m me fala que daqui a tantos quil\u00f4metros passaremos por tal cidade, depois por aquela outra, e vamos indo, at\u00e9 que o majestoso astro rei lan\u00e7a seus primeiros raios.<\/p>\n<p>\u00c9 justamente nessa hora em que a Dona Irene gosta de dar uma esticada nas pernas e fazer seu dejejum. Pela manh\u00e3, ela costuma ter um apetite voraz, ao contr\u00e1rio de mim, que fico apenas no cafezinho. Aproveito para abastecer o carro e lavar o rosto. Depois vou ver como as coisas est\u00e3o saindo com a minha esposa, quando quase sempre a encontro com um monte de pacotes de biscoito de polvilho. De tantos, mal consigo ver seu lindo rosto. Pego todas aquelas coisas, quase ao mesmo tempo em que ela me manda segurar uma garrafa grande de \u00e1gua. Ela paga tudo e voltamos para estrada.<\/p>\n<p>N\u00e3o demora muito tempo, j\u00e1 ou\u00e7o uns barulhinhos de algo sendo mastigado ao lado, enquanto a m\u00e3o da minha mulher me empurra um biscoito de polvilho na boca. Tento resistir, digo que n\u00e3o quero, mas a Dona Irene n\u00e3o est\u00e1 nem a\u00ed para as minhas vontades e, ent\u00e3o, acabo aceitando, quase de bom grado, aquele presente. S\u00f3 um, digo, mas que nada. Ela vai me empurrando outro e mais outro e tantos mais, que nem sei como dizer n\u00e3o. E vamos nessa, \u00e0s vezes necessitando de um bom gole d&#8217;\u00e1gua para fazer toda aquela massa descer goela abaixo.<\/p>\n<p>L\u00e1 pelas tantas, a minha amada resolve colocar uma m\u00fasica e, com sua linda voz, canta com os l\u00e1bios bem pr\u00f3ximos aos meus ouvidos. Ela me tasca um beijo na bochecha e, com as duas m\u00e3os como se tivessem segurando um microfone, solta aqueles agudos que fariam at\u00e9 esses cantores de heavy metal ficarem enciumados. E vamos assim, at\u00e9 chegarmos ao destino ou a outro qualquer. Isso n\u00e3o importa, pois estamos juntos, seja aqui, ali ou acol\u00e1. Invariavelmente, o carro fica puro farelo. Mas nem ligamos!<\/p>\n","protected":false},"excerpt":{"rendered":"<p>Uma das coisas que a Dona Irene e eu amamos \u00e9 pegar a estrada, quando, ent\u00e3o, quase sempre, nos embrenhamos por caminhos outros al\u00e9m do destino. Isso torna nossas viagens mais longas, por\u00e9m, muito mais divertidas, j\u00e1 que temos a oportunidade de visitar lugares que talvez nunca imaginar\u00edamos conhecer. Outra caracter\u00edstica das nossas aventuras \u00e9 [&hellip;]<\/p>\n","protected":false},"author":2,"featured_media":322802,"comment_status":"closed","ping_status":"closed","sticky":false,"template":"","format":"standard","meta":{"_acf_changed":false,"footnotes":""},"categories":[161],"tags":[],"class_list":["post-322799","post","type-post","status-publish","format-standard","has-post-thumbnail","hentry","category-quadradinho-em-foco"],"acf":[],"yoast_head":"<!-- This site is optimized with the Yoast SEO plugin v27.2 - https:\/\/yoast.com\/product\/yoast-seo-wordpress\/ -->\n<title>Dona Irene, eu, a estrada e o biscoito de polvilho - Notibras<\/title>\n<meta name=\"robots\" content=\"index, follow, max-snippet:-1, max-image-preview:large, max-video-preview:-1\" \/>\n<link rel=\"canonical\" href=\"https:\/\/www.notibras.com\/site\/dona-irene-eu-a-estrada-e-o-biscoito-de-polvilho\/\" \/>\n<meta property=\"og:locale\" content=\"pt_BR\" \/>\n<meta property=\"og:type\" content=\"article\" \/>\n<meta property=\"og:title\" content=\"Dona Irene, eu, a estrada e o biscoito de polvilho - Notibras\" \/>\n<meta property=\"og:description\" content=\"Uma das coisas que a Dona Irene e eu amamos \u00e9 pegar a estrada, quando, ent\u00e3o, quase sempre, nos embrenhamos por caminhos outros al\u00e9m do destino. Isso torna nossas viagens mais longas, por\u00e9m, muito mais divertidas, j\u00e1 que temos a oportunidade de visitar lugares que talvez nunca imaginar\u00edamos conhecer. Outra caracter\u00edstica das nossas aventuras \u00e9 [&hellip;]\" \/>\n<meta property=\"og:url\" content=\"https:\/\/www.notibras.com\/site\/dona-irene-eu-a-estrada-e-o-biscoito-de-polvilho\/\" \/>\n<meta property=\"og:site_name\" content=\"Notibras\" \/>\n<meta property=\"article:publisher\" content=\"https:\/\/www.facebook.com\/notibras\/\" \/>\n<meta property=\"article:published_time\" content=\"2024-02-20T07:37:13+00:00\" \/>\n<meta property=\"article:modified_time\" content=\"2024-02-20T07:38:05+00:00\" \/>\n<meta property=\"og:image\" content=\"https:\/\/www.notibras.com\/site\/wp-content\/uploads\/2024\/02\/98a88aec-99ad-4234-8991-ba4400b21781.jpeg\" \/>\n\t<meta property=\"og:image:width\" content=\"1024\" \/>\n\t<meta property=\"og:image:height\" content=\"682\" \/>\n\t<meta property=\"og:image:type\" content=\"image\/jpeg\" \/>\n<meta name=\"author\" content=\"Reda\u00e7\u00e3o\" \/>\n<meta name=\"twitter:card\" content=\"summary_large_image\" \/>\n<meta name=\"twitter:creator\" content=\"@Notibras\" \/>\n<meta name=\"twitter:site\" content=\"@Notibras\" \/>\n<meta name=\"twitter:label1\" content=\"Escrito por\" \/>\n\t<meta name=\"twitter:data1\" content=\"Reda\u00e7\u00e3o\" \/>\n\t<meta name=\"twitter:label2\" content=\"Est. tempo de leitura\" \/>\n\t<meta name=\"twitter:data2\" content=\"3 minutos\" \/>\n<script type=\"application\/ld+json\" class=\"yoast-schema-graph\">{\"@context\":\"https:\/\/schema.org\",\"@graph\":[{\"@type\":\"Article\",\"@id\":\"https:\/\/www.notibras.com\/site\/dona-irene-eu-a-estrada-e-o-biscoito-de-polvilho\/#article\",\"isPartOf\":{\"@id\":\"https:\/\/www.notibras.com\/site\/dona-irene-eu-a-estrada-e-o-biscoito-de-polvilho\/\"},\"author\":{\"name\":\"Reda\u00e7\u00e3o\",\"@id\":\"https:\/\/www.notibras.com\/site\/#\/schema\/person\/36ab0979449956132d3e5b517ea76ac8\"},\"headline\":\"Dona Irene, eu, a estrada e o biscoito de polvilho\",\"datePublished\":\"2024-02-20T07:37:13+00:00\",\"dateModified\":\"2024-02-20T07:38:05+00:00\",\"mainEntityOfPage\":{\"@id\":\"https:\/\/www.notibras.com\/site\/dona-irene-eu-a-estrada-e-o-biscoito-de-polvilho\/\"},\"wordCount\":515,\"publisher\":{\"@id\":\"https:\/\/www.notibras.com\/site\/#organization\"},\"image\":{\"@id\":\"https:\/\/www.notibras.com\/site\/dona-irene-eu-a-estrada-e-o-biscoito-de-polvilho\/#primaryimage\"},\"thumbnailUrl\":\"https:\/\/www.notibras.com\/site\/wp-content\/uploads\/2024\/02\/98a88aec-99ad-4234-8991-ba4400b21781.jpeg\",\"articleSection\":[\"Quadradinho em Foco\"],\"inLanguage\":\"pt-BR\"},{\"@type\":\"WebPage\",\"@id\":\"https:\/\/www.notibras.com\/site\/dona-irene-eu-a-estrada-e-o-biscoito-de-polvilho\/\",\"url\":\"https:\/\/www.notibras.com\/site\/dona-irene-eu-a-estrada-e-o-biscoito-de-polvilho\/\",\"name\":\"Dona Irene, eu, a estrada e o biscoito de polvilho - Notibras\",\"isPartOf\":{\"@id\":\"https:\/\/www.notibras.com\/site\/#website\"},\"primaryImageOfPage\":{\"@id\":\"https:\/\/www.notibras.com\/site\/dona-irene-eu-a-estrada-e-o-biscoito-de-polvilho\/#primaryimage\"},\"image\":{\"@id\":\"https:\/\/www.notibras.com\/site\/dona-irene-eu-a-estrada-e-o-biscoito-de-polvilho\/#primaryimage\"},\"thumbnailUrl\":\"https:\/\/www.notibras.com\/site\/wp-content\/uploads\/2024\/02\/98a88aec-99ad-4234-8991-ba4400b21781.jpeg\",\"datePublished\":\"2024-02-20T07:37:13+00:00\",\"dateModified\":\"2024-02-20T07:38:05+00:00\",\"breadcrumb\":{\"@id\":\"https:\/\/www.notibras.com\/site\/dona-irene-eu-a-estrada-e-o-biscoito-de-polvilho\/#breadcrumb\"},\"inLanguage\":\"pt-BR\",\"potentialAction\":[{\"@type\":\"ReadAction\",\"target\":[\"https:\/\/www.notibras.com\/site\/dona-irene-eu-a-estrada-e-o-biscoito-de-polvilho\/\"]}]},{\"@type\":\"ImageObject\",\"inLanguage\":\"pt-BR\",\"@id\":\"https:\/\/www.notibras.com\/site\/dona-irene-eu-a-estrada-e-o-biscoito-de-polvilho\/#primaryimage\",\"url\":\"https:\/\/www.notibras.com\/site\/wp-content\/uploads\/2024\/02\/98a88aec-99ad-4234-8991-ba4400b21781.jpeg\",\"contentUrl\":\"https:\/\/www.notibras.com\/site\/wp-content\/uploads\/2024\/02\/98a88aec-99ad-4234-8991-ba4400b21781.jpeg\",\"width\":1024,\"height\":682},{\"@type\":\"BreadcrumbList\",\"@id\":\"https:\/\/www.notibras.com\/site\/dona-irene-eu-a-estrada-e-o-biscoito-de-polvilho\/#breadcrumb\",\"itemListElement\":[{\"@type\":\"ListItem\",\"position\":1,\"name\":\"In\u00edcio\",\"item\":\"https:\/\/www.notibras.com\/site\/\"},{\"@type\":\"ListItem\",\"position\":2,\"name\":\"Dona Irene, eu, a estrada e o biscoito de polvilho\"}]},{\"@type\":\"WebSite\",\"@id\":\"https:\/\/www.notibras.com\/site\/#website\",\"url\":\"https:\/\/www.notibras.com\/site\/\",\"name\":\"Notibras\",\"description\":\"Not\u00edcias de Bras\u00edlia, do Brasil e do Mundo\",\"publisher\":{\"@id\":\"https:\/\/www.notibras.com\/site\/#organization\"},\"potentialAction\":[{\"@type\":\"SearchAction\",\"target\":{\"@type\":\"EntryPoint\",\"urlTemplate\":\"https:\/\/www.notibras.com\/site\/?s={search_term_string}\"},\"query-input\":{\"@type\":\"PropertyValueSpecification\",\"valueRequired\":true,\"valueName\":\"search_term_string\"}}],\"inLanguage\":\"pt-BR\"},{\"@type\":\"Organization\",\"@id\":\"https:\/\/www.notibras.com\/site\/#organization\",\"name\":\"Grupo Notibras de Comunica\u00e7\u00e3o\",\"url\":\"https:\/\/www.notibras.com\/site\/\",\"logo\":{\"@type\":\"ImageObject\",\"inLanguage\":\"pt-BR\",\"@id\":\"https:\/\/www.notibras.com\/site\/#\/schema\/logo\/image\/\",\"url\":\"https:\/\/www.notibras.com\/site\/wp-content\/uploads\/2023\/01\/notibras23.png\",\"contentUrl\":\"https:\/\/www.notibras.com\/site\/wp-content\/uploads\/2023\/01\/notibras23.png\",\"width\":350,\"height\":87,\"caption\":\"Grupo Notibras de Comunica\u00e7\u00e3o\"},\"image\":{\"@id\":\"https:\/\/www.notibras.com\/site\/#\/schema\/logo\/image\/\"},\"sameAs\":[\"https:\/\/www.facebook.com\/notibras\/\",\"https:\/\/x.com\/Notibras\",\"https:\/\/www.instagram.com\/notibras\/\"]},{\"@type\":\"Person\",\"@id\":\"https:\/\/www.notibras.com\/site\/#\/schema\/person\/36ab0979449956132d3e5b517ea76ac8\",\"name\":\"Reda\u00e7\u00e3o\",\"image\":{\"@type\":\"ImageObject\",\"inLanguage\":\"pt-BR\",\"@id\":\"https:\/\/secure.gravatar.com\/avatar\/e0a867bdedb85fd243eadf09663511f96fc81e0720a4a42581f334ad4303aa6b?s=96&d=mm&r=g\",\"url\":\"https:\/\/secure.gravatar.com\/avatar\/e0a867bdedb85fd243eadf09663511f96fc81e0720a4a42581f334ad4303aa6b?s=96&d=mm&r=g\",\"contentUrl\":\"https:\/\/secure.gravatar.com\/avatar\/e0a867bdedb85fd243eadf09663511f96fc81e0720a4a42581f334ad4303aa6b?s=96&d=mm&r=g\",\"caption\":\"Reda\u00e7\u00e3o\"}}]}<\/script>\n<!-- \/ Yoast SEO plugin. -->","yoast_head_json":{"title":"Dona Irene, eu, a estrada e o biscoito de polvilho - Notibras","robots":{"index":"index","follow":"follow","max-snippet":"max-snippet:-1","max-image-preview":"max-image-preview:large","max-video-preview":"max-video-preview:-1"},"canonical":"https:\/\/www.notibras.com\/site\/dona-irene-eu-a-estrada-e-o-biscoito-de-polvilho\/","og_locale":"pt_BR","og_type":"article","og_title":"Dona Irene, eu, a estrada e o biscoito de polvilho - Notibras","og_description":"Uma das coisas que a Dona Irene e eu amamos \u00e9 pegar a estrada, quando, ent\u00e3o, quase sempre, nos embrenhamos por caminhos outros al\u00e9m do destino. Isso torna nossas viagens mais longas, por\u00e9m, muito mais divertidas, j\u00e1 que temos a oportunidade de visitar lugares que talvez nunca imaginar\u00edamos conhecer. Outra caracter\u00edstica das nossas aventuras \u00e9 [&hellip;]","og_url":"https:\/\/www.notibras.com\/site\/dona-irene-eu-a-estrada-e-o-biscoito-de-polvilho\/","og_site_name":"Notibras","article_publisher":"https:\/\/www.facebook.com\/notibras\/","article_published_time":"2024-02-20T07:37:13+00:00","article_modified_time":"2024-02-20T07:38:05+00:00","og_image":[{"width":1024,"height":682,"url":"https:\/\/www.notibras.com\/site\/wp-content\/uploads\/2024\/02\/98a88aec-99ad-4234-8991-ba4400b21781.jpeg","type":"image\/jpeg"}],"author":"Reda\u00e7\u00e3o","twitter_card":"summary_large_image","twitter_creator":"@Notibras","twitter_site":"@Notibras","twitter_misc":{"Escrito por":"Reda\u00e7\u00e3o","Est. tempo de leitura":"3 minutos"},"schema":{"@context":"https:\/\/schema.org","@graph":[{"@type":"Article","@id":"https:\/\/www.notibras.com\/site\/dona-irene-eu-a-estrada-e-o-biscoito-de-polvilho\/#article","isPartOf":{"@id":"https:\/\/www.notibras.com\/site\/dona-irene-eu-a-estrada-e-o-biscoito-de-polvilho\/"},"author":{"name":"Reda\u00e7\u00e3o","@id":"https:\/\/www.notibras.com\/site\/#\/schema\/person\/36ab0979449956132d3e5b517ea76ac8"},"headline":"Dona Irene, eu, a estrada e o biscoito de polvilho","datePublished":"2024-02-20T07:37:13+00:00","dateModified":"2024-02-20T07:38:05+00:00","mainEntityOfPage":{"@id":"https:\/\/www.notibras.com\/site\/dona-irene-eu-a-estrada-e-o-biscoito-de-polvilho\/"},"wordCount":515,"publisher":{"@id":"https:\/\/www.notibras.com\/site\/#organization"},"image":{"@id":"https:\/\/www.notibras.com\/site\/dona-irene-eu-a-estrada-e-o-biscoito-de-polvilho\/#primaryimage"},"thumbnailUrl":"https:\/\/www.notibras.com\/site\/wp-content\/uploads\/2024\/02\/98a88aec-99ad-4234-8991-ba4400b21781.jpeg","articleSection":["Quadradinho em Foco"],"inLanguage":"pt-BR"},{"@type":"WebPage","@id":"https:\/\/www.notibras.com\/site\/dona-irene-eu-a-estrada-e-o-biscoito-de-polvilho\/","url":"https:\/\/www.notibras.com\/site\/dona-irene-eu-a-estrada-e-o-biscoito-de-polvilho\/","name":"Dona Irene, eu, a estrada e o biscoito de polvilho - Notibras","isPartOf":{"@id":"https:\/\/www.notibras.com\/site\/#website"},"primaryImageOfPage":{"@id":"https:\/\/www.notibras.com\/site\/dona-irene-eu-a-estrada-e-o-biscoito-de-polvilho\/#primaryimage"},"image":{"@id":"https:\/\/www.notibras.com\/site\/dona-irene-eu-a-estrada-e-o-biscoito-de-polvilho\/#primaryimage"},"thumbnailUrl":"https:\/\/www.notibras.com\/site\/wp-content\/uploads\/2024\/02\/98a88aec-99ad-4234-8991-ba4400b21781.jpeg","datePublished":"2024-02-20T07:37:13+00:00","dateModified":"2024-02-20T07:38:05+00:00","breadcrumb":{"@id":"https:\/\/www.notibras.com\/site\/dona-irene-eu-a-estrada-e-o-biscoito-de-polvilho\/#breadcrumb"},"inLanguage":"pt-BR","potentialAction":[{"@type":"ReadAction","target":["https:\/\/www.notibras.com\/site\/dona-irene-eu-a-estrada-e-o-biscoito-de-polvilho\/"]}]},{"@type":"ImageObject","inLanguage":"pt-BR","@id":"https:\/\/www.notibras.com\/site\/dona-irene-eu-a-estrada-e-o-biscoito-de-polvilho\/#primaryimage","url":"https:\/\/www.notibras.com\/site\/wp-content\/uploads\/2024\/02\/98a88aec-99ad-4234-8991-ba4400b21781.jpeg","contentUrl":"https:\/\/www.notibras.com\/site\/wp-content\/uploads\/2024\/02\/98a88aec-99ad-4234-8991-ba4400b21781.jpeg","width":1024,"height":682},{"@type":"BreadcrumbList","@id":"https:\/\/www.notibras.com\/site\/dona-irene-eu-a-estrada-e-o-biscoito-de-polvilho\/#breadcrumb","itemListElement":[{"@type":"ListItem","position":1,"name":"In\u00edcio","item":"https:\/\/www.notibras.com\/site\/"},{"@type":"ListItem","position":2,"name":"Dona Irene, eu, a estrada e o biscoito de polvilho"}]},{"@type":"WebSite","@id":"https:\/\/www.notibras.com\/site\/#website","url":"https:\/\/www.notibras.com\/site\/","name":"Notibras","description":"Not\u00edcias de Bras\u00edlia, do Brasil e do Mundo","publisher":{"@id":"https:\/\/www.notibras.com\/site\/#organization"},"potentialAction":[{"@type":"SearchAction","target":{"@type":"EntryPoint","urlTemplate":"https:\/\/www.notibras.com\/site\/?s={search_term_string}"},"query-input":{"@type":"PropertyValueSpecification","valueRequired":true,"valueName":"search_term_string"}}],"inLanguage":"pt-BR"},{"@type":"Organization","@id":"https:\/\/www.notibras.com\/site\/#organization","name":"Grupo Notibras de Comunica\u00e7\u00e3o","url":"https:\/\/www.notibras.com\/site\/","logo":{"@type":"ImageObject","inLanguage":"pt-BR","@id":"https:\/\/www.notibras.com\/site\/#\/schema\/logo\/image\/","url":"https:\/\/www.notibras.com\/site\/wp-content\/uploads\/2023\/01\/notibras23.png","contentUrl":"https:\/\/www.notibras.com\/site\/wp-content\/uploads\/2023\/01\/notibras23.png","width":350,"height":87,"caption":"Grupo Notibras de Comunica\u00e7\u00e3o"},"image":{"@id":"https:\/\/www.notibras.com\/site\/#\/schema\/logo\/image\/"},"sameAs":["https:\/\/www.facebook.com\/notibras\/","https:\/\/x.com\/Notibras","https:\/\/www.instagram.com\/notibras\/"]},{"@type":"Person","@id":"https:\/\/www.notibras.com\/site\/#\/schema\/person\/36ab0979449956132d3e5b517ea76ac8","name":"Reda\u00e7\u00e3o","image":{"@type":"ImageObject","inLanguage":"pt-BR","@id":"https:\/\/secure.gravatar.com\/avatar\/e0a867bdedb85fd243eadf09663511f96fc81e0720a4a42581f334ad4303aa6b?s=96&d=mm&r=g","url":"https:\/\/secure.gravatar.com\/avatar\/e0a867bdedb85fd243eadf09663511f96fc81e0720a4a42581f334ad4303aa6b?s=96&d=mm&r=g","contentUrl":"https:\/\/secure.gravatar.com\/avatar\/e0a867bdedb85fd243eadf09663511f96fc81e0720a4a42581f334ad4303aa6b?s=96&d=mm&r=g","caption":"Reda\u00e7\u00e3o"}}]}},"amp_enabled":true,"_links":{"self":[{"href":"https:\/\/www.notibras.com\/site\/wp-json\/wp\/v2\/posts\/322799","targetHints":{"allow":["GET"]}}],"collection":[{"href":"https:\/\/www.notibras.com\/site\/wp-json\/wp\/v2\/posts"}],"about":[{"href":"https:\/\/www.notibras.com\/site\/wp-json\/wp\/v2\/types\/post"}],"author":[{"embeddable":true,"href":"https:\/\/www.notibras.com\/site\/wp-json\/wp\/v2\/users\/2"}],"replies":[{"embeddable":true,"href":"https:\/\/www.notibras.com\/site\/wp-json\/wp\/v2\/comments?post=322799"}],"version-history":[{"count":1,"href":"https:\/\/www.notibras.com\/site\/wp-json\/wp\/v2\/posts\/322799\/revisions"}],"predecessor-version":[{"id":322801,"href":"https:\/\/www.notibras.com\/site\/wp-json\/wp\/v2\/posts\/322799\/revisions\/322801"}],"wp:featuredmedia":[{"embeddable":true,"href":"https:\/\/www.notibras.com\/site\/wp-json\/wp\/v2\/media\/322802"}],"wp:attachment":[{"href":"https:\/\/www.notibras.com\/site\/wp-json\/wp\/v2\/media?parent=322799"}],"wp:term":[{"taxonomy":"category","embeddable":true,"href":"https:\/\/www.notibras.com\/site\/wp-json\/wp\/v2\/categories?post=322799"},{"taxonomy":"post_tag","embeddable":true,"href":"https:\/\/www.notibras.com\/site\/wp-json\/wp\/v2\/tags?post=322799"}],"curies":[{"name":"wp","href":"https:\/\/api.w.org\/{rel}","templated":true}]}}