{"id":322835,"date":"2024-02-20T17:22:46","date_gmt":"2024-02-20T20:22:46","guid":{"rendered":"https:\/\/www.notibras.com\/site\/?p=322835"},"modified":"2024-02-20T20:28:11","modified_gmt":"2024-02-20T23:28:11","slug":"brasilia-nao-segura-aedes-e-bate-recorde-de-mortes-por-dengue","status":"publish","type":"post","link":"https:\/\/www.notibras.com\/site\/brasilia-nao-segura-aedes-e-bate-recorde-de-mortes-por-dengue\/","title":{"rendered":"Bras\u00edlia n\u00e3o segura Aedes e bate recorde de mortes por dengue"},"content":{"rendered":"<p>O Distrito Federal contabiliza, desde o in\u00edcio do ano, 38 mortes por dengue. O n\u00famero coloca Bras\u00edlia e suas cidades-sat\u00e9lites em primeiro lugar no ranking, na frente at\u00e9 mesmo de Minas Gerais, que tem o maior n\u00famero de casos da doen\u00e7a em todo o pa\u00eds. A capital da Rep\u00fablica investiga ainda 78 mortes classificadas como suspeitas e que tamb\u00e9m podem ter sido provocadas pela dengue.<\/p>\n<p>Dados da Secretaria de Sa\u00fade do DF mostram um total de 81.408 casos prov\u00e1veis da doen\u00e7a at\u00e9 o \u00faltimo dia 17 &#8211; um aumento de 1.351% em rela\u00e7\u00e3o ao mesmo per\u00edodo do ano passado, quando foram registrados 5.484 casos prov\u00e1veis de dengue. A maioria das infec\u00e7\u00f5es foi identificada em mulheres e na faixa et\u00e1ria de 20 a 29 anos, seguida pelo grupo de 70 a 79 anos.<\/p>\n<p><strong>Emerg\u00eancia<\/strong><br \/>\nEm janeiro, o DF decretou situa\u00e7\u00e3o de emerg\u00eancia em sa\u00fade p\u00fablica em meio a uma explos\u00e3o de casos de dengue. O decreto, publicado no Di\u00e1rio Oficial da Uni\u00e3o, citava n\u00e3o apenas a expans\u00e3o de casos da dengue, mas \u201crisco de epidemia por doen\u00e7as transmitidas pelo [mosquito] Aedes aegypti\u201d, o que inclui enfermidades como zika e Chikungunya, al\u00e9m da febre amarela.<\/p>\n<p><strong>Vacina\u00e7\u00e3o<\/strong><br \/>\nO DF foi a primeira unidade da Federa\u00e7\u00e3o a iniciar a vacina\u00e7\u00e3o contra a dengue no Sistema \u00danico de Sa\u00fade (SUS). Desde o \u00faltimo dia 9, crian\u00e7as de 10 e 11 anos podem ser imunizadas contra a doen\u00e7a. O esquema vacinal consiste em duas doses com intervalo de tr\u00eas meses. Ao todo, 15 unidades b\u00e1sicas de sa\u00fade (UBS) est\u00e3o aplicando a vacina.<\/p>\n<p>Para receber a dose, n\u00e3o \u00e9 necess\u00e1rio agendamento &#8211; basta comparecer a um dos pontos que fazem a aplica\u00e7\u00e3o do imunizante acompanhado dos pais ou respons\u00e1veis e apresentar um documento de identifica\u00e7\u00e3o e a caderneta de vacina\u00e7\u00e3o.<\/p>\n","protected":false},"excerpt":{"rendered":"<p>O Distrito Federal contabiliza, desde o in\u00edcio do ano, 38 mortes por dengue. O n\u00famero coloca Bras\u00edlia e suas cidades-sat\u00e9lites em primeiro lugar no ranking, na frente at\u00e9 mesmo de Minas Gerais, que tem o maior n\u00famero de casos da doen\u00e7a em todo o pa\u00eds. A capital da Rep\u00fablica investiga ainda 78 mortes classificadas como [&hellip;]<\/p>\n","protected":false},"author":2,"featured_media":322836,"comment_status":"closed","ping_status":"closed","sticky":false,"template":"","format":"standard","meta":{"_acf_changed":false,"footnotes":""},"categories":[161],"tags":[95],"class_list":["post-322835","post","type-post","status-publish","format-standard","has-post-thumbnail","hentry","category-quadradinho-em-foco","tag-capa"],"acf":[],"yoast_head":"<!-- This site is optimized with the Yoast SEO plugin v27.2 - https:\/\/yoast.com\/product\/yoast-seo-wordpress\/ -->\n<title>Bras\u00edlia n\u00e3o segura Aedes e bate recorde de mortes por dengue - Notibras<\/title>\n<meta name=\"robots\" content=\"index, follow, max-snippet:-1, max-image-preview:large, max-video-preview:-1\" \/>\n<link rel=\"canonical\" href=\"https:\/\/www.notibras.com\/site\/brasilia-nao-segura-aedes-e-bate-recorde-de-mortes-por-dengue\/\" \/>\n<meta property=\"og:locale\" content=\"pt_BR\" \/>\n<meta property=\"og:type\" content=\"article\" \/>\n<meta property=\"og:title\" content=\"Bras\u00edlia n\u00e3o segura Aedes e bate recorde de mortes por dengue - Notibras\" \/>\n<meta property=\"og:description\" content=\"O Distrito Federal contabiliza, desde o in\u00edcio do ano, 38 mortes por dengue. O n\u00famero coloca Bras\u00edlia e suas cidades-sat\u00e9lites em primeiro lugar no ranking, na frente at\u00e9 mesmo de Minas Gerais, que tem o maior n\u00famero de casos da doen\u00e7a em todo o pa\u00eds. A capital da Rep\u00fablica investiga ainda 78 mortes classificadas como [&hellip;]\" \/>\n<meta property=\"og:url\" content=\"https:\/\/www.notibras.com\/site\/brasilia-nao-segura-aedes-e-bate-recorde-de-mortes-por-dengue\/\" \/>\n<meta property=\"og:site_name\" content=\"Notibras\" \/>\n<meta property=\"article:publisher\" content=\"https:\/\/www.facebook.com\/notibras\/\" \/>\n<meta property=\"article:published_time\" content=\"2024-02-20T20:22:46+00:00\" \/>\n<meta property=\"article:modified_time\" content=\"2024-02-20T23:28:11+00:00\" \/>\n<meta property=\"og:image\" content=\"https:\/\/www.notibras.com\/site\/wp-content\/uploads\/2024\/02\/dengue.df_.rec_.webp\" \/>\n\t<meta property=\"og:image:width\" content=\"1170\" \/>\n\t<meta property=\"og:image:height\" content=\"700\" \/>\n\t<meta property=\"og:image:type\" content=\"image\/webp\" \/>\n<meta name=\"author\" content=\"Reda\u00e7\u00e3o\" \/>\n<meta name=\"twitter:card\" content=\"summary_large_image\" \/>\n<meta name=\"twitter:creator\" content=\"@Notibras\" \/>\n<meta name=\"twitter:site\" content=\"@Notibras\" \/>\n<meta name=\"twitter:label1\" content=\"Escrito por\" \/>\n\t<meta name=\"twitter:data1\" content=\"Reda\u00e7\u00e3o\" \/>\n\t<meta name=\"twitter:label2\" content=\"Est. tempo de leitura\" \/>\n\t<meta name=\"twitter:data2\" content=\"2 minutos\" \/>\n<script type=\"application\/ld+json\" class=\"yoast-schema-graph\">{\"@context\":\"https:\/\/schema.org\",\"@graph\":[{\"@type\":\"Article\",\"@id\":\"https:\/\/www.notibras.com\/site\/brasilia-nao-segura-aedes-e-bate-recorde-de-mortes-por-dengue\/#article\",\"isPartOf\":{\"@id\":\"https:\/\/www.notibras.com\/site\/brasilia-nao-segura-aedes-e-bate-recorde-de-mortes-por-dengue\/\"},\"author\":{\"name\":\"Reda\u00e7\u00e3o\",\"@id\":\"https:\/\/www.notibras.com\/site\/#\/schema\/person\/36ab0979449956132d3e5b517ea76ac8\"},\"headline\":\"Bras\u00edlia n\u00e3o segura Aedes e bate recorde de mortes por dengue\",\"datePublished\":\"2024-02-20T20:22:46+00:00\",\"dateModified\":\"2024-02-20T23:28:11+00:00\",\"mainEntityOfPage\":{\"@id\":\"https:\/\/www.notibras.com\/site\/brasilia-nao-segura-aedes-e-bate-recorde-de-mortes-por-dengue\/\"},\"wordCount\":336,\"publisher\":{\"@id\":\"https:\/\/www.notibras.com\/site\/#organization\"},\"image\":{\"@id\":\"https:\/\/www.notibras.com\/site\/brasilia-nao-segura-aedes-e-bate-recorde-de-mortes-por-dengue\/#primaryimage\"},\"thumbnailUrl\":\"https:\/\/www.notibras.com\/site\/wp-content\/uploads\/2024\/02\/dengue.df_.rec_.webp\",\"keywords\":[\"capa\"],\"articleSection\":[\"Quadradinho em Foco\"],\"inLanguage\":\"pt-BR\"},{\"@type\":\"WebPage\",\"@id\":\"https:\/\/www.notibras.com\/site\/brasilia-nao-segura-aedes-e-bate-recorde-de-mortes-por-dengue\/\",\"url\":\"https:\/\/www.notibras.com\/site\/brasilia-nao-segura-aedes-e-bate-recorde-de-mortes-por-dengue\/\",\"name\":\"Bras\u00edlia n\u00e3o segura Aedes e bate recorde de mortes por dengue - Notibras\",\"isPartOf\":{\"@id\":\"https:\/\/www.notibras.com\/site\/#website\"},\"primaryImageOfPage\":{\"@id\":\"https:\/\/www.notibras.com\/site\/brasilia-nao-segura-aedes-e-bate-recorde-de-mortes-por-dengue\/#primaryimage\"},\"image\":{\"@id\":\"https:\/\/www.notibras.com\/site\/brasilia-nao-segura-aedes-e-bate-recorde-de-mortes-por-dengue\/#primaryimage\"},\"thumbnailUrl\":\"https:\/\/www.notibras.com\/site\/wp-content\/uploads\/2024\/02\/dengue.df_.rec_.webp\",\"datePublished\":\"2024-02-20T20:22:46+00:00\",\"dateModified\":\"2024-02-20T23:28:11+00:00\",\"breadcrumb\":{\"@id\":\"https:\/\/www.notibras.com\/site\/brasilia-nao-segura-aedes-e-bate-recorde-de-mortes-por-dengue\/#breadcrumb\"},\"inLanguage\":\"pt-BR\",\"potentialAction\":[{\"@type\":\"ReadAction\",\"target\":[\"https:\/\/www.notibras.com\/site\/brasilia-nao-segura-aedes-e-bate-recorde-de-mortes-por-dengue\/\"]}]},{\"@type\":\"ImageObject\",\"inLanguage\":\"pt-BR\",\"@id\":\"https:\/\/www.notibras.com\/site\/brasilia-nao-segura-aedes-e-bate-recorde-de-mortes-por-dengue\/#primaryimage\",\"url\":\"https:\/\/www.notibras.com\/site\/wp-content\/uploads\/2024\/02\/dengue.df_.rec_.webp\",\"contentUrl\":\"https:\/\/www.notibras.com\/site\/wp-content\/uploads\/2024\/02\/dengue.df_.rec_.webp\",\"width\":1170,\"height\":700},{\"@type\":\"BreadcrumbList\",\"@id\":\"https:\/\/www.notibras.com\/site\/brasilia-nao-segura-aedes-e-bate-recorde-de-mortes-por-dengue\/#breadcrumb\",\"itemListElement\":[{\"@type\":\"ListItem\",\"position\":1,\"name\":\"In\u00edcio\",\"item\":\"https:\/\/www.notibras.com\/site\/\"},{\"@type\":\"ListItem\",\"position\":2,\"name\":\"Bras\u00edlia n\u00e3o segura Aedes e bate recorde de mortes por dengue\"}]},{\"@type\":\"WebSite\",\"@id\":\"https:\/\/www.notibras.com\/site\/#website\",\"url\":\"https:\/\/www.notibras.com\/site\/\",\"name\":\"Notibras\",\"description\":\"Not\u00edcias de Bras\u00edlia, do Brasil e do Mundo\",\"publisher\":{\"@id\":\"https:\/\/www.notibras.com\/site\/#organization\"},\"potentialAction\":[{\"@type\":\"SearchAction\",\"target\":{\"@type\":\"EntryPoint\",\"urlTemplate\":\"https:\/\/www.notibras.com\/site\/?s={search_term_string}\"},\"query-input\":{\"@type\":\"PropertyValueSpecification\",\"valueRequired\":true,\"valueName\":\"search_term_string\"}}],\"inLanguage\":\"pt-BR\"},{\"@type\":\"Organization\",\"@id\":\"https:\/\/www.notibras.com\/site\/#organization\",\"name\":\"Grupo Notibras de Comunica\u00e7\u00e3o\",\"url\":\"https:\/\/www.notibras.com\/site\/\",\"logo\":{\"@type\":\"ImageObject\",\"inLanguage\":\"pt-BR\",\"@id\":\"https:\/\/www.notibras.com\/site\/#\/schema\/logo\/image\/\",\"url\":\"https:\/\/www.notibras.com\/site\/wp-content\/uploads\/2023\/01\/notibras23.png\",\"contentUrl\":\"https:\/\/www.notibras.com\/site\/wp-content\/uploads\/2023\/01\/notibras23.png\",\"width\":350,\"height\":87,\"caption\":\"Grupo Notibras de Comunica\u00e7\u00e3o\"},\"image\":{\"@id\":\"https:\/\/www.notibras.com\/site\/#\/schema\/logo\/image\/\"},\"sameAs\":[\"https:\/\/www.facebook.com\/notibras\/\",\"https:\/\/x.com\/Notibras\",\"https:\/\/www.instagram.com\/notibras\/\"]},{\"@type\":\"Person\",\"@id\":\"https:\/\/www.notibras.com\/site\/#\/schema\/person\/36ab0979449956132d3e5b517ea76ac8\",\"name\":\"Reda\u00e7\u00e3o\",\"image\":{\"@type\":\"ImageObject\",\"inLanguage\":\"pt-BR\",\"@id\":\"https:\/\/secure.gravatar.com\/avatar\/e0a867bdedb85fd243eadf09663511f96fc81e0720a4a42581f334ad4303aa6b?s=96&d=mm&r=g\",\"url\":\"https:\/\/secure.gravatar.com\/avatar\/e0a867bdedb85fd243eadf09663511f96fc81e0720a4a42581f334ad4303aa6b?s=96&d=mm&r=g\",\"contentUrl\":\"https:\/\/secure.gravatar.com\/avatar\/e0a867bdedb85fd243eadf09663511f96fc81e0720a4a42581f334ad4303aa6b?s=96&d=mm&r=g\",\"caption\":\"Reda\u00e7\u00e3o\"}}]}<\/script>\n<!-- \/ Yoast SEO plugin. -->","yoast_head_json":{"title":"Bras\u00edlia n\u00e3o segura Aedes e bate recorde de mortes por dengue - Notibras","robots":{"index":"index","follow":"follow","max-snippet":"max-snippet:-1","max-image-preview":"max-image-preview:large","max-video-preview":"max-video-preview:-1"},"canonical":"https:\/\/www.notibras.com\/site\/brasilia-nao-segura-aedes-e-bate-recorde-de-mortes-por-dengue\/","og_locale":"pt_BR","og_type":"article","og_title":"Bras\u00edlia n\u00e3o segura Aedes e bate recorde de mortes por dengue - Notibras","og_description":"O Distrito Federal contabiliza, desde o in\u00edcio do ano, 38 mortes por dengue. O n\u00famero coloca Bras\u00edlia e suas cidades-sat\u00e9lites em primeiro lugar no ranking, na frente at\u00e9 mesmo de Minas Gerais, que tem o maior n\u00famero de casos da doen\u00e7a em todo o pa\u00eds. A capital da Rep\u00fablica investiga ainda 78 mortes classificadas como [&hellip;]","og_url":"https:\/\/www.notibras.com\/site\/brasilia-nao-segura-aedes-e-bate-recorde-de-mortes-por-dengue\/","og_site_name":"Notibras","article_publisher":"https:\/\/www.facebook.com\/notibras\/","article_published_time":"2024-02-20T20:22:46+00:00","article_modified_time":"2024-02-20T23:28:11+00:00","og_image":[{"width":1170,"height":700,"url":"https:\/\/www.notibras.com\/site\/wp-content\/uploads\/2024\/02\/dengue.df_.rec_.webp","type":"image\/webp"}],"author":"Reda\u00e7\u00e3o","twitter_card":"summary_large_image","twitter_creator":"@Notibras","twitter_site":"@Notibras","twitter_misc":{"Escrito por":"Reda\u00e7\u00e3o","Est. tempo de leitura":"2 minutos"},"schema":{"@context":"https:\/\/schema.org","@graph":[{"@type":"Article","@id":"https:\/\/www.notibras.com\/site\/brasilia-nao-segura-aedes-e-bate-recorde-de-mortes-por-dengue\/#article","isPartOf":{"@id":"https:\/\/www.notibras.com\/site\/brasilia-nao-segura-aedes-e-bate-recorde-de-mortes-por-dengue\/"},"author":{"name":"Reda\u00e7\u00e3o","@id":"https:\/\/www.notibras.com\/site\/#\/schema\/person\/36ab0979449956132d3e5b517ea76ac8"},"headline":"Bras\u00edlia n\u00e3o segura Aedes e bate recorde de mortes por dengue","datePublished":"2024-02-20T20:22:46+00:00","dateModified":"2024-02-20T23:28:11+00:00","mainEntityOfPage":{"@id":"https:\/\/www.notibras.com\/site\/brasilia-nao-segura-aedes-e-bate-recorde-de-mortes-por-dengue\/"},"wordCount":336,"publisher":{"@id":"https:\/\/www.notibras.com\/site\/#organization"},"image":{"@id":"https:\/\/www.notibras.com\/site\/brasilia-nao-segura-aedes-e-bate-recorde-de-mortes-por-dengue\/#primaryimage"},"thumbnailUrl":"https:\/\/www.notibras.com\/site\/wp-content\/uploads\/2024\/02\/dengue.df_.rec_.webp","keywords":["capa"],"articleSection":["Quadradinho em Foco"],"inLanguage":"pt-BR"},{"@type":"WebPage","@id":"https:\/\/www.notibras.com\/site\/brasilia-nao-segura-aedes-e-bate-recorde-de-mortes-por-dengue\/","url":"https:\/\/www.notibras.com\/site\/brasilia-nao-segura-aedes-e-bate-recorde-de-mortes-por-dengue\/","name":"Bras\u00edlia n\u00e3o segura Aedes e bate recorde de mortes por dengue - Notibras","isPartOf":{"@id":"https:\/\/www.notibras.com\/site\/#website"},"primaryImageOfPage":{"@id":"https:\/\/www.notibras.com\/site\/brasilia-nao-segura-aedes-e-bate-recorde-de-mortes-por-dengue\/#primaryimage"},"image":{"@id":"https:\/\/www.notibras.com\/site\/brasilia-nao-segura-aedes-e-bate-recorde-de-mortes-por-dengue\/#primaryimage"},"thumbnailUrl":"https:\/\/www.notibras.com\/site\/wp-content\/uploads\/2024\/02\/dengue.df_.rec_.webp","datePublished":"2024-02-20T20:22:46+00:00","dateModified":"2024-02-20T23:28:11+00:00","breadcrumb":{"@id":"https:\/\/www.notibras.com\/site\/brasilia-nao-segura-aedes-e-bate-recorde-de-mortes-por-dengue\/#breadcrumb"},"inLanguage":"pt-BR","potentialAction":[{"@type":"ReadAction","target":["https:\/\/www.notibras.com\/site\/brasilia-nao-segura-aedes-e-bate-recorde-de-mortes-por-dengue\/"]}]},{"@type":"ImageObject","inLanguage":"pt-BR","@id":"https:\/\/www.notibras.com\/site\/brasilia-nao-segura-aedes-e-bate-recorde-de-mortes-por-dengue\/#primaryimage","url":"https:\/\/www.notibras.com\/site\/wp-content\/uploads\/2024\/02\/dengue.df_.rec_.webp","contentUrl":"https:\/\/www.notibras.com\/site\/wp-content\/uploads\/2024\/02\/dengue.df_.rec_.webp","width":1170,"height":700},{"@type":"BreadcrumbList","@id":"https:\/\/www.notibras.com\/site\/brasilia-nao-segura-aedes-e-bate-recorde-de-mortes-por-dengue\/#breadcrumb","itemListElement":[{"@type":"ListItem","position":1,"name":"In\u00edcio","item":"https:\/\/www.notibras.com\/site\/"},{"@type":"ListItem","position":2,"name":"Bras\u00edlia n\u00e3o segura Aedes e bate recorde de mortes por dengue"}]},{"@type":"WebSite","@id":"https:\/\/www.notibras.com\/site\/#website","url":"https:\/\/www.notibras.com\/site\/","name":"Notibras","description":"Not\u00edcias de Bras\u00edlia, do Brasil e do Mundo","publisher":{"@id":"https:\/\/www.notibras.com\/site\/#organization"},"potentialAction":[{"@type":"SearchAction","target":{"@type":"EntryPoint","urlTemplate":"https:\/\/www.notibras.com\/site\/?s={search_term_string}"},"query-input":{"@type":"PropertyValueSpecification","valueRequired":true,"valueName":"search_term_string"}}],"inLanguage":"pt-BR"},{"@type":"Organization","@id":"https:\/\/www.notibras.com\/site\/#organization","name":"Grupo Notibras de Comunica\u00e7\u00e3o","url":"https:\/\/www.notibras.com\/site\/","logo":{"@type":"ImageObject","inLanguage":"pt-BR","@id":"https:\/\/www.notibras.com\/site\/#\/schema\/logo\/image\/","url":"https:\/\/www.notibras.com\/site\/wp-content\/uploads\/2023\/01\/notibras23.png","contentUrl":"https:\/\/www.notibras.com\/site\/wp-content\/uploads\/2023\/01\/notibras23.png","width":350,"height":87,"caption":"Grupo Notibras de Comunica\u00e7\u00e3o"},"image":{"@id":"https:\/\/www.notibras.com\/site\/#\/schema\/logo\/image\/"},"sameAs":["https:\/\/www.facebook.com\/notibras\/","https:\/\/x.com\/Notibras","https:\/\/www.instagram.com\/notibras\/"]},{"@type":"Person","@id":"https:\/\/www.notibras.com\/site\/#\/schema\/person\/36ab0979449956132d3e5b517ea76ac8","name":"Reda\u00e7\u00e3o","image":{"@type":"ImageObject","inLanguage":"pt-BR","@id":"https:\/\/secure.gravatar.com\/avatar\/e0a867bdedb85fd243eadf09663511f96fc81e0720a4a42581f334ad4303aa6b?s=96&d=mm&r=g","url":"https:\/\/secure.gravatar.com\/avatar\/e0a867bdedb85fd243eadf09663511f96fc81e0720a4a42581f334ad4303aa6b?s=96&d=mm&r=g","contentUrl":"https:\/\/secure.gravatar.com\/avatar\/e0a867bdedb85fd243eadf09663511f96fc81e0720a4a42581f334ad4303aa6b?s=96&d=mm&r=g","caption":"Reda\u00e7\u00e3o"}}]}},"amp_enabled":true,"_links":{"self":[{"href":"https:\/\/www.notibras.com\/site\/wp-json\/wp\/v2\/posts\/322835","targetHints":{"allow":["GET"]}}],"collection":[{"href":"https:\/\/www.notibras.com\/site\/wp-json\/wp\/v2\/posts"}],"about":[{"href":"https:\/\/www.notibras.com\/site\/wp-json\/wp\/v2\/types\/post"}],"author":[{"embeddable":true,"href":"https:\/\/www.notibras.com\/site\/wp-json\/wp\/v2\/users\/2"}],"replies":[{"embeddable":true,"href":"https:\/\/www.notibras.com\/site\/wp-json\/wp\/v2\/comments?post=322835"}],"version-history":[{"count":1,"href":"https:\/\/www.notibras.com\/site\/wp-json\/wp\/v2\/posts\/322835\/revisions"}],"predecessor-version":[{"id":322837,"href":"https:\/\/www.notibras.com\/site\/wp-json\/wp\/v2\/posts\/322835\/revisions\/322837"}],"wp:featuredmedia":[{"embeddable":true,"href":"https:\/\/www.notibras.com\/site\/wp-json\/wp\/v2\/media\/322836"}],"wp:attachment":[{"href":"https:\/\/www.notibras.com\/site\/wp-json\/wp\/v2\/media?parent=322835"}],"wp:term":[{"taxonomy":"category","embeddable":true,"href":"https:\/\/www.notibras.com\/site\/wp-json\/wp\/v2\/categories?post=322835"},{"taxonomy":"post_tag","embeddable":true,"href":"https:\/\/www.notibras.com\/site\/wp-json\/wp\/v2\/tags?post=322835"}],"curies":[{"name":"wp","href":"https:\/\/api.w.org\/{rel}","templated":true}]}}