{"id":322861,"date":"2024-02-21T05:00:56","date_gmt":"2024-02-21T08:00:56","guid":{"rendered":"https:\/\/www.notibras.com\/site\/?p=322861"},"modified":"2024-02-21T05:00:56","modified_gmt":"2024-02-21T08:00:56","slug":"sofwave-traz-tratamento-eficaz-para-combater-flacidez","status":"publish","type":"post","link":"https:\/\/www.notibras.com\/site\/sofwave-traz-tratamento-eficaz-para-combater-flacidez\/","title":{"rendered":"Sofwave traz tratamento eficaz para combater flacidez"},"content":{"rendered":"<p>A manifesta\u00e7\u00e3o do processo de envelhecimento facial e corporal geralmente se inicia por volta dos 30 anos de idade. O Sofwave \u00e9 uma maneira de ameniz\u00e1-lo<\/p>\n<p>\u00c0 medida que envelhecemos, as fibras de col\u00e1geno e elastina da pele diminuem, resultando na manifesta\u00e7\u00e3o de flacidez, geralmente a partir dos 30 anos. Para quem busca solu\u00e7\u00f5es, o Sofwave \u00e9 uma delas e est\u00e1 dispon\u00edvel na cl\u00ednica Dr. Erasmo Tokarski.<\/p>\n<p>A preocupa\u00e7\u00e3o com a flacidez \u00e9 especialmente pronunciada na regi\u00e3o do rosto e do pesco\u00e7o. Com o passar dos anos, ocorrem mudan\u00e7as na estrutura \u00f3ssea, resultando em menos sustenta\u00e7\u00e3o nas ma\u00e7\u00e3s do rosto e na mand\u00edbula, juntamente com uma redu\u00e7\u00e3o natural das bolsas de gordura<\/p>\n<p>&#8220;Observa-se, nesse ponto, a forma\u00e7\u00e3o de \u00e1reas sombreadas, evidenciando uma apar\u00eancia mais fl\u00e1cida. \u00c9 frequente o paciente perceber uma sensa\u00e7\u00e3o de que o rosto est\u00e1 perdendo firmeza&#8221;, diz o m\u00e9dico dermatologista Erasmo Tokarski.<\/p>\n<p><strong>Sofwave \u00e9 uma solu\u00e7\u00e3o<\/strong><br \/>\nO Sofwave \u00e9 destinado a \u00e1reas mais desafiadoras, como a papada e as regi\u00f5es periorais e periorbitais. Funcionando como fonte de calor, induz um dano controlado nos tecidos para estimular a produ\u00e7\u00e3o de col\u00e1geno, com resultados vis\u00edveis em 90 dias, correspondendo ao per\u00edodo de renova\u00e7\u00e3o celular. &#8220;Al\u00e9m disso, proporciona um efeito de lifting imediato&#8221;, diz Erasmo Tokarski.<\/p>\n<p>Com o Sofwave, a energia do ultrassom penetra precisamente na superf\u00edcie da pele, aquecendo o tecido d\u00e9rmico m\u00e9dio na profundidade e temperatura ideais para estimular a produ\u00e7\u00e3o de col\u00e1geno. Os pacientes podem retomar suas atividades normais rapidamente ap\u00f3s o tratamento. A tecnologia exclusiva da Sofwave permite a entrega controlada de energia, garantindo a quantidade e localiza\u00e7\u00e3o adequadas, enquanto protege a superf\u00edcie da pele com um sistema de resfriamento integrado, sem interromper a rotina di\u00e1ria.<\/p>\n<p>\u00c1reas-chave que o Sofwave pode tratar:<\/p>\n<p><strong>&#8211; P\u00e1lpebras<\/strong><br \/>\n<strong>&#8211; Bochechas <\/strong><br \/>\n<strong>&#8211; Pele sob os olhos <\/strong><br \/>\n<strong>&#8211; L\u00e1bios (efeito de preenchimento natural sem preenchimentos) <\/strong><br \/>\n<strong>&#8211; Cotovelos e Joelhos <\/strong><br \/>\n<strong>&#8211; Abd\u00f4men <\/strong><br \/>\n<strong>&#8211; Bra\u00e7os<\/strong><\/p>\n","protected":false},"excerpt":{"rendered":"<p>A manifesta\u00e7\u00e3o do processo de envelhecimento facial e corporal geralmente se inicia por volta dos 30 anos de idade. O Sofwave \u00e9 uma maneira de ameniz\u00e1-lo \u00c0 medida que envelhecemos, as fibras de col\u00e1geno e elastina da pele diminuem, resultando na manifesta\u00e7\u00e3o de flacidez, geralmente a partir dos 30 anos. Para quem busca solu\u00e7\u00f5es, o [&hellip;]<\/p>\n","protected":false},"author":2,"featured_media":322862,"comment_status":"closed","ping_status":"closed","sticky":false,"template":"","format":"standard","meta":{"_acf_changed":false,"footnotes":""},"categories":[161],"tags":[],"class_list":["post-322861","post","type-post","status-publish","format-standard","has-post-thumbnail","hentry","category-quadradinho-em-foco"],"acf":[],"yoast_head":"<!-- This site is optimized with the Yoast SEO plugin v27.2 - https:\/\/yoast.com\/product\/yoast-seo-wordpress\/ -->\n<title>Sofwave traz tratamento eficaz para combater flacidez - Notibras<\/title>\n<meta name=\"robots\" content=\"index, follow, max-snippet:-1, max-image-preview:large, max-video-preview:-1\" \/>\n<link rel=\"canonical\" href=\"https:\/\/www.notibras.com\/site\/sofwave-traz-tratamento-eficaz-para-combater-flacidez\/\" \/>\n<meta property=\"og:locale\" content=\"pt_BR\" \/>\n<meta property=\"og:type\" content=\"article\" \/>\n<meta property=\"og:title\" content=\"Sofwave traz tratamento eficaz para combater flacidez - Notibras\" \/>\n<meta property=\"og:description\" content=\"A manifesta\u00e7\u00e3o do processo de envelhecimento facial e corporal geralmente se inicia por volta dos 30 anos de idade. O Sofwave \u00e9 uma maneira de ameniz\u00e1-lo \u00c0 medida que envelhecemos, as fibras de col\u00e1geno e elastina da pele diminuem, resultando na manifesta\u00e7\u00e3o de flacidez, geralmente a partir dos 30 anos. Para quem busca solu\u00e7\u00f5es, o [&hellip;]\" \/>\n<meta property=\"og:url\" content=\"https:\/\/www.notibras.com\/site\/sofwave-traz-tratamento-eficaz-para-combater-flacidez\/\" \/>\n<meta property=\"og:site_name\" content=\"Notibras\" \/>\n<meta property=\"article:publisher\" content=\"https:\/\/www.facebook.com\/notibras\/\" \/>\n<meta property=\"article:published_time\" content=\"2024-02-21T08:00:56+00:00\" \/>\n<meta property=\"og:image\" content=\"https:\/\/www.notibras.com\/site\/wp-content\/uploads\/2024\/02\/Sofwave-Clinica-Dr.-Erasmo-Tokarski-.png\" \/>\n\t<meta property=\"og:image:width\" content=\"1565\" \/>\n\t<meta property=\"og:image:height\" content=\"1296\" \/>\n\t<meta property=\"og:image:type\" content=\"image\/png\" \/>\n<meta name=\"author\" content=\"Reda\u00e7\u00e3o\" \/>\n<meta name=\"twitter:card\" content=\"summary_large_image\" \/>\n<meta name=\"twitter:creator\" content=\"@Notibras\" \/>\n<meta name=\"twitter:site\" content=\"@Notibras\" \/>\n<meta name=\"twitter:label1\" content=\"Escrito por\" \/>\n\t<meta name=\"twitter:data1\" content=\"Reda\u00e7\u00e3o\" \/>\n\t<meta name=\"twitter:label2\" content=\"Est. tempo de leitura\" \/>\n\t<meta name=\"twitter:data2\" content=\"2 minutos\" \/>\n<script type=\"application\/ld+json\" class=\"yoast-schema-graph\">{\"@context\":\"https:\/\/schema.org\",\"@graph\":[{\"@type\":\"Article\",\"@id\":\"https:\/\/www.notibras.com\/site\/sofwave-traz-tratamento-eficaz-para-combater-flacidez\/#article\",\"isPartOf\":{\"@id\":\"https:\/\/www.notibras.com\/site\/sofwave-traz-tratamento-eficaz-para-combater-flacidez\/\"},\"author\":{\"name\":\"Reda\u00e7\u00e3o\",\"@id\":\"https:\/\/www.notibras.com\/site\/#\/schema\/person\/36ab0979449956132d3e5b517ea76ac8\"},\"headline\":\"Sofwave traz tratamento eficaz para combater flacidez\",\"datePublished\":\"2024-02-21T08:00:56+00:00\",\"mainEntityOfPage\":{\"@id\":\"https:\/\/www.notibras.com\/site\/sofwave-traz-tratamento-eficaz-para-combater-flacidez\/\"},\"wordCount\":349,\"publisher\":{\"@id\":\"https:\/\/www.notibras.com\/site\/#organization\"},\"image\":{\"@id\":\"https:\/\/www.notibras.com\/site\/sofwave-traz-tratamento-eficaz-para-combater-flacidez\/#primaryimage\"},\"thumbnailUrl\":\"https:\/\/www.notibras.com\/site\/wp-content\/uploads\/2024\/02\/Sofwave-Clinica-Dr.-Erasmo-Tokarski-.png\",\"articleSection\":[\"Quadradinho em Foco\"],\"inLanguage\":\"pt-BR\"},{\"@type\":\"WebPage\",\"@id\":\"https:\/\/www.notibras.com\/site\/sofwave-traz-tratamento-eficaz-para-combater-flacidez\/\",\"url\":\"https:\/\/www.notibras.com\/site\/sofwave-traz-tratamento-eficaz-para-combater-flacidez\/\",\"name\":\"Sofwave traz tratamento eficaz para combater flacidez - Notibras\",\"isPartOf\":{\"@id\":\"https:\/\/www.notibras.com\/site\/#website\"},\"primaryImageOfPage\":{\"@id\":\"https:\/\/www.notibras.com\/site\/sofwave-traz-tratamento-eficaz-para-combater-flacidez\/#primaryimage\"},\"image\":{\"@id\":\"https:\/\/www.notibras.com\/site\/sofwave-traz-tratamento-eficaz-para-combater-flacidez\/#primaryimage\"},\"thumbnailUrl\":\"https:\/\/www.notibras.com\/site\/wp-content\/uploads\/2024\/02\/Sofwave-Clinica-Dr.-Erasmo-Tokarski-.png\",\"datePublished\":\"2024-02-21T08:00:56+00:00\",\"breadcrumb\":{\"@id\":\"https:\/\/www.notibras.com\/site\/sofwave-traz-tratamento-eficaz-para-combater-flacidez\/#breadcrumb\"},\"inLanguage\":\"pt-BR\",\"potentialAction\":[{\"@type\":\"ReadAction\",\"target\":[\"https:\/\/www.notibras.com\/site\/sofwave-traz-tratamento-eficaz-para-combater-flacidez\/\"]}]},{\"@type\":\"ImageObject\",\"inLanguage\":\"pt-BR\",\"@id\":\"https:\/\/www.notibras.com\/site\/sofwave-traz-tratamento-eficaz-para-combater-flacidez\/#primaryimage\",\"url\":\"https:\/\/www.notibras.com\/site\/wp-content\/uploads\/2024\/02\/Sofwave-Clinica-Dr.-Erasmo-Tokarski-.png\",\"contentUrl\":\"https:\/\/www.notibras.com\/site\/wp-content\/uploads\/2024\/02\/Sofwave-Clinica-Dr.-Erasmo-Tokarski-.png\",\"width\":1565,\"height\":1296},{\"@type\":\"BreadcrumbList\",\"@id\":\"https:\/\/www.notibras.com\/site\/sofwave-traz-tratamento-eficaz-para-combater-flacidez\/#breadcrumb\",\"itemListElement\":[{\"@type\":\"ListItem\",\"position\":1,\"name\":\"In\u00edcio\",\"item\":\"https:\/\/www.notibras.com\/site\/\"},{\"@type\":\"ListItem\",\"position\":2,\"name\":\"Sofwave traz tratamento eficaz para combater flacidez\"}]},{\"@type\":\"WebSite\",\"@id\":\"https:\/\/www.notibras.com\/site\/#website\",\"url\":\"https:\/\/www.notibras.com\/site\/\",\"name\":\"Notibras\",\"description\":\"Not\u00edcias de Bras\u00edlia, do Brasil e do Mundo\",\"publisher\":{\"@id\":\"https:\/\/www.notibras.com\/site\/#organization\"},\"potentialAction\":[{\"@type\":\"SearchAction\",\"target\":{\"@type\":\"EntryPoint\",\"urlTemplate\":\"https:\/\/www.notibras.com\/site\/?s={search_term_string}\"},\"query-input\":{\"@type\":\"PropertyValueSpecification\",\"valueRequired\":true,\"valueName\":\"search_term_string\"}}],\"inLanguage\":\"pt-BR\"},{\"@type\":\"Organization\",\"@id\":\"https:\/\/www.notibras.com\/site\/#organization\",\"name\":\"Grupo Notibras de Comunica\u00e7\u00e3o\",\"url\":\"https:\/\/www.notibras.com\/site\/\",\"logo\":{\"@type\":\"ImageObject\",\"inLanguage\":\"pt-BR\",\"@id\":\"https:\/\/www.notibras.com\/site\/#\/schema\/logo\/image\/\",\"url\":\"https:\/\/www.notibras.com\/site\/wp-content\/uploads\/2023\/01\/notibras23.png\",\"contentUrl\":\"https:\/\/www.notibras.com\/site\/wp-content\/uploads\/2023\/01\/notibras23.png\",\"width\":350,\"height\":87,\"caption\":\"Grupo Notibras de Comunica\u00e7\u00e3o\"},\"image\":{\"@id\":\"https:\/\/www.notibras.com\/site\/#\/schema\/logo\/image\/\"},\"sameAs\":[\"https:\/\/www.facebook.com\/notibras\/\",\"https:\/\/x.com\/Notibras\",\"https:\/\/www.instagram.com\/notibras\/\"]},{\"@type\":\"Person\",\"@id\":\"https:\/\/www.notibras.com\/site\/#\/schema\/person\/36ab0979449956132d3e5b517ea76ac8\",\"name\":\"Reda\u00e7\u00e3o\",\"image\":{\"@type\":\"ImageObject\",\"inLanguage\":\"pt-BR\",\"@id\":\"https:\/\/secure.gravatar.com\/avatar\/e0a867bdedb85fd243eadf09663511f96fc81e0720a4a42581f334ad4303aa6b?s=96&d=mm&r=g\",\"url\":\"https:\/\/secure.gravatar.com\/avatar\/e0a867bdedb85fd243eadf09663511f96fc81e0720a4a42581f334ad4303aa6b?s=96&d=mm&r=g\",\"contentUrl\":\"https:\/\/secure.gravatar.com\/avatar\/e0a867bdedb85fd243eadf09663511f96fc81e0720a4a42581f334ad4303aa6b?s=96&d=mm&r=g\",\"caption\":\"Reda\u00e7\u00e3o\"}}]}<\/script>\n<!-- \/ Yoast SEO plugin. -->","yoast_head_json":{"title":"Sofwave traz tratamento eficaz para combater flacidez - Notibras","robots":{"index":"index","follow":"follow","max-snippet":"max-snippet:-1","max-image-preview":"max-image-preview:large","max-video-preview":"max-video-preview:-1"},"canonical":"https:\/\/www.notibras.com\/site\/sofwave-traz-tratamento-eficaz-para-combater-flacidez\/","og_locale":"pt_BR","og_type":"article","og_title":"Sofwave traz tratamento eficaz para combater flacidez - Notibras","og_description":"A manifesta\u00e7\u00e3o do processo de envelhecimento facial e corporal geralmente se inicia por volta dos 30 anos de idade. O Sofwave \u00e9 uma maneira de ameniz\u00e1-lo \u00c0 medida que envelhecemos, as fibras de col\u00e1geno e elastina da pele diminuem, resultando na manifesta\u00e7\u00e3o de flacidez, geralmente a partir dos 30 anos. Para quem busca solu\u00e7\u00f5es, o [&hellip;]","og_url":"https:\/\/www.notibras.com\/site\/sofwave-traz-tratamento-eficaz-para-combater-flacidez\/","og_site_name":"Notibras","article_publisher":"https:\/\/www.facebook.com\/notibras\/","article_published_time":"2024-02-21T08:00:56+00:00","og_image":[{"width":1565,"height":1296,"url":"https:\/\/www.notibras.com\/site\/wp-content\/uploads\/2024\/02\/Sofwave-Clinica-Dr.-Erasmo-Tokarski-.png","type":"image\/png"}],"author":"Reda\u00e7\u00e3o","twitter_card":"summary_large_image","twitter_creator":"@Notibras","twitter_site":"@Notibras","twitter_misc":{"Escrito por":"Reda\u00e7\u00e3o","Est. tempo de leitura":"2 minutos"},"schema":{"@context":"https:\/\/schema.org","@graph":[{"@type":"Article","@id":"https:\/\/www.notibras.com\/site\/sofwave-traz-tratamento-eficaz-para-combater-flacidez\/#article","isPartOf":{"@id":"https:\/\/www.notibras.com\/site\/sofwave-traz-tratamento-eficaz-para-combater-flacidez\/"},"author":{"name":"Reda\u00e7\u00e3o","@id":"https:\/\/www.notibras.com\/site\/#\/schema\/person\/36ab0979449956132d3e5b517ea76ac8"},"headline":"Sofwave traz tratamento eficaz para combater flacidez","datePublished":"2024-02-21T08:00:56+00:00","mainEntityOfPage":{"@id":"https:\/\/www.notibras.com\/site\/sofwave-traz-tratamento-eficaz-para-combater-flacidez\/"},"wordCount":349,"publisher":{"@id":"https:\/\/www.notibras.com\/site\/#organization"},"image":{"@id":"https:\/\/www.notibras.com\/site\/sofwave-traz-tratamento-eficaz-para-combater-flacidez\/#primaryimage"},"thumbnailUrl":"https:\/\/www.notibras.com\/site\/wp-content\/uploads\/2024\/02\/Sofwave-Clinica-Dr.-Erasmo-Tokarski-.png","articleSection":["Quadradinho em Foco"],"inLanguage":"pt-BR"},{"@type":"WebPage","@id":"https:\/\/www.notibras.com\/site\/sofwave-traz-tratamento-eficaz-para-combater-flacidez\/","url":"https:\/\/www.notibras.com\/site\/sofwave-traz-tratamento-eficaz-para-combater-flacidez\/","name":"Sofwave traz tratamento eficaz para combater flacidez - Notibras","isPartOf":{"@id":"https:\/\/www.notibras.com\/site\/#website"},"primaryImageOfPage":{"@id":"https:\/\/www.notibras.com\/site\/sofwave-traz-tratamento-eficaz-para-combater-flacidez\/#primaryimage"},"image":{"@id":"https:\/\/www.notibras.com\/site\/sofwave-traz-tratamento-eficaz-para-combater-flacidez\/#primaryimage"},"thumbnailUrl":"https:\/\/www.notibras.com\/site\/wp-content\/uploads\/2024\/02\/Sofwave-Clinica-Dr.-Erasmo-Tokarski-.png","datePublished":"2024-02-21T08:00:56+00:00","breadcrumb":{"@id":"https:\/\/www.notibras.com\/site\/sofwave-traz-tratamento-eficaz-para-combater-flacidez\/#breadcrumb"},"inLanguage":"pt-BR","potentialAction":[{"@type":"ReadAction","target":["https:\/\/www.notibras.com\/site\/sofwave-traz-tratamento-eficaz-para-combater-flacidez\/"]}]},{"@type":"ImageObject","inLanguage":"pt-BR","@id":"https:\/\/www.notibras.com\/site\/sofwave-traz-tratamento-eficaz-para-combater-flacidez\/#primaryimage","url":"https:\/\/www.notibras.com\/site\/wp-content\/uploads\/2024\/02\/Sofwave-Clinica-Dr.-Erasmo-Tokarski-.png","contentUrl":"https:\/\/www.notibras.com\/site\/wp-content\/uploads\/2024\/02\/Sofwave-Clinica-Dr.-Erasmo-Tokarski-.png","width":1565,"height":1296},{"@type":"BreadcrumbList","@id":"https:\/\/www.notibras.com\/site\/sofwave-traz-tratamento-eficaz-para-combater-flacidez\/#breadcrumb","itemListElement":[{"@type":"ListItem","position":1,"name":"In\u00edcio","item":"https:\/\/www.notibras.com\/site\/"},{"@type":"ListItem","position":2,"name":"Sofwave traz tratamento eficaz para combater flacidez"}]},{"@type":"WebSite","@id":"https:\/\/www.notibras.com\/site\/#website","url":"https:\/\/www.notibras.com\/site\/","name":"Notibras","description":"Not\u00edcias de Bras\u00edlia, do Brasil e do Mundo","publisher":{"@id":"https:\/\/www.notibras.com\/site\/#organization"},"potentialAction":[{"@type":"SearchAction","target":{"@type":"EntryPoint","urlTemplate":"https:\/\/www.notibras.com\/site\/?s={search_term_string}"},"query-input":{"@type":"PropertyValueSpecification","valueRequired":true,"valueName":"search_term_string"}}],"inLanguage":"pt-BR"},{"@type":"Organization","@id":"https:\/\/www.notibras.com\/site\/#organization","name":"Grupo Notibras de Comunica\u00e7\u00e3o","url":"https:\/\/www.notibras.com\/site\/","logo":{"@type":"ImageObject","inLanguage":"pt-BR","@id":"https:\/\/www.notibras.com\/site\/#\/schema\/logo\/image\/","url":"https:\/\/www.notibras.com\/site\/wp-content\/uploads\/2023\/01\/notibras23.png","contentUrl":"https:\/\/www.notibras.com\/site\/wp-content\/uploads\/2023\/01\/notibras23.png","width":350,"height":87,"caption":"Grupo Notibras de Comunica\u00e7\u00e3o"},"image":{"@id":"https:\/\/www.notibras.com\/site\/#\/schema\/logo\/image\/"},"sameAs":["https:\/\/www.facebook.com\/notibras\/","https:\/\/x.com\/Notibras","https:\/\/www.instagram.com\/notibras\/"]},{"@type":"Person","@id":"https:\/\/www.notibras.com\/site\/#\/schema\/person\/36ab0979449956132d3e5b517ea76ac8","name":"Reda\u00e7\u00e3o","image":{"@type":"ImageObject","inLanguage":"pt-BR","@id":"https:\/\/secure.gravatar.com\/avatar\/e0a867bdedb85fd243eadf09663511f96fc81e0720a4a42581f334ad4303aa6b?s=96&d=mm&r=g","url":"https:\/\/secure.gravatar.com\/avatar\/e0a867bdedb85fd243eadf09663511f96fc81e0720a4a42581f334ad4303aa6b?s=96&d=mm&r=g","contentUrl":"https:\/\/secure.gravatar.com\/avatar\/e0a867bdedb85fd243eadf09663511f96fc81e0720a4a42581f334ad4303aa6b?s=96&d=mm&r=g","caption":"Reda\u00e7\u00e3o"}}]}},"amp_enabled":true,"_links":{"self":[{"href":"https:\/\/www.notibras.com\/site\/wp-json\/wp\/v2\/posts\/322861","targetHints":{"allow":["GET"]}}],"collection":[{"href":"https:\/\/www.notibras.com\/site\/wp-json\/wp\/v2\/posts"}],"about":[{"href":"https:\/\/www.notibras.com\/site\/wp-json\/wp\/v2\/types\/post"}],"author":[{"embeddable":true,"href":"https:\/\/www.notibras.com\/site\/wp-json\/wp\/v2\/users\/2"}],"replies":[{"embeddable":true,"href":"https:\/\/www.notibras.com\/site\/wp-json\/wp\/v2\/comments?post=322861"}],"version-history":[{"count":1,"href":"https:\/\/www.notibras.com\/site\/wp-json\/wp\/v2\/posts\/322861\/revisions"}],"predecessor-version":[{"id":322863,"href":"https:\/\/www.notibras.com\/site\/wp-json\/wp\/v2\/posts\/322861\/revisions\/322863"}],"wp:featuredmedia":[{"embeddable":true,"href":"https:\/\/www.notibras.com\/site\/wp-json\/wp\/v2\/media\/322862"}],"wp:attachment":[{"href":"https:\/\/www.notibras.com\/site\/wp-json\/wp\/v2\/media?parent=322861"}],"wp:term":[{"taxonomy":"category","embeddable":true,"href":"https:\/\/www.notibras.com\/site\/wp-json\/wp\/v2\/categories?post=322861"},{"taxonomy":"post_tag","embeddable":true,"href":"https:\/\/www.notibras.com\/site\/wp-json\/wp\/v2\/tags?post=322861"}],"curies":[{"name":"wp","href":"https:\/\/api.w.org\/{rel}","templated":true}]}}