{"id":322892,"date":"2024-02-21T00:05:57","date_gmt":"2024-02-21T03:05:57","guid":{"rendered":"https:\/\/www.notibras.com\/site\/?p=322892"},"modified":"2024-02-21T07:07:45","modified_gmt":"2024-02-21T10:07:45","slug":"reduzida-nota-de-corte-para-deficientes-em-exame-da-magistratura","status":"publish","type":"post","link":"https:\/\/www.notibras.com\/site\/reduzida-nota-de-corte-para-deficientes-em-exame-da-magistratura\/","title":{"rendered":"Reduzida nota de corte para deficientes em exame da magistratura"},"content":{"rendered":"<p>O Conselho Nacional de Justi\u00e7a (CNJ) aprovou por unanimidade a redu\u00e7\u00e3o da nota de corte para pessoas com defici\u00eancia no Exame Nacional da Magistratura (Enam), criado no ano passado e que ter\u00e1 a primeira prova em 29 de abril.<\/p>\n<p>O Enam foi criado em novembro com o objetivo de garantir um conhecimento m\u00ednimo e uniforme para ingresso na magistratura brasileira. O exame n\u00e3o tem car\u00e1ter classificat\u00f3rio, mas somente eliminat\u00f3rio. Para ser considerado aprovado \u00e9 preciso apenas atingir uma nota de corte. A prova passou a ser obrigat\u00f3ria para quem quiser, em seguida, prestar um concurso para juiz.<\/p>\n<p>Na concorr\u00eancia ampla, para ser aprovado \u00e9 preciso acertar ao menos 70% da prova, que ter\u00e1 80 quest\u00f5es. No caso de candidatos negros e ind\u00edgenas, a nota de corte fica em 50% de acertos. O objetivo da medida foi incentivar a diversidade dos ju\u00edzes e reduzir o d\u00e9ficit de representatividade dessas parcelas da popula\u00e7\u00e3o na magistratura brasileira.<\/p>\n<p>Ap\u00f3s a publica\u00e7\u00e3o da regra, candidatos com defici\u00eancia indagaram o motivo de n\u00e3o terem sido tamb\u00e9m contemplados com a nota de corte mais baixa. Os cr\u00edticos defendem que as pessoas com defici\u00eancia (PCD), como minoria social, t\u00eam igual direito \u00e0 a\u00e7\u00e3o afirmativa.<\/p>\n<p>O presidente do CNJ, ministro Lu\u00eds Roberto Barroso, considerou a reivindica\u00e7\u00e3o justa e levou o tema \u00e0 vota\u00e7\u00e3o na primeira sess\u00e3o de julgamentos do ano.<\/p>\n<p>Os conselheiros aprovaram tamb\u00e9m a altera\u00e7\u00e3o de outro ponto das regras sobre o Enam, para deixar claro que os candidatos PCD t\u00eam direito ainda \u00e0 prorroga\u00e7\u00e3o do tempo de prova em at\u00e9 60 minutos, assim como j\u00e1 ocorre em outros concursos p\u00fablicos.<\/p>\n<p>As inscri\u00e7\u00f5es para o Exame Nacional de Magistratura come\u00e7aram em 7 de fevereiro e seguem at\u00e9 7 de mar\u00e7o. A prova ser\u00e1 aplicada pela Escola Nacional de Forma\u00e7\u00e3o e Aperfei\u00e7oamento de Magistrados (Enfam), que criou um site para divulgar as informa\u00e7\u00f5es sobre o certame.<\/p>\n<p>Ser\u00e3o cobrados dos candidatos conhecimentos em direito constitucional, direito administrativo, no\u00e7\u00f5es gerais do direito e forma\u00e7\u00e3o human\u00edstica, direitos humanos, direito processual civil, direito civil, direito empresarial e direito penal.<\/p>\n<p>Por ocasi\u00e3o do lan\u00e7amento do edital, Barroso disse que o objetivo \u00e9 \u201cuniformizar o n\u00edvel de conhecimento dos magistrados, aferir melhor as voca\u00e7\u00f5es e eliminar quaisquer insinua\u00e7\u00f5es de favorecimentos que, justa ou injustamente, apare\u00e7am aqui e ali\u201d.<\/p>\n","protected":false},"excerpt":{"rendered":"<p>O Conselho Nacional de Justi\u00e7a (CNJ) aprovou por unanimidade a redu\u00e7\u00e3o da nota de corte para pessoas com defici\u00eancia no Exame Nacional da Magistratura (Enam), criado no ano passado e que ter\u00e1 a primeira prova em 29 de abril. O Enam foi criado em novembro com o objetivo de garantir um conhecimento m\u00ednimo e uniforme [&hellip;]<\/p>\n","protected":false},"author":2,"featured_media":322893,"comment_status":"closed","ping_status":"closed","sticky":false,"template":"","format":"standard","meta":{"_acf_changed":false,"footnotes":""},"categories":[161],"tags":[],"class_list":["post-322892","post","type-post","status-publish","format-standard","has-post-thumbnail","hentry","category-quadradinho-em-foco"],"acf":[],"yoast_head":"<!-- This site is optimized with the Yoast SEO plugin v27.2 - https:\/\/yoast.com\/product\/yoast-seo-wordpress\/ -->\n<title>Reduzida nota de corte para deficientes em exame da magistratura - Notibras<\/title>\n<meta name=\"robots\" content=\"index, follow, max-snippet:-1, max-image-preview:large, max-video-preview:-1\" \/>\n<link rel=\"canonical\" href=\"https:\/\/www.notibras.com\/site\/reduzida-nota-de-corte-para-deficientes-em-exame-da-magistratura\/\" \/>\n<meta property=\"og:locale\" content=\"pt_BR\" \/>\n<meta property=\"og:type\" content=\"article\" \/>\n<meta property=\"og:title\" content=\"Reduzida nota de corte para deficientes em exame da magistratura - Notibras\" \/>\n<meta property=\"og:description\" content=\"O Conselho Nacional de Justi\u00e7a (CNJ) aprovou por unanimidade a redu\u00e7\u00e3o da nota de corte para pessoas com defici\u00eancia no Exame Nacional da Magistratura (Enam), criado no ano passado e que ter\u00e1 a primeira prova em 29 de abril. O Enam foi criado em novembro com o objetivo de garantir um conhecimento m\u00ednimo e uniforme [&hellip;]\" \/>\n<meta property=\"og:url\" content=\"https:\/\/www.notibras.com\/site\/reduzida-nota-de-corte-para-deficientes-em-exame-da-magistratura\/\" \/>\n<meta property=\"og:site_name\" content=\"Notibras\" \/>\n<meta property=\"article:publisher\" content=\"https:\/\/www.facebook.com\/notibras\/\" \/>\n<meta property=\"article:published_time\" content=\"2024-02-21T03:05:57+00:00\" \/>\n<meta property=\"article:modified_time\" content=\"2024-02-21T10:07:45+00:00\" \/>\n<meta property=\"og:image\" content=\"https:\/\/www.notibras.com\/site\/wp-content\/uploads\/2024\/02\/cortecnj.webp\" \/>\n\t<meta property=\"og:image:width\" content=\"1170\" \/>\n\t<meta property=\"og:image:height\" content=\"700\" \/>\n\t<meta property=\"og:image:type\" content=\"image\/webp\" \/>\n<meta name=\"author\" content=\"Reda\u00e7\u00e3o\" \/>\n<meta name=\"twitter:card\" content=\"summary_large_image\" \/>\n<meta name=\"twitter:creator\" content=\"@Notibras\" \/>\n<meta name=\"twitter:site\" content=\"@Notibras\" \/>\n<meta name=\"twitter:label1\" content=\"Escrito por\" \/>\n\t<meta name=\"twitter:data1\" content=\"Reda\u00e7\u00e3o\" \/>\n\t<meta name=\"twitter:label2\" content=\"Est. tempo de leitura\" \/>\n\t<meta name=\"twitter:data2\" content=\"3 minutos\" \/>\n<script type=\"application\/ld+json\" class=\"yoast-schema-graph\">{\"@context\":\"https:\/\/schema.org\",\"@graph\":[{\"@type\":\"Article\",\"@id\":\"https:\/\/www.notibras.com\/site\/reduzida-nota-de-corte-para-deficientes-em-exame-da-magistratura\/#article\",\"isPartOf\":{\"@id\":\"https:\/\/www.notibras.com\/site\/reduzida-nota-de-corte-para-deficientes-em-exame-da-magistratura\/\"},\"author\":{\"name\":\"Reda\u00e7\u00e3o\",\"@id\":\"https:\/\/www.notibras.com\/site\/#\/schema\/person\/36ab0979449956132d3e5b517ea76ac8\"},\"headline\":\"Reduzida nota de corte para deficientes em exame da magistratura\",\"datePublished\":\"2024-02-21T03:05:57+00:00\",\"dateModified\":\"2024-02-21T10:07:45+00:00\",\"mainEntityOfPage\":{\"@id\":\"https:\/\/www.notibras.com\/site\/reduzida-nota-de-corte-para-deficientes-em-exame-da-magistratura\/\"},\"wordCount\":419,\"publisher\":{\"@id\":\"https:\/\/www.notibras.com\/site\/#organization\"},\"image\":{\"@id\":\"https:\/\/www.notibras.com\/site\/reduzida-nota-de-corte-para-deficientes-em-exame-da-magistratura\/#primaryimage\"},\"thumbnailUrl\":\"https:\/\/www.notibras.com\/site\/wp-content\/uploads\/2024\/02\/cortecnj.webp\",\"articleSection\":[\"Quadradinho em Foco\"],\"inLanguage\":\"pt-BR\"},{\"@type\":\"WebPage\",\"@id\":\"https:\/\/www.notibras.com\/site\/reduzida-nota-de-corte-para-deficientes-em-exame-da-magistratura\/\",\"url\":\"https:\/\/www.notibras.com\/site\/reduzida-nota-de-corte-para-deficientes-em-exame-da-magistratura\/\",\"name\":\"Reduzida nota de corte para deficientes em exame da magistratura - Notibras\",\"isPartOf\":{\"@id\":\"https:\/\/www.notibras.com\/site\/#website\"},\"primaryImageOfPage\":{\"@id\":\"https:\/\/www.notibras.com\/site\/reduzida-nota-de-corte-para-deficientes-em-exame-da-magistratura\/#primaryimage\"},\"image\":{\"@id\":\"https:\/\/www.notibras.com\/site\/reduzida-nota-de-corte-para-deficientes-em-exame-da-magistratura\/#primaryimage\"},\"thumbnailUrl\":\"https:\/\/www.notibras.com\/site\/wp-content\/uploads\/2024\/02\/cortecnj.webp\",\"datePublished\":\"2024-02-21T03:05:57+00:00\",\"dateModified\":\"2024-02-21T10:07:45+00:00\",\"breadcrumb\":{\"@id\":\"https:\/\/www.notibras.com\/site\/reduzida-nota-de-corte-para-deficientes-em-exame-da-magistratura\/#breadcrumb\"},\"inLanguage\":\"pt-BR\",\"potentialAction\":[{\"@type\":\"ReadAction\",\"target\":[\"https:\/\/www.notibras.com\/site\/reduzida-nota-de-corte-para-deficientes-em-exame-da-magistratura\/\"]}]},{\"@type\":\"ImageObject\",\"inLanguage\":\"pt-BR\",\"@id\":\"https:\/\/www.notibras.com\/site\/reduzida-nota-de-corte-para-deficientes-em-exame-da-magistratura\/#primaryimage\",\"url\":\"https:\/\/www.notibras.com\/site\/wp-content\/uploads\/2024\/02\/cortecnj.webp\",\"contentUrl\":\"https:\/\/www.notibras.com\/site\/wp-content\/uploads\/2024\/02\/cortecnj.webp\",\"width\":1170,\"height\":700},{\"@type\":\"BreadcrumbList\",\"@id\":\"https:\/\/www.notibras.com\/site\/reduzida-nota-de-corte-para-deficientes-em-exame-da-magistratura\/#breadcrumb\",\"itemListElement\":[{\"@type\":\"ListItem\",\"position\":1,\"name\":\"In\u00edcio\",\"item\":\"https:\/\/www.notibras.com\/site\/\"},{\"@type\":\"ListItem\",\"position\":2,\"name\":\"Reduzida nota de corte para deficientes em exame da magistratura\"}]},{\"@type\":\"WebSite\",\"@id\":\"https:\/\/www.notibras.com\/site\/#website\",\"url\":\"https:\/\/www.notibras.com\/site\/\",\"name\":\"Notibras\",\"description\":\"Not\u00edcias de Bras\u00edlia, do Brasil e do Mundo\",\"publisher\":{\"@id\":\"https:\/\/www.notibras.com\/site\/#organization\"},\"potentialAction\":[{\"@type\":\"SearchAction\",\"target\":{\"@type\":\"EntryPoint\",\"urlTemplate\":\"https:\/\/www.notibras.com\/site\/?s={search_term_string}\"},\"query-input\":{\"@type\":\"PropertyValueSpecification\",\"valueRequired\":true,\"valueName\":\"search_term_string\"}}],\"inLanguage\":\"pt-BR\"},{\"@type\":\"Organization\",\"@id\":\"https:\/\/www.notibras.com\/site\/#organization\",\"name\":\"Grupo Notibras de Comunica\u00e7\u00e3o\",\"url\":\"https:\/\/www.notibras.com\/site\/\",\"logo\":{\"@type\":\"ImageObject\",\"inLanguage\":\"pt-BR\",\"@id\":\"https:\/\/www.notibras.com\/site\/#\/schema\/logo\/image\/\",\"url\":\"https:\/\/www.notibras.com\/site\/wp-content\/uploads\/2023\/01\/notibras23.png\",\"contentUrl\":\"https:\/\/www.notibras.com\/site\/wp-content\/uploads\/2023\/01\/notibras23.png\",\"width\":350,\"height\":87,\"caption\":\"Grupo Notibras de Comunica\u00e7\u00e3o\"},\"image\":{\"@id\":\"https:\/\/www.notibras.com\/site\/#\/schema\/logo\/image\/\"},\"sameAs\":[\"https:\/\/www.facebook.com\/notibras\/\",\"https:\/\/x.com\/Notibras\",\"https:\/\/www.instagram.com\/notibras\/\"]},{\"@type\":\"Person\",\"@id\":\"https:\/\/www.notibras.com\/site\/#\/schema\/person\/36ab0979449956132d3e5b517ea76ac8\",\"name\":\"Reda\u00e7\u00e3o\",\"image\":{\"@type\":\"ImageObject\",\"inLanguage\":\"pt-BR\",\"@id\":\"https:\/\/secure.gravatar.com\/avatar\/e0a867bdedb85fd243eadf09663511f96fc81e0720a4a42581f334ad4303aa6b?s=96&d=mm&r=g\",\"url\":\"https:\/\/secure.gravatar.com\/avatar\/e0a867bdedb85fd243eadf09663511f96fc81e0720a4a42581f334ad4303aa6b?s=96&d=mm&r=g\",\"contentUrl\":\"https:\/\/secure.gravatar.com\/avatar\/e0a867bdedb85fd243eadf09663511f96fc81e0720a4a42581f334ad4303aa6b?s=96&d=mm&r=g\",\"caption\":\"Reda\u00e7\u00e3o\"}}]}<\/script>\n<!-- \/ Yoast SEO plugin. -->","yoast_head_json":{"title":"Reduzida nota de corte para deficientes em exame da magistratura - Notibras","robots":{"index":"index","follow":"follow","max-snippet":"max-snippet:-1","max-image-preview":"max-image-preview:large","max-video-preview":"max-video-preview:-1"},"canonical":"https:\/\/www.notibras.com\/site\/reduzida-nota-de-corte-para-deficientes-em-exame-da-magistratura\/","og_locale":"pt_BR","og_type":"article","og_title":"Reduzida nota de corte para deficientes em exame da magistratura - Notibras","og_description":"O Conselho Nacional de Justi\u00e7a (CNJ) aprovou por unanimidade a redu\u00e7\u00e3o da nota de corte para pessoas com defici\u00eancia no Exame Nacional da Magistratura (Enam), criado no ano passado e que ter\u00e1 a primeira prova em 29 de abril. O Enam foi criado em novembro com o objetivo de garantir um conhecimento m\u00ednimo e uniforme [&hellip;]","og_url":"https:\/\/www.notibras.com\/site\/reduzida-nota-de-corte-para-deficientes-em-exame-da-magistratura\/","og_site_name":"Notibras","article_publisher":"https:\/\/www.facebook.com\/notibras\/","article_published_time":"2024-02-21T03:05:57+00:00","article_modified_time":"2024-02-21T10:07:45+00:00","og_image":[{"width":1170,"height":700,"url":"https:\/\/www.notibras.com\/site\/wp-content\/uploads\/2024\/02\/cortecnj.webp","type":"image\/webp"}],"author":"Reda\u00e7\u00e3o","twitter_card":"summary_large_image","twitter_creator":"@Notibras","twitter_site":"@Notibras","twitter_misc":{"Escrito por":"Reda\u00e7\u00e3o","Est. tempo de leitura":"3 minutos"},"schema":{"@context":"https:\/\/schema.org","@graph":[{"@type":"Article","@id":"https:\/\/www.notibras.com\/site\/reduzida-nota-de-corte-para-deficientes-em-exame-da-magistratura\/#article","isPartOf":{"@id":"https:\/\/www.notibras.com\/site\/reduzida-nota-de-corte-para-deficientes-em-exame-da-magistratura\/"},"author":{"name":"Reda\u00e7\u00e3o","@id":"https:\/\/www.notibras.com\/site\/#\/schema\/person\/36ab0979449956132d3e5b517ea76ac8"},"headline":"Reduzida nota de corte para deficientes em exame da magistratura","datePublished":"2024-02-21T03:05:57+00:00","dateModified":"2024-02-21T10:07:45+00:00","mainEntityOfPage":{"@id":"https:\/\/www.notibras.com\/site\/reduzida-nota-de-corte-para-deficientes-em-exame-da-magistratura\/"},"wordCount":419,"publisher":{"@id":"https:\/\/www.notibras.com\/site\/#organization"},"image":{"@id":"https:\/\/www.notibras.com\/site\/reduzida-nota-de-corte-para-deficientes-em-exame-da-magistratura\/#primaryimage"},"thumbnailUrl":"https:\/\/www.notibras.com\/site\/wp-content\/uploads\/2024\/02\/cortecnj.webp","articleSection":["Quadradinho em Foco"],"inLanguage":"pt-BR"},{"@type":"WebPage","@id":"https:\/\/www.notibras.com\/site\/reduzida-nota-de-corte-para-deficientes-em-exame-da-magistratura\/","url":"https:\/\/www.notibras.com\/site\/reduzida-nota-de-corte-para-deficientes-em-exame-da-magistratura\/","name":"Reduzida nota de corte para deficientes em exame da magistratura - Notibras","isPartOf":{"@id":"https:\/\/www.notibras.com\/site\/#website"},"primaryImageOfPage":{"@id":"https:\/\/www.notibras.com\/site\/reduzida-nota-de-corte-para-deficientes-em-exame-da-magistratura\/#primaryimage"},"image":{"@id":"https:\/\/www.notibras.com\/site\/reduzida-nota-de-corte-para-deficientes-em-exame-da-magistratura\/#primaryimage"},"thumbnailUrl":"https:\/\/www.notibras.com\/site\/wp-content\/uploads\/2024\/02\/cortecnj.webp","datePublished":"2024-02-21T03:05:57+00:00","dateModified":"2024-02-21T10:07:45+00:00","breadcrumb":{"@id":"https:\/\/www.notibras.com\/site\/reduzida-nota-de-corte-para-deficientes-em-exame-da-magistratura\/#breadcrumb"},"inLanguage":"pt-BR","potentialAction":[{"@type":"ReadAction","target":["https:\/\/www.notibras.com\/site\/reduzida-nota-de-corte-para-deficientes-em-exame-da-magistratura\/"]}]},{"@type":"ImageObject","inLanguage":"pt-BR","@id":"https:\/\/www.notibras.com\/site\/reduzida-nota-de-corte-para-deficientes-em-exame-da-magistratura\/#primaryimage","url":"https:\/\/www.notibras.com\/site\/wp-content\/uploads\/2024\/02\/cortecnj.webp","contentUrl":"https:\/\/www.notibras.com\/site\/wp-content\/uploads\/2024\/02\/cortecnj.webp","width":1170,"height":700},{"@type":"BreadcrumbList","@id":"https:\/\/www.notibras.com\/site\/reduzida-nota-de-corte-para-deficientes-em-exame-da-magistratura\/#breadcrumb","itemListElement":[{"@type":"ListItem","position":1,"name":"In\u00edcio","item":"https:\/\/www.notibras.com\/site\/"},{"@type":"ListItem","position":2,"name":"Reduzida nota de corte para deficientes em exame da magistratura"}]},{"@type":"WebSite","@id":"https:\/\/www.notibras.com\/site\/#website","url":"https:\/\/www.notibras.com\/site\/","name":"Notibras","description":"Not\u00edcias de Bras\u00edlia, do Brasil e do Mundo","publisher":{"@id":"https:\/\/www.notibras.com\/site\/#organization"},"potentialAction":[{"@type":"SearchAction","target":{"@type":"EntryPoint","urlTemplate":"https:\/\/www.notibras.com\/site\/?s={search_term_string}"},"query-input":{"@type":"PropertyValueSpecification","valueRequired":true,"valueName":"search_term_string"}}],"inLanguage":"pt-BR"},{"@type":"Organization","@id":"https:\/\/www.notibras.com\/site\/#organization","name":"Grupo Notibras de Comunica\u00e7\u00e3o","url":"https:\/\/www.notibras.com\/site\/","logo":{"@type":"ImageObject","inLanguage":"pt-BR","@id":"https:\/\/www.notibras.com\/site\/#\/schema\/logo\/image\/","url":"https:\/\/www.notibras.com\/site\/wp-content\/uploads\/2023\/01\/notibras23.png","contentUrl":"https:\/\/www.notibras.com\/site\/wp-content\/uploads\/2023\/01\/notibras23.png","width":350,"height":87,"caption":"Grupo Notibras de Comunica\u00e7\u00e3o"},"image":{"@id":"https:\/\/www.notibras.com\/site\/#\/schema\/logo\/image\/"},"sameAs":["https:\/\/www.facebook.com\/notibras\/","https:\/\/x.com\/Notibras","https:\/\/www.instagram.com\/notibras\/"]},{"@type":"Person","@id":"https:\/\/www.notibras.com\/site\/#\/schema\/person\/36ab0979449956132d3e5b517ea76ac8","name":"Reda\u00e7\u00e3o","image":{"@type":"ImageObject","inLanguage":"pt-BR","@id":"https:\/\/secure.gravatar.com\/avatar\/e0a867bdedb85fd243eadf09663511f96fc81e0720a4a42581f334ad4303aa6b?s=96&d=mm&r=g","url":"https:\/\/secure.gravatar.com\/avatar\/e0a867bdedb85fd243eadf09663511f96fc81e0720a4a42581f334ad4303aa6b?s=96&d=mm&r=g","contentUrl":"https:\/\/secure.gravatar.com\/avatar\/e0a867bdedb85fd243eadf09663511f96fc81e0720a4a42581f334ad4303aa6b?s=96&d=mm&r=g","caption":"Reda\u00e7\u00e3o"}}]}},"amp_enabled":true,"_links":{"self":[{"href":"https:\/\/www.notibras.com\/site\/wp-json\/wp\/v2\/posts\/322892","targetHints":{"allow":["GET"]}}],"collection":[{"href":"https:\/\/www.notibras.com\/site\/wp-json\/wp\/v2\/posts"}],"about":[{"href":"https:\/\/www.notibras.com\/site\/wp-json\/wp\/v2\/types\/post"}],"author":[{"embeddable":true,"href":"https:\/\/www.notibras.com\/site\/wp-json\/wp\/v2\/users\/2"}],"replies":[{"embeddable":true,"href":"https:\/\/www.notibras.com\/site\/wp-json\/wp\/v2\/comments?post=322892"}],"version-history":[{"count":1,"href":"https:\/\/www.notibras.com\/site\/wp-json\/wp\/v2\/posts\/322892\/revisions"}],"predecessor-version":[{"id":322894,"href":"https:\/\/www.notibras.com\/site\/wp-json\/wp\/v2\/posts\/322892\/revisions\/322894"}],"wp:featuredmedia":[{"embeddable":true,"href":"https:\/\/www.notibras.com\/site\/wp-json\/wp\/v2\/media\/322893"}],"wp:attachment":[{"href":"https:\/\/www.notibras.com\/site\/wp-json\/wp\/v2\/media?parent=322892"}],"wp:term":[{"taxonomy":"category","embeddable":true,"href":"https:\/\/www.notibras.com\/site\/wp-json\/wp\/v2\/categories?post=322892"},{"taxonomy":"post_tag","embeddable":true,"href":"https:\/\/www.notibras.com\/site\/wp-json\/wp\/v2\/tags?post=322892"}],"curies":[{"name":"wp","href":"https:\/\/api.w.org\/{rel}","templated":true}]}}