{"id":322898,"date":"2024-02-21T07:23:53","date_gmt":"2024-02-21T10:23:53","guid":{"rendered":"https:\/\/www.notibras.com\/site\/?p=322898"},"modified":"2024-02-21T07:23:53","modified_gmt":"2024-02-21T10:23:53","slug":"fisiculturista-preso-provoca-inveja-em-delegacia","status":"publish","type":"post","link":"https:\/\/www.notibras.com\/site\/fisiculturista-preso-provoca-inveja-em-delegacia\/","title":{"rendered":"Fisiculturista preso provoca inveja em delegacia"},"content":{"rendered":"<p>L\u00e1 estava o Santana, cada vez mais incomodado com a sua enorme pan\u00e7a, cada vez mais presente na sua cintura. O cos das cal\u00e7as, cada vez mais baixo, fazia com que a banha tombasse sem qualquer cerim\u00f4nia sobre a virilha, cada vez mais escondida. &#8220;Que droga!&#8221;, ele dizia para si mesmo.<\/p>\n<p>Ele tentava se lembrar do tempo em que ainda podia tirar a camisa na praia sem sentir vergonha. N\u00e3o que algum dia ele tenha tido um corpo apol\u00edneo. Longe disso! No entanto, naquela \u00e9poca t\u00e3o long\u00ednqua, isso n\u00e3o o incomodava.<\/p>\n<p>&#8220;Que droga!&#8221;, o Santana n\u00e3o conseguia deixar de pensar no seu volumoso abdome, fruto do puro desleixo de anos, regado a litros e mais litros de chope, churrascos com aquelas bordas generosas de gordura, v\u00e1rios docinhos aqui, outro tanto de salgadinhos ali.<\/p>\n<p>Assim que ele entrou na delegacia, algu\u00e9m lhe pediu para tirar fotografias de um preso, que estava l\u00e1 na cela ao fundo. Cheio daquele seu mau humor t\u00e3o caracter\u00edstico, l\u00e1 foi o Santana cumprir a sua primeira tarefa do dia.<\/p>\n<p>&#8211; Ei, levanta a\u00ed, que preciso tirar umas fotos suas.<\/p>\n<p>O homem, que havia sido autuado por embriaguez ao volante, talvez ainda estivesse sob efeito de \u00e1lcool. Tanto \u00e9 que ele se levantou de forma meio sonolenta, sorriu para o Santana e, num movimento meio inesperado, retirou a camisa e come\u00e7ou a fazer pose de fisiculturista.<\/p>\n<p>&#8211; T\u00e1 bom assim?<\/p>\n<p>O Santana, com a m\u00e1quina fotogr\u00e1fica nas m\u00e3os, n\u00e3o conseguia deixar de pensar que aquele preso, bem ali naquela cela fria e imunda, tinha o abdome que ele queria para si. &#8220;Que droga!!!&#8221;, quase pensou alto.<\/p>\n","protected":false},"excerpt":{"rendered":"<p>L\u00e1 estava o Santana, cada vez mais incomodado com a sua enorme pan\u00e7a, cada vez mais presente na sua cintura. O cos das cal\u00e7as, cada vez mais baixo, fazia com que a banha tombasse sem qualquer cerim\u00f4nia sobre a virilha, cada vez mais escondida. &#8220;Que droga!&#8221;, ele dizia para si mesmo. Ele tentava se lembrar [&hellip;]<\/p>\n","protected":false},"author":2,"featured_media":322899,"comment_status":"closed","ping_status":"closed","sticky":false,"template":"","format":"standard","meta":{"_acf_changed":false,"footnotes":""},"categories":[161],"tags":[],"class_list":["post-322898","post","type-post","status-publish","format-standard","has-post-thumbnail","hentry","category-quadradinho-em-foco"],"acf":[],"yoast_head":"<!-- This site is optimized with the Yoast SEO plugin v27.2 - https:\/\/yoast.com\/product\/yoast-seo-wordpress\/ -->\n<title>Fisiculturista preso provoca inveja em delegacia - Notibras<\/title>\n<meta name=\"robots\" content=\"index, follow, max-snippet:-1, max-image-preview:large, max-video-preview:-1\" \/>\n<link rel=\"canonical\" href=\"https:\/\/www.notibras.com\/site\/fisiculturista-preso-provoca-inveja-em-delegacia\/\" \/>\n<meta property=\"og:locale\" content=\"pt_BR\" \/>\n<meta property=\"og:type\" content=\"article\" \/>\n<meta property=\"og:title\" content=\"Fisiculturista preso provoca inveja em delegacia - Notibras\" \/>\n<meta property=\"og:description\" content=\"L\u00e1 estava o Santana, cada vez mais incomodado com a sua enorme pan\u00e7a, cada vez mais presente na sua cintura. O cos das cal\u00e7as, cada vez mais baixo, fazia com que a banha tombasse sem qualquer cerim\u00f4nia sobre a virilha, cada vez mais escondida. &#8220;Que droga!&#8221;, ele dizia para si mesmo. Ele tentava se lembrar [&hellip;]\" \/>\n<meta property=\"og:url\" content=\"https:\/\/www.notibras.com\/site\/fisiculturista-preso-provoca-inveja-em-delegacia\/\" \/>\n<meta property=\"og:site_name\" content=\"Notibras\" \/>\n<meta property=\"article:publisher\" content=\"https:\/\/www.facebook.com\/notibras\/\" \/>\n<meta property=\"article:published_time\" content=\"2024-02-21T10:23:53+00:00\" \/>\n<meta property=\"og:image\" content=\"https:\/\/www.notibras.com\/site\/wp-content\/uploads\/2024\/02\/santana.22.jpg\" \/>\n\t<meta property=\"og:image:width\" content=\"512\" \/>\n\t<meta property=\"og:image:height\" content=\"476\" \/>\n\t<meta property=\"og:image:type\" content=\"image\/jpeg\" \/>\n<meta name=\"author\" content=\"Reda\u00e7\u00e3o\" \/>\n<meta name=\"twitter:card\" content=\"summary_large_image\" \/>\n<meta name=\"twitter:creator\" content=\"@Notibras\" \/>\n<meta name=\"twitter:site\" content=\"@Notibras\" \/>\n<meta name=\"twitter:label1\" content=\"Escrito por\" \/>\n\t<meta name=\"twitter:data1\" content=\"Reda\u00e7\u00e3o\" \/>\n\t<meta name=\"twitter:label2\" content=\"Est. tempo de leitura\" \/>\n\t<meta name=\"twitter:data2\" content=\"2 minutos\" \/>\n<script type=\"application\/ld+json\" class=\"yoast-schema-graph\">{\"@context\":\"https:\/\/schema.org\",\"@graph\":[{\"@type\":\"Article\",\"@id\":\"https:\/\/www.notibras.com\/site\/fisiculturista-preso-provoca-inveja-em-delegacia\/#article\",\"isPartOf\":{\"@id\":\"https:\/\/www.notibras.com\/site\/fisiculturista-preso-provoca-inveja-em-delegacia\/\"},\"author\":{\"name\":\"Reda\u00e7\u00e3o\",\"@id\":\"https:\/\/www.notibras.com\/site\/#\/schema\/person\/36ab0979449956132d3e5b517ea76ac8\"},\"headline\":\"Fisiculturista preso provoca inveja em delegacia\",\"datePublished\":\"2024-02-21T10:23:53+00:00\",\"mainEntityOfPage\":{\"@id\":\"https:\/\/www.notibras.com\/site\/fisiculturista-preso-provoca-inveja-em-delegacia\/\"},\"wordCount\":292,\"publisher\":{\"@id\":\"https:\/\/www.notibras.com\/site\/#organization\"},\"image\":{\"@id\":\"https:\/\/www.notibras.com\/site\/fisiculturista-preso-provoca-inveja-em-delegacia\/#primaryimage\"},\"thumbnailUrl\":\"https:\/\/www.notibras.com\/site\/wp-content\/uploads\/2024\/02\/santana.22.jpg\",\"articleSection\":[\"Quadradinho em Foco\"],\"inLanguage\":\"pt-BR\"},{\"@type\":\"WebPage\",\"@id\":\"https:\/\/www.notibras.com\/site\/fisiculturista-preso-provoca-inveja-em-delegacia\/\",\"url\":\"https:\/\/www.notibras.com\/site\/fisiculturista-preso-provoca-inveja-em-delegacia\/\",\"name\":\"Fisiculturista preso provoca inveja em delegacia - Notibras\",\"isPartOf\":{\"@id\":\"https:\/\/www.notibras.com\/site\/#website\"},\"primaryImageOfPage\":{\"@id\":\"https:\/\/www.notibras.com\/site\/fisiculturista-preso-provoca-inveja-em-delegacia\/#primaryimage\"},\"image\":{\"@id\":\"https:\/\/www.notibras.com\/site\/fisiculturista-preso-provoca-inveja-em-delegacia\/#primaryimage\"},\"thumbnailUrl\":\"https:\/\/www.notibras.com\/site\/wp-content\/uploads\/2024\/02\/santana.22.jpg\",\"datePublished\":\"2024-02-21T10:23:53+00:00\",\"breadcrumb\":{\"@id\":\"https:\/\/www.notibras.com\/site\/fisiculturista-preso-provoca-inveja-em-delegacia\/#breadcrumb\"},\"inLanguage\":\"pt-BR\",\"potentialAction\":[{\"@type\":\"ReadAction\",\"target\":[\"https:\/\/www.notibras.com\/site\/fisiculturista-preso-provoca-inveja-em-delegacia\/\"]}]},{\"@type\":\"ImageObject\",\"inLanguage\":\"pt-BR\",\"@id\":\"https:\/\/www.notibras.com\/site\/fisiculturista-preso-provoca-inveja-em-delegacia\/#primaryimage\",\"url\":\"https:\/\/www.notibras.com\/site\/wp-content\/uploads\/2024\/02\/santana.22.jpg\",\"contentUrl\":\"https:\/\/www.notibras.com\/site\/wp-content\/uploads\/2024\/02\/santana.22.jpg\",\"width\":512,\"height\":476},{\"@type\":\"BreadcrumbList\",\"@id\":\"https:\/\/www.notibras.com\/site\/fisiculturista-preso-provoca-inveja-em-delegacia\/#breadcrumb\",\"itemListElement\":[{\"@type\":\"ListItem\",\"position\":1,\"name\":\"In\u00edcio\",\"item\":\"https:\/\/www.notibras.com\/site\/\"},{\"@type\":\"ListItem\",\"position\":2,\"name\":\"Fisiculturista preso provoca inveja em delegacia\"}]},{\"@type\":\"WebSite\",\"@id\":\"https:\/\/www.notibras.com\/site\/#website\",\"url\":\"https:\/\/www.notibras.com\/site\/\",\"name\":\"Notibras\",\"description\":\"Not\u00edcias de Bras\u00edlia, do Brasil e do Mundo\",\"publisher\":{\"@id\":\"https:\/\/www.notibras.com\/site\/#organization\"},\"potentialAction\":[{\"@type\":\"SearchAction\",\"target\":{\"@type\":\"EntryPoint\",\"urlTemplate\":\"https:\/\/www.notibras.com\/site\/?s={search_term_string}\"},\"query-input\":{\"@type\":\"PropertyValueSpecification\",\"valueRequired\":true,\"valueName\":\"search_term_string\"}}],\"inLanguage\":\"pt-BR\"},{\"@type\":\"Organization\",\"@id\":\"https:\/\/www.notibras.com\/site\/#organization\",\"name\":\"Grupo Notibras de Comunica\u00e7\u00e3o\",\"url\":\"https:\/\/www.notibras.com\/site\/\",\"logo\":{\"@type\":\"ImageObject\",\"inLanguage\":\"pt-BR\",\"@id\":\"https:\/\/www.notibras.com\/site\/#\/schema\/logo\/image\/\",\"url\":\"https:\/\/www.notibras.com\/site\/wp-content\/uploads\/2023\/01\/notibras23.png\",\"contentUrl\":\"https:\/\/www.notibras.com\/site\/wp-content\/uploads\/2023\/01\/notibras23.png\",\"width\":350,\"height\":87,\"caption\":\"Grupo Notibras de Comunica\u00e7\u00e3o\"},\"image\":{\"@id\":\"https:\/\/www.notibras.com\/site\/#\/schema\/logo\/image\/\"},\"sameAs\":[\"https:\/\/www.facebook.com\/notibras\/\",\"https:\/\/x.com\/Notibras\",\"https:\/\/www.instagram.com\/notibras\/\"]},{\"@type\":\"Person\",\"@id\":\"https:\/\/www.notibras.com\/site\/#\/schema\/person\/36ab0979449956132d3e5b517ea76ac8\",\"name\":\"Reda\u00e7\u00e3o\",\"image\":{\"@type\":\"ImageObject\",\"inLanguage\":\"pt-BR\",\"@id\":\"https:\/\/secure.gravatar.com\/avatar\/e0a867bdedb85fd243eadf09663511f96fc81e0720a4a42581f334ad4303aa6b?s=96&d=mm&r=g\",\"url\":\"https:\/\/secure.gravatar.com\/avatar\/e0a867bdedb85fd243eadf09663511f96fc81e0720a4a42581f334ad4303aa6b?s=96&d=mm&r=g\",\"contentUrl\":\"https:\/\/secure.gravatar.com\/avatar\/e0a867bdedb85fd243eadf09663511f96fc81e0720a4a42581f334ad4303aa6b?s=96&d=mm&r=g\",\"caption\":\"Reda\u00e7\u00e3o\"}}]}<\/script>\n<!-- \/ Yoast SEO plugin. -->","yoast_head_json":{"title":"Fisiculturista preso provoca inveja em delegacia - Notibras","robots":{"index":"index","follow":"follow","max-snippet":"max-snippet:-1","max-image-preview":"max-image-preview:large","max-video-preview":"max-video-preview:-1"},"canonical":"https:\/\/www.notibras.com\/site\/fisiculturista-preso-provoca-inveja-em-delegacia\/","og_locale":"pt_BR","og_type":"article","og_title":"Fisiculturista preso provoca inveja em delegacia - Notibras","og_description":"L\u00e1 estava o Santana, cada vez mais incomodado com a sua enorme pan\u00e7a, cada vez mais presente na sua cintura. O cos das cal\u00e7as, cada vez mais baixo, fazia com que a banha tombasse sem qualquer cerim\u00f4nia sobre a virilha, cada vez mais escondida. &#8220;Que droga!&#8221;, ele dizia para si mesmo. Ele tentava se lembrar [&hellip;]","og_url":"https:\/\/www.notibras.com\/site\/fisiculturista-preso-provoca-inveja-em-delegacia\/","og_site_name":"Notibras","article_publisher":"https:\/\/www.facebook.com\/notibras\/","article_published_time":"2024-02-21T10:23:53+00:00","og_image":[{"width":512,"height":476,"url":"https:\/\/www.notibras.com\/site\/wp-content\/uploads\/2024\/02\/santana.22.jpg","type":"image\/jpeg"}],"author":"Reda\u00e7\u00e3o","twitter_card":"summary_large_image","twitter_creator":"@Notibras","twitter_site":"@Notibras","twitter_misc":{"Escrito por":"Reda\u00e7\u00e3o","Est. tempo de leitura":"2 minutos"},"schema":{"@context":"https:\/\/schema.org","@graph":[{"@type":"Article","@id":"https:\/\/www.notibras.com\/site\/fisiculturista-preso-provoca-inveja-em-delegacia\/#article","isPartOf":{"@id":"https:\/\/www.notibras.com\/site\/fisiculturista-preso-provoca-inveja-em-delegacia\/"},"author":{"name":"Reda\u00e7\u00e3o","@id":"https:\/\/www.notibras.com\/site\/#\/schema\/person\/36ab0979449956132d3e5b517ea76ac8"},"headline":"Fisiculturista preso provoca inveja em delegacia","datePublished":"2024-02-21T10:23:53+00:00","mainEntityOfPage":{"@id":"https:\/\/www.notibras.com\/site\/fisiculturista-preso-provoca-inveja-em-delegacia\/"},"wordCount":292,"publisher":{"@id":"https:\/\/www.notibras.com\/site\/#organization"},"image":{"@id":"https:\/\/www.notibras.com\/site\/fisiculturista-preso-provoca-inveja-em-delegacia\/#primaryimage"},"thumbnailUrl":"https:\/\/www.notibras.com\/site\/wp-content\/uploads\/2024\/02\/santana.22.jpg","articleSection":["Quadradinho em Foco"],"inLanguage":"pt-BR"},{"@type":"WebPage","@id":"https:\/\/www.notibras.com\/site\/fisiculturista-preso-provoca-inveja-em-delegacia\/","url":"https:\/\/www.notibras.com\/site\/fisiculturista-preso-provoca-inveja-em-delegacia\/","name":"Fisiculturista preso provoca inveja em delegacia - Notibras","isPartOf":{"@id":"https:\/\/www.notibras.com\/site\/#website"},"primaryImageOfPage":{"@id":"https:\/\/www.notibras.com\/site\/fisiculturista-preso-provoca-inveja-em-delegacia\/#primaryimage"},"image":{"@id":"https:\/\/www.notibras.com\/site\/fisiculturista-preso-provoca-inveja-em-delegacia\/#primaryimage"},"thumbnailUrl":"https:\/\/www.notibras.com\/site\/wp-content\/uploads\/2024\/02\/santana.22.jpg","datePublished":"2024-02-21T10:23:53+00:00","breadcrumb":{"@id":"https:\/\/www.notibras.com\/site\/fisiculturista-preso-provoca-inveja-em-delegacia\/#breadcrumb"},"inLanguage":"pt-BR","potentialAction":[{"@type":"ReadAction","target":["https:\/\/www.notibras.com\/site\/fisiculturista-preso-provoca-inveja-em-delegacia\/"]}]},{"@type":"ImageObject","inLanguage":"pt-BR","@id":"https:\/\/www.notibras.com\/site\/fisiculturista-preso-provoca-inveja-em-delegacia\/#primaryimage","url":"https:\/\/www.notibras.com\/site\/wp-content\/uploads\/2024\/02\/santana.22.jpg","contentUrl":"https:\/\/www.notibras.com\/site\/wp-content\/uploads\/2024\/02\/santana.22.jpg","width":512,"height":476},{"@type":"BreadcrumbList","@id":"https:\/\/www.notibras.com\/site\/fisiculturista-preso-provoca-inveja-em-delegacia\/#breadcrumb","itemListElement":[{"@type":"ListItem","position":1,"name":"In\u00edcio","item":"https:\/\/www.notibras.com\/site\/"},{"@type":"ListItem","position":2,"name":"Fisiculturista preso provoca inveja em delegacia"}]},{"@type":"WebSite","@id":"https:\/\/www.notibras.com\/site\/#website","url":"https:\/\/www.notibras.com\/site\/","name":"Notibras","description":"Not\u00edcias de Bras\u00edlia, do Brasil e do Mundo","publisher":{"@id":"https:\/\/www.notibras.com\/site\/#organization"},"potentialAction":[{"@type":"SearchAction","target":{"@type":"EntryPoint","urlTemplate":"https:\/\/www.notibras.com\/site\/?s={search_term_string}"},"query-input":{"@type":"PropertyValueSpecification","valueRequired":true,"valueName":"search_term_string"}}],"inLanguage":"pt-BR"},{"@type":"Organization","@id":"https:\/\/www.notibras.com\/site\/#organization","name":"Grupo Notibras de Comunica\u00e7\u00e3o","url":"https:\/\/www.notibras.com\/site\/","logo":{"@type":"ImageObject","inLanguage":"pt-BR","@id":"https:\/\/www.notibras.com\/site\/#\/schema\/logo\/image\/","url":"https:\/\/www.notibras.com\/site\/wp-content\/uploads\/2023\/01\/notibras23.png","contentUrl":"https:\/\/www.notibras.com\/site\/wp-content\/uploads\/2023\/01\/notibras23.png","width":350,"height":87,"caption":"Grupo Notibras de Comunica\u00e7\u00e3o"},"image":{"@id":"https:\/\/www.notibras.com\/site\/#\/schema\/logo\/image\/"},"sameAs":["https:\/\/www.facebook.com\/notibras\/","https:\/\/x.com\/Notibras","https:\/\/www.instagram.com\/notibras\/"]},{"@type":"Person","@id":"https:\/\/www.notibras.com\/site\/#\/schema\/person\/36ab0979449956132d3e5b517ea76ac8","name":"Reda\u00e7\u00e3o","image":{"@type":"ImageObject","inLanguage":"pt-BR","@id":"https:\/\/secure.gravatar.com\/avatar\/e0a867bdedb85fd243eadf09663511f96fc81e0720a4a42581f334ad4303aa6b?s=96&d=mm&r=g","url":"https:\/\/secure.gravatar.com\/avatar\/e0a867bdedb85fd243eadf09663511f96fc81e0720a4a42581f334ad4303aa6b?s=96&d=mm&r=g","contentUrl":"https:\/\/secure.gravatar.com\/avatar\/e0a867bdedb85fd243eadf09663511f96fc81e0720a4a42581f334ad4303aa6b?s=96&d=mm&r=g","caption":"Reda\u00e7\u00e3o"}}]}},"amp_enabled":true,"_links":{"self":[{"href":"https:\/\/www.notibras.com\/site\/wp-json\/wp\/v2\/posts\/322898","targetHints":{"allow":["GET"]}}],"collection":[{"href":"https:\/\/www.notibras.com\/site\/wp-json\/wp\/v2\/posts"}],"about":[{"href":"https:\/\/www.notibras.com\/site\/wp-json\/wp\/v2\/types\/post"}],"author":[{"embeddable":true,"href":"https:\/\/www.notibras.com\/site\/wp-json\/wp\/v2\/users\/2"}],"replies":[{"embeddable":true,"href":"https:\/\/www.notibras.com\/site\/wp-json\/wp\/v2\/comments?post=322898"}],"version-history":[{"count":1,"href":"https:\/\/www.notibras.com\/site\/wp-json\/wp\/v2\/posts\/322898\/revisions"}],"predecessor-version":[{"id":322900,"href":"https:\/\/www.notibras.com\/site\/wp-json\/wp\/v2\/posts\/322898\/revisions\/322900"}],"wp:featuredmedia":[{"embeddable":true,"href":"https:\/\/www.notibras.com\/site\/wp-json\/wp\/v2\/media\/322899"}],"wp:attachment":[{"href":"https:\/\/www.notibras.com\/site\/wp-json\/wp\/v2\/media?parent=322898"}],"wp:term":[{"taxonomy":"category","embeddable":true,"href":"https:\/\/www.notibras.com\/site\/wp-json\/wp\/v2\/categories?post=322898"},{"taxonomy":"post_tag","embeddable":true,"href":"https:\/\/www.notibras.com\/site\/wp-json\/wp\/v2\/tags?post=322898"}],"curies":[{"name":"wp","href":"https:\/\/api.w.org\/{rel}","templated":true}]}}