{"id":322901,"date":"2024-02-21T07:40:58","date_gmt":"2024-02-21T10:40:58","guid":{"rendered":"https:\/\/www.notibras.com\/site\/?p=322901"},"modified":"2024-02-21T07:46:33","modified_gmt":"2024-02-21T10:46:33","slug":"wenceslau-assume-notibras-e-jose-seabra-vai-comandar-a-sucursal-do-nordeste","status":"publish","type":"post","link":"https:\/\/www.notibras.com\/site\/wenceslau-assume-notibras-e-jose-seabra-vai-comandar-a-sucursal-do-nordeste\/","title":{"rendered":"Wenceslau assume Notibras e Jos\u00e9 Seabra vai comandar a Sucursal do Nordeste"},"content":{"rendered":"<p>Uma reuni\u00e3o nesta quarta, 21, formalizar\u00e1 mudan\u00e7as em nossa reda\u00e7\u00e3o. A transi\u00e7\u00e3o come\u00e7a com Wenceslau Ara\u00fajo assumindo a dire\u00e7\u00e3o editorial de <strong>Notibras.<\/strong> Ele ocupar\u00e1 a cadeira de Jos\u00e9 Seabra, fundador do site.<\/p>\n<p>\u00c0 frente de <strong>Notibras<\/strong> nos \u00faltimos 25 anos (2024 \u00e9 nosso Jubileu de Prata), Jos\u00e9 Seabra vai dedicar-se \u00e0 <em>Sucursal Regional Nordeste<\/em>, rec\u00e9m-inaugurada.<\/p>\n<p><img loading=\"lazy\" decoding=\"async\" class=\"wp-image-322903 aligncenter\" src=\"https:\/\/www.notibras.com\/site\/wp-content\/uploads\/2024\/02\/euforaentrawenceslau-300x300.jpg\" alt=\"\" width=\"457\" height=\"457\" srcset=\"https:\/\/www.notibras.com\/site\/wp-content\/uploads\/2024\/02\/euforaentrawenceslau-300x300.jpg 300w, https:\/\/www.notibras.com\/site\/wp-content\/uploads\/2024\/02\/euforaentrawenceslau-150x150.jpg 150w, https:\/\/www.notibras.com\/site\/wp-content\/uploads\/2024\/02\/euforaentrawenceslau-80x80.jpg 80w, https:\/\/www.notibras.com\/site\/wp-content\/uploads\/2024\/02\/euforaentrawenceslau.jpg 768w\" sizes=\"auto, (max-width: 457px) 100vw, 457px\" \/><\/p>\n<p>L\u00e1, a equipe, respons\u00e1vel pela cobertura jornal\u00edstica da Bahia ao Piau\u00ed, ser\u00e1 mesclada com a experi\u00eancia de velhos jornalistas e o vigor entusi\u00e1stico da juventude de novos rep\u00f3rteres.<\/p>\n<p><img loading=\"lazy\" decoding=\"async\" class=\"wp-image-322904 aligncenter\" src=\"https:\/\/www.notibras.com\/site\/wp-content\/uploads\/2024\/02\/armando.meio_-300x300.jpg\" alt=\"\" width=\"460\" height=\"460\" srcset=\"https:\/\/www.notibras.com\/site\/wp-content\/uploads\/2024\/02\/armando.meio_-300x300.jpg 300w, https:\/\/www.notibras.com\/site\/wp-content\/uploads\/2024\/02\/armando.meio_-150x150.jpg 150w, https:\/\/www.notibras.com\/site\/wp-content\/uploads\/2024\/02\/armando.meio_-80x80.jpg 80w, https:\/\/www.notibras.com\/site\/wp-content\/uploads\/2024\/02\/armando.meio_.jpg 640w\" sizes=\"auto, (max-width: 460px) 100vw, 460px\" \/><\/p>\n<p>O Conselho Editorial continuar\u00e1 sob a presid\u00eancia do nosso companheiro Armando Cardoso. Gabriela Oliveira permanece como diretora Administrativa-Financeira e Rebeca Seabra com a \u00e1rea de Rela\u00e7\u00f5es com o Mercado.<\/p>\n","protected":false},"excerpt":{"rendered":"<p>Uma reuni\u00e3o nesta quarta, 21, formalizar\u00e1 mudan\u00e7as em nossa reda\u00e7\u00e3o. A transi\u00e7\u00e3o come\u00e7a com Wenceslau Ara\u00fajo assumindo a dire\u00e7\u00e3o editorial de Notibras. Ele ocupar\u00e1 a cadeira de Jos\u00e9 Seabra, fundador do site. \u00c0 frente de Notibras nos \u00faltimos 25 anos (2024 \u00e9 nosso Jubileu de Prata), Jos\u00e9 Seabra vai dedicar-se \u00e0 Sucursal Regional Nordeste, rec\u00e9m-inaugurada. [&hellip;]<\/p>\n","protected":false},"author":2,"featured_media":322902,"comment_status":"closed","ping_status":"closed","sticky":false,"template":"","format":"standard","meta":{"_acf_changed":false,"footnotes":""},"categories":[161],"tags":[],"class_list":["post-322901","post","type-post","status-publish","format-standard","has-post-thumbnail","hentry","category-quadradinho-em-foco"],"acf":[],"yoast_head":"<!-- This site is optimized with the Yoast SEO plugin v27.2 - https:\/\/yoast.com\/product\/yoast-seo-wordpress\/ -->\n<title>Wenceslau assume Notibras e Jos\u00e9 Seabra vai comandar a Sucursal do Nordeste - Notibras<\/title>\n<meta name=\"robots\" content=\"index, follow, max-snippet:-1, max-image-preview:large, max-video-preview:-1\" \/>\n<link rel=\"canonical\" href=\"https:\/\/www.notibras.com\/site\/wenceslau-assume-notibras-e-jose-seabra-vai-comandar-a-sucursal-do-nordeste\/\" \/>\n<meta property=\"og:locale\" content=\"pt_BR\" \/>\n<meta property=\"og:type\" content=\"article\" \/>\n<meta property=\"og:title\" content=\"Wenceslau assume Notibras e Jos\u00e9 Seabra vai comandar a Sucursal do Nordeste - Notibras\" \/>\n<meta property=\"og:description\" content=\"Uma reuni\u00e3o nesta quarta, 21, formalizar\u00e1 mudan\u00e7as em nossa reda\u00e7\u00e3o. A transi\u00e7\u00e3o come\u00e7a com Wenceslau Ara\u00fajo assumindo a dire\u00e7\u00e3o editorial de Notibras. Ele ocupar\u00e1 a cadeira de Jos\u00e9 Seabra, fundador do site. \u00c0 frente de Notibras nos \u00faltimos 25 anos (2024 \u00e9 nosso Jubileu de Prata), Jos\u00e9 Seabra vai dedicar-se \u00e0 Sucursal Regional Nordeste, rec\u00e9m-inaugurada. [&hellip;]\" \/>\n<meta property=\"og:url\" content=\"https:\/\/www.notibras.com\/site\/wenceslau-assume-notibras-e-jose-seabra-vai-comandar-a-sucursal-do-nordeste\/\" \/>\n<meta property=\"og:site_name\" content=\"Notibras\" \/>\n<meta property=\"article:publisher\" content=\"https:\/\/www.facebook.com\/notibras\/\" \/>\n<meta property=\"article:published_time\" content=\"2024-02-21T10:40:58+00:00\" \/>\n<meta property=\"article:modified_time\" content=\"2024-02-21T10:46:33+00:00\" \/>\n<meta property=\"og:image\" content=\"https:\/\/www.notibras.com\/site\/wp-content\/uploads\/2024\/02\/e4377b4e-81f8-4c16-9c96-17ae6eb2fb60.jpeg\" \/>\n\t<meta property=\"og:image:width\" content=\"1024\" \/>\n\t<meta property=\"og:image:height\" content=\"1024\" \/>\n\t<meta property=\"og:image:type\" content=\"image\/jpeg\" \/>\n<meta name=\"author\" content=\"Reda\u00e7\u00e3o\" \/>\n<meta name=\"twitter:card\" content=\"summary_large_image\" \/>\n<meta name=\"twitter:creator\" content=\"@Notibras\" \/>\n<meta name=\"twitter:site\" content=\"@Notibras\" \/>\n<meta name=\"twitter:label1\" content=\"Escrito por\" \/>\n\t<meta name=\"twitter:data1\" content=\"Reda\u00e7\u00e3o\" \/>\n\t<meta name=\"twitter:label2\" content=\"Est. tempo de leitura\" \/>\n\t<meta name=\"twitter:data2\" content=\"2 minutos\" \/>\n<script type=\"application\/ld+json\" class=\"yoast-schema-graph\">{\"@context\":\"https:\/\/schema.org\",\"@graph\":[{\"@type\":\"Article\",\"@id\":\"https:\/\/www.notibras.com\/site\/wenceslau-assume-notibras-e-jose-seabra-vai-comandar-a-sucursal-do-nordeste\/#article\",\"isPartOf\":{\"@id\":\"https:\/\/www.notibras.com\/site\/wenceslau-assume-notibras-e-jose-seabra-vai-comandar-a-sucursal-do-nordeste\/\"},\"author\":{\"name\":\"Reda\u00e7\u00e3o\",\"@id\":\"https:\/\/www.notibras.com\/site\/#\/schema\/person\/36ab0979449956132d3e5b517ea76ac8\"},\"headline\":\"Wenceslau assume Notibras e Jos\u00e9 Seabra vai comandar a Sucursal do Nordeste\",\"datePublished\":\"2024-02-21T10:40:58+00:00\",\"dateModified\":\"2024-02-21T10:46:33+00:00\",\"mainEntityOfPage\":{\"@id\":\"https:\/\/www.notibras.com\/site\/wenceslau-assume-notibras-e-jose-seabra-vai-comandar-a-sucursal-do-nordeste\/\"},\"wordCount\":133,\"publisher\":{\"@id\":\"https:\/\/www.notibras.com\/site\/#organization\"},\"image\":{\"@id\":\"https:\/\/www.notibras.com\/site\/wenceslau-assume-notibras-e-jose-seabra-vai-comandar-a-sucursal-do-nordeste\/#primaryimage\"},\"thumbnailUrl\":\"https:\/\/www.notibras.com\/site\/wp-content\/uploads\/2024\/02\/e4377b4e-81f8-4c16-9c96-17ae6eb2fb60.jpeg\",\"articleSection\":[\"Quadradinho em Foco\"],\"inLanguage\":\"pt-BR\"},{\"@type\":\"WebPage\",\"@id\":\"https:\/\/www.notibras.com\/site\/wenceslau-assume-notibras-e-jose-seabra-vai-comandar-a-sucursal-do-nordeste\/\",\"url\":\"https:\/\/www.notibras.com\/site\/wenceslau-assume-notibras-e-jose-seabra-vai-comandar-a-sucursal-do-nordeste\/\",\"name\":\"Wenceslau assume Notibras e Jos\u00e9 Seabra vai comandar a Sucursal do Nordeste - Notibras\",\"isPartOf\":{\"@id\":\"https:\/\/www.notibras.com\/site\/#website\"},\"primaryImageOfPage\":{\"@id\":\"https:\/\/www.notibras.com\/site\/wenceslau-assume-notibras-e-jose-seabra-vai-comandar-a-sucursal-do-nordeste\/#primaryimage\"},\"image\":{\"@id\":\"https:\/\/www.notibras.com\/site\/wenceslau-assume-notibras-e-jose-seabra-vai-comandar-a-sucursal-do-nordeste\/#primaryimage\"},\"thumbnailUrl\":\"https:\/\/www.notibras.com\/site\/wp-content\/uploads\/2024\/02\/e4377b4e-81f8-4c16-9c96-17ae6eb2fb60.jpeg\",\"datePublished\":\"2024-02-21T10:40:58+00:00\",\"dateModified\":\"2024-02-21T10:46:33+00:00\",\"breadcrumb\":{\"@id\":\"https:\/\/www.notibras.com\/site\/wenceslau-assume-notibras-e-jose-seabra-vai-comandar-a-sucursal-do-nordeste\/#breadcrumb\"},\"inLanguage\":\"pt-BR\",\"potentialAction\":[{\"@type\":\"ReadAction\",\"target\":[\"https:\/\/www.notibras.com\/site\/wenceslau-assume-notibras-e-jose-seabra-vai-comandar-a-sucursal-do-nordeste\/\"]}]},{\"@type\":\"ImageObject\",\"inLanguage\":\"pt-BR\",\"@id\":\"https:\/\/www.notibras.com\/site\/wenceslau-assume-notibras-e-jose-seabra-vai-comandar-a-sucursal-do-nordeste\/#primaryimage\",\"url\":\"https:\/\/www.notibras.com\/site\/wp-content\/uploads\/2024\/02\/e4377b4e-81f8-4c16-9c96-17ae6eb2fb60.jpeg\",\"contentUrl\":\"https:\/\/www.notibras.com\/site\/wp-content\/uploads\/2024\/02\/e4377b4e-81f8-4c16-9c96-17ae6eb2fb60.jpeg\",\"width\":1024,\"height\":1024},{\"@type\":\"BreadcrumbList\",\"@id\":\"https:\/\/www.notibras.com\/site\/wenceslau-assume-notibras-e-jose-seabra-vai-comandar-a-sucursal-do-nordeste\/#breadcrumb\",\"itemListElement\":[{\"@type\":\"ListItem\",\"position\":1,\"name\":\"In\u00edcio\",\"item\":\"https:\/\/www.notibras.com\/site\/\"},{\"@type\":\"ListItem\",\"position\":2,\"name\":\"Wenceslau assume Notibras e Jos\u00e9 Seabra vai comandar a Sucursal do Nordeste\"}]},{\"@type\":\"WebSite\",\"@id\":\"https:\/\/www.notibras.com\/site\/#website\",\"url\":\"https:\/\/www.notibras.com\/site\/\",\"name\":\"Notibras\",\"description\":\"Not\u00edcias de Bras\u00edlia, do Brasil e do Mundo\",\"publisher\":{\"@id\":\"https:\/\/www.notibras.com\/site\/#organization\"},\"potentialAction\":[{\"@type\":\"SearchAction\",\"target\":{\"@type\":\"EntryPoint\",\"urlTemplate\":\"https:\/\/www.notibras.com\/site\/?s={search_term_string}\"},\"query-input\":{\"@type\":\"PropertyValueSpecification\",\"valueRequired\":true,\"valueName\":\"search_term_string\"}}],\"inLanguage\":\"pt-BR\"},{\"@type\":\"Organization\",\"@id\":\"https:\/\/www.notibras.com\/site\/#organization\",\"name\":\"Grupo Notibras de Comunica\u00e7\u00e3o\",\"url\":\"https:\/\/www.notibras.com\/site\/\",\"logo\":{\"@type\":\"ImageObject\",\"inLanguage\":\"pt-BR\",\"@id\":\"https:\/\/www.notibras.com\/site\/#\/schema\/logo\/image\/\",\"url\":\"https:\/\/www.notibras.com\/site\/wp-content\/uploads\/2023\/01\/notibras23.png\",\"contentUrl\":\"https:\/\/www.notibras.com\/site\/wp-content\/uploads\/2023\/01\/notibras23.png\",\"width\":350,\"height\":87,\"caption\":\"Grupo Notibras de Comunica\u00e7\u00e3o\"},\"image\":{\"@id\":\"https:\/\/www.notibras.com\/site\/#\/schema\/logo\/image\/\"},\"sameAs\":[\"https:\/\/www.facebook.com\/notibras\/\",\"https:\/\/x.com\/Notibras\",\"https:\/\/www.instagram.com\/notibras\/\"]},{\"@type\":\"Person\",\"@id\":\"https:\/\/www.notibras.com\/site\/#\/schema\/person\/36ab0979449956132d3e5b517ea76ac8\",\"name\":\"Reda\u00e7\u00e3o\",\"image\":{\"@type\":\"ImageObject\",\"inLanguage\":\"pt-BR\",\"@id\":\"https:\/\/secure.gravatar.com\/avatar\/e0a867bdedb85fd243eadf09663511f96fc81e0720a4a42581f334ad4303aa6b?s=96&d=mm&r=g\",\"url\":\"https:\/\/secure.gravatar.com\/avatar\/e0a867bdedb85fd243eadf09663511f96fc81e0720a4a42581f334ad4303aa6b?s=96&d=mm&r=g\",\"contentUrl\":\"https:\/\/secure.gravatar.com\/avatar\/e0a867bdedb85fd243eadf09663511f96fc81e0720a4a42581f334ad4303aa6b?s=96&d=mm&r=g\",\"caption\":\"Reda\u00e7\u00e3o\"}}]}<\/script>\n<!-- \/ Yoast SEO plugin. -->","yoast_head_json":{"title":"Wenceslau assume Notibras e Jos\u00e9 Seabra vai comandar a Sucursal do Nordeste - Notibras","robots":{"index":"index","follow":"follow","max-snippet":"max-snippet:-1","max-image-preview":"max-image-preview:large","max-video-preview":"max-video-preview:-1"},"canonical":"https:\/\/www.notibras.com\/site\/wenceslau-assume-notibras-e-jose-seabra-vai-comandar-a-sucursal-do-nordeste\/","og_locale":"pt_BR","og_type":"article","og_title":"Wenceslau assume Notibras e Jos\u00e9 Seabra vai comandar a Sucursal do Nordeste - Notibras","og_description":"Uma reuni\u00e3o nesta quarta, 21, formalizar\u00e1 mudan\u00e7as em nossa reda\u00e7\u00e3o. A transi\u00e7\u00e3o come\u00e7a com Wenceslau Ara\u00fajo assumindo a dire\u00e7\u00e3o editorial de Notibras. Ele ocupar\u00e1 a cadeira de Jos\u00e9 Seabra, fundador do site. \u00c0 frente de Notibras nos \u00faltimos 25 anos (2024 \u00e9 nosso Jubileu de Prata), Jos\u00e9 Seabra vai dedicar-se \u00e0 Sucursal Regional Nordeste, rec\u00e9m-inaugurada. [&hellip;]","og_url":"https:\/\/www.notibras.com\/site\/wenceslau-assume-notibras-e-jose-seabra-vai-comandar-a-sucursal-do-nordeste\/","og_site_name":"Notibras","article_publisher":"https:\/\/www.facebook.com\/notibras\/","article_published_time":"2024-02-21T10:40:58+00:00","article_modified_time":"2024-02-21T10:46:33+00:00","og_image":[{"width":1024,"height":1024,"url":"https:\/\/www.notibras.com\/site\/wp-content\/uploads\/2024\/02\/e4377b4e-81f8-4c16-9c96-17ae6eb2fb60.jpeg","type":"image\/jpeg"}],"author":"Reda\u00e7\u00e3o","twitter_card":"summary_large_image","twitter_creator":"@Notibras","twitter_site":"@Notibras","twitter_misc":{"Escrito por":"Reda\u00e7\u00e3o","Est. tempo de leitura":"2 minutos"},"schema":{"@context":"https:\/\/schema.org","@graph":[{"@type":"Article","@id":"https:\/\/www.notibras.com\/site\/wenceslau-assume-notibras-e-jose-seabra-vai-comandar-a-sucursal-do-nordeste\/#article","isPartOf":{"@id":"https:\/\/www.notibras.com\/site\/wenceslau-assume-notibras-e-jose-seabra-vai-comandar-a-sucursal-do-nordeste\/"},"author":{"name":"Reda\u00e7\u00e3o","@id":"https:\/\/www.notibras.com\/site\/#\/schema\/person\/36ab0979449956132d3e5b517ea76ac8"},"headline":"Wenceslau assume Notibras e Jos\u00e9 Seabra vai comandar a Sucursal do Nordeste","datePublished":"2024-02-21T10:40:58+00:00","dateModified":"2024-02-21T10:46:33+00:00","mainEntityOfPage":{"@id":"https:\/\/www.notibras.com\/site\/wenceslau-assume-notibras-e-jose-seabra-vai-comandar-a-sucursal-do-nordeste\/"},"wordCount":133,"publisher":{"@id":"https:\/\/www.notibras.com\/site\/#organization"},"image":{"@id":"https:\/\/www.notibras.com\/site\/wenceslau-assume-notibras-e-jose-seabra-vai-comandar-a-sucursal-do-nordeste\/#primaryimage"},"thumbnailUrl":"https:\/\/www.notibras.com\/site\/wp-content\/uploads\/2024\/02\/e4377b4e-81f8-4c16-9c96-17ae6eb2fb60.jpeg","articleSection":["Quadradinho em Foco"],"inLanguage":"pt-BR"},{"@type":"WebPage","@id":"https:\/\/www.notibras.com\/site\/wenceslau-assume-notibras-e-jose-seabra-vai-comandar-a-sucursal-do-nordeste\/","url":"https:\/\/www.notibras.com\/site\/wenceslau-assume-notibras-e-jose-seabra-vai-comandar-a-sucursal-do-nordeste\/","name":"Wenceslau assume Notibras e Jos\u00e9 Seabra vai comandar a Sucursal do Nordeste - Notibras","isPartOf":{"@id":"https:\/\/www.notibras.com\/site\/#website"},"primaryImageOfPage":{"@id":"https:\/\/www.notibras.com\/site\/wenceslau-assume-notibras-e-jose-seabra-vai-comandar-a-sucursal-do-nordeste\/#primaryimage"},"image":{"@id":"https:\/\/www.notibras.com\/site\/wenceslau-assume-notibras-e-jose-seabra-vai-comandar-a-sucursal-do-nordeste\/#primaryimage"},"thumbnailUrl":"https:\/\/www.notibras.com\/site\/wp-content\/uploads\/2024\/02\/e4377b4e-81f8-4c16-9c96-17ae6eb2fb60.jpeg","datePublished":"2024-02-21T10:40:58+00:00","dateModified":"2024-02-21T10:46:33+00:00","breadcrumb":{"@id":"https:\/\/www.notibras.com\/site\/wenceslau-assume-notibras-e-jose-seabra-vai-comandar-a-sucursal-do-nordeste\/#breadcrumb"},"inLanguage":"pt-BR","potentialAction":[{"@type":"ReadAction","target":["https:\/\/www.notibras.com\/site\/wenceslau-assume-notibras-e-jose-seabra-vai-comandar-a-sucursal-do-nordeste\/"]}]},{"@type":"ImageObject","inLanguage":"pt-BR","@id":"https:\/\/www.notibras.com\/site\/wenceslau-assume-notibras-e-jose-seabra-vai-comandar-a-sucursal-do-nordeste\/#primaryimage","url":"https:\/\/www.notibras.com\/site\/wp-content\/uploads\/2024\/02\/e4377b4e-81f8-4c16-9c96-17ae6eb2fb60.jpeg","contentUrl":"https:\/\/www.notibras.com\/site\/wp-content\/uploads\/2024\/02\/e4377b4e-81f8-4c16-9c96-17ae6eb2fb60.jpeg","width":1024,"height":1024},{"@type":"BreadcrumbList","@id":"https:\/\/www.notibras.com\/site\/wenceslau-assume-notibras-e-jose-seabra-vai-comandar-a-sucursal-do-nordeste\/#breadcrumb","itemListElement":[{"@type":"ListItem","position":1,"name":"In\u00edcio","item":"https:\/\/www.notibras.com\/site\/"},{"@type":"ListItem","position":2,"name":"Wenceslau assume Notibras e Jos\u00e9 Seabra vai comandar a Sucursal do Nordeste"}]},{"@type":"WebSite","@id":"https:\/\/www.notibras.com\/site\/#website","url":"https:\/\/www.notibras.com\/site\/","name":"Notibras","description":"Not\u00edcias de Bras\u00edlia, do Brasil e do Mundo","publisher":{"@id":"https:\/\/www.notibras.com\/site\/#organization"},"potentialAction":[{"@type":"SearchAction","target":{"@type":"EntryPoint","urlTemplate":"https:\/\/www.notibras.com\/site\/?s={search_term_string}"},"query-input":{"@type":"PropertyValueSpecification","valueRequired":true,"valueName":"search_term_string"}}],"inLanguage":"pt-BR"},{"@type":"Organization","@id":"https:\/\/www.notibras.com\/site\/#organization","name":"Grupo Notibras de Comunica\u00e7\u00e3o","url":"https:\/\/www.notibras.com\/site\/","logo":{"@type":"ImageObject","inLanguage":"pt-BR","@id":"https:\/\/www.notibras.com\/site\/#\/schema\/logo\/image\/","url":"https:\/\/www.notibras.com\/site\/wp-content\/uploads\/2023\/01\/notibras23.png","contentUrl":"https:\/\/www.notibras.com\/site\/wp-content\/uploads\/2023\/01\/notibras23.png","width":350,"height":87,"caption":"Grupo Notibras de Comunica\u00e7\u00e3o"},"image":{"@id":"https:\/\/www.notibras.com\/site\/#\/schema\/logo\/image\/"},"sameAs":["https:\/\/www.facebook.com\/notibras\/","https:\/\/x.com\/Notibras","https:\/\/www.instagram.com\/notibras\/"]},{"@type":"Person","@id":"https:\/\/www.notibras.com\/site\/#\/schema\/person\/36ab0979449956132d3e5b517ea76ac8","name":"Reda\u00e7\u00e3o","image":{"@type":"ImageObject","inLanguage":"pt-BR","@id":"https:\/\/secure.gravatar.com\/avatar\/e0a867bdedb85fd243eadf09663511f96fc81e0720a4a42581f334ad4303aa6b?s=96&d=mm&r=g","url":"https:\/\/secure.gravatar.com\/avatar\/e0a867bdedb85fd243eadf09663511f96fc81e0720a4a42581f334ad4303aa6b?s=96&d=mm&r=g","contentUrl":"https:\/\/secure.gravatar.com\/avatar\/e0a867bdedb85fd243eadf09663511f96fc81e0720a4a42581f334ad4303aa6b?s=96&d=mm&r=g","caption":"Reda\u00e7\u00e3o"}}]}},"amp_enabled":true,"_links":{"self":[{"href":"https:\/\/www.notibras.com\/site\/wp-json\/wp\/v2\/posts\/322901","targetHints":{"allow":["GET"]}}],"collection":[{"href":"https:\/\/www.notibras.com\/site\/wp-json\/wp\/v2\/posts"}],"about":[{"href":"https:\/\/www.notibras.com\/site\/wp-json\/wp\/v2\/types\/post"}],"author":[{"embeddable":true,"href":"https:\/\/www.notibras.com\/site\/wp-json\/wp\/v2\/users\/2"}],"replies":[{"embeddable":true,"href":"https:\/\/www.notibras.com\/site\/wp-json\/wp\/v2\/comments?post=322901"}],"version-history":[{"count":6,"href":"https:\/\/www.notibras.com\/site\/wp-json\/wp\/v2\/posts\/322901\/revisions"}],"predecessor-version":[{"id":322910,"href":"https:\/\/www.notibras.com\/site\/wp-json\/wp\/v2\/posts\/322901\/revisions\/322910"}],"wp:featuredmedia":[{"embeddable":true,"href":"https:\/\/www.notibras.com\/site\/wp-json\/wp\/v2\/media\/322902"}],"wp:attachment":[{"href":"https:\/\/www.notibras.com\/site\/wp-json\/wp\/v2\/media?parent=322901"}],"wp:term":[{"taxonomy":"category","embeddable":true,"href":"https:\/\/www.notibras.com\/site\/wp-json\/wp\/v2\/categories?post=322901"},{"taxonomy":"post_tag","embeddable":true,"href":"https:\/\/www.notibras.com\/site\/wp-json\/wp\/v2\/tags?post=322901"}],"curies":[{"name":"wp","href":"https:\/\/api.w.org\/{rel}","templated":true}]}}