{"id":322952,"date":"2024-02-22T07:46:10","date_gmt":"2024-02-22T10:46:10","guid":{"rendered":"https:\/\/www.notibras.com\/site\/?p=322952"},"modified":"2024-02-22T07:46:53","modified_gmt":"2024-02-22T10:46:53","slug":"tropeco-no-conhecimento-e-da-bicho-na-aula-de-agronomia","status":"publish","type":"post","link":"https:\/\/www.notibras.com\/site\/tropeco-no-conhecimento-e-da-bicho-na-aula-de-agronomia\/","title":{"rendered":"Trope\u00e7o no conhecimento&#8230; e d\u00e1 bicho na aula de agronomia"},"content":{"rendered":"<p>Aqueles que me acompanham, sabem que a Dona Irene, certo dia, resolveu que eu deveria fazer o curso de engenharia agron\u00f4mica e, portanto, tratei logo de obedec\u00ea-la. Pois bem, l\u00e1 estava eu durante uma aula de constru\u00e7\u00f5es rurais, quando o professor passa um filme em que um homem, que dormia sentado no ch\u00e3o, escorado pela parede de uma resid\u00eancia bem prec\u00e1ria, \u00e9 atacado por um morcego. O mam\u00edfero alado fez um furinho no pesco\u00e7o do tal dorminhoco e come\u00e7ou a degustar seu sangue como um leg\u00edtimo disc\u00edpulo de Dr\u00e1cula. Ou seria o oposto? Na verdade, isso n\u00e3o importa!<\/p>\n<p>Todos na sala fizeram caras de espanto, aqueles olhares esbugalhados, umas bocas mais abertas que as comportas de Itaipu em dia de muita chuva. Que momento m\u00e1gico para qualquer professor! Ele se levantou e, calmamente, voltou a se sentar, mas, agora, na mesa bem em frente aos alunos. Um sorriso tomou-lhe toda a face.<\/p>\n<p>&#8211; Pois \u00e9, meus jovens, essas coisas, infelizmente, acontecem ainda no mundo, como bem mostra esse v\u00eddeo feito na \u00c1frica.<\/p>\n<p>Perguntas daqui, perguntas dali. Todos queriam saber mais e mais sobre aquela cena t\u00e3o impactante. O meu professor percebeu que eu n\u00e3o havia demonstrado muito interesse pelo assunto e, ent\u00e3o, me questionou.<\/p>\n<p>&#8211; E voc\u00ea n\u00e3o vai dizer nada?<\/p>\n<p>Na verdade, n\u00e3o \u00e9 que eu n\u00e3o tenha achado a cena interessante. O problema \u00e9 que, apesar de n\u00e3o ser especialista em morcegos, sei algumas coisas sobre o assunto, pois h\u00e1 muitos anos eu j\u00e1 era formado em medicina veterin\u00e1ria. Esse era o problema, eu sabia de algo, que o meu professor n\u00e3o iria gostar de saber naquele momento, justamente na frente de tanta gente. Todavia, ele insistiu, pois, desde a primeira aula, ele soube da minha forma\u00e7\u00e3o acad\u00eamica e, por isso, gostava de falar que o veterin\u00e1rio havia roubado algumas \u00e1reas de atua\u00e7\u00e3o do engenheiro agr\u00f4nomo.<\/p>\n<p>&#8211; Vamos l\u00e1! Fale algo sobre o v\u00eddeo!<\/p>\n<p>&#8211; Isso \u00e9 na Am\u00e9rica Latina e n\u00e3o na \u00c1frica.<\/p>\n<p>Gente, o meu professor arregalou os olhos com um misto de espanto e f\u00faria e, ent\u00e3o, come\u00e7ou a esbravejar.<\/p>\n<p>&#8211; \u00c9 na \u00c1frica sim!!!<\/p>\n<p>Nem preciso falar que a aula acabou ali mesmo. Ainda tentei conversar com ele, explicar que s\u00f3 existem tr\u00eas esp\u00e9cies de morcegos hemat\u00f3fagos (os tais amiguinhos do Dr\u00e1cula), e todas elas s\u00f3 vivem na Am\u00e9rica Latina. At\u00e9 falei os nomes das tais esp\u00e9cies (Desmodus rotundus, Diaemus youngi e Diphylla ecaudata), mas ele n\u00e3o acreditou. Seja como for, na aula seguinte, ele veio conversar comigo e disse que havia pesquisado e, juro que fiquei surpreso, at\u00e9 me elogiou na frente de todos os meus colegas. A partir daquele dia, ficamos quase amigos, apesar das provoca\u00e7\u00f5es sobre os tais roubos de parte da atua\u00e7\u00e3o do agr\u00f4nomo pelo veterin\u00e1rio.<\/p>\n<p>&#8211; A produ\u00e7\u00e3o animal era \u00e1rea da agronomia!<\/p>\n<p>&#8211; Professor, vaca \u00e9 bicho ou planta?<\/p>\n<p>&#8211; Bicho!<\/p>\n<p>&#8211; Ah, ent\u00e3o, essa quest\u00e3o est\u00e1 resolvida!<\/p>\n","protected":false},"excerpt":{"rendered":"<p>Aqueles que me acompanham, sabem que a Dona Irene, certo dia, resolveu que eu deveria fazer o curso de engenharia agron\u00f4mica e, portanto, tratei logo de obedec\u00ea-la. Pois bem, l\u00e1 estava eu durante uma aula de constru\u00e7\u00f5es rurais, quando o professor passa um filme em que um homem, que dormia sentado no ch\u00e3o, escorado pela [&hellip;]<\/p>\n","protected":false},"author":2,"featured_media":322953,"comment_status":"closed","ping_status":"closed","sticky":false,"template":"","format":"standard","meta":{"_acf_changed":false,"footnotes":""},"categories":[161],"tags":[],"class_list":["post-322952","post","type-post","status-publish","format-standard","has-post-thumbnail","hentry","category-quadradinho-em-foco"],"acf":[],"yoast_head":"<!-- This site is optimized with the Yoast SEO plugin v27.2 - https:\/\/yoast.com\/product\/yoast-seo-wordpress\/ -->\n<title>Trope\u00e7o no conhecimento... e d\u00e1 bicho na aula de agronomia - Notibras<\/title>\n<meta name=\"robots\" content=\"index, follow, max-snippet:-1, max-image-preview:large, max-video-preview:-1\" \/>\n<link rel=\"canonical\" href=\"https:\/\/www.notibras.com\/site\/tropeco-no-conhecimento-e-da-bicho-na-aula-de-agronomia\/\" \/>\n<meta property=\"og:locale\" content=\"pt_BR\" \/>\n<meta property=\"og:type\" content=\"article\" \/>\n<meta property=\"og:title\" content=\"Trope\u00e7o no conhecimento... e d\u00e1 bicho na aula de agronomia - Notibras\" \/>\n<meta property=\"og:description\" content=\"Aqueles que me acompanham, sabem que a Dona Irene, certo dia, resolveu que eu deveria fazer o curso de engenharia agron\u00f4mica e, portanto, tratei logo de obedec\u00ea-la. Pois bem, l\u00e1 estava eu durante uma aula de constru\u00e7\u00f5es rurais, quando o professor passa um filme em que um homem, que dormia sentado no ch\u00e3o, escorado pela [&hellip;]\" \/>\n<meta property=\"og:url\" content=\"https:\/\/www.notibras.com\/site\/tropeco-no-conhecimento-e-da-bicho-na-aula-de-agronomia\/\" \/>\n<meta property=\"og:site_name\" content=\"Notibras\" \/>\n<meta property=\"article:publisher\" content=\"https:\/\/www.facebook.com\/notibras\/\" \/>\n<meta property=\"article:published_time\" content=\"2024-02-22T10:46:10+00:00\" \/>\n<meta property=\"article:modified_time\" content=\"2024-02-22T10:46:53+00:00\" \/>\n<meta property=\"og:image\" content=\"https:\/\/www.notibras.com\/site\/wp-content\/uploads\/2024\/02\/promor.jpg\" \/>\n\t<meta property=\"og:image:width\" content=\"512\" \/>\n\t<meta property=\"og:image:height\" content=\"465\" \/>\n\t<meta property=\"og:image:type\" content=\"image\/jpeg\" \/>\n<meta name=\"author\" content=\"Reda\u00e7\u00e3o\" \/>\n<meta name=\"twitter:card\" content=\"summary_large_image\" \/>\n<meta name=\"twitter:creator\" content=\"@Notibras\" \/>\n<meta name=\"twitter:site\" content=\"@Notibras\" \/>\n<meta name=\"twitter:label1\" content=\"Escrito por\" \/>\n\t<meta name=\"twitter:data1\" content=\"Reda\u00e7\u00e3o\" \/>\n\t<meta name=\"twitter:label2\" content=\"Est. tempo de leitura\" \/>\n\t<meta name=\"twitter:data2\" content=\"3 minutos\" \/>\n<script type=\"application\/ld+json\" class=\"yoast-schema-graph\">{\"@context\":\"https:\/\/schema.org\",\"@graph\":[{\"@type\":\"Article\",\"@id\":\"https:\/\/www.notibras.com\/site\/tropeco-no-conhecimento-e-da-bicho-na-aula-de-agronomia\/#article\",\"isPartOf\":{\"@id\":\"https:\/\/www.notibras.com\/site\/tropeco-no-conhecimento-e-da-bicho-na-aula-de-agronomia\/\"},\"author\":{\"name\":\"Reda\u00e7\u00e3o\",\"@id\":\"https:\/\/www.notibras.com\/site\/#\/schema\/person\/36ab0979449956132d3e5b517ea76ac8\"},\"headline\":\"Trope\u00e7o no conhecimento&#8230; e d\u00e1 bicho na aula de agronomia\",\"datePublished\":\"2024-02-22T10:46:10+00:00\",\"dateModified\":\"2024-02-22T10:46:53+00:00\",\"mainEntityOfPage\":{\"@id\":\"https:\/\/www.notibras.com\/site\/tropeco-no-conhecimento-e-da-bicho-na-aula-de-agronomia\/\"},\"wordCount\":533,\"publisher\":{\"@id\":\"https:\/\/www.notibras.com\/site\/#organization\"},\"image\":{\"@id\":\"https:\/\/www.notibras.com\/site\/tropeco-no-conhecimento-e-da-bicho-na-aula-de-agronomia\/#primaryimage\"},\"thumbnailUrl\":\"https:\/\/www.notibras.com\/site\/wp-content\/uploads\/2024\/02\/promor.jpg\",\"articleSection\":[\"Quadradinho em Foco\"],\"inLanguage\":\"pt-BR\"},{\"@type\":\"WebPage\",\"@id\":\"https:\/\/www.notibras.com\/site\/tropeco-no-conhecimento-e-da-bicho-na-aula-de-agronomia\/\",\"url\":\"https:\/\/www.notibras.com\/site\/tropeco-no-conhecimento-e-da-bicho-na-aula-de-agronomia\/\",\"name\":\"Trope\u00e7o no conhecimento... e d\u00e1 bicho na aula de agronomia - Notibras\",\"isPartOf\":{\"@id\":\"https:\/\/www.notibras.com\/site\/#website\"},\"primaryImageOfPage\":{\"@id\":\"https:\/\/www.notibras.com\/site\/tropeco-no-conhecimento-e-da-bicho-na-aula-de-agronomia\/#primaryimage\"},\"image\":{\"@id\":\"https:\/\/www.notibras.com\/site\/tropeco-no-conhecimento-e-da-bicho-na-aula-de-agronomia\/#primaryimage\"},\"thumbnailUrl\":\"https:\/\/www.notibras.com\/site\/wp-content\/uploads\/2024\/02\/promor.jpg\",\"datePublished\":\"2024-02-22T10:46:10+00:00\",\"dateModified\":\"2024-02-22T10:46:53+00:00\",\"breadcrumb\":{\"@id\":\"https:\/\/www.notibras.com\/site\/tropeco-no-conhecimento-e-da-bicho-na-aula-de-agronomia\/#breadcrumb\"},\"inLanguage\":\"pt-BR\",\"potentialAction\":[{\"@type\":\"ReadAction\",\"target\":[\"https:\/\/www.notibras.com\/site\/tropeco-no-conhecimento-e-da-bicho-na-aula-de-agronomia\/\"]}]},{\"@type\":\"ImageObject\",\"inLanguage\":\"pt-BR\",\"@id\":\"https:\/\/www.notibras.com\/site\/tropeco-no-conhecimento-e-da-bicho-na-aula-de-agronomia\/#primaryimage\",\"url\":\"https:\/\/www.notibras.com\/site\/wp-content\/uploads\/2024\/02\/promor.jpg\",\"contentUrl\":\"https:\/\/www.notibras.com\/site\/wp-content\/uploads\/2024\/02\/promor.jpg\",\"width\":512,\"height\":465},{\"@type\":\"BreadcrumbList\",\"@id\":\"https:\/\/www.notibras.com\/site\/tropeco-no-conhecimento-e-da-bicho-na-aula-de-agronomia\/#breadcrumb\",\"itemListElement\":[{\"@type\":\"ListItem\",\"position\":1,\"name\":\"In\u00edcio\",\"item\":\"https:\/\/www.notibras.com\/site\/\"},{\"@type\":\"ListItem\",\"position\":2,\"name\":\"Trope\u00e7o no conhecimento&#8230; e d\u00e1 bicho na aula de agronomia\"}]},{\"@type\":\"WebSite\",\"@id\":\"https:\/\/www.notibras.com\/site\/#website\",\"url\":\"https:\/\/www.notibras.com\/site\/\",\"name\":\"Notibras\",\"description\":\"Not\u00edcias de Bras\u00edlia, do Brasil e do Mundo\",\"publisher\":{\"@id\":\"https:\/\/www.notibras.com\/site\/#organization\"},\"potentialAction\":[{\"@type\":\"SearchAction\",\"target\":{\"@type\":\"EntryPoint\",\"urlTemplate\":\"https:\/\/www.notibras.com\/site\/?s={search_term_string}\"},\"query-input\":{\"@type\":\"PropertyValueSpecification\",\"valueRequired\":true,\"valueName\":\"search_term_string\"}}],\"inLanguage\":\"pt-BR\"},{\"@type\":\"Organization\",\"@id\":\"https:\/\/www.notibras.com\/site\/#organization\",\"name\":\"Grupo Notibras de Comunica\u00e7\u00e3o\",\"url\":\"https:\/\/www.notibras.com\/site\/\",\"logo\":{\"@type\":\"ImageObject\",\"inLanguage\":\"pt-BR\",\"@id\":\"https:\/\/www.notibras.com\/site\/#\/schema\/logo\/image\/\",\"url\":\"https:\/\/www.notibras.com\/site\/wp-content\/uploads\/2023\/01\/notibras23.png\",\"contentUrl\":\"https:\/\/www.notibras.com\/site\/wp-content\/uploads\/2023\/01\/notibras23.png\",\"width\":350,\"height\":87,\"caption\":\"Grupo Notibras de Comunica\u00e7\u00e3o\"},\"image\":{\"@id\":\"https:\/\/www.notibras.com\/site\/#\/schema\/logo\/image\/\"},\"sameAs\":[\"https:\/\/www.facebook.com\/notibras\/\",\"https:\/\/x.com\/Notibras\",\"https:\/\/www.instagram.com\/notibras\/\"]},{\"@type\":\"Person\",\"@id\":\"https:\/\/www.notibras.com\/site\/#\/schema\/person\/36ab0979449956132d3e5b517ea76ac8\",\"name\":\"Reda\u00e7\u00e3o\",\"image\":{\"@type\":\"ImageObject\",\"inLanguage\":\"pt-BR\",\"@id\":\"https:\/\/secure.gravatar.com\/avatar\/e0a867bdedb85fd243eadf09663511f96fc81e0720a4a42581f334ad4303aa6b?s=96&d=mm&r=g\",\"url\":\"https:\/\/secure.gravatar.com\/avatar\/e0a867bdedb85fd243eadf09663511f96fc81e0720a4a42581f334ad4303aa6b?s=96&d=mm&r=g\",\"contentUrl\":\"https:\/\/secure.gravatar.com\/avatar\/e0a867bdedb85fd243eadf09663511f96fc81e0720a4a42581f334ad4303aa6b?s=96&d=mm&r=g\",\"caption\":\"Reda\u00e7\u00e3o\"}}]}<\/script>\n<!-- \/ Yoast SEO plugin. -->","yoast_head_json":{"title":"Trope\u00e7o no conhecimento... e d\u00e1 bicho na aula de agronomia - Notibras","robots":{"index":"index","follow":"follow","max-snippet":"max-snippet:-1","max-image-preview":"max-image-preview:large","max-video-preview":"max-video-preview:-1"},"canonical":"https:\/\/www.notibras.com\/site\/tropeco-no-conhecimento-e-da-bicho-na-aula-de-agronomia\/","og_locale":"pt_BR","og_type":"article","og_title":"Trope\u00e7o no conhecimento... e d\u00e1 bicho na aula de agronomia - Notibras","og_description":"Aqueles que me acompanham, sabem que a Dona Irene, certo dia, resolveu que eu deveria fazer o curso de engenharia agron\u00f4mica e, portanto, tratei logo de obedec\u00ea-la. Pois bem, l\u00e1 estava eu durante uma aula de constru\u00e7\u00f5es rurais, quando o professor passa um filme em que um homem, que dormia sentado no ch\u00e3o, escorado pela [&hellip;]","og_url":"https:\/\/www.notibras.com\/site\/tropeco-no-conhecimento-e-da-bicho-na-aula-de-agronomia\/","og_site_name":"Notibras","article_publisher":"https:\/\/www.facebook.com\/notibras\/","article_published_time":"2024-02-22T10:46:10+00:00","article_modified_time":"2024-02-22T10:46:53+00:00","og_image":[{"width":512,"height":465,"url":"https:\/\/www.notibras.com\/site\/wp-content\/uploads\/2024\/02\/promor.jpg","type":"image\/jpeg"}],"author":"Reda\u00e7\u00e3o","twitter_card":"summary_large_image","twitter_creator":"@Notibras","twitter_site":"@Notibras","twitter_misc":{"Escrito por":"Reda\u00e7\u00e3o","Est. tempo de leitura":"3 minutos"},"schema":{"@context":"https:\/\/schema.org","@graph":[{"@type":"Article","@id":"https:\/\/www.notibras.com\/site\/tropeco-no-conhecimento-e-da-bicho-na-aula-de-agronomia\/#article","isPartOf":{"@id":"https:\/\/www.notibras.com\/site\/tropeco-no-conhecimento-e-da-bicho-na-aula-de-agronomia\/"},"author":{"name":"Reda\u00e7\u00e3o","@id":"https:\/\/www.notibras.com\/site\/#\/schema\/person\/36ab0979449956132d3e5b517ea76ac8"},"headline":"Trope\u00e7o no conhecimento&#8230; e d\u00e1 bicho na aula de agronomia","datePublished":"2024-02-22T10:46:10+00:00","dateModified":"2024-02-22T10:46:53+00:00","mainEntityOfPage":{"@id":"https:\/\/www.notibras.com\/site\/tropeco-no-conhecimento-e-da-bicho-na-aula-de-agronomia\/"},"wordCount":533,"publisher":{"@id":"https:\/\/www.notibras.com\/site\/#organization"},"image":{"@id":"https:\/\/www.notibras.com\/site\/tropeco-no-conhecimento-e-da-bicho-na-aula-de-agronomia\/#primaryimage"},"thumbnailUrl":"https:\/\/www.notibras.com\/site\/wp-content\/uploads\/2024\/02\/promor.jpg","articleSection":["Quadradinho em Foco"],"inLanguage":"pt-BR"},{"@type":"WebPage","@id":"https:\/\/www.notibras.com\/site\/tropeco-no-conhecimento-e-da-bicho-na-aula-de-agronomia\/","url":"https:\/\/www.notibras.com\/site\/tropeco-no-conhecimento-e-da-bicho-na-aula-de-agronomia\/","name":"Trope\u00e7o no conhecimento... e d\u00e1 bicho na aula de agronomia - Notibras","isPartOf":{"@id":"https:\/\/www.notibras.com\/site\/#website"},"primaryImageOfPage":{"@id":"https:\/\/www.notibras.com\/site\/tropeco-no-conhecimento-e-da-bicho-na-aula-de-agronomia\/#primaryimage"},"image":{"@id":"https:\/\/www.notibras.com\/site\/tropeco-no-conhecimento-e-da-bicho-na-aula-de-agronomia\/#primaryimage"},"thumbnailUrl":"https:\/\/www.notibras.com\/site\/wp-content\/uploads\/2024\/02\/promor.jpg","datePublished":"2024-02-22T10:46:10+00:00","dateModified":"2024-02-22T10:46:53+00:00","breadcrumb":{"@id":"https:\/\/www.notibras.com\/site\/tropeco-no-conhecimento-e-da-bicho-na-aula-de-agronomia\/#breadcrumb"},"inLanguage":"pt-BR","potentialAction":[{"@type":"ReadAction","target":["https:\/\/www.notibras.com\/site\/tropeco-no-conhecimento-e-da-bicho-na-aula-de-agronomia\/"]}]},{"@type":"ImageObject","inLanguage":"pt-BR","@id":"https:\/\/www.notibras.com\/site\/tropeco-no-conhecimento-e-da-bicho-na-aula-de-agronomia\/#primaryimage","url":"https:\/\/www.notibras.com\/site\/wp-content\/uploads\/2024\/02\/promor.jpg","contentUrl":"https:\/\/www.notibras.com\/site\/wp-content\/uploads\/2024\/02\/promor.jpg","width":512,"height":465},{"@type":"BreadcrumbList","@id":"https:\/\/www.notibras.com\/site\/tropeco-no-conhecimento-e-da-bicho-na-aula-de-agronomia\/#breadcrumb","itemListElement":[{"@type":"ListItem","position":1,"name":"In\u00edcio","item":"https:\/\/www.notibras.com\/site\/"},{"@type":"ListItem","position":2,"name":"Trope\u00e7o no conhecimento&#8230; e d\u00e1 bicho na aula de agronomia"}]},{"@type":"WebSite","@id":"https:\/\/www.notibras.com\/site\/#website","url":"https:\/\/www.notibras.com\/site\/","name":"Notibras","description":"Not\u00edcias de Bras\u00edlia, do Brasil e do Mundo","publisher":{"@id":"https:\/\/www.notibras.com\/site\/#organization"},"potentialAction":[{"@type":"SearchAction","target":{"@type":"EntryPoint","urlTemplate":"https:\/\/www.notibras.com\/site\/?s={search_term_string}"},"query-input":{"@type":"PropertyValueSpecification","valueRequired":true,"valueName":"search_term_string"}}],"inLanguage":"pt-BR"},{"@type":"Organization","@id":"https:\/\/www.notibras.com\/site\/#organization","name":"Grupo Notibras de Comunica\u00e7\u00e3o","url":"https:\/\/www.notibras.com\/site\/","logo":{"@type":"ImageObject","inLanguage":"pt-BR","@id":"https:\/\/www.notibras.com\/site\/#\/schema\/logo\/image\/","url":"https:\/\/www.notibras.com\/site\/wp-content\/uploads\/2023\/01\/notibras23.png","contentUrl":"https:\/\/www.notibras.com\/site\/wp-content\/uploads\/2023\/01\/notibras23.png","width":350,"height":87,"caption":"Grupo Notibras de Comunica\u00e7\u00e3o"},"image":{"@id":"https:\/\/www.notibras.com\/site\/#\/schema\/logo\/image\/"},"sameAs":["https:\/\/www.facebook.com\/notibras\/","https:\/\/x.com\/Notibras","https:\/\/www.instagram.com\/notibras\/"]},{"@type":"Person","@id":"https:\/\/www.notibras.com\/site\/#\/schema\/person\/36ab0979449956132d3e5b517ea76ac8","name":"Reda\u00e7\u00e3o","image":{"@type":"ImageObject","inLanguage":"pt-BR","@id":"https:\/\/secure.gravatar.com\/avatar\/e0a867bdedb85fd243eadf09663511f96fc81e0720a4a42581f334ad4303aa6b?s=96&d=mm&r=g","url":"https:\/\/secure.gravatar.com\/avatar\/e0a867bdedb85fd243eadf09663511f96fc81e0720a4a42581f334ad4303aa6b?s=96&d=mm&r=g","contentUrl":"https:\/\/secure.gravatar.com\/avatar\/e0a867bdedb85fd243eadf09663511f96fc81e0720a4a42581f334ad4303aa6b?s=96&d=mm&r=g","caption":"Reda\u00e7\u00e3o"}}]}},"amp_enabled":true,"_links":{"self":[{"href":"https:\/\/www.notibras.com\/site\/wp-json\/wp\/v2\/posts\/322952","targetHints":{"allow":["GET"]}}],"collection":[{"href":"https:\/\/www.notibras.com\/site\/wp-json\/wp\/v2\/posts"}],"about":[{"href":"https:\/\/www.notibras.com\/site\/wp-json\/wp\/v2\/types\/post"}],"author":[{"embeddable":true,"href":"https:\/\/www.notibras.com\/site\/wp-json\/wp\/v2\/users\/2"}],"replies":[{"embeddable":true,"href":"https:\/\/www.notibras.com\/site\/wp-json\/wp\/v2\/comments?post=322952"}],"version-history":[{"count":1,"href":"https:\/\/www.notibras.com\/site\/wp-json\/wp\/v2\/posts\/322952\/revisions"}],"predecessor-version":[{"id":322954,"href":"https:\/\/www.notibras.com\/site\/wp-json\/wp\/v2\/posts\/322952\/revisions\/322954"}],"wp:featuredmedia":[{"embeddable":true,"href":"https:\/\/www.notibras.com\/site\/wp-json\/wp\/v2\/media\/322953"}],"wp:attachment":[{"href":"https:\/\/www.notibras.com\/site\/wp-json\/wp\/v2\/media?parent=322952"}],"wp:term":[{"taxonomy":"category","embeddable":true,"href":"https:\/\/www.notibras.com\/site\/wp-json\/wp\/v2\/categories?post=322952"},{"taxonomy":"post_tag","embeddable":true,"href":"https:\/\/www.notibras.com\/site\/wp-json\/wp\/v2\/tags?post=322952"}],"curies":[{"name":"wp","href":"https:\/\/api.w.org\/{rel}","templated":true}]}}