{"id":322971,"date":"2024-02-22T01:04:08","date_gmt":"2024-02-22T04:04:08","guid":{"rendered":"https:\/\/www.notibras.com\/site\/?p=322971"},"modified":"2024-02-22T09:07:11","modified_gmt":"2024-02-22T12:07:11","slug":"nordestino-sofre-com-falta-de-saneamento-e-ate-banheiro","status":"publish","type":"post","link":"https:\/\/www.notibras.com\/site\/nordestino-sofre-com-falta-de-saneamento-e-ate-banheiro\/","title":{"rendered":"Nordestino sofre com falta de saneamento e at\u00e9 banheiro"},"content":{"rendered":"<p>O relat\u00f3rio elaborado pela Comiss\u00e3o de Meio Ambiente do Senado para avaliar a Pol\u00edtica Nacional de Saneamento B\u00e1sico (Lei 11.445, de 2007) constata que o Brasil ainda registra grandes desigualdades regionais no acesso ao saneamento, com poucos avan\u00e7os para a cobertura total da popula\u00e7\u00e3o.<\/p>\n<p>Segundo o levantamento, pouco mais da metade do Brasil conta com cobertura de esgoto e res\u00edduos s\u00f3lidos. Al\u00e9m disso, h\u00e1 mais de 1,5 mil lix\u00f5es a c\u00e9u aberto no pa\u00eds; e mais de 4 milh\u00f5es de pessoas n\u00e3o t\u00eam acesso a banheiros.<\/p>\n<p>Entre as conclus\u00f5es apresentadas no relat\u00f3rio, est\u00e1 a sugest\u00e3o de medidas como a amplia\u00e7\u00e3o de investimentos e apoio da Uni\u00e3o a estados e munic\u00edpios para cumprimento das metas de universaliza\u00e7\u00e3o do saneamento b\u00e1sico.<\/p>\n<p>Com rela\u00e7\u00e3o ao abastecimento de \u00e1gua, o relat\u00f3rio indica que o atendimento desse servi\u00e7o chega a mais de 84% da popula\u00e7\u00e3o, percentual que foi alcan\u00e7ado gra\u00e7as a avan\u00e7os observados em cidades do Sul e Sudeste. As regi\u00f5es Centro-Oeste, Sul e Sudeste registraram n\u00edveis de cobertura iguais ou acima dos 90%. J\u00e1 as regi\u00f5es Norte e Nordeste apresentaram \u00edndices de 60% e 74,7%, respectivamente.<\/p>\n<p>A desigualdade das regi\u00f5es com rela\u00e7\u00e3o ao esgotamento sanit\u00e1rio s\u00e3o mais significativas. A m\u00e9dia de atendimento de esgoto no pa\u00eds est\u00e1 pouco acima dos 50%. Na Regi\u00e3o Sudeste chega a 82%, enquanto no Centro-Oeste fica em 62%; no Sul, 48%; no Nordeste, 30%; e no Norte, 14%.<\/p>\n<p>A Avalia\u00e7\u00e3o de Pol\u00edticas P\u00fablicas \u00e9 um instrumento previsto no Regimento Interno do Senado Federal, criado com o objetivo constitucional de fiscalizar a execu\u00e7\u00e3o das leis e dos atos do Poder Executivo. Por meio dele \u2013 e dos debates p\u00fablicos promovidos pela casa \u2013, busca-se verificar se a implementa\u00e7\u00e3o das pol\u00edticas est\u00e1 sendo feita de forma adequada.<\/p>\n<p>O senador Conf\u00facio Moura (MDB-RO), autor do relat\u00f3rio, avalia serem necess\u00e1rios aportes de R$ 890 bilh\u00f5es em investimentos para que o pa\u00eds alcance a universaliza\u00e7\u00e3o desses servi\u00e7os. O valor j\u00e1 considera a expans\u00e3o da rede e a recupera\u00e7\u00e3o do que j\u00e1 existe.<\/p>\n<p>Ainda segundo o relator, a capacidade de impacto positivo do saneamento no PIB seria de quase R$ 2 trilh\u00f5es e de R$ 1,4 trilh\u00e3o em arrecada\u00e7\u00e3o.<\/p>\n","protected":false},"excerpt":{"rendered":"<p>O relat\u00f3rio elaborado pela Comiss\u00e3o de Meio Ambiente do Senado para avaliar a Pol\u00edtica Nacional de Saneamento B\u00e1sico (Lei 11.445, de 2007) constata que o Brasil ainda registra grandes desigualdades regionais no acesso ao saneamento, com poucos avan\u00e7os para a cobertura total da popula\u00e7\u00e3o. Segundo o levantamento, pouco mais da metade do Brasil conta com [&hellip;]<\/p>\n","protected":false},"author":2,"featured_media":322972,"comment_status":"closed","ping_status":"closed","sticky":false,"template":"","format":"standard","meta":{"_acf_changed":false,"footnotes":""},"categories":[166,167,168,169,165,170,171,172,173,174],"tags":[],"class_list":["post-322971","post","type-post","status-publish","format-standard","has-post-thumbnail","hentry","category-alagoas","category-bahia","category-ceara","category-maranhao","category-nordeste","category-paraiba-nordeste","category-pernambuco-nordeste","category-piaui","category-rio-grande-do-norte","category-sergipe"],"acf":[],"yoast_head":"<!-- This site is optimized with the Yoast SEO plugin v27.5 - https:\/\/yoast.com\/product\/yoast-seo-wordpress\/ -->\n<title>Nordestino sofre com falta de saneamento e at\u00e9 banheiro - Notibras<\/title>\n<meta name=\"robots\" content=\"index, follow, max-snippet:-1, max-image-preview:large, max-video-preview:-1\" \/>\n<link rel=\"canonical\" href=\"https:\/\/www.notibras.com\/site\/nordestino-sofre-com-falta-de-saneamento-e-ate-banheiro\/\" \/>\n<meta property=\"og:locale\" content=\"pt_BR\" \/>\n<meta property=\"og:type\" content=\"article\" \/>\n<meta property=\"og:title\" content=\"Nordestino sofre com falta de saneamento e at\u00e9 banheiro - Notibras\" \/>\n<meta property=\"og:description\" content=\"O relat\u00f3rio elaborado pela Comiss\u00e3o de Meio Ambiente do Senado para avaliar a Pol\u00edtica Nacional de Saneamento B\u00e1sico (Lei 11.445, de 2007) constata que o Brasil ainda registra grandes desigualdades regionais no acesso ao saneamento, com poucos avan\u00e7os para a cobertura total da popula\u00e7\u00e3o. Segundo o levantamento, pouco mais da metade do Brasil conta com [&hellip;]\" \/>\n<meta property=\"og:url\" content=\"https:\/\/www.notibras.com\/site\/nordestino-sofre-com-falta-de-saneamento-e-ate-banheiro\/\" \/>\n<meta property=\"og:site_name\" content=\"Notibras\" \/>\n<meta property=\"article:publisher\" content=\"https:\/\/www.facebook.com\/notibras\/\" \/>\n<meta property=\"article:published_time\" content=\"2024-02-22T04:04:08+00:00\" \/>\n<meta property=\"article:modified_time\" content=\"2024-02-22T12:07:11+00:00\" \/>\n<meta property=\"og:image\" content=\"https:\/\/www.notibras.com\/site\/wp-content\/uploads\/2024\/02\/sanene.webp\" \/>\n\t<meta property=\"og:image:width\" content=\"1170\" \/>\n\t<meta property=\"og:image:height\" content=\"700\" \/>\n\t<meta property=\"og:image:type\" content=\"image\/webp\" \/>\n<meta name=\"author\" content=\"Reda\u00e7\u00e3o\" \/>\n<meta name=\"twitter:card\" content=\"summary_large_image\" \/>\n<meta name=\"twitter:creator\" content=\"@Notibras\" \/>\n<meta name=\"twitter:site\" content=\"@Notibras\" \/>\n<meta name=\"twitter:label1\" content=\"Escrito por\" \/>\n\t<meta name=\"twitter:data1\" content=\"Reda\u00e7\u00e3o\" \/>\n\t<meta name=\"twitter:label2\" content=\"Est. tempo de leitura\" \/>\n\t<meta name=\"twitter:data2\" content=\"2 minutos\" \/>\n<script type=\"application\/ld+json\" class=\"yoast-schema-graph\">{\"@context\":\"https:\\\/\\\/schema.org\",\"@graph\":[{\"@type\":\"Article\",\"@id\":\"https:\\\/\\\/www.notibras.com\\\/site\\\/nordestino-sofre-com-falta-de-saneamento-e-ate-banheiro\\\/#article\",\"isPartOf\":{\"@id\":\"https:\\\/\\\/www.notibras.com\\\/site\\\/nordestino-sofre-com-falta-de-saneamento-e-ate-banheiro\\\/\"},\"author\":{\"name\":\"Reda\u00e7\u00e3o\",\"@id\":\"https:\\\/\\\/www.notibras.com\\\/site\\\/#\\\/schema\\\/person\\\/36ab0979449956132d3e5b517ea76ac8\"},\"headline\":\"Nordestino sofre com falta de saneamento e at\u00e9 banheiro\",\"datePublished\":\"2024-02-22T04:04:08+00:00\",\"dateModified\":\"2024-02-22T12:07:11+00:00\",\"mainEntityOfPage\":{\"@id\":\"https:\\\/\\\/www.notibras.com\\\/site\\\/nordestino-sofre-com-falta-de-saneamento-e-ate-banheiro\\\/\"},\"wordCount\":402,\"publisher\":{\"@id\":\"https:\\\/\\\/www.notibras.com\\\/site\\\/#organization\"},\"image\":{\"@id\":\"https:\\\/\\\/www.notibras.com\\\/site\\\/nordestino-sofre-com-falta-de-saneamento-e-ate-banheiro\\\/#primaryimage\"},\"thumbnailUrl\":\"https:\\\/\\\/www.notibras.com\\\/site\\\/wp-content\\\/uploads\\\/2024\\\/02\\\/sanene.webp\",\"articleSection\":[\"Alagoas\",\"Bahia\",\"Cear\u00e1\",\"Maranh\u00e3o\",\"Nordeste\",\"Para\u00edba\",\"Pernambuco\",\"Piau\u00ed\",\"Rio Grande do Norte\",\"Sergipe\"],\"inLanguage\":\"pt-BR\"},{\"@type\":\"WebPage\",\"@id\":\"https:\\\/\\\/www.notibras.com\\\/site\\\/nordestino-sofre-com-falta-de-saneamento-e-ate-banheiro\\\/\",\"url\":\"https:\\\/\\\/www.notibras.com\\\/site\\\/nordestino-sofre-com-falta-de-saneamento-e-ate-banheiro\\\/\",\"name\":\"Nordestino sofre com falta de saneamento e at\u00e9 banheiro - Notibras\",\"isPartOf\":{\"@id\":\"https:\\\/\\\/www.notibras.com\\\/site\\\/#website\"},\"primaryImageOfPage\":{\"@id\":\"https:\\\/\\\/www.notibras.com\\\/site\\\/nordestino-sofre-com-falta-de-saneamento-e-ate-banheiro\\\/#primaryimage\"},\"image\":{\"@id\":\"https:\\\/\\\/www.notibras.com\\\/site\\\/nordestino-sofre-com-falta-de-saneamento-e-ate-banheiro\\\/#primaryimage\"},\"thumbnailUrl\":\"https:\\\/\\\/www.notibras.com\\\/site\\\/wp-content\\\/uploads\\\/2024\\\/02\\\/sanene.webp\",\"datePublished\":\"2024-02-22T04:04:08+00:00\",\"dateModified\":\"2024-02-22T12:07:11+00:00\",\"breadcrumb\":{\"@id\":\"https:\\\/\\\/www.notibras.com\\\/site\\\/nordestino-sofre-com-falta-de-saneamento-e-ate-banheiro\\\/#breadcrumb\"},\"inLanguage\":\"pt-BR\",\"potentialAction\":[{\"@type\":\"ReadAction\",\"target\":[\"https:\\\/\\\/www.notibras.com\\\/site\\\/nordestino-sofre-com-falta-de-saneamento-e-ate-banheiro\\\/\"]}]},{\"@type\":\"ImageObject\",\"inLanguage\":\"pt-BR\",\"@id\":\"https:\\\/\\\/www.notibras.com\\\/site\\\/nordestino-sofre-com-falta-de-saneamento-e-ate-banheiro\\\/#primaryimage\",\"url\":\"https:\\\/\\\/www.notibras.com\\\/site\\\/wp-content\\\/uploads\\\/2024\\\/02\\\/sanene.webp\",\"contentUrl\":\"https:\\\/\\\/www.notibras.com\\\/site\\\/wp-content\\\/uploads\\\/2024\\\/02\\\/sanene.webp\",\"width\":1170,\"height\":700},{\"@type\":\"BreadcrumbList\",\"@id\":\"https:\\\/\\\/www.notibras.com\\\/site\\\/nordestino-sofre-com-falta-de-saneamento-e-ate-banheiro\\\/#breadcrumb\",\"itemListElement\":[{\"@type\":\"ListItem\",\"position\":1,\"name\":\"In\u00edcio\",\"item\":\"https:\\\/\\\/www.notibras.com\\\/site\\\/\"},{\"@type\":\"ListItem\",\"position\":2,\"name\":\"Nordestino sofre com falta de saneamento e at\u00e9 banheiro\"}]},{\"@type\":\"WebSite\",\"@id\":\"https:\\\/\\\/www.notibras.com\\\/site\\\/#website\",\"url\":\"https:\\\/\\\/www.notibras.com\\\/site\\\/\",\"name\":\"Notibras\",\"description\":\"Not\u00edcias de Bras\u00edlia, do Brasil e do Mundo\",\"publisher\":{\"@id\":\"https:\\\/\\\/www.notibras.com\\\/site\\\/#organization\"},\"potentialAction\":[{\"@type\":\"SearchAction\",\"target\":{\"@type\":\"EntryPoint\",\"urlTemplate\":\"https:\\\/\\\/www.notibras.com\\\/site\\\/?s={search_term_string}\"},\"query-input\":{\"@type\":\"PropertyValueSpecification\",\"valueRequired\":true,\"valueName\":\"search_term_string\"}}],\"inLanguage\":\"pt-BR\"},{\"@type\":\"Organization\",\"@id\":\"https:\\\/\\\/www.notibras.com\\\/site\\\/#organization\",\"name\":\"Grupo Notibras de Comunica\u00e7\u00e3o\",\"url\":\"https:\\\/\\\/www.notibras.com\\\/site\\\/\",\"logo\":{\"@type\":\"ImageObject\",\"inLanguage\":\"pt-BR\",\"@id\":\"https:\\\/\\\/www.notibras.com\\\/site\\\/#\\\/schema\\\/logo\\\/image\\\/\",\"url\":\"https:\\\/\\\/www.notibras.com\\\/site\\\/wp-content\\\/uploads\\\/2023\\\/01\\\/notibras23.png\",\"contentUrl\":\"https:\\\/\\\/www.notibras.com\\\/site\\\/wp-content\\\/uploads\\\/2023\\\/01\\\/notibras23.png\",\"width\":350,\"height\":87,\"caption\":\"Grupo Notibras de Comunica\u00e7\u00e3o\"},\"image\":{\"@id\":\"https:\\\/\\\/www.notibras.com\\\/site\\\/#\\\/schema\\\/logo\\\/image\\\/\"},\"sameAs\":[\"https:\\\/\\\/www.facebook.com\\\/notibras\\\/\",\"https:\\\/\\\/x.com\\\/Notibras\",\"https:\\\/\\\/www.instagram.com\\\/notibras\\\/\"]},{\"@type\":\"Person\",\"@id\":\"https:\\\/\\\/www.notibras.com\\\/site\\\/#\\\/schema\\\/person\\\/36ab0979449956132d3e5b517ea76ac8\",\"name\":\"Reda\u00e7\u00e3o\",\"image\":{\"@type\":\"ImageObject\",\"inLanguage\":\"pt-BR\",\"@id\":\"https:\\\/\\\/secure.gravatar.com\\\/avatar\\\/e0a867bdedb85fd243eadf09663511f96fc81e0720a4a42581f334ad4303aa6b?s=96&d=mm&r=g\",\"url\":\"https:\\\/\\\/secure.gravatar.com\\\/avatar\\\/e0a867bdedb85fd243eadf09663511f96fc81e0720a4a42581f334ad4303aa6b?s=96&d=mm&r=g\",\"contentUrl\":\"https:\\\/\\\/secure.gravatar.com\\\/avatar\\\/e0a867bdedb85fd243eadf09663511f96fc81e0720a4a42581f334ad4303aa6b?s=96&d=mm&r=g\",\"caption\":\"Reda\u00e7\u00e3o\"}}]}<\/script>\n<!-- \/ Yoast SEO plugin. -->","yoast_head_json":{"title":"Nordestino sofre com falta de saneamento e at\u00e9 banheiro - Notibras","robots":{"index":"index","follow":"follow","max-snippet":"max-snippet:-1","max-image-preview":"max-image-preview:large","max-video-preview":"max-video-preview:-1"},"canonical":"https:\/\/www.notibras.com\/site\/nordestino-sofre-com-falta-de-saneamento-e-ate-banheiro\/","og_locale":"pt_BR","og_type":"article","og_title":"Nordestino sofre com falta de saneamento e at\u00e9 banheiro - Notibras","og_description":"O relat\u00f3rio elaborado pela Comiss\u00e3o de Meio Ambiente do Senado para avaliar a Pol\u00edtica Nacional de Saneamento B\u00e1sico (Lei 11.445, de 2007) constata que o Brasil ainda registra grandes desigualdades regionais no acesso ao saneamento, com poucos avan\u00e7os para a cobertura total da popula\u00e7\u00e3o. Segundo o levantamento, pouco mais da metade do Brasil conta com [&hellip;]","og_url":"https:\/\/www.notibras.com\/site\/nordestino-sofre-com-falta-de-saneamento-e-ate-banheiro\/","og_site_name":"Notibras","article_publisher":"https:\/\/www.facebook.com\/notibras\/","article_published_time":"2024-02-22T04:04:08+00:00","article_modified_time":"2024-02-22T12:07:11+00:00","og_image":[{"width":1170,"height":700,"url":"https:\/\/www.notibras.com\/site\/wp-content\/uploads\/2024\/02\/sanene.webp","type":"image\/webp"}],"author":"Reda\u00e7\u00e3o","twitter_card":"summary_large_image","twitter_creator":"@Notibras","twitter_site":"@Notibras","twitter_misc":{"Escrito por":"Reda\u00e7\u00e3o","Est. tempo de leitura":"2 minutos"},"schema":{"@context":"https:\/\/schema.org","@graph":[{"@type":"Article","@id":"https:\/\/www.notibras.com\/site\/nordestino-sofre-com-falta-de-saneamento-e-ate-banheiro\/#article","isPartOf":{"@id":"https:\/\/www.notibras.com\/site\/nordestino-sofre-com-falta-de-saneamento-e-ate-banheiro\/"},"author":{"name":"Reda\u00e7\u00e3o","@id":"https:\/\/www.notibras.com\/site\/#\/schema\/person\/36ab0979449956132d3e5b517ea76ac8"},"headline":"Nordestino sofre com falta de saneamento e at\u00e9 banheiro","datePublished":"2024-02-22T04:04:08+00:00","dateModified":"2024-02-22T12:07:11+00:00","mainEntityOfPage":{"@id":"https:\/\/www.notibras.com\/site\/nordestino-sofre-com-falta-de-saneamento-e-ate-banheiro\/"},"wordCount":402,"publisher":{"@id":"https:\/\/www.notibras.com\/site\/#organization"},"image":{"@id":"https:\/\/www.notibras.com\/site\/nordestino-sofre-com-falta-de-saneamento-e-ate-banheiro\/#primaryimage"},"thumbnailUrl":"https:\/\/www.notibras.com\/site\/wp-content\/uploads\/2024\/02\/sanene.webp","articleSection":["Alagoas","Bahia","Cear\u00e1","Maranh\u00e3o","Nordeste","Para\u00edba","Pernambuco","Piau\u00ed","Rio Grande do Norte","Sergipe"],"inLanguage":"pt-BR"},{"@type":"WebPage","@id":"https:\/\/www.notibras.com\/site\/nordestino-sofre-com-falta-de-saneamento-e-ate-banheiro\/","url":"https:\/\/www.notibras.com\/site\/nordestino-sofre-com-falta-de-saneamento-e-ate-banheiro\/","name":"Nordestino sofre com falta de saneamento e at\u00e9 banheiro - Notibras","isPartOf":{"@id":"https:\/\/www.notibras.com\/site\/#website"},"primaryImageOfPage":{"@id":"https:\/\/www.notibras.com\/site\/nordestino-sofre-com-falta-de-saneamento-e-ate-banheiro\/#primaryimage"},"image":{"@id":"https:\/\/www.notibras.com\/site\/nordestino-sofre-com-falta-de-saneamento-e-ate-banheiro\/#primaryimage"},"thumbnailUrl":"https:\/\/www.notibras.com\/site\/wp-content\/uploads\/2024\/02\/sanene.webp","datePublished":"2024-02-22T04:04:08+00:00","dateModified":"2024-02-22T12:07:11+00:00","breadcrumb":{"@id":"https:\/\/www.notibras.com\/site\/nordestino-sofre-com-falta-de-saneamento-e-ate-banheiro\/#breadcrumb"},"inLanguage":"pt-BR","potentialAction":[{"@type":"ReadAction","target":["https:\/\/www.notibras.com\/site\/nordestino-sofre-com-falta-de-saneamento-e-ate-banheiro\/"]}]},{"@type":"ImageObject","inLanguage":"pt-BR","@id":"https:\/\/www.notibras.com\/site\/nordestino-sofre-com-falta-de-saneamento-e-ate-banheiro\/#primaryimage","url":"https:\/\/www.notibras.com\/site\/wp-content\/uploads\/2024\/02\/sanene.webp","contentUrl":"https:\/\/www.notibras.com\/site\/wp-content\/uploads\/2024\/02\/sanene.webp","width":1170,"height":700},{"@type":"BreadcrumbList","@id":"https:\/\/www.notibras.com\/site\/nordestino-sofre-com-falta-de-saneamento-e-ate-banheiro\/#breadcrumb","itemListElement":[{"@type":"ListItem","position":1,"name":"In\u00edcio","item":"https:\/\/www.notibras.com\/site\/"},{"@type":"ListItem","position":2,"name":"Nordestino sofre com falta de saneamento e at\u00e9 banheiro"}]},{"@type":"WebSite","@id":"https:\/\/www.notibras.com\/site\/#website","url":"https:\/\/www.notibras.com\/site\/","name":"Notibras","description":"Not\u00edcias de Bras\u00edlia, do Brasil e do Mundo","publisher":{"@id":"https:\/\/www.notibras.com\/site\/#organization"},"potentialAction":[{"@type":"SearchAction","target":{"@type":"EntryPoint","urlTemplate":"https:\/\/www.notibras.com\/site\/?s={search_term_string}"},"query-input":{"@type":"PropertyValueSpecification","valueRequired":true,"valueName":"search_term_string"}}],"inLanguage":"pt-BR"},{"@type":"Organization","@id":"https:\/\/www.notibras.com\/site\/#organization","name":"Grupo Notibras de Comunica\u00e7\u00e3o","url":"https:\/\/www.notibras.com\/site\/","logo":{"@type":"ImageObject","inLanguage":"pt-BR","@id":"https:\/\/www.notibras.com\/site\/#\/schema\/logo\/image\/","url":"https:\/\/www.notibras.com\/site\/wp-content\/uploads\/2023\/01\/notibras23.png","contentUrl":"https:\/\/www.notibras.com\/site\/wp-content\/uploads\/2023\/01\/notibras23.png","width":350,"height":87,"caption":"Grupo Notibras de Comunica\u00e7\u00e3o"},"image":{"@id":"https:\/\/www.notibras.com\/site\/#\/schema\/logo\/image\/"},"sameAs":["https:\/\/www.facebook.com\/notibras\/","https:\/\/x.com\/Notibras","https:\/\/www.instagram.com\/notibras\/"]},{"@type":"Person","@id":"https:\/\/www.notibras.com\/site\/#\/schema\/person\/36ab0979449956132d3e5b517ea76ac8","name":"Reda\u00e7\u00e3o","image":{"@type":"ImageObject","inLanguage":"pt-BR","@id":"https:\/\/secure.gravatar.com\/avatar\/e0a867bdedb85fd243eadf09663511f96fc81e0720a4a42581f334ad4303aa6b?s=96&d=mm&r=g","url":"https:\/\/secure.gravatar.com\/avatar\/e0a867bdedb85fd243eadf09663511f96fc81e0720a4a42581f334ad4303aa6b?s=96&d=mm&r=g","contentUrl":"https:\/\/secure.gravatar.com\/avatar\/e0a867bdedb85fd243eadf09663511f96fc81e0720a4a42581f334ad4303aa6b?s=96&d=mm&r=g","caption":"Reda\u00e7\u00e3o"}}]}},"amp_enabled":true,"_links":{"self":[{"href":"https:\/\/www.notibras.com\/site\/wp-json\/wp\/v2\/posts\/322971","targetHints":{"allow":["GET"]}}],"collection":[{"href":"https:\/\/www.notibras.com\/site\/wp-json\/wp\/v2\/posts"}],"about":[{"href":"https:\/\/www.notibras.com\/site\/wp-json\/wp\/v2\/types\/post"}],"author":[{"embeddable":true,"href":"https:\/\/www.notibras.com\/site\/wp-json\/wp\/v2\/users\/2"}],"replies":[{"embeddable":true,"href":"https:\/\/www.notibras.com\/site\/wp-json\/wp\/v2\/comments?post=322971"}],"version-history":[{"count":1,"href":"https:\/\/www.notibras.com\/site\/wp-json\/wp\/v2\/posts\/322971\/revisions"}],"predecessor-version":[{"id":322973,"href":"https:\/\/www.notibras.com\/site\/wp-json\/wp\/v2\/posts\/322971\/revisions\/322973"}],"wp:featuredmedia":[{"embeddable":true,"href":"https:\/\/www.notibras.com\/site\/wp-json\/wp\/v2\/media\/322972"}],"wp:attachment":[{"href":"https:\/\/www.notibras.com\/site\/wp-json\/wp\/v2\/media?parent=322971"}],"wp:term":[{"taxonomy":"category","embeddable":true,"href":"https:\/\/www.notibras.com\/site\/wp-json\/wp\/v2\/categories?post=322971"},{"taxonomy":"post_tag","embeddable":true,"href":"https:\/\/www.notibras.com\/site\/wp-json\/wp\/v2\/tags?post=322971"}],"curies":[{"name":"wp","href":"https:\/\/api.w.org\/{rel}","templated":true}]}}