{"id":322974,"date":"2024-02-22T01:32:33","date_gmt":"2024-02-22T04:32:33","guid":{"rendered":"https:\/\/www.notibras.com\/site\/?p=322974"},"modified":"2024-02-22T09:38:52","modified_gmt":"2024-02-22T12:38:52","slug":"cpi-promete-fechar-cerco-contra-sujeira-da-braskem","status":"publish","type":"post","link":"https:\/\/www.notibras.com\/site\/cpi-promete-fechar-cerco-contra-sujeira-da-braskem\/","title":{"rendered":"CPI promete fechar cerco contra sujeira da Braskem"},"content":{"rendered":"<p>A CPI da Braskem definiu o senador Rog\u00e9rio Carvalho (PT-SE) como relator. Renan Calheiros (MDB-AL), queria o cargo, mas foi alijado da disputa.\u00a0 Omar Aziz, presidente do colegiado, justificou a escolha dizendo que a relatoria precisa ser \u201ctotalmente isenta\u201d. Ele ainda pediu a compreens\u00e3o do senador Renan.<\/p>\n<p>\u2014 Sei da sua preocupa\u00e7\u00e3o com o seu estado, sei que Vossa Excel\u00eancia tem o interesse de investigar a fundo e deve contribuir com esta CPI como membro \u2014 disse Aziz a Renan.<\/p>\n<p>Em resposta, Renan leu um discurso para renunciar \u00e0 comiss\u00e3o. Ele disse dever um agradecimento aos 45 senadores que assinaram o pedido de cria\u00e7\u00e3o da CPI e um especial ao povo de Alagoas e de Macei\u00f3, \u201cque foi v\u00edtima de um crime doloso\u201d. O senador ainda reconheceu os compromissos assumidos pelo presidente do Senado, Rodrigo Pacheco, em rela\u00e7\u00e3o \u00e0 comiss\u00e3o, que ele definiu como uma \u201cCPI humanit\u00e1ria\u201d.<\/p>\n<p>\u2014 Foi em nome de 150 mil v\u00edtimas que me movi para romper um pacto de sil\u00eancio criminoso que abafou esse caso. \u00c9 um cen\u00e1rio desolador, como se ali houvera uma guerra sangrenta e mortal. Houve uma guerra, de fato, uma guerra desumana e desleal, em que s\u00f3 um lado dispunha de muni\u00e7\u00e3o \u2014 registrou.<\/p>\n<p>De acordo com Renan, a terra ainda vem tremendo v\u00e1rias vezes em Macei\u00f3. Ele relatou que cinco bairros viraram cidade fantasma. Segundo o senador, as investiga\u00e7\u00f5es j\u00e1 apontaram a Braskem como respons\u00e1vel pelos tremores e pelas rachaduras nas constru\u00e7\u00f5es. Ele afirmou que a capital alagoana hoje \u00e9 uma cidade sitiada pela a\u00e7\u00e3o criminosa de uma mineradora e disse que, al\u00e9m da CPI, vem buscando indeniza\u00e7\u00f5es para os atingidos pelo afundamento do solo em a\u00e7\u00f5es na Comiss\u00e3o de Valores Mobili\u00e1rios (CVM), na Justi\u00e7a e no Tribunal de Contas da Uni\u00e3o (TCU).<\/p>\n<p>\u2014 N\u00e3o emprestarei meu nome a simulacros investigat\u00f3rios. J\u00e1 vi esse filme v\u00e1rias vezes. M\u00e3os ocultas, mas vis\u00edveis, me vetaram na relatoria, que \u00e9 resultado de uma costura pol\u00edtica \u2014 declarou.<\/p>\n<p>Renan reconheceu que a designa\u00e7\u00e3o de Rog\u00e9rio Carvalho \u00e9 regimental, mas argumentou que, se houvesse um crime socioambiental em Sergipe, um relator do estado teria mais legitimidade para atuar em uma poss\u00edvel CPI. Segundo Renan, \u201ca trag\u00e9dia de Macei\u00f3 n\u00e3o acabou\u201d e os \u201cpoderosos que tentam escapar da Justi\u00e7a perder\u00e3o o sono\u201d.<\/p>\n<p>\u2014 Eu teria legitimidade maior ainda para defender os interesses do Estado. Respeito Rog\u00e9rio, \u00e9 um amigo, mas n\u00e3o vamos aceitar porque esta designa\u00e7\u00e3o \u00e9 prejudicial aos interesses do estado. Mesmo tendo criado a CPI e coletado as assinaturas, deixo esta comiss\u00e3o exatamente em respeito \u00e0 decis\u00e3o de Omar, por n\u00e3o concordar com o encaminhamento da relatoria \u2014 registrou Renan.<\/p>\n<p><strong>Respeito<\/strong><br \/>\nOmar Aziz reafirmou seu respeito por Renan, mas disse que a popula\u00e7\u00e3o de Alagoas poder\u00e1 ter certeza de que a CPI vai investigar de forma s\u00e9ria a responsabilidade da Braskem. Ele tamb\u00e9m ressaltou que, independentemente da participa\u00e7\u00e3o de Renan na comiss\u00e3o, o compromisso \u00e9 \u201clevantar todos os cad\u00e1veres\u201d que fizeram Macei\u00f3 chegar a essa situa\u00e7\u00e3o. Segundo Omar, na pr\u00f3xima ter\u00e7a-feira (27), \u00e0s 10h, o relator j\u00e1 trar\u00e1 o plano de trabalho.<\/p>\n<p>\u2014 Renan, Vossa Excel\u00eancia ver\u00e1 que suas palavras foram muito duras com essa CPI. Pe\u00e7o a Vossa Excel\u00eancia que, \u00e0s 10 horas de ter\u00e7a, venha aqui neste plen\u00e1rio. Vamos trabalhar diuturnamente pelo povo de Alagoas, que foi ferido no fundo da alma. N\u00e3o tem pre\u00e7o o conforto da alma \u2014 afirmou.<\/p>\n<p>O senador Otto Alencar (PSD-BA) disse ver o discurso de Renan como um desabafo e afirmou ter \u201cas m\u00e3os limpas\u201d. Para Otto, o relator deveria mesmo ser de outro estado. Jorge Kajuru (PSB-GO), vice-presidente da comiss\u00e3o, exaltou a atua\u00e7\u00e3o parlamentar de Renan, de forma destacada na CPI da Covid, e ofereceu a ele a vice-presid\u00eancia, al\u00e9m de pedir para o colega repensar sua ren\u00fancia. Renan, no entanto, n\u00e3o respondeu \u00e0 oferta. O senador Dr. Hiran (PP-RR) disse reconhecer a hist\u00f3ria de Renan no Senado, mas manifestou apoio \u00e0 decis\u00e3o de Omar Aziz em designar Rog\u00e9rio Carvalho como relator.<\/p>\n<p>O senador Rodrigo Cunha (Podemos-AL) lembrou que h\u00e1 cinco anos j\u00e1 havia um alerta sobre o afundamento do solo em Macei\u00f3. Segundo ele, a Braskem \u00e9 a respons\u00e1vel pela situa\u00e7\u00e3o, por conta da explora\u00e7\u00e3o de salgema. Cunha ainda disse que o papel do Senado \u00e9 evitar que trag\u00e9dias como essa voltem a ocorrer.<\/p>\n<p>\u2014 Vamos colaborar com Macei\u00f3, com Alagoas e com o pa\u00eds. Vamos buscar as responsabilidades \u2014 prometeu.<\/p>\n","protected":false},"excerpt":{"rendered":"<p>A CPI da Braskem definiu o senador Rog\u00e9rio Carvalho (PT-SE) como relator. Renan Calheiros (MDB-AL), queria o cargo, mas foi alijado da disputa.\u00a0 Omar Aziz, presidente do colegiado, justificou a escolha dizendo que a relatoria precisa ser \u201ctotalmente isenta\u201d. Ele ainda pediu a compreens\u00e3o do senador Renan. \u2014 Sei da sua preocupa\u00e7\u00e3o com o seu [&hellip;]<\/p>\n","protected":false},"author":2,"featured_media":322975,"comment_status":"closed","ping_status":"closed","sticky":false,"template":"","format":"standard","meta":{"_acf_changed":false,"footnotes":""},"categories":[166,165],"tags":[],"class_list":["post-322974","post","type-post","status-publish","format-standard","has-post-thumbnail","hentry","category-alagoas","category-nordeste"],"acf":[],"yoast_head":"<!-- This site is optimized with the Yoast SEO plugin v27.2 - https:\/\/yoast.com\/product\/yoast-seo-wordpress\/ -->\n<title>CPI promete fechar cerco contra sujeira da Braskem - Notibras<\/title>\n<meta name=\"robots\" content=\"index, follow, max-snippet:-1, max-image-preview:large, max-video-preview:-1\" \/>\n<link rel=\"canonical\" href=\"https:\/\/www.notibras.com\/site\/cpi-promete-fechar-cerco-contra-sujeira-da-braskem\/\" \/>\n<meta property=\"og:locale\" content=\"pt_BR\" \/>\n<meta property=\"og:type\" content=\"article\" \/>\n<meta property=\"og:title\" content=\"CPI promete fechar cerco contra sujeira da Braskem - Notibras\" \/>\n<meta property=\"og:description\" content=\"A CPI da Braskem definiu o senador Rog\u00e9rio Carvalho (PT-SE) como relator. Renan Calheiros (MDB-AL), queria o cargo, mas foi alijado da disputa.\u00a0 Omar Aziz, presidente do colegiado, justificou a escolha dizendo que a relatoria precisa ser \u201ctotalmente isenta\u201d. Ele ainda pediu a compreens\u00e3o do senador Renan. \u2014 Sei da sua preocupa\u00e7\u00e3o com o seu [&hellip;]\" \/>\n<meta property=\"og:url\" content=\"https:\/\/www.notibras.com\/site\/cpi-promete-fechar-cerco-contra-sujeira-da-braskem\/\" \/>\n<meta property=\"og:site_name\" content=\"Notibras\" \/>\n<meta property=\"article:publisher\" content=\"https:\/\/www.facebook.com\/notibras\/\" \/>\n<meta property=\"article:published_time\" content=\"2024-02-22T04:32:33+00:00\" \/>\n<meta property=\"article:modified_time\" content=\"2024-02-22T12:38:52+00:00\" \/>\n<meta property=\"og:image\" content=\"https:\/\/www.notibras.com\/site\/wp-content\/uploads\/2024\/02\/imagem_materia-3.jpeg\" \/>\n\t<meta property=\"og:image:width\" content=\"860\" \/>\n\t<meta property=\"og:image:height\" content=\"570\" \/>\n\t<meta property=\"og:image:type\" content=\"image\/jpeg\" \/>\n<meta name=\"author\" content=\"Reda\u00e7\u00e3o\" \/>\n<meta name=\"twitter:card\" content=\"summary_large_image\" \/>\n<meta name=\"twitter:creator\" content=\"@Notibras\" \/>\n<meta name=\"twitter:site\" content=\"@Notibras\" \/>\n<meta name=\"twitter:label1\" content=\"Escrito por\" \/>\n\t<meta name=\"twitter:data1\" content=\"Reda\u00e7\u00e3o\" \/>\n\t<meta name=\"twitter:label2\" content=\"Est. tempo de leitura\" \/>\n\t<meta name=\"twitter:data2\" content=\"4 minutos\" \/>\n<script type=\"application\/ld+json\" class=\"yoast-schema-graph\">{\"@context\":\"https:\/\/schema.org\",\"@graph\":[{\"@type\":\"Article\",\"@id\":\"https:\/\/www.notibras.com\/site\/cpi-promete-fechar-cerco-contra-sujeira-da-braskem\/#article\",\"isPartOf\":{\"@id\":\"https:\/\/www.notibras.com\/site\/cpi-promete-fechar-cerco-contra-sujeira-da-braskem\/\"},\"author\":{\"name\":\"Reda\u00e7\u00e3o\",\"@id\":\"https:\/\/www.notibras.com\/site\/#\/schema\/person\/36ab0979449956132d3e5b517ea76ac8\"},\"headline\":\"CPI promete fechar cerco contra sujeira da Braskem\",\"datePublished\":\"2024-02-22T04:32:33+00:00\",\"dateModified\":\"2024-02-22T12:38:52+00:00\",\"mainEntityOfPage\":{\"@id\":\"https:\/\/www.notibras.com\/site\/cpi-promete-fechar-cerco-contra-sujeira-da-braskem\/\"},\"wordCount\":780,\"publisher\":{\"@id\":\"https:\/\/www.notibras.com\/site\/#organization\"},\"image\":{\"@id\":\"https:\/\/www.notibras.com\/site\/cpi-promete-fechar-cerco-contra-sujeira-da-braskem\/#primaryimage\"},\"thumbnailUrl\":\"https:\/\/www.notibras.com\/site\/wp-content\/uploads\/2024\/02\/imagem_materia-3.jpeg\",\"articleSection\":[\"Alagoas\",\"Nordeste\"],\"inLanguage\":\"pt-BR\"},{\"@type\":\"WebPage\",\"@id\":\"https:\/\/www.notibras.com\/site\/cpi-promete-fechar-cerco-contra-sujeira-da-braskem\/\",\"url\":\"https:\/\/www.notibras.com\/site\/cpi-promete-fechar-cerco-contra-sujeira-da-braskem\/\",\"name\":\"CPI promete fechar cerco contra sujeira da Braskem - Notibras\",\"isPartOf\":{\"@id\":\"https:\/\/www.notibras.com\/site\/#website\"},\"primaryImageOfPage\":{\"@id\":\"https:\/\/www.notibras.com\/site\/cpi-promete-fechar-cerco-contra-sujeira-da-braskem\/#primaryimage\"},\"image\":{\"@id\":\"https:\/\/www.notibras.com\/site\/cpi-promete-fechar-cerco-contra-sujeira-da-braskem\/#primaryimage\"},\"thumbnailUrl\":\"https:\/\/www.notibras.com\/site\/wp-content\/uploads\/2024\/02\/imagem_materia-3.jpeg\",\"datePublished\":\"2024-02-22T04:32:33+00:00\",\"dateModified\":\"2024-02-22T12:38:52+00:00\",\"breadcrumb\":{\"@id\":\"https:\/\/www.notibras.com\/site\/cpi-promete-fechar-cerco-contra-sujeira-da-braskem\/#breadcrumb\"},\"inLanguage\":\"pt-BR\",\"potentialAction\":[{\"@type\":\"ReadAction\",\"target\":[\"https:\/\/www.notibras.com\/site\/cpi-promete-fechar-cerco-contra-sujeira-da-braskem\/\"]}]},{\"@type\":\"ImageObject\",\"inLanguage\":\"pt-BR\",\"@id\":\"https:\/\/www.notibras.com\/site\/cpi-promete-fechar-cerco-contra-sujeira-da-braskem\/#primaryimage\",\"url\":\"https:\/\/www.notibras.com\/site\/wp-content\/uploads\/2024\/02\/imagem_materia-3.jpeg\",\"contentUrl\":\"https:\/\/www.notibras.com\/site\/wp-content\/uploads\/2024\/02\/imagem_materia-3.jpeg\",\"width\":860,\"height\":570},{\"@type\":\"BreadcrumbList\",\"@id\":\"https:\/\/www.notibras.com\/site\/cpi-promete-fechar-cerco-contra-sujeira-da-braskem\/#breadcrumb\",\"itemListElement\":[{\"@type\":\"ListItem\",\"position\":1,\"name\":\"In\u00edcio\",\"item\":\"https:\/\/www.notibras.com\/site\/\"},{\"@type\":\"ListItem\",\"position\":2,\"name\":\"CPI promete fechar cerco contra sujeira da Braskem\"}]},{\"@type\":\"WebSite\",\"@id\":\"https:\/\/www.notibras.com\/site\/#website\",\"url\":\"https:\/\/www.notibras.com\/site\/\",\"name\":\"Notibras\",\"description\":\"Not\u00edcias de Bras\u00edlia, do Brasil e do Mundo\",\"publisher\":{\"@id\":\"https:\/\/www.notibras.com\/site\/#organization\"},\"potentialAction\":[{\"@type\":\"SearchAction\",\"target\":{\"@type\":\"EntryPoint\",\"urlTemplate\":\"https:\/\/www.notibras.com\/site\/?s={search_term_string}\"},\"query-input\":{\"@type\":\"PropertyValueSpecification\",\"valueRequired\":true,\"valueName\":\"search_term_string\"}}],\"inLanguage\":\"pt-BR\"},{\"@type\":\"Organization\",\"@id\":\"https:\/\/www.notibras.com\/site\/#organization\",\"name\":\"Grupo Notibras de Comunica\u00e7\u00e3o\",\"url\":\"https:\/\/www.notibras.com\/site\/\",\"logo\":{\"@type\":\"ImageObject\",\"inLanguage\":\"pt-BR\",\"@id\":\"https:\/\/www.notibras.com\/site\/#\/schema\/logo\/image\/\",\"url\":\"https:\/\/www.notibras.com\/site\/wp-content\/uploads\/2023\/01\/notibras23.png\",\"contentUrl\":\"https:\/\/www.notibras.com\/site\/wp-content\/uploads\/2023\/01\/notibras23.png\",\"width\":350,\"height\":87,\"caption\":\"Grupo Notibras de Comunica\u00e7\u00e3o\"},\"image\":{\"@id\":\"https:\/\/www.notibras.com\/site\/#\/schema\/logo\/image\/\"},\"sameAs\":[\"https:\/\/www.facebook.com\/notibras\/\",\"https:\/\/x.com\/Notibras\",\"https:\/\/www.instagram.com\/notibras\/\"]},{\"@type\":\"Person\",\"@id\":\"https:\/\/www.notibras.com\/site\/#\/schema\/person\/36ab0979449956132d3e5b517ea76ac8\",\"name\":\"Reda\u00e7\u00e3o\",\"image\":{\"@type\":\"ImageObject\",\"inLanguage\":\"pt-BR\",\"@id\":\"https:\/\/secure.gravatar.com\/avatar\/e0a867bdedb85fd243eadf09663511f96fc81e0720a4a42581f334ad4303aa6b?s=96&d=mm&r=g\",\"url\":\"https:\/\/secure.gravatar.com\/avatar\/e0a867bdedb85fd243eadf09663511f96fc81e0720a4a42581f334ad4303aa6b?s=96&d=mm&r=g\",\"contentUrl\":\"https:\/\/secure.gravatar.com\/avatar\/e0a867bdedb85fd243eadf09663511f96fc81e0720a4a42581f334ad4303aa6b?s=96&d=mm&r=g\",\"caption\":\"Reda\u00e7\u00e3o\"}}]}<\/script>\n<!-- \/ Yoast SEO plugin. -->","yoast_head_json":{"title":"CPI promete fechar cerco contra sujeira da Braskem - Notibras","robots":{"index":"index","follow":"follow","max-snippet":"max-snippet:-1","max-image-preview":"max-image-preview:large","max-video-preview":"max-video-preview:-1"},"canonical":"https:\/\/www.notibras.com\/site\/cpi-promete-fechar-cerco-contra-sujeira-da-braskem\/","og_locale":"pt_BR","og_type":"article","og_title":"CPI promete fechar cerco contra sujeira da Braskem - Notibras","og_description":"A CPI da Braskem definiu o senador Rog\u00e9rio Carvalho (PT-SE) como relator. Renan Calheiros (MDB-AL), queria o cargo, mas foi alijado da disputa.\u00a0 Omar Aziz, presidente do colegiado, justificou a escolha dizendo que a relatoria precisa ser \u201ctotalmente isenta\u201d. Ele ainda pediu a compreens\u00e3o do senador Renan. \u2014 Sei da sua preocupa\u00e7\u00e3o com o seu [&hellip;]","og_url":"https:\/\/www.notibras.com\/site\/cpi-promete-fechar-cerco-contra-sujeira-da-braskem\/","og_site_name":"Notibras","article_publisher":"https:\/\/www.facebook.com\/notibras\/","article_published_time":"2024-02-22T04:32:33+00:00","article_modified_time":"2024-02-22T12:38:52+00:00","og_image":[{"width":860,"height":570,"url":"https:\/\/www.notibras.com\/site\/wp-content\/uploads\/2024\/02\/imagem_materia-3.jpeg","type":"image\/jpeg"}],"author":"Reda\u00e7\u00e3o","twitter_card":"summary_large_image","twitter_creator":"@Notibras","twitter_site":"@Notibras","twitter_misc":{"Escrito por":"Reda\u00e7\u00e3o","Est. tempo de leitura":"4 minutos"},"schema":{"@context":"https:\/\/schema.org","@graph":[{"@type":"Article","@id":"https:\/\/www.notibras.com\/site\/cpi-promete-fechar-cerco-contra-sujeira-da-braskem\/#article","isPartOf":{"@id":"https:\/\/www.notibras.com\/site\/cpi-promete-fechar-cerco-contra-sujeira-da-braskem\/"},"author":{"name":"Reda\u00e7\u00e3o","@id":"https:\/\/www.notibras.com\/site\/#\/schema\/person\/36ab0979449956132d3e5b517ea76ac8"},"headline":"CPI promete fechar cerco contra sujeira da Braskem","datePublished":"2024-02-22T04:32:33+00:00","dateModified":"2024-02-22T12:38:52+00:00","mainEntityOfPage":{"@id":"https:\/\/www.notibras.com\/site\/cpi-promete-fechar-cerco-contra-sujeira-da-braskem\/"},"wordCount":780,"publisher":{"@id":"https:\/\/www.notibras.com\/site\/#organization"},"image":{"@id":"https:\/\/www.notibras.com\/site\/cpi-promete-fechar-cerco-contra-sujeira-da-braskem\/#primaryimage"},"thumbnailUrl":"https:\/\/www.notibras.com\/site\/wp-content\/uploads\/2024\/02\/imagem_materia-3.jpeg","articleSection":["Alagoas","Nordeste"],"inLanguage":"pt-BR"},{"@type":"WebPage","@id":"https:\/\/www.notibras.com\/site\/cpi-promete-fechar-cerco-contra-sujeira-da-braskem\/","url":"https:\/\/www.notibras.com\/site\/cpi-promete-fechar-cerco-contra-sujeira-da-braskem\/","name":"CPI promete fechar cerco contra sujeira da Braskem - Notibras","isPartOf":{"@id":"https:\/\/www.notibras.com\/site\/#website"},"primaryImageOfPage":{"@id":"https:\/\/www.notibras.com\/site\/cpi-promete-fechar-cerco-contra-sujeira-da-braskem\/#primaryimage"},"image":{"@id":"https:\/\/www.notibras.com\/site\/cpi-promete-fechar-cerco-contra-sujeira-da-braskem\/#primaryimage"},"thumbnailUrl":"https:\/\/www.notibras.com\/site\/wp-content\/uploads\/2024\/02\/imagem_materia-3.jpeg","datePublished":"2024-02-22T04:32:33+00:00","dateModified":"2024-02-22T12:38:52+00:00","breadcrumb":{"@id":"https:\/\/www.notibras.com\/site\/cpi-promete-fechar-cerco-contra-sujeira-da-braskem\/#breadcrumb"},"inLanguage":"pt-BR","potentialAction":[{"@type":"ReadAction","target":["https:\/\/www.notibras.com\/site\/cpi-promete-fechar-cerco-contra-sujeira-da-braskem\/"]}]},{"@type":"ImageObject","inLanguage":"pt-BR","@id":"https:\/\/www.notibras.com\/site\/cpi-promete-fechar-cerco-contra-sujeira-da-braskem\/#primaryimage","url":"https:\/\/www.notibras.com\/site\/wp-content\/uploads\/2024\/02\/imagem_materia-3.jpeg","contentUrl":"https:\/\/www.notibras.com\/site\/wp-content\/uploads\/2024\/02\/imagem_materia-3.jpeg","width":860,"height":570},{"@type":"BreadcrumbList","@id":"https:\/\/www.notibras.com\/site\/cpi-promete-fechar-cerco-contra-sujeira-da-braskem\/#breadcrumb","itemListElement":[{"@type":"ListItem","position":1,"name":"In\u00edcio","item":"https:\/\/www.notibras.com\/site\/"},{"@type":"ListItem","position":2,"name":"CPI promete fechar cerco contra sujeira da Braskem"}]},{"@type":"WebSite","@id":"https:\/\/www.notibras.com\/site\/#website","url":"https:\/\/www.notibras.com\/site\/","name":"Notibras","description":"Not\u00edcias de Bras\u00edlia, do Brasil e do Mundo","publisher":{"@id":"https:\/\/www.notibras.com\/site\/#organization"},"potentialAction":[{"@type":"SearchAction","target":{"@type":"EntryPoint","urlTemplate":"https:\/\/www.notibras.com\/site\/?s={search_term_string}"},"query-input":{"@type":"PropertyValueSpecification","valueRequired":true,"valueName":"search_term_string"}}],"inLanguage":"pt-BR"},{"@type":"Organization","@id":"https:\/\/www.notibras.com\/site\/#organization","name":"Grupo Notibras de Comunica\u00e7\u00e3o","url":"https:\/\/www.notibras.com\/site\/","logo":{"@type":"ImageObject","inLanguage":"pt-BR","@id":"https:\/\/www.notibras.com\/site\/#\/schema\/logo\/image\/","url":"https:\/\/www.notibras.com\/site\/wp-content\/uploads\/2023\/01\/notibras23.png","contentUrl":"https:\/\/www.notibras.com\/site\/wp-content\/uploads\/2023\/01\/notibras23.png","width":350,"height":87,"caption":"Grupo Notibras de Comunica\u00e7\u00e3o"},"image":{"@id":"https:\/\/www.notibras.com\/site\/#\/schema\/logo\/image\/"},"sameAs":["https:\/\/www.facebook.com\/notibras\/","https:\/\/x.com\/Notibras","https:\/\/www.instagram.com\/notibras\/"]},{"@type":"Person","@id":"https:\/\/www.notibras.com\/site\/#\/schema\/person\/36ab0979449956132d3e5b517ea76ac8","name":"Reda\u00e7\u00e3o","image":{"@type":"ImageObject","inLanguage":"pt-BR","@id":"https:\/\/secure.gravatar.com\/avatar\/e0a867bdedb85fd243eadf09663511f96fc81e0720a4a42581f334ad4303aa6b?s=96&d=mm&r=g","url":"https:\/\/secure.gravatar.com\/avatar\/e0a867bdedb85fd243eadf09663511f96fc81e0720a4a42581f334ad4303aa6b?s=96&d=mm&r=g","contentUrl":"https:\/\/secure.gravatar.com\/avatar\/e0a867bdedb85fd243eadf09663511f96fc81e0720a4a42581f334ad4303aa6b?s=96&d=mm&r=g","caption":"Reda\u00e7\u00e3o"}}]}},"amp_enabled":true,"_links":{"self":[{"href":"https:\/\/www.notibras.com\/site\/wp-json\/wp\/v2\/posts\/322974","targetHints":{"allow":["GET"]}}],"collection":[{"href":"https:\/\/www.notibras.com\/site\/wp-json\/wp\/v2\/posts"}],"about":[{"href":"https:\/\/www.notibras.com\/site\/wp-json\/wp\/v2\/types\/post"}],"author":[{"embeddable":true,"href":"https:\/\/www.notibras.com\/site\/wp-json\/wp\/v2\/users\/2"}],"replies":[{"embeddable":true,"href":"https:\/\/www.notibras.com\/site\/wp-json\/wp\/v2\/comments?post=322974"}],"version-history":[{"count":1,"href":"https:\/\/www.notibras.com\/site\/wp-json\/wp\/v2\/posts\/322974\/revisions"}],"predecessor-version":[{"id":322976,"href":"https:\/\/www.notibras.com\/site\/wp-json\/wp\/v2\/posts\/322974\/revisions\/322976"}],"wp:featuredmedia":[{"embeddable":true,"href":"https:\/\/www.notibras.com\/site\/wp-json\/wp\/v2\/media\/322975"}],"wp:attachment":[{"href":"https:\/\/www.notibras.com\/site\/wp-json\/wp\/v2\/media?parent=322974"}],"wp:term":[{"taxonomy":"category","embeddable":true,"href":"https:\/\/www.notibras.com\/site\/wp-json\/wp\/v2\/categories?post=322974"},{"taxonomy":"post_tag","embeddable":true,"href":"https:\/\/www.notibras.com\/site\/wp-json\/wp\/v2\/tags?post=322974"}],"curies":[{"name":"wp","href":"https:\/\/api.w.org\/{rel}","templated":true}]}}