{"id":322997,"date":"2024-02-23T08:40:14","date_gmt":"2024-02-23T11:40:14","guid":{"rendered":"https:\/\/www.notibras.com\/site\/?p=322997"},"modified":"2024-02-23T09:22:16","modified_gmt":"2024-02-23T12:22:16","slug":"brasilia-e-vice-campea-de-bebum-que-bate-no-campo-da-esperanca","status":"publish","type":"post","link":"https:\/\/www.notibras.com\/site\/brasilia-e-vice-campea-de-bebum-que-bate-no-campo-da-esperanca\/","title":{"rendered":"Bras\u00edlia \u00e9 vice campe\u00e3 de bebum que bate no Campo da Esperan\u00e7a"},"content":{"rendered":"<p>No Distrito Federal, um em cada quatro indiv\u00edduos apresentou consumo abusivo de bebidas alco\u00f3licas no ano passado, conforme dados do boletim epidemiol\u00f3gico mais recente da Secretaria de Sa\u00fade (SES-DF) sobre o tema. O resultado corresponde ao per\u00edodo de 2019 e 2023 e posiciona a unidade da federa\u00e7\u00e3o no segundo lugar do ranking de ingest\u00e3o excessiva por habitantes das capitais do Brasil, atr\u00e1s apenas de Salvador, com 28,9% ante os 25,7% da popula\u00e7\u00e3o distrital.<\/p>\n<p>A Organiza\u00e7\u00e3o Mundial da Sa\u00fade (OMS) considera que a depend\u00eancia em drogas l\u00edcitas ou il\u00edcitas \u00e9 uma doen\u00e7a. O uso indevido de subst\u00e2ncias como \u00e1lcool, cigarro, crack e coca\u00edna \u00e9 um problema de sa\u00fade p\u00fablica e tamb\u00e9m um fator de risco associado \u00e0s doen\u00e7as e agravos n\u00e3o transmiss\u00edveis, que englobam acidentes e viol\u00eancia \u2013 as principais causas de morbimortalidade em todo o mundo.<\/p>\n<p>Vinte de fevereiro \u00e9 marcado como o Dia Nacional de Combate \u00e0s Drogas e ao Alcoolismo, oportunidade em que \u00e9 lan\u00e7ado um olhar para as a\u00e7\u00f5es capazes de minimizar o consumo e prevenir as doen\u00e7as e os agravos n\u00e3o transmiss\u00edveis.<\/p>\n<p>Estima-se que o \u00e1lcool seja respons\u00e1vel por mais de tr\u00eas milh\u00f5es de mortes por ano em todo o mundo, correspondente a 5,3% do total de \u00f3bitos \u2013 uma dentre 20 ocorr\u00eancias fatais, de acordo com a OMS. No DF, entre 2016 e 2021, ocorreram 3.227 mortes por causas plenamente atribu\u00edveis ao \u00e1lcool, alcan\u00e7ando a taxa de 23,9 \u00f3bitos por 100 mil habitantes no \u00faltimo ano. As fatalidades s\u00e3o predominantes no sexo masculino \u2013 91% das mortes em 2021.<\/p>\n<p>Estudos destacam a relev\u00e2ncia dos fatores gen\u00e9ticos na transmiss\u00e3o da vulnerabilidade \u00e0s depend\u00eancias. Nesses casos, o desenvolvimento do transtorno \u00e9 resultado da associa\u00e7\u00e3o de condi\u00e7\u00f5es biol\u00f3gicas heredit\u00e1rias a situa\u00e7\u00f5es ambientais ao longo da vida.<\/p>\n<p>A enfermeira Angelita Bandeira, integrante da equipe do Centro de Aten\u00e7\u00e3o Psicossocial para tratamento de \u00c1lcool e outras Drogas (Caps AD) II de Santa Maria \u2013 Flor de L\u00f3tus, destaca que qualquer pessoa est\u00e1 suscet\u00edvel \u00e0 depend\u00eancia qu\u00edmica. \u201cEm muitas situa\u00e7\u00f5es, a diferen\u00e7a est\u00e1 em ser exposto ou n\u00e3o \u00e0 tal subst\u00e2ncia\u201d, afirma.<\/p>\n<p>Tadeu da Silva, 51, percorre os espa\u00e7os do Caps AD II de Santa Maria com desenvoltura. Vestido com cal\u00e7a e camisa social coberta por uma jaqueta de veludo estava pronto para ir ao cinema \u201ccom a turma\u201d. Ele acabava de sair da reuni\u00e3o do grupo An\u00e1lise \u2013 destinado \u00e0 partilha e reflex\u00f5es sobre as experi\u00eancias pessoais dos integrantes. \u201cHoje estou aqui \u2018arrumadinho\u2019, mas n\u00e3o cheguei ao centro assim\u201d, declara.<\/p>\n<p>Antes de ingressar no Caps Flor de L\u00f3tus, em fevereiro de 2022, in\u00fameras foram as tentativas de enfrentar a depend\u00eancia do \u00e1lcool. Percebendo os resultados alcan\u00e7ados por si e pelos colegas, o morador de Santa Maria buscou dedicar-se totalmente ao tratamento neste ano. Frequentador da unidade de sa\u00fade por at\u00e9 quatro vezes na semana, faz quest\u00e3o de frisar: \u201cO tratamento \u00e9 a longo prazo. N\u00e3o posso dizer que \u00e9 como um passe de m\u00e1gica, que voc\u00ea ficar\u00e1 bom de um dia para o outro. Essa doen\u00e7a n\u00e3o tem cura. N\u00e3o existe um rem\u00e9dio para a depend\u00eancia qu\u00edmica. O importante \u00e9 a const\u00e2ncia.\u201d<\/p>\n<p>Diante das dificuldades, encontrou no servi\u00e7o especializado de sa\u00fade mental da Secretaria de Sa\u00fade (SES-DF) o suporte fundamental para as suas conquistas. \u201cEu disse em uma reuni\u00e3o para toda a equipe que eles acreditaram em mim quando nem eu mesmo estava mais acreditando\u201d, relata com gratid\u00e3o.<\/p>\n<p>O zelo ao paciente assistido, \u00e0 hist\u00f3ria de cada indiv\u00edduo, \u00e9 um dos cuidados da equipe multiprofissional da Rede de Aten\u00e7\u00e3o Psicossocial. \u201cApesar de ser uma doen\u00e7a, enxergamos a depend\u00eancia qu\u00edmica tamb\u00e9m como um sintoma: o reflexo de uma longa trajet\u00f3ria pessoal. \u00c0s vezes, ela surge por um hist\u00f3rico inteiro de abusos, neglig\u00eancias\u2026 No come\u00e7o, a droga \u00e9 tida como um rem\u00e9dio; mas logo passa a ser a causa de todo o tipo de preju\u00edzo\u201d, argumenta Bandeira.<\/p>\n<p>A SES-DF oferece um amplo atendimento aos pacientes que sofrem com depend\u00eancia de \u00e1lcool e drogas. Nas unidades b\u00e1sicas de sa\u00fade (UBSs), \u00e9 poss\u00edvel encontrar acompanhamento de profissionais da Estrat\u00e9gia Sa\u00fade da Fam\u00edlia (ESF), como m\u00e9dicos, enfermeiros, psic\u00f3logos, nutricionistas, farmac\u00eauticos, dentre outros especialistas, para acompanhamento de enfermidades que possam ter sido desenvolvidas em decorr\u00eancia do abuso dessas subst\u00e2ncias.<\/p>\n<p>Para a coordenadora de Aten\u00e7\u00e3o Prim\u00e1ria \u00e0 Sa\u00fade (APS), Sandra Ara\u00fajo de Fran\u00e7a, as UBSs s\u00e3o um ambiente seguro e confi\u00e1vel para buscar aux\u00edlio. \u201cCom a garantia de m\u00e1xima confidencialidade, as unidades oferecem um espa\u00e7o para estrat\u00e9gias personalizadas, integrando a gest\u00e3o do \u00e1lcool e contribuindo na constru\u00e7\u00e3o de comunidades mais saud\u00e1veis e resilientes\u201d, explica.<\/p>\n<p>Caso seja identificada a necessidade de tratamento mais intenso, \u00e9 realizado o encaminhamento a um Caps AD, que atende jovens a partir de 16 anos. O DF conta com sete dessas unidades, sendo duas com funcionamento 24 horas, incluindo fins de semana e feriados, localizadas em Ceil\u00e2ndia e no Setor Comercial Sul. As demais, com atendimentos di\u00e1rios, ficam no Guar\u00e1, Santa Maria, Sobradinho, Itapo\u00e3 e Samambaia..<\/p>\n","protected":false},"excerpt":{"rendered":"<p>No Distrito Federal, um em cada quatro indiv\u00edduos apresentou consumo abusivo de bebidas alco\u00f3licas no ano passado, conforme dados do boletim epidemiol\u00f3gico mais recente da Secretaria de Sa\u00fade (SES-DF) sobre o tema. O resultado corresponde ao per\u00edodo de 2019 e 2023 e posiciona a unidade da federa\u00e7\u00e3o no segundo lugar do ranking de ingest\u00e3o excessiva [&hellip;]<\/p>\n","protected":false},"author":2,"featured_media":322998,"comment_status":"closed","ping_status":"closed","sticky":false,"template":"","format":"standard","meta":{"_acf_changed":false,"footnotes":""},"categories":[161],"tags":[95],"class_list":["post-322997","post","type-post","status-publish","format-standard","has-post-thumbnail","hentry","category-quadradinho-em-foco","tag-capa"],"acf":[],"yoast_head":"<!-- This site is optimized with the Yoast SEO plugin v27.2 - https:\/\/yoast.com\/product\/yoast-seo-wordpress\/ -->\n<title>Bras\u00edlia \u00e9 vice campe\u00e3 de bebum que bate no Campo da Esperan\u00e7a - Notibras<\/title>\n<meta name=\"robots\" content=\"index, follow, max-snippet:-1, max-image-preview:large, max-video-preview:-1\" \/>\n<link rel=\"canonical\" href=\"https:\/\/www.notibras.com\/site\/brasilia-e-vice-campea-de-bebum-que-bate-no-campo-da-esperanca\/\" \/>\n<meta property=\"og:locale\" content=\"pt_BR\" \/>\n<meta property=\"og:type\" content=\"article\" \/>\n<meta property=\"og:title\" content=\"Bras\u00edlia \u00e9 vice campe\u00e3 de bebum que bate no Campo da Esperan\u00e7a - Notibras\" \/>\n<meta property=\"og:description\" content=\"No Distrito Federal, um em cada quatro indiv\u00edduos apresentou consumo abusivo de bebidas alco\u00f3licas no ano passado, conforme dados do boletim epidemiol\u00f3gico mais recente da Secretaria de Sa\u00fade (SES-DF) sobre o tema. O resultado corresponde ao per\u00edodo de 2019 e 2023 e posiciona a unidade da federa\u00e7\u00e3o no segundo lugar do ranking de ingest\u00e3o excessiva [&hellip;]\" \/>\n<meta property=\"og:url\" content=\"https:\/\/www.notibras.com\/site\/brasilia-e-vice-campea-de-bebum-que-bate-no-campo-da-esperanca\/\" \/>\n<meta property=\"og:site_name\" content=\"Notibras\" \/>\n<meta property=\"article:publisher\" content=\"https:\/\/www.facebook.com\/notibras\/\" \/>\n<meta property=\"article:published_time\" content=\"2024-02-23T11:40:14+00:00\" \/>\n<meta property=\"article:modified_time\" content=\"2024-02-23T12:22:16+00:00\" \/>\n<meta property=\"og:image\" content=\"https:\/\/www.notibras.com\/site\/wp-content\/uploads\/2024\/02\/WhatsApp-Image-2024-02-22-at-20.32.31.jpeg\" \/>\n\t<meta property=\"og:image:width\" content=\"800\" \/>\n\t<meta property=\"og:image:height\" content=\"600\" \/>\n\t<meta property=\"og:image:type\" content=\"image\/jpeg\" \/>\n<meta name=\"author\" content=\"Reda\u00e7\u00e3o\" \/>\n<meta name=\"twitter:card\" content=\"summary_large_image\" \/>\n<meta name=\"twitter:creator\" content=\"@Notibras\" \/>\n<meta name=\"twitter:site\" content=\"@Notibras\" \/>\n<meta name=\"twitter:label1\" content=\"Escrito por\" \/>\n\t<meta name=\"twitter:data1\" content=\"Reda\u00e7\u00e3o\" \/>\n\t<meta name=\"twitter:label2\" content=\"Est. tempo de leitura\" \/>\n\t<meta name=\"twitter:data2\" content=\"5 minutos\" \/>\n<script type=\"application\/ld+json\" class=\"yoast-schema-graph\">{\"@context\":\"https:\/\/schema.org\",\"@graph\":[{\"@type\":\"Article\",\"@id\":\"https:\/\/www.notibras.com\/site\/brasilia-e-vice-campea-de-bebum-que-bate-no-campo-da-esperanca\/#article\",\"isPartOf\":{\"@id\":\"https:\/\/www.notibras.com\/site\/brasilia-e-vice-campea-de-bebum-que-bate-no-campo-da-esperanca\/\"},\"author\":{\"name\":\"Reda\u00e7\u00e3o\",\"@id\":\"https:\/\/www.notibras.com\/site\/#\/schema\/person\/36ab0979449956132d3e5b517ea76ac8\"},\"headline\":\"Bras\u00edlia \u00e9 vice campe\u00e3 de bebum que bate no Campo da Esperan\u00e7a\",\"datePublished\":\"2024-02-23T11:40:14+00:00\",\"dateModified\":\"2024-02-23T12:22:16+00:00\",\"mainEntityOfPage\":{\"@id\":\"https:\/\/www.notibras.com\/site\/brasilia-e-vice-campea-de-bebum-que-bate-no-campo-da-esperanca\/\"},\"wordCount\":909,\"publisher\":{\"@id\":\"https:\/\/www.notibras.com\/site\/#organization\"},\"image\":{\"@id\":\"https:\/\/www.notibras.com\/site\/brasilia-e-vice-campea-de-bebum-que-bate-no-campo-da-esperanca\/#primaryimage\"},\"thumbnailUrl\":\"https:\/\/www.notibras.com\/site\/wp-content\/uploads\/2024\/02\/WhatsApp-Image-2024-02-22-at-20.32.31.jpeg\",\"keywords\":[\"capa\"],\"articleSection\":[\"Quadradinho em Foco\"],\"inLanguage\":\"pt-BR\"},{\"@type\":\"WebPage\",\"@id\":\"https:\/\/www.notibras.com\/site\/brasilia-e-vice-campea-de-bebum-que-bate-no-campo-da-esperanca\/\",\"url\":\"https:\/\/www.notibras.com\/site\/brasilia-e-vice-campea-de-bebum-que-bate-no-campo-da-esperanca\/\",\"name\":\"Bras\u00edlia \u00e9 vice campe\u00e3 de bebum que bate no Campo da Esperan\u00e7a - Notibras\",\"isPartOf\":{\"@id\":\"https:\/\/www.notibras.com\/site\/#website\"},\"primaryImageOfPage\":{\"@id\":\"https:\/\/www.notibras.com\/site\/brasilia-e-vice-campea-de-bebum-que-bate-no-campo-da-esperanca\/#primaryimage\"},\"image\":{\"@id\":\"https:\/\/www.notibras.com\/site\/brasilia-e-vice-campea-de-bebum-que-bate-no-campo-da-esperanca\/#primaryimage\"},\"thumbnailUrl\":\"https:\/\/www.notibras.com\/site\/wp-content\/uploads\/2024\/02\/WhatsApp-Image-2024-02-22-at-20.32.31.jpeg\",\"datePublished\":\"2024-02-23T11:40:14+00:00\",\"dateModified\":\"2024-02-23T12:22:16+00:00\",\"breadcrumb\":{\"@id\":\"https:\/\/www.notibras.com\/site\/brasilia-e-vice-campea-de-bebum-que-bate-no-campo-da-esperanca\/#breadcrumb\"},\"inLanguage\":\"pt-BR\",\"potentialAction\":[{\"@type\":\"ReadAction\",\"target\":[\"https:\/\/www.notibras.com\/site\/brasilia-e-vice-campea-de-bebum-que-bate-no-campo-da-esperanca\/\"]}]},{\"@type\":\"ImageObject\",\"inLanguage\":\"pt-BR\",\"@id\":\"https:\/\/www.notibras.com\/site\/brasilia-e-vice-campea-de-bebum-que-bate-no-campo-da-esperanca\/#primaryimage\",\"url\":\"https:\/\/www.notibras.com\/site\/wp-content\/uploads\/2024\/02\/WhatsApp-Image-2024-02-22-at-20.32.31.jpeg\",\"contentUrl\":\"https:\/\/www.notibras.com\/site\/wp-content\/uploads\/2024\/02\/WhatsApp-Image-2024-02-22-at-20.32.31.jpeg\",\"width\":800,\"height\":600},{\"@type\":\"BreadcrumbList\",\"@id\":\"https:\/\/www.notibras.com\/site\/brasilia-e-vice-campea-de-bebum-que-bate-no-campo-da-esperanca\/#breadcrumb\",\"itemListElement\":[{\"@type\":\"ListItem\",\"position\":1,\"name\":\"In\u00edcio\",\"item\":\"https:\/\/www.notibras.com\/site\/\"},{\"@type\":\"ListItem\",\"position\":2,\"name\":\"Bras\u00edlia \u00e9 vice campe\u00e3 de bebum que bate no Campo da Esperan\u00e7a\"}]},{\"@type\":\"WebSite\",\"@id\":\"https:\/\/www.notibras.com\/site\/#website\",\"url\":\"https:\/\/www.notibras.com\/site\/\",\"name\":\"Notibras\",\"description\":\"Not\u00edcias de Bras\u00edlia, do Brasil e do Mundo\",\"publisher\":{\"@id\":\"https:\/\/www.notibras.com\/site\/#organization\"},\"potentialAction\":[{\"@type\":\"SearchAction\",\"target\":{\"@type\":\"EntryPoint\",\"urlTemplate\":\"https:\/\/www.notibras.com\/site\/?s={search_term_string}\"},\"query-input\":{\"@type\":\"PropertyValueSpecification\",\"valueRequired\":true,\"valueName\":\"search_term_string\"}}],\"inLanguage\":\"pt-BR\"},{\"@type\":\"Organization\",\"@id\":\"https:\/\/www.notibras.com\/site\/#organization\",\"name\":\"Grupo Notibras de Comunica\u00e7\u00e3o\",\"url\":\"https:\/\/www.notibras.com\/site\/\",\"logo\":{\"@type\":\"ImageObject\",\"inLanguage\":\"pt-BR\",\"@id\":\"https:\/\/www.notibras.com\/site\/#\/schema\/logo\/image\/\",\"url\":\"https:\/\/www.notibras.com\/site\/wp-content\/uploads\/2023\/01\/notibras23.png\",\"contentUrl\":\"https:\/\/www.notibras.com\/site\/wp-content\/uploads\/2023\/01\/notibras23.png\",\"width\":350,\"height\":87,\"caption\":\"Grupo Notibras de Comunica\u00e7\u00e3o\"},\"image\":{\"@id\":\"https:\/\/www.notibras.com\/site\/#\/schema\/logo\/image\/\"},\"sameAs\":[\"https:\/\/www.facebook.com\/notibras\/\",\"https:\/\/x.com\/Notibras\",\"https:\/\/www.instagram.com\/notibras\/\"]},{\"@type\":\"Person\",\"@id\":\"https:\/\/www.notibras.com\/site\/#\/schema\/person\/36ab0979449956132d3e5b517ea76ac8\",\"name\":\"Reda\u00e7\u00e3o\",\"image\":{\"@type\":\"ImageObject\",\"inLanguage\":\"pt-BR\",\"@id\":\"https:\/\/secure.gravatar.com\/avatar\/e0a867bdedb85fd243eadf09663511f96fc81e0720a4a42581f334ad4303aa6b?s=96&d=mm&r=g\",\"url\":\"https:\/\/secure.gravatar.com\/avatar\/e0a867bdedb85fd243eadf09663511f96fc81e0720a4a42581f334ad4303aa6b?s=96&d=mm&r=g\",\"contentUrl\":\"https:\/\/secure.gravatar.com\/avatar\/e0a867bdedb85fd243eadf09663511f96fc81e0720a4a42581f334ad4303aa6b?s=96&d=mm&r=g\",\"caption\":\"Reda\u00e7\u00e3o\"}}]}<\/script>\n<!-- \/ Yoast SEO plugin. -->","yoast_head_json":{"title":"Bras\u00edlia \u00e9 vice campe\u00e3 de bebum que bate no Campo da Esperan\u00e7a - Notibras","robots":{"index":"index","follow":"follow","max-snippet":"max-snippet:-1","max-image-preview":"max-image-preview:large","max-video-preview":"max-video-preview:-1"},"canonical":"https:\/\/www.notibras.com\/site\/brasilia-e-vice-campea-de-bebum-que-bate-no-campo-da-esperanca\/","og_locale":"pt_BR","og_type":"article","og_title":"Bras\u00edlia \u00e9 vice campe\u00e3 de bebum que bate no Campo da Esperan\u00e7a - Notibras","og_description":"No Distrito Federal, um em cada quatro indiv\u00edduos apresentou consumo abusivo de bebidas alco\u00f3licas no ano passado, conforme dados do boletim epidemiol\u00f3gico mais recente da Secretaria de Sa\u00fade (SES-DF) sobre o tema. O resultado corresponde ao per\u00edodo de 2019 e 2023 e posiciona a unidade da federa\u00e7\u00e3o no segundo lugar do ranking de ingest\u00e3o excessiva [&hellip;]","og_url":"https:\/\/www.notibras.com\/site\/brasilia-e-vice-campea-de-bebum-que-bate-no-campo-da-esperanca\/","og_site_name":"Notibras","article_publisher":"https:\/\/www.facebook.com\/notibras\/","article_published_time":"2024-02-23T11:40:14+00:00","article_modified_time":"2024-02-23T12:22:16+00:00","og_image":[{"width":800,"height":600,"url":"https:\/\/www.notibras.com\/site\/wp-content\/uploads\/2024\/02\/WhatsApp-Image-2024-02-22-at-20.32.31.jpeg","type":"image\/jpeg"}],"author":"Reda\u00e7\u00e3o","twitter_card":"summary_large_image","twitter_creator":"@Notibras","twitter_site":"@Notibras","twitter_misc":{"Escrito por":"Reda\u00e7\u00e3o","Est. tempo de leitura":"5 minutos"},"schema":{"@context":"https:\/\/schema.org","@graph":[{"@type":"Article","@id":"https:\/\/www.notibras.com\/site\/brasilia-e-vice-campea-de-bebum-que-bate-no-campo-da-esperanca\/#article","isPartOf":{"@id":"https:\/\/www.notibras.com\/site\/brasilia-e-vice-campea-de-bebum-que-bate-no-campo-da-esperanca\/"},"author":{"name":"Reda\u00e7\u00e3o","@id":"https:\/\/www.notibras.com\/site\/#\/schema\/person\/36ab0979449956132d3e5b517ea76ac8"},"headline":"Bras\u00edlia \u00e9 vice campe\u00e3 de bebum que bate no Campo da Esperan\u00e7a","datePublished":"2024-02-23T11:40:14+00:00","dateModified":"2024-02-23T12:22:16+00:00","mainEntityOfPage":{"@id":"https:\/\/www.notibras.com\/site\/brasilia-e-vice-campea-de-bebum-que-bate-no-campo-da-esperanca\/"},"wordCount":909,"publisher":{"@id":"https:\/\/www.notibras.com\/site\/#organization"},"image":{"@id":"https:\/\/www.notibras.com\/site\/brasilia-e-vice-campea-de-bebum-que-bate-no-campo-da-esperanca\/#primaryimage"},"thumbnailUrl":"https:\/\/www.notibras.com\/site\/wp-content\/uploads\/2024\/02\/WhatsApp-Image-2024-02-22-at-20.32.31.jpeg","keywords":["capa"],"articleSection":["Quadradinho em Foco"],"inLanguage":"pt-BR"},{"@type":"WebPage","@id":"https:\/\/www.notibras.com\/site\/brasilia-e-vice-campea-de-bebum-que-bate-no-campo-da-esperanca\/","url":"https:\/\/www.notibras.com\/site\/brasilia-e-vice-campea-de-bebum-que-bate-no-campo-da-esperanca\/","name":"Bras\u00edlia \u00e9 vice campe\u00e3 de bebum que bate no Campo da Esperan\u00e7a - Notibras","isPartOf":{"@id":"https:\/\/www.notibras.com\/site\/#website"},"primaryImageOfPage":{"@id":"https:\/\/www.notibras.com\/site\/brasilia-e-vice-campea-de-bebum-que-bate-no-campo-da-esperanca\/#primaryimage"},"image":{"@id":"https:\/\/www.notibras.com\/site\/brasilia-e-vice-campea-de-bebum-que-bate-no-campo-da-esperanca\/#primaryimage"},"thumbnailUrl":"https:\/\/www.notibras.com\/site\/wp-content\/uploads\/2024\/02\/WhatsApp-Image-2024-02-22-at-20.32.31.jpeg","datePublished":"2024-02-23T11:40:14+00:00","dateModified":"2024-02-23T12:22:16+00:00","breadcrumb":{"@id":"https:\/\/www.notibras.com\/site\/brasilia-e-vice-campea-de-bebum-que-bate-no-campo-da-esperanca\/#breadcrumb"},"inLanguage":"pt-BR","potentialAction":[{"@type":"ReadAction","target":["https:\/\/www.notibras.com\/site\/brasilia-e-vice-campea-de-bebum-que-bate-no-campo-da-esperanca\/"]}]},{"@type":"ImageObject","inLanguage":"pt-BR","@id":"https:\/\/www.notibras.com\/site\/brasilia-e-vice-campea-de-bebum-que-bate-no-campo-da-esperanca\/#primaryimage","url":"https:\/\/www.notibras.com\/site\/wp-content\/uploads\/2024\/02\/WhatsApp-Image-2024-02-22-at-20.32.31.jpeg","contentUrl":"https:\/\/www.notibras.com\/site\/wp-content\/uploads\/2024\/02\/WhatsApp-Image-2024-02-22-at-20.32.31.jpeg","width":800,"height":600},{"@type":"BreadcrumbList","@id":"https:\/\/www.notibras.com\/site\/brasilia-e-vice-campea-de-bebum-que-bate-no-campo-da-esperanca\/#breadcrumb","itemListElement":[{"@type":"ListItem","position":1,"name":"In\u00edcio","item":"https:\/\/www.notibras.com\/site\/"},{"@type":"ListItem","position":2,"name":"Bras\u00edlia \u00e9 vice campe\u00e3 de bebum que bate no Campo da Esperan\u00e7a"}]},{"@type":"WebSite","@id":"https:\/\/www.notibras.com\/site\/#website","url":"https:\/\/www.notibras.com\/site\/","name":"Notibras","description":"Not\u00edcias de Bras\u00edlia, do Brasil e do Mundo","publisher":{"@id":"https:\/\/www.notibras.com\/site\/#organization"},"potentialAction":[{"@type":"SearchAction","target":{"@type":"EntryPoint","urlTemplate":"https:\/\/www.notibras.com\/site\/?s={search_term_string}"},"query-input":{"@type":"PropertyValueSpecification","valueRequired":true,"valueName":"search_term_string"}}],"inLanguage":"pt-BR"},{"@type":"Organization","@id":"https:\/\/www.notibras.com\/site\/#organization","name":"Grupo Notibras de Comunica\u00e7\u00e3o","url":"https:\/\/www.notibras.com\/site\/","logo":{"@type":"ImageObject","inLanguage":"pt-BR","@id":"https:\/\/www.notibras.com\/site\/#\/schema\/logo\/image\/","url":"https:\/\/www.notibras.com\/site\/wp-content\/uploads\/2023\/01\/notibras23.png","contentUrl":"https:\/\/www.notibras.com\/site\/wp-content\/uploads\/2023\/01\/notibras23.png","width":350,"height":87,"caption":"Grupo Notibras de Comunica\u00e7\u00e3o"},"image":{"@id":"https:\/\/www.notibras.com\/site\/#\/schema\/logo\/image\/"},"sameAs":["https:\/\/www.facebook.com\/notibras\/","https:\/\/x.com\/Notibras","https:\/\/www.instagram.com\/notibras\/"]},{"@type":"Person","@id":"https:\/\/www.notibras.com\/site\/#\/schema\/person\/36ab0979449956132d3e5b517ea76ac8","name":"Reda\u00e7\u00e3o","image":{"@type":"ImageObject","inLanguage":"pt-BR","@id":"https:\/\/secure.gravatar.com\/avatar\/e0a867bdedb85fd243eadf09663511f96fc81e0720a4a42581f334ad4303aa6b?s=96&d=mm&r=g","url":"https:\/\/secure.gravatar.com\/avatar\/e0a867bdedb85fd243eadf09663511f96fc81e0720a4a42581f334ad4303aa6b?s=96&d=mm&r=g","contentUrl":"https:\/\/secure.gravatar.com\/avatar\/e0a867bdedb85fd243eadf09663511f96fc81e0720a4a42581f334ad4303aa6b?s=96&d=mm&r=g","caption":"Reda\u00e7\u00e3o"}}]}},"amp_enabled":true,"_links":{"self":[{"href":"https:\/\/www.notibras.com\/site\/wp-json\/wp\/v2\/posts\/322997","targetHints":{"allow":["GET"]}}],"collection":[{"href":"https:\/\/www.notibras.com\/site\/wp-json\/wp\/v2\/posts"}],"about":[{"href":"https:\/\/www.notibras.com\/site\/wp-json\/wp\/v2\/types\/post"}],"author":[{"embeddable":true,"href":"https:\/\/www.notibras.com\/site\/wp-json\/wp\/v2\/users\/2"}],"replies":[{"embeddable":true,"href":"https:\/\/www.notibras.com\/site\/wp-json\/wp\/v2\/comments?post=322997"}],"version-history":[{"count":5,"href":"https:\/\/www.notibras.com\/site\/wp-json\/wp\/v2\/posts\/322997\/revisions"}],"predecessor-version":[{"id":323003,"href":"https:\/\/www.notibras.com\/site\/wp-json\/wp\/v2\/posts\/322997\/revisions\/323003"}],"wp:featuredmedia":[{"embeddable":true,"href":"https:\/\/www.notibras.com\/site\/wp-json\/wp\/v2\/media\/322998"}],"wp:attachment":[{"href":"https:\/\/www.notibras.com\/site\/wp-json\/wp\/v2\/media?parent=322997"}],"wp:term":[{"taxonomy":"category","embeddable":true,"href":"https:\/\/www.notibras.com\/site\/wp-json\/wp\/v2\/categories?post=322997"},{"taxonomy":"post_tag","embeddable":true,"href":"https:\/\/www.notibras.com\/site\/wp-json\/wp\/v2\/tags?post=322997"}],"curies":[{"name":"wp","href":"https:\/\/api.w.org\/{rel}","templated":true}]}}