{"id":323004,"date":"2024-02-23T00:09:23","date_gmt":"2024-02-23T03:09:23","guid":{"rendered":"https:\/\/www.notibras.com\/site\/?p=323004"},"modified":"2024-02-23T08:14:29","modified_gmt":"2024-02-23T11:14:29","slug":"brasilia-tera-mais-4-bilhoes-de-reais-para-investimentos","status":"publish","type":"post","link":"https:\/\/www.notibras.com\/site\/brasilia-tera-mais-4-bilhoes-de-reais-para-investimentos\/","title":{"rendered":"Bras\u00edlia ter\u00e1 mais 4 bilh\u00f5es de reais para investimentos"},"content":{"rendered":"<p>O bom cen\u00e1rio econ\u00f4mico do Distrito Federal foi apresentado ao Grupo de L\u00edderes Empresariais (Lide), em encontro na quinta-feira (22), no Lago Sul. As a\u00e7\u00f5es do governo v\u00e3o permitir o investimento de mais R$ 4 bilh\u00f5es em programas e obras importantes para a capital somente com recursos pr\u00f3prios, valor que pode chegar a R$ 6 bilh\u00f5es com empr\u00e9stimos da Uni\u00e3o e de organismos internacionais.<\/p>\n<p>Esse f\u00f4lego nos investimentos ocorre ap\u00f3s o DF atingir a Capacidade de Pagamento (Capag) A. Esse \u00e9 um \u00edndice do governo federal que mede a sa\u00fade financeira das unidades da federa\u00e7\u00e3o e define quanto os estados podem captar em empr\u00e9stimos junto \u00e0 Uni\u00e3o.<\/p>\n<p>Em 2021, o DF passou da letra C para a letra B na Capag, algo que n\u00e3o ocorria desde 2014, e agora em 2024 ele atingiu a letra A, medida que foi comemorada pelo governador Ibaneis Rocha.<\/p>\n<p>\u201cViemos trabalhando desde 2019, n\u00e3o podemos dizer que est\u00e1 folgado o or\u00e7amento, porque a gente trabalha com muitas intemp\u00e9ries. N\u00f3s come\u00e7amos o ano, por exemplo, com a crise da dengue, que \u00e9 muito forte, e a gente tem que fazer grandes investimentos. Estamos mantendo o caixa em dia para pagar sal\u00e1rios em dia, para dar reajuste para os servidores e fazer as obras. Estamos mantendo as contas do Distrito Federal em dia exatamente por isso. Com isso, conseguimos uma coisa muito importante, que \u00e9 a capacidade de investimento na cidade. Sa\u00edmos da Capag C para a Capag A. Isso faz com que o DF tenha uma capacidade de investimento muito maior\u201d, explicou o governador Ibaneis Rocha.<\/p>\n<p>A metodologia da Secretaria do Tesouro Nacional (STN) para avaliar a capacidade dos estados e munic\u00edpios de tomarem empr\u00e9stimos \u00e9 dividida em tr\u00eas pilares: endividamento, poupan\u00e7a corrente e liquidez. Ou seja, \u00e9 considerada a rela\u00e7\u00e3o entre receitas e despesas para se fazer o diagn\u00f3stico da sa\u00fade fiscal.<\/p>\n<p><strong>Melhora no cen\u00e1rio econ\u00f4mico<\/strong><br \/>\nO encontro do Lide reuniu o setor produtivo e membros do GDF, incluindo o governador Ibaneis Rocha, a vice-governadora Celina Le\u00e3o e o secret\u00e1rio de Economia, Ney Ferraz, respons\u00e1vel pela apresenta\u00e7\u00e3o dos n\u00fameros aos participantes.<\/p>\n<p>Em sua fala, Ney Ferraz citou o super\u00e1vit de R$ 2,6 bilh\u00f5es em 2023, o maior da hist\u00f3ria do DF, abordou as 8,7 mil nomea\u00e7\u00f5es de servidores p\u00fablicos desde o ano passado e a garantia dos pagamentos em dia de contratos do governo. Ele tamb\u00e9m trouxe uma proposta de cria\u00e7\u00e3o de uma c\u00e2mara t\u00e9cnica envolvendo o governo e o setor produtivo para avaliar cen\u00e1rios da economia, propor e contribuir com pol\u00edticas p\u00fablicas e manter o di\u00e1logo constante.<\/p>\n<p>O secret\u00e1rio explicou que as perspectivas para 2024 n\u00e3o eram as melhores, visto o impacto provocado pelas leis federais 192\/2022 e 194\/2022, que alteraram o ICMS dos combust\u00edveis, da energia e das comunica\u00e7\u00f5es. Mesmo assim, o GDF fechou o ano passado com um super\u00e1vit de R$ 2,6 bilh\u00f5es, o maior da hist\u00f3ria do DF.<\/p>\n<p>\u201cNo ano de 2024, j\u00e1 tendo esse colch\u00e3o e melhores perspectivas nos \u00e2mbitos distrital e federal, tudo leva a crer que n\u00f3s vamos ter um ano mais saud\u00e1vel financeiramente para podermos garantir a folha de pagamento dos servidores, os aumentos que o governador j\u00e1 implementou, bem como os programas sociais, expans\u00f5es da sa\u00fade, da educa\u00e7\u00e3o e das obras. Tudo isso visa garantir o or\u00e7amento para que tudo isso possa dar aos empres\u00e1rios a garantia do pagamento em dia. Que o mais importante do que fazer as obras \u00e9 pagar a quem faz a economia girar, em dia\u201d, destacou Ney Ferraz.<\/p>\n<p>Ainda segundo o secret\u00e1rio de Economia, a meta em 2024 \u00e9 superar o ano anterior. \u201cN\u00f3s temos essa inten\u00e7\u00e3o de n\u00e3o aumentar os impostos e melhorar a performance da arrecada\u00e7\u00e3o com novos sistemas, com a conscientiza\u00e7\u00e3o da popula\u00e7\u00e3o de exigir as notas fiscais quando adquirir produtos e, acima de tudo, n\u00e3o adianta arrecadar muito, e sim gastar bem\u201d, acrescentou.<\/p>\n<p>Fundado no Brasil em 2003 e presidido na capital da Rep\u00fablica pelo empres\u00e1rio Paulo Oct\u00e1vio, o Lide \u00e9 uma organiza\u00e7\u00e3o que re\u00fane diversos setores com o objetivo de fortalecer a livre iniciativa do desenvolvimento econ\u00f4mico e social.<\/p>\n<p>Na vis\u00e3o de Paulo Oct\u00e1vio, os n\u00fameros apresentados mostram um cen\u00e1rio animador para o DF. \u201cA not\u00edcia do super\u00e1vit \u00e9 muito alvissareira, porque nos permite entender que os investimentos que o governo tem que fazer em sal\u00e1rios, em contrata\u00e7\u00e3o de novos funcion\u00e1rios, no aumento dos sal\u00e1rios que foi prometido, isso pode ser arrumado. E a arrecada\u00e7\u00e3o aumentando significa que teremos muitos eventos, congressos, semin\u00e1rios, a cidade ocupando cada vez mais o seu papel institucional de capital da Rep\u00fablica, cada vez mais efervescente. Isso aquece a economia, gera mais empregos, novas empresas investem em Bras\u00edlia e n\u00f3s temos que atrair empresas mesmo\u201d, elogiou Paulo Oct\u00e1vio.<\/p>\n","protected":false},"excerpt":{"rendered":"<p>O bom cen\u00e1rio econ\u00f4mico do Distrito Federal foi apresentado ao Grupo de L\u00edderes Empresariais (Lide), em encontro na quinta-feira (22), no Lago Sul. As a\u00e7\u00f5es do governo v\u00e3o permitir o investimento de mais R$ 4 bilh\u00f5es em programas e obras importantes para a capital somente com recursos pr\u00f3prios, valor que pode chegar a R$ 6 [&hellip;]<\/p>\n","protected":false},"author":2,"featured_media":323006,"comment_status":"closed","ping_status":"closed","sticky":false,"template":"","format":"standard","meta":{"_acf_changed":false,"footnotes":""},"categories":[161],"tags":[],"class_list":["post-323004","post","type-post","status-publish","format-standard","has-post-thumbnail","hentry","category-quadradinho-em-foco"],"acf":[],"yoast_head":"<!-- This site is optimized with the Yoast SEO plugin v27.2 - https:\/\/yoast.com\/product\/yoast-seo-wordpress\/ -->\n<title>Bras\u00edlia ter\u00e1 mais 4 bilh\u00f5es de reais para investimentos - Notibras<\/title>\n<meta name=\"robots\" content=\"index, follow, max-snippet:-1, max-image-preview:large, max-video-preview:-1\" \/>\n<link rel=\"canonical\" href=\"https:\/\/www.notibras.com\/site\/brasilia-tera-mais-4-bilhoes-de-reais-para-investimentos\/\" \/>\n<meta property=\"og:locale\" content=\"pt_BR\" \/>\n<meta property=\"og:type\" content=\"article\" \/>\n<meta property=\"og:title\" content=\"Bras\u00edlia ter\u00e1 mais 4 bilh\u00f5es de reais para investimentos - Notibras\" \/>\n<meta property=\"og:description\" content=\"O bom cen\u00e1rio econ\u00f4mico do Distrito Federal foi apresentado ao Grupo de L\u00edderes Empresariais (Lide), em encontro na quinta-feira (22), no Lago Sul. As a\u00e7\u00f5es do governo v\u00e3o permitir o investimento de mais R$ 4 bilh\u00f5es em programas e obras importantes para a capital somente com recursos pr\u00f3prios, valor que pode chegar a R$ 6 [&hellip;]\" \/>\n<meta property=\"og:url\" content=\"https:\/\/www.notibras.com\/site\/brasilia-tera-mais-4-bilhoes-de-reais-para-investimentos\/\" \/>\n<meta property=\"og:site_name\" content=\"Notibras\" \/>\n<meta property=\"article:publisher\" content=\"https:\/\/www.facebook.com\/notibras\/\" \/>\n<meta property=\"article:published_time\" content=\"2024-02-23T03:09:23+00:00\" \/>\n<meta property=\"article:modified_time\" content=\"2024-02-23T11:14:29+00:00\" \/>\n<meta property=\"og:image\" content=\"https:\/\/www.notibras.com\/site\/wp-content\/uploads\/2024\/02\/a200d3de-fa39-4701-b9bd-d4f5bbeeaa1e.jpeg\" \/>\n\t<meta property=\"og:image:width\" content=\"1200\" \/>\n\t<meta property=\"og:image:height\" content=\"800\" \/>\n\t<meta property=\"og:image:type\" content=\"image\/jpeg\" \/>\n<meta name=\"author\" content=\"Reda\u00e7\u00e3o\" \/>\n<meta name=\"twitter:card\" content=\"summary_large_image\" \/>\n<meta name=\"twitter:creator\" content=\"@Notibras\" \/>\n<meta name=\"twitter:site\" content=\"@Notibras\" \/>\n<meta name=\"twitter:label1\" content=\"Escrito por\" \/>\n\t<meta name=\"twitter:data1\" content=\"Reda\u00e7\u00e3o\" \/>\n\t<meta name=\"twitter:label2\" content=\"Est. tempo de leitura\" \/>\n\t<meta name=\"twitter:data2\" content=\"5 minutos\" \/>\n<script type=\"application\/ld+json\" class=\"yoast-schema-graph\">{\"@context\":\"https:\/\/schema.org\",\"@graph\":[{\"@type\":\"Article\",\"@id\":\"https:\/\/www.notibras.com\/site\/brasilia-tera-mais-4-bilhoes-de-reais-para-investimentos\/#article\",\"isPartOf\":{\"@id\":\"https:\/\/www.notibras.com\/site\/brasilia-tera-mais-4-bilhoes-de-reais-para-investimentos\/\"},\"author\":{\"name\":\"Reda\u00e7\u00e3o\",\"@id\":\"https:\/\/www.notibras.com\/site\/#\/schema\/person\/36ab0979449956132d3e5b517ea76ac8\"},\"headline\":\"Bras\u00edlia ter\u00e1 mais 4 bilh\u00f5es de reais para investimentos\",\"datePublished\":\"2024-02-23T03:09:23+00:00\",\"dateModified\":\"2024-02-23T11:14:29+00:00\",\"mainEntityOfPage\":{\"@id\":\"https:\/\/www.notibras.com\/site\/brasilia-tera-mais-4-bilhoes-de-reais-para-investimentos\/\"},\"wordCount\":856,\"publisher\":{\"@id\":\"https:\/\/www.notibras.com\/site\/#organization\"},\"image\":{\"@id\":\"https:\/\/www.notibras.com\/site\/brasilia-tera-mais-4-bilhoes-de-reais-para-investimentos\/#primaryimage\"},\"thumbnailUrl\":\"https:\/\/www.notibras.com\/site\/wp-content\/uploads\/2024\/02\/a200d3de-fa39-4701-b9bd-d4f5bbeeaa1e.jpeg\",\"articleSection\":[\"Quadradinho em Foco\"],\"inLanguage\":\"pt-BR\"},{\"@type\":\"WebPage\",\"@id\":\"https:\/\/www.notibras.com\/site\/brasilia-tera-mais-4-bilhoes-de-reais-para-investimentos\/\",\"url\":\"https:\/\/www.notibras.com\/site\/brasilia-tera-mais-4-bilhoes-de-reais-para-investimentos\/\",\"name\":\"Bras\u00edlia ter\u00e1 mais 4 bilh\u00f5es de reais para investimentos - Notibras\",\"isPartOf\":{\"@id\":\"https:\/\/www.notibras.com\/site\/#website\"},\"primaryImageOfPage\":{\"@id\":\"https:\/\/www.notibras.com\/site\/brasilia-tera-mais-4-bilhoes-de-reais-para-investimentos\/#primaryimage\"},\"image\":{\"@id\":\"https:\/\/www.notibras.com\/site\/brasilia-tera-mais-4-bilhoes-de-reais-para-investimentos\/#primaryimage\"},\"thumbnailUrl\":\"https:\/\/www.notibras.com\/site\/wp-content\/uploads\/2024\/02\/a200d3de-fa39-4701-b9bd-d4f5bbeeaa1e.jpeg\",\"datePublished\":\"2024-02-23T03:09:23+00:00\",\"dateModified\":\"2024-02-23T11:14:29+00:00\",\"breadcrumb\":{\"@id\":\"https:\/\/www.notibras.com\/site\/brasilia-tera-mais-4-bilhoes-de-reais-para-investimentos\/#breadcrumb\"},\"inLanguage\":\"pt-BR\",\"potentialAction\":[{\"@type\":\"ReadAction\",\"target\":[\"https:\/\/www.notibras.com\/site\/brasilia-tera-mais-4-bilhoes-de-reais-para-investimentos\/\"]}]},{\"@type\":\"ImageObject\",\"inLanguage\":\"pt-BR\",\"@id\":\"https:\/\/www.notibras.com\/site\/brasilia-tera-mais-4-bilhoes-de-reais-para-investimentos\/#primaryimage\",\"url\":\"https:\/\/www.notibras.com\/site\/wp-content\/uploads\/2024\/02\/a200d3de-fa39-4701-b9bd-d4f5bbeeaa1e.jpeg\",\"contentUrl\":\"https:\/\/www.notibras.com\/site\/wp-content\/uploads\/2024\/02\/a200d3de-fa39-4701-b9bd-d4f5bbeeaa1e.jpeg\",\"width\":1200,\"height\":800},{\"@type\":\"BreadcrumbList\",\"@id\":\"https:\/\/www.notibras.com\/site\/brasilia-tera-mais-4-bilhoes-de-reais-para-investimentos\/#breadcrumb\",\"itemListElement\":[{\"@type\":\"ListItem\",\"position\":1,\"name\":\"In\u00edcio\",\"item\":\"https:\/\/www.notibras.com\/site\/\"},{\"@type\":\"ListItem\",\"position\":2,\"name\":\"Bras\u00edlia ter\u00e1 mais 4 bilh\u00f5es de reais para investimentos\"}]},{\"@type\":\"WebSite\",\"@id\":\"https:\/\/www.notibras.com\/site\/#website\",\"url\":\"https:\/\/www.notibras.com\/site\/\",\"name\":\"Notibras\",\"description\":\"Not\u00edcias de Bras\u00edlia, do Brasil e do Mundo\",\"publisher\":{\"@id\":\"https:\/\/www.notibras.com\/site\/#organization\"},\"potentialAction\":[{\"@type\":\"SearchAction\",\"target\":{\"@type\":\"EntryPoint\",\"urlTemplate\":\"https:\/\/www.notibras.com\/site\/?s={search_term_string}\"},\"query-input\":{\"@type\":\"PropertyValueSpecification\",\"valueRequired\":true,\"valueName\":\"search_term_string\"}}],\"inLanguage\":\"pt-BR\"},{\"@type\":\"Organization\",\"@id\":\"https:\/\/www.notibras.com\/site\/#organization\",\"name\":\"Grupo Notibras de Comunica\u00e7\u00e3o\",\"url\":\"https:\/\/www.notibras.com\/site\/\",\"logo\":{\"@type\":\"ImageObject\",\"inLanguage\":\"pt-BR\",\"@id\":\"https:\/\/www.notibras.com\/site\/#\/schema\/logo\/image\/\",\"url\":\"https:\/\/www.notibras.com\/site\/wp-content\/uploads\/2023\/01\/notibras23.png\",\"contentUrl\":\"https:\/\/www.notibras.com\/site\/wp-content\/uploads\/2023\/01\/notibras23.png\",\"width\":350,\"height\":87,\"caption\":\"Grupo Notibras de Comunica\u00e7\u00e3o\"},\"image\":{\"@id\":\"https:\/\/www.notibras.com\/site\/#\/schema\/logo\/image\/\"},\"sameAs\":[\"https:\/\/www.facebook.com\/notibras\/\",\"https:\/\/x.com\/Notibras\",\"https:\/\/www.instagram.com\/notibras\/\"]},{\"@type\":\"Person\",\"@id\":\"https:\/\/www.notibras.com\/site\/#\/schema\/person\/36ab0979449956132d3e5b517ea76ac8\",\"name\":\"Reda\u00e7\u00e3o\",\"image\":{\"@type\":\"ImageObject\",\"inLanguage\":\"pt-BR\",\"@id\":\"https:\/\/secure.gravatar.com\/avatar\/e0a867bdedb85fd243eadf09663511f96fc81e0720a4a42581f334ad4303aa6b?s=96&d=mm&r=g\",\"url\":\"https:\/\/secure.gravatar.com\/avatar\/e0a867bdedb85fd243eadf09663511f96fc81e0720a4a42581f334ad4303aa6b?s=96&d=mm&r=g\",\"contentUrl\":\"https:\/\/secure.gravatar.com\/avatar\/e0a867bdedb85fd243eadf09663511f96fc81e0720a4a42581f334ad4303aa6b?s=96&d=mm&r=g\",\"caption\":\"Reda\u00e7\u00e3o\"}}]}<\/script>\n<!-- \/ Yoast SEO plugin. -->","yoast_head_json":{"title":"Bras\u00edlia ter\u00e1 mais 4 bilh\u00f5es de reais para investimentos - Notibras","robots":{"index":"index","follow":"follow","max-snippet":"max-snippet:-1","max-image-preview":"max-image-preview:large","max-video-preview":"max-video-preview:-1"},"canonical":"https:\/\/www.notibras.com\/site\/brasilia-tera-mais-4-bilhoes-de-reais-para-investimentos\/","og_locale":"pt_BR","og_type":"article","og_title":"Bras\u00edlia ter\u00e1 mais 4 bilh\u00f5es de reais para investimentos - Notibras","og_description":"O bom cen\u00e1rio econ\u00f4mico do Distrito Federal foi apresentado ao Grupo de L\u00edderes Empresariais (Lide), em encontro na quinta-feira (22), no Lago Sul. As a\u00e7\u00f5es do governo v\u00e3o permitir o investimento de mais R$ 4 bilh\u00f5es em programas e obras importantes para a capital somente com recursos pr\u00f3prios, valor que pode chegar a R$ 6 [&hellip;]","og_url":"https:\/\/www.notibras.com\/site\/brasilia-tera-mais-4-bilhoes-de-reais-para-investimentos\/","og_site_name":"Notibras","article_publisher":"https:\/\/www.facebook.com\/notibras\/","article_published_time":"2024-02-23T03:09:23+00:00","article_modified_time":"2024-02-23T11:14:29+00:00","og_image":[{"width":1200,"height":800,"url":"https:\/\/www.notibras.com\/site\/wp-content\/uploads\/2024\/02\/a200d3de-fa39-4701-b9bd-d4f5bbeeaa1e.jpeg","type":"image\/jpeg"}],"author":"Reda\u00e7\u00e3o","twitter_card":"summary_large_image","twitter_creator":"@Notibras","twitter_site":"@Notibras","twitter_misc":{"Escrito por":"Reda\u00e7\u00e3o","Est. tempo de leitura":"5 minutos"},"schema":{"@context":"https:\/\/schema.org","@graph":[{"@type":"Article","@id":"https:\/\/www.notibras.com\/site\/brasilia-tera-mais-4-bilhoes-de-reais-para-investimentos\/#article","isPartOf":{"@id":"https:\/\/www.notibras.com\/site\/brasilia-tera-mais-4-bilhoes-de-reais-para-investimentos\/"},"author":{"name":"Reda\u00e7\u00e3o","@id":"https:\/\/www.notibras.com\/site\/#\/schema\/person\/36ab0979449956132d3e5b517ea76ac8"},"headline":"Bras\u00edlia ter\u00e1 mais 4 bilh\u00f5es de reais para investimentos","datePublished":"2024-02-23T03:09:23+00:00","dateModified":"2024-02-23T11:14:29+00:00","mainEntityOfPage":{"@id":"https:\/\/www.notibras.com\/site\/brasilia-tera-mais-4-bilhoes-de-reais-para-investimentos\/"},"wordCount":856,"publisher":{"@id":"https:\/\/www.notibras.com\/site\/#organization"},"image":{"@id":"https:\/\/www.notibras.com\/site\/brasilia-tera-mais-4-bilhoes-de-reais-para-investimentos\/#primaryimage"},"thumbnailUrl":"https:\/\/www.notibras.com\/site\/wp-content\/uploads\/2024\/02\/a200d3de-fa39-4701-b9bd-d4f5bbeeaa1e.jpeg","articleSection":["Quadradinho em Foco"],"inLanguage":"pt-BR"},{"@type":"WebPage","@id":"https:\/\/www.notibras.com\/site\/brasilia-tera-mais-4-bilhoes-de-reais-para-investimentos\/","url":"https:\/\/www.notibras.com\/site\/brasilia-tera-mais-4-bilhoes-de-reais-para-investimentos\/","name":"Bras\u00edlia ter\u00e1 mais 4 bilh\u00f5es de reais para investimentos - Notibras","isPartOf":{"@id":"https:\/\/www.notibras.com\/site\/#website"},"primaryImageOfPage":{"@id":"https:\/\/www.notibras.com\/site\/brasilia-tera-mais-4-bilhoes-de-reais-para-investimentos\/#primaryimage"},"image":{"@id":"https:\/\/www.notibras.com\/site\/brasilia-tera-mais-4-bilhoes-de-reais-para-investimentos\/#primaryimage"},"thumbnailUrl":"https:\/\/www.notibras.com\/site\/wp-content\/uploads\/2024\/02\/a200d3de-fa39-4701-b9bd-d4f5bbeeaa1e.jpeg","datePublished":"2024-02-23T03:09:23+00:00","dateModified":"2024-02-23T11:14:29+00:00","breadcrumb":{"@id":"https:\/\/www.notibras.com\/site\/brasilia-tera-mais-4-bilhoes-de-reais-para-investimentos\/#breadcrumb"},"inLanguage":"pt-BR","potentialAction":[{"@type":"ReadAction","target":["https:\/\/www.notibras.com\/site\/brasilia-tera-mais-4-bilhoes-de-reais-para-investimentos\/"]}]},{"@type":"ImageObject","inLanguage":"pt-BR","@id":"https:\/\/www.notibras.com\/site\/brasilia-tera-mais-4-bilhoes-de-reais-para-investimentos\/#primaryimage","url":"https:\/\/www.notibras.com\/site\/wp-content\/uploads\/2024\/02\/a200d3de-fa39-4701-b9bd-d4f5bbeeaa1e.jpeg","contentUrl":"https:\/\/www.notibras.com\/site\/wp-content\/uploads\/2024\/02\/a200d3de-fa39-4701-b9bd-d4f5bbeeaa1e.jpeg","width":1200,"height":800},{"@type":"BreadcrumbList","@id":"https:\/\/www.notibras.com\/site\/brasilia-tera-mais-4-bilhoes-de-reais-para-investimentos\/#breadcrumb","itemListElement":[{"@type":"ListItem","position":1,"name":"In\u00edcio","item":"https:\/\/www.notibras.com\/site\/"},{"@type":"ListItem","position":2,"name":"Bras\u00edlia ter\u00e1 mais 4 bilh\u00f5es de reais para investimentos"}]},{"@type":"WebSite","@id":"https:\/\/www.notibras.com\/site\/#website","url":"https:\/\/www.notibras.com\/site\/","name":"Notibras","description":"Not\u00edcias de Bras\u00edlia, do Brasil e do Mundo","publisher":{"@id":"https:\/\/www.notibras.com\/site\/#organization"},"potentialAction":[{"@type":"SearchAction","target":{"@type":"EntryPoint","urlTemplate":"https:\/\/www.notibras.com\/site\/?s={search_term_string}"},"query-input":{"@type":"PropertyValueSpecification","valueRequired":true,"valueName":"search_term_string"}}],"inLanguage":"pt-BR"},{"@type":"Organization","@id":"https:\/\/www.notibras.com\/site\/#organization","name":"Grupo Notibras de Comunica\u00e7\u00e3o","url":"https:\/\/www.notibras.com\/site\/","logo":{"@type":"ImageObject","inLanguage":"pt-BR","@id":"https:\/\/www.notibras.com\/site\/#\/schema\/logo\/image\/","url":"https:\/\/www.notibras.com\/site\/wp-content\/uploads\/2023\/01\/notibras23.png","contentUrl":"https:\/\/www.notibras.com\/site\/wp-content\/uploads\/2023\/01\/notibras23.png","width":350,"height":87,"caption":"Grupo Notibras de Comunica\u00e7\u00e3o"},"image":{"@id":"https:\/\/www.notibras.com\/site\/#\/schema\/logo\/image\/"},"sameAs":["https:\/\/www.facebook.com\/notibras\/","https:\/\/x.com\/Notibras","https:\/\/www.instagram.com\/notibras\/"]},{"@type":"Person","@id":"https:\/\/www.notibras.com\/site\/#\/schema\/person\/36ab0979449956132d3e5b517ea76ac8","name":"Reda\u00e7\u00e3o","image":{"@type":"ImageObject","inLanguage":"pt-BR","@id":"https:\/\/secure.gravatar.com\/avatar\/e0a867bdedb85fd243eadf09663511f96fc81e0720a4a42581f334ad4303aa6b?s=96&d=mm&r=g","url":"https:\/\/secure.gravatar.com\/avatar\/e0a867bdedb85fd243eadf09663511f96fc81e0720a4a42581f334ad4303aa6b?s=96&d=mm&r=g","contentUrl":"https:\/\/secure.gravatar.com\/avatar\/e0a867bdedb85fd243eadf09663511f96fc81e0720a4a42581f334ad4303aa6b?s=96&d=mm&r=g","caption":"Reda\u00e7\u00e3o"}}]}},"amp_enabled":true,"_links":{"self":[{"href":"https:\/\/www.notibras.com\/site\/wp-json\/wp\/v2\/posts\/323004","targetHints":{"allow":["GET"]}}],"collection":[{"href":"https:\/\/www.notibras.com\/site\/wp-json\/wp\/v2\/posts"}],"about":[{"href":"https:\/\/www.notibras.com\/site\/wp-json\/wp\/v2\/types\/post"}],"author":[{"embeddable":true,"href":"https:\/\/www.notibras.com\/site\/wp-json\/wp\/v2\/users\/2"}],"replies":[{"embeddable":true,"href":"https:\/\/www.notibras.com\/site\/wp-json\/wp\/v2\/comments?post=323004"}],"version-history":[{"count":1,"href":"https:\/\/www.notibras.com\/site\/wp-json\/wp\/v2\/posts\/323004\/revisions"}],"predecessor-version":[{"id":323007,"href":"https:\/\/www.notibras.com\/site\/wp-json\/wp\/v2\/posts\/323004\/revisions\/323007"}],"wp:featuredmedia":[{"embeddable":true,"href":"https:\/\/www.notibras.com\/site\/wp-json\/wp\/v2\/media\/323006"}],"wp:attachment":[{"href":"https:\/\/www.notibras.com\/site\/wp-json\/wp\/v2\/media?parent=323004"}],"wp:term":[{"taxonomy":"category","embeddable":true,"href":"https:\/\/www.notibras.com\/site\/wp-json\/wp\/v2\/categories?post=323004"},{"taxonomy":"post_tag","embeddable":true,"href":"https:\/\/www.notibras.com\/site\/wp-json\/wp\/v2\/tags?post=323004"}],"curies":[{"name":"wp","href":"https:\/\/api.w.org\/{rel}","templated":true}]}}