{"id":323016,"date":"2024-02-23T00:00:04","date_gmt":"2024-02-23T03:00:04","guid":{"rendered":"https:\/\/www.notibras.com\/site\/?p=323016"},"modified":"2024-02-23T08:35:17","modified_gmt":"2024-02-23T11:35:17","slug":"governo-intensifica-acoes-contra-mosquito-no-plano-piloto","status":"publish","type":"post","link":"https:\/\/www.notibras.com\/site\/governo-intensifica-acoes-contra-mosquito-no-plano-piloto\/","title":{"rendered":"Governo intensifica a\u00e7\u00f5es contra mosquito no Plano Piloto"},"content":{"rendered":"<p>O Governo do Distrital Federal (GDF), por meio da Administra\u00e7\u00e3o do Plano Piloto, t\u00eam intensificado as a\u00e7\u00f5es de combate ao mosquito Aedes aegypti \u2013 transmissor da dengue, zika v\u00edrus e chikungunya \u2013 na regi\u00e3o do Plano Piloto e vilas Telebras\u00edlia e Planalto. Agentes da Vigil\u00e2ncia Ambiental (Dival) da Secretaria de Sa\u00fade est\u00e3o promovendo mutir\u00f5es orientativos e educativos junto \u00e0s comunidades dessas regi\u00f5es.<\/p>\n<p>Os servidores est\u00e3o passando de casa em casa para fazer vistoria nas resid\u00eancias e avaliar poss\u00edveis criadouros do mosquito, bem como proceder com orienta\u00e7\u00f5es e aplica\u00e7\u00e3o de inseticida. Nos dias 27 e 28, as quadras das 700 e 900 Sul ser\u00e3o percorridas pelo mutir\u00e3o.<\/p>\n<p>O administrador regional do Plano Piloto explica que, h\u00e1 alguns meses, as campanhas de combate \u00e0 dengue que j\u00e1 estavam sendo promovidas na regi\u00e3o foram intensificadas. \u201cO mutir\u00e3o de orienta\u00e7\u00e3o e as visitas n\u00e3o t\u00eam a inten\u00e7\u00e3o de punir ningu\u00e9m, mas sim orientar e conscientizar a popula\u00e7\u00e3o, que tamb\u00e9m precisa fazer a parte dela para conter a prolifera\u00e7\u00e3o de mosquitos\u201d, esclarece Valdemar Medeiros.<\/p>\n<p><strong>Opera\u00e7\u00e3o<\/strong><br \/>\nO ac\u00famulo irregular de res\u00edduos em terrenos baldios ou resid\u00eancias contribui para que os recipientes acumulem \u00e1gua e se tornem potenciais criadouros do mosquito Aedes aegypti, transmissor da doen\u00e7a. Para amenizar o problema, equipes da RA recolhem diariamente cerca de 50 toneladas de inserv\u00edveis, como entulhos, lixo verde, restos de obras, pneus velhos, garrafas e latas, entre outros.<\/p>\n<p>A administra\u00e7\u00e3o conta nas opera\u00e7\u00f5es com a participa\u00e7\u00e3o de equipes de diversos \u00f3rg\u00e3os do GDF, incluindo a Subsecretaria de Vigil\u00e2ncia \u00e0 Sa\u00fade, Novacap, SLU, Corpo de Bombeiros, DF Legal e Detran.<\/p>\n","protected":false},"excerpt":{"rendered":"<p>O Governo do Distrital Federal (GDF), por meio da Administra\u00e7\u00e3o do Plano Piloto, t\u00eam intensificado as a\u00e7\u00f5es de combate ao mosquito Aedes aegypti \u2013 transmissor da dengue, zika v\u00edrus e chikungunya \u2013 na regi\u00e3o do Plano Piloto e vilas Telebras\u00edlia e Planalto. Agentes da Vigil\u00e2ncia Ambiental (Dival) da Secretaria de Sa\u00fade est\u00e3o promovendo mutir\u00f5es orientativos [&hellip;]<\/p>\n","protected":false},"author":2,"featured_media":323017,"comment_status":"closed","ping_status":"closed","sticky":false,"template":"","format":"standard","meta":{"_acf_changed":false,"footnotes":""},"categories":[161],"tags":[],"class_list":["post-323016","post","type-post","status-publish","format-standard","has-post-thumbnail","hentry","category-quadradinho-em-foco"],"acf":[],"yoast_head":"<!-- This site is optimized with the Yoast SEO plugin v27.2 - https:\/\/yoast.com\/product\/yoast-seo-wordpress\/ -->\n<title>Governo intensifica a\u00e7\u00f5es contra mosquito no Plano Piloto - Notibras<\/title>\n<meta name=\"robots\" content=\"index, follow, max-snippet:-1, max-image-preview:large, max-video-preview:-1\" \/>\n<link rel=\"canonical\" href=\"https:\/\/www.notibras.com\/site\/governo-intensifica-acoes-contra-mosquito-no-plano-piloto\/\" \/>\n<meta property=\"og:locale\" content=\"pt_BR\" \/>\n<meta property=\"og:type\" content=\"article\" \/>\n<meta property=\"og:title\" content=\"Governo intensifica a\u00e7\u00f5es contra mosquito no Plano Piloto - Notibras\" \/>\n<meta property=\"og:description\" content=\"O Governo do Distrital Federal (GDF), por meio da Administra\u00e7\u00e3o do Plano Piloto, t\u00eam intensificado as a\u00e7\u00f5es de combate ao mosquito Aedes aegypti \u2013 transmissor da dengue, zika v\u00edrus e chikungunya \u2013 na regi\u00e3o do Plano Piloto e vilas Telebras\u00edlia e Planalto. Agentes da Vigil\u00e2ncia Ambiental (Dival) da Secretaria de Sa\u00fade est\u00e3o promovendo mutir\u00f5es orientativos [&hellip;]\" \/>\n<meta property=\"og:url\" content=\"https:\/\/www.notibras.com\/site\/governo-intensifica-acoes-contra-mosquito-no-plano-piloto\/\" \/>\n<meta property=\"og:site_name\" content=\"Notibras\" \/>\n<meta property=\"article:publisher\" content=\"https:\/\/www.facebook.com\/notibras\/\" \/>\n<meta property=\"article:published_time\" content=\"2024-02-23T03:00:04+00:00\" \/>\n<meta property=\"article:modified_time\" content=\"2024-02-23T11:35:17+00:00\" \/>\n<meta property=\"og:image\" content=\"https:\/\/www.notibras.com\/site\/wp-content\/uploads\/2024\/02\/WhatsApp-Image-2024-02-22-at-17.43.01-1.jpeg\" \/>\n\t<meta property=\"og:image:width\" content=\"1079\" \/>\n\t<meta property=\"og:image:height\" content=\"808\" \/>\n\t<meta property=\"og:image:type\" content=\"image\/jpeg\" \/>\n<meta name=\"author\" content=\"Reda\u00e7\u00e3o\" \/>\n<meta name=\"twitter:card\" content=\"summary_large_image\" \/>\n<meta name=\"twitter:creator\" content=\"@Notibras\" \/>\n<meta name=\"twitter:site\" content=\"@Notibras\" \/>\n<meta name=\"twitter:label1\" content=\"Escrito por\" \/>\n\t<meta name=\"twitter:data1\" content=\"Reda\u00e7\u00e3o\" \/>\n\t<meta name=\"twitter:label2\" content=\"Est. tempo de leitura\" \/>\n\t<meta name=\"twitter:data2\" content=\"2 minutos\" \/>\n<script type=\"application\/ld+json\" class=\"yoast-schema-graph\">{\"@context\":\"https:\/\/schema.org\",\"@graph\":[{\"@type\":\"Article\",\"@id\":\"https:\/\/www.notibras.com\/site\/governo-intensifica-acoes-contra-mosquito-no-plano-piloto\/#article\",\"isPartOf\":{\"@id\":\"https:\/\/www.notibras.com\/site\/governo-intensifica-acoes-contra-mosquito-no-plano-piloto\/\"},\"author\":{\"name\":\"Reda\u00e7\u00e3o\",\"@id\":\"https:\/\/www.notibras.com\/site\/#\/schema\/person\/36ab0979449956132d3e5b517ea76ac8\"},\"headline\":\"Governo intensifica a\u00e7\u00f5es contra mosquito no Plano Piloto\",\"datePublished\":\"2024-02-23T03:00:04+00:00\",\"dateModified\":\"2024-02-23T11:35:17+00:00\",\"mainEntityOfPage\":{\"@id\":\"https:\/\/www.notibras.com\/site\/governo-intensifica-acoes-contra-mosquito-no-plano-piloto\/\"},\"wordCount\":299,\"publisher\":{\"@id\":\"https:\/\/www.notibras.com\/site\/#organization\"},\"image\":{\"@id\":\"https:\/\/www.notibras.com\/site\/governo-intensifica-acoes-contra-mosquito-no-plano-piloto\/#primaryimage\"},\"thumbnailUrl\":\"https:\/\/www.notibras.com\/site\/wp-content\/uploads\/2024\/02\/WhatsApp-Image-2024-02-22-at-17.43.01-1.jpeg\",\"articleSection\":[\"Quadradinho em Foco\"],\"inLanguage\":\"pt-BR\"},{\"@type\":\"WebPage\",\"@id\":\"https:\/\/www.notibras.com\/site\/governo-intensifica-acoes-contra-mosquito-no-plano-piloto\/\",\"url\":\"https:\/\/www.notibras.com\/site\/governo-intensifica-acoes-contra-mosquito-no-plano-piloto\/\",\"name\":\"Governo intensifica a\u00e7\u00f5es contra mosquito no Plano Piloto - Notibras\",\"isPartOf\":{\"@id\":\"https:\/\/www.notibras.com\/site\/#website\"},\"primaryImageOfPage\":{\"@id\":\"https:\/\/www.notibras.com\/site\/governo-intensifica-acoes-contra-mosquito-no-plano-piloto\/#primaryimage\"},\"image\":{\"@id\":\"https:\/\/www.notibras.com\/site\/governo-intensifica-acoes-contra-mosquito-no-plano-piloto\/#primaryimage\"},\"thumbnailUrl\":\"https:\/\/www.notibras.com\/site\/wp-content\/uploads\/2024\/02\/WhatsApp-Image-2024-02-22-at-17.43.01-1.jpeg\",\"datePublished\":\"2024-02-23T03:00:04+00:00\",\"dateModified\":\"2024-02-23T11:35:17+00:00\",\"breadcrumb\":{\"@id\":\"https:\/\/www.notibras.com\/site\/governo-intensifica-acoes-contra-mosquito-no-plano-piloto\/#breadcrumb\"},\"inLanguage\":\"pt-BR\",\"potentialAction\":[{\"@type\":\"ReadAction\",\"target\":[\"https:\/\/www.notibras.com\/site\/governo-intensifica-acoes-contra-mosquito-no-plano-piloto\/\"]}]},{\"@type\":\"ImageObject\",\"inLanguage\":\"pt-BR\",\"@id\":\"https:\/\/www.notibras.com\/site\/governo-intensifica-acoes-contra-mosquito-no-plano-piloto\/#primaryimage\",\"url\":\"https:\/\/www.notibras.com\/site\/wp-content\/uploads\/2024\/02\/WhatsApp-Image-2024-02-22-at-17.43.01-1.jpeg\",\"contentUrl\":\"https:\/\/www.notibras.com\/site\/wp-content\/uploads\/2024\/02\/WhatsApp-Image-2024-02-22-at-17.43.01-1.jpeg\",\"width\":1079,\"height\":808},{\"@type\":\"BreadcrumbList\",\"@id\":\"https:\/\/www.notibras.com\/site\/governo-intensifica-acoes-contra-mosquito-no-plano-piloto\/#breadcrumb\",\"itemListElement\":[{\"@type\":\"ListItem\",\"position\":1,\"name\":\"In\u00edcio\",\"item\":\"https:\/\/www.notibras.com\/site\/\"},{\"@type\":\"ListItem\",\"position\":2,\"name\":\"Governo intensifica a\u00e7\u00f5es contra mosquito no Plano Piloto\"}]},{\"@type\":\"WebSite\",\"@id\":\"https:\/\/www.notibras.com\/site\/#website\",\"url\":\"https:\/\/www.notibras.com\/site\/\",\"name\":\"Notibras\",\"description\":\"Not\u00edcias de Bras\u00edlia, do Brasil e do Mundo\",\"publisher\":{\"@id\":\"https:\/\/www.notibras.com\/site\/#organization\"},\"potentialAction\":[{\"@type\":\"SearchAction\",\"target\":{\"@type\":\"EntryPoint\",\"urlTemplate\":\"https:\/\/www.notibras.com\/site\/?s={search_term_string}\"},\"query-input\":{\"@type\":\"PropertyValueSpecification\",\"valueRequired\":true,\"valueName\":\"search_term_string\"}}],\"inLanguage\":\"pt-BR\"},{\"@type\":\"Organization\",\"@id\":\"https:\/\/www.notibras.com\/site\/#organization\",\"name\":\"Grupo Notibras de Comunica\u00e7\u00e3o\",\"url\":\"https:\/\/www.notibras.com\/site\/\",\"logo\":{\"@type\":\"ImageObject\",\"inLanguage\":\"pt-BR\",\"@id\":\"https:\/\/www.notibras.com\/site\/#\/schema\/logo\/image\/\",\"url\":\"https:\/\/www.notibras.com\/site\/wp-content\/uploads\/2023\/01\/notibras23.png\",\"contentUrl\":\"https:\/\/www.notibras.com\/site\/wp-content\/uploads\/2023\/01\/notibras23.png\",\"width\":350,\"height\":87,\"caption\":\"Grupo Notibras de Comunica\u00e7\u00e3o\"},\"image\":{\"@id\":\"https:\/\/www.notibras.com\/site\/#\/schema\/logo\/image\/\"},\"sameAs\":[\"https:\/\/www.facebook.com\/notibras\/\",\"https:\/\/x.com\/Notibras\",\"https:\/\/www.instagram.com\/notibras\/\"]},{\"@type\":\"Person\",\"@id\":\"https:\/\/www.notibras.com\/site\/#\/schema\/person\/36ab0979449956132d3e5b517ea76ac8\",\"name\":\"Reda\u00e7\u00e3o\",\"image\":{\"@type\":\"ImageObject\",\"inLanguage\":\"pt-BR\",\"@id\":\"https:\/\/secure.gravatar.com\/avatar\/e0a867bdedb85fd243eadf09663511f96fc81e0720a4a42581f334ad4303aa6b?s=96&d=mm&r=g\",\"url\":\"https:\/\/secure.gravatar.com\/avatar\/e0a867bdedb85fd243eadf09663511f96fc81e0720a4a42581f334ad4303aa6b?s=96&d=mm&r=g\",\"contentUrl\":\"https:\/\/secure.gravatar.com\/avatar\/e0a867bdedb85fd243eadf09663511f96fc81e0720a4a42581f334ad4303aa6b?s=96&d=mm&r=g\",\"caption\":\"Reda\u00e7\u00e3o\"}}]}<\/script>\n<!-- \/ Yoast SEO plugin. -->","yoast_head_json":{"title":"Governo intensifica a\u00e7\u00f5es contra mosquito no Plano Piloto - Notibras","robots":{"index":"index","follow":"follow","max-snippet":"max-snippet:-1","max-image-preview":"max-image-preview:large","max-video-preview":"max-video-preview:-1"},"canonical":"https:\/\/www.notibras.com\/site\/governo-intensifica-acoes-contra-mosquito-no-plano-piloto\/","og_locale":"pt_BR","og_type":"article","og_title":"Governo intensifica a\u00e7\u00f5es contra mosquito no Plano Piloto - Notibras","og_description":"O Governo do Distrital Federal (GDF), por meio da Administra\u00e7\u00e3o do Plano Piloto, t\u00eam intensificado as a\u00e7\u00f5es de combate ao mosquito Aedes aegypti \u2013 transmissor da dengue, zika v\u00edrus e chikungunya \u2013 na regi\u00e3o do Plano Piloto e vilas Telebras\u00edlia e Planalto. Agentes da Vigil\u00e2ncia Ambiental (Dival) da Secretaria de Sa\u00fade est\u00e3o promovendo mutir\u00f5es orientativos [&hellip;]","og_url":"https:\/\/www.notibras.com\/site\/governo-intensifica-acoes-contra-mosquito-no-plano-piloto\/","og_site_name":"Notibras","article_publisher":"https:\/\/www.facebook.com\/notibras\/","article_published_time":"2024-02-23T03:00:04+00:00","article_modified_time":"2024-02-23T11:35:17+00:00","og_image":[{"width":1079,"height":808,"url":"https:\/\/www.notibras.com\/site\/wp-content\/uploads\/2024\/02\/WhatsApp-Image-2024-02-22-at-17.43.01-1.jpeg","type":"image\/jpeg"}],"author":"Reda\u00e7\u00e3o","twitter_card":"summary_large_image","twitter_creator":"@Notibras","twitter_site":"@Notibras","twitter_misc":{"Escrito por":"Reda\u00e7\u00e3o","Est. tempo de leitura":"2 minutos"},"schema":{"@context":"https:\/\/schema.org","@graph":[{"@type":"Article","@id":"https:\/\/www.notibras.com\/site\/governo-intensifica-acoes-contra-mosquito-no-plano-piloto\/#article","isPartOf":{"@id":"https:\/\/www.notibras.com\/site\/governo-intensifica-acoes-contra-mosquito-no-plano-piloto\/"},"author":{"name":"Reda\u00e7\u00e3o","@id":"https:\/\/www.notibras.com\/site\/#\/schema\/person\/36ab0979449956132d3e5b517ea76ac8"},"headline":"Governo intensifica a\u00e7\u00f5es contra mosquito no Plano Piloto","datePublished":"2024-02-23T03:00:04+00:00","dateModified":"2024-02-23T11:35:17+00:00","mainEntityOfPage":{"@id":"https:\/\/www.notibras.com\/site\/governo-intensifica-acoes-contra-mosquito-no-plano-piloto\/"},"wordCount":299,"publisher":{"@id":"https:\/\/www.notibras.com\/site\/#organization"},"image":{"@id":"https:\/\/www.notibras.com\/site\/governo-intensifica-acoes-contra-mosquito-no-plano-piloto\/#primaryimage"},"thumbnailUrl":"https:\/\/www.notibras.com\/site\/wp-content\/uploads\/2024\/02\/WhatsApp-Image-2024-02-22-at-17.43.01-1.jpeg","articleSection":["Quadradinho em Foco"],"inLanguage":"pt-BR"},{"@type":"WebPage","@id":"https:\/\/www.notibras.com\/site\/governo-intensifica-acoes-contra-mosquito-no-plano-piloto\/","url":"https:\/\/www.notibras.com\/site\/governo-intensifica-acoes-contra-mosquito-no-plano-piloto\/","name":"Governo intensifica a\u00e7\u00f5es contra mosquito no Plano Piloto - Notibras","isPartOf":{"@id":"https:\/\/www.notibras.com\/site\/#website"},"primaryImageOfPage":{"@id":"https:\/\/www.notibras.com\/site\/governo-intensifica-acoes-contra-mosquito-no-plano-piloto\/#primaryimage"},"image":{"@id":"https:\/\/www.notibras.com\/site\/governo-intensifica-acoes-contra-mosquito-no-plano-piloto\/#primaryimage"},"thumbnailUrl":"https:\/\/www.notibras.com\/site\/wp-content\/uploads\/2024\/02\/WhatsApp-Image-2024-02-22-at-17.43.01-1.jpeg","datePublished":"2024-02-23T03:00:04+00:00","dateModified":"2024-02-23T11:35:17+00:00","breadcrumb":{"@id":"https:\/\/www.notibras.com\/site\/governo-intensifica-acoes-contra-mosquito-no-plano-piloto\/#breadcrumb"},"inLanguage":"pt-BR","potentialAction":[{"@type":"ReadAction","target":["https:\/\/www.notibras.com\/site\/governo-intensifica-acoes-contra-mosquito-no-plano-piloto\/"]}]},{"@type":"ImageObject","inLanguage":"pt-BR","@id":"https:\/\/www.notibras.com\/site\/governo-intensifica-acoes-contra-mosquito-no-plano-piloto\/#primaryimage","url":"https:\/\/www.notibras.com\/site\/wp-content\/uploads\/2024\/02\/WhatsApp-Image-2024-02-22-at-17.43.01-1.jpeg","contentUrl":"https:\/\/www.notibras.com\/site\/wp-content\/uploads\/2024\/02\/WhatsApp-Image-2024-02-22-at-17.43.01-1.jpeg","width":1079,"height":808},{"@type":"BreadcrumbList","@id":"https:\/\/www.notibras.com\/site\/governo-intensifica-acoes-contra-mosquito-no-plano-piloto\/#breadcrumb","itemListElement":[{"@type":"ListItem","position":1,"name":"In\u00edcio","item":"https:\/\/www.notibras.com\/site\/"},{"@type":"ListItem","position":2,"name":"Governo intensifica a\u00e7\u00f5es contra mosquito no Plano Piloto"}]},{"@type":"WebSite","@id":"https:\/\/www.notibras.com\/site\/#website","url":"https:\/\/www.notibras.com\/site\/","name":"Notibras","description":"Not\u00edcias de Bras\u00edlia, do Brasil e do Mundo","publisher":{"@id":"https:\/\/www.notibras.com\/site\/#organization"},"potentialAction":[{"@type":"SearchAction","target":{"@type":"EntryPoint","urlTemplate":"https:\/\/www.notibras.com\/site\/?s={search_term_string}"},"query-input":{"@type":"PropertyValueSpecification","valueRequired":true,"valueName":"search_term_string"}}],"inLanguage":"pt-BR"},{"@type":"Organization","@id":"https:\/\/www.notibras.com\/site\/#organization","name":"Grupo Notibras de Comunica\u00e7\u00e3o","url":"https:\/\/www.notibras.com\/site\/","logo":{"@type":"ImageObject","inLanguage":"pt-BR","@id":"https:\/\/www.notibras.com\/site\/#\/schema\/logo\/image\/","url":"https:\/\/www.notibras.com\/site\/wp-content\/uploads\/2023\/01\/notibras23.png","contentUrl":"https:\/\/www.notibras.com\/site\/wp-content\/uploads\/2023\/01\/notibras23.png","width":350,"height":87,"caption":"Grupo Notibras de Comunica\u00e7\u00e3o"},"image":{"@id":"https:\/\/www.notibras.com\/site\/#\/schema\/logo\/image\/"},"sameAs":["https:\/\/www.facebook.com\/notibras\/","https:\/\/x.com\/Notibras","https:\/\/www.instagram.com\/notibras\/"]},{"@type":"Person","@id":"https:\/\/www.notibras.com\/site\/#\/schema\/person\/36ab0979449956132d3e5b517ea76ac8","name":"Reda\u00e7\u00e3o","image":{"@type":"ImageObject","inLanguage":"pt-BR","@id":"https:\/\/secure.gravatar.com\/avatar\/e0a867bdedb85fd243eadf09663511f96fc81e0720a4a42581f334ad4303aa6b?s=96&d=mm&r=g","url":"https:\/\/secure.gravatar.com\/avatar\/e0a867bdedb85fd243eadf09663511f96fc81e0720a4a42581f334ad4303aa6b?s=96&d=mm&r=g","contentUrl":"https:\/\/secure.gravatar.com\/avatar\/e0a867bdedb85fd243eadf09663511f96fc81e0720a4a42581f334ad4303aa6b?s=96&d=mm&r=g","caption":"Reda\u00e7\u00e3o"}}]}},"amp_enabled":true,"_links":{"self":[{"href":"https:\/\/www.notibras.com\/site\/wp-json\/wp\/v2\/posts\/323016","targetHints":{"allow":["GET"]}}],"collection":[{"href":"https:\/\/www.notibras.com\/site\/wp-json\/wp\/v2\/posts"}],"about":[{"href":"https:\/\/www.notibras.com\/site\/wp-json\/wp\/v2\/types\/post"}],"author":[{"embeddable":true,"href":"https:\/\/www.notibras.com\/site\/wp-json\/wp\/v2\/users\/2"}],"replies":[{"embeddable":true,"href":"https:\/\/www.notibras.com\/site\/wp-json\/wp\/v2\/comments?post=323016"}],"version-history":[{"count":1,"href":"https:\/\/www.notibras.com\/site\/wp-json\/wp\/v2\/posts\/323016\/revisions"}],"predecessor-version":[{"id":323018,"href":"https:\/\/www.notibras.com\/site\/wp-json\/wp\/v2\/posts\/323016\/revisions\/323018"}],"wp:featuredmedia":[{"embeddable":true,"href":"https:\/\/www.notibras.com\/site\/wp-json\/wp\/v2\/media\/323017"}],"wp:attachment":[{"href":"https:\/\/www.notibras.com\/site\/wp-json\/wp\/v2\/media?parent=323016"}],"wp:term":[{"taxonomy":"category","embeddable":true,"href":"https:\/\/www.notibras.com\/site\/wp-json\/wp\/v2\/categories?post=323016"},{"taxonomy":"post_tag","embeddable":true,"href":"https:\/\/www.notibras.com\/site\/wp-json\/wp\/v2\/tags?post=323016"}],"curies":[{"name":"wp","href":"https:\/\/api.w.org\/{rel}","templated":true}]}}