{"id":323021,"date":"2024-02-23T09:04:27","date_gmt":"2024-02-23T12:04:27","guid":{"rendered":"https:\/\/www.notibras.com\/site\/?p=323021"},"modified":"2024-02-23T09:04:27","modified_gmt":"2024-02-23T12:04:27","slug":"dona-irene-e-a-cachaca-em-pocos-de-caldas","status":"publish","type":"post","link":"https:\/\/www.notibras.com\/site\/dona-irene-e-a-cachaca-em-pocos-de-caldas\/","title":{"rendered":"Dona Irene e a cacha\u00e7a em Po\u00e7os de Caldas"},"content":{"rendered":"<p>Numa madrugada de 2012, a Dona Irene e eu est\u00e1vamos saindo de S\u00e3o Jos\u00e9 do Rio Pardo-SP, onde fomos deixar uma linda cadelinha da ra\u00e7a Dogue de Bordeaux. Antes de irmos embora, perguntamos para a dona da cachorrinha se havia alguma cidade interessante perto dali para conhecermos. Ela disse que Po\u00e7os de Caldas-MG era bonita e ficava a uns 60 quil\u00f4metros. A Dona Irene, que nessa \u00e9poca era minha namorada, olhou para mim e sorriu aquele sorriso mais lindo do mundo. Isso, para quem n\u00e3o sabe, \u00e9 o sim da minha hoje esposa e, ent\u00e3o, entramos no carro e voltamos para a estrada.<\/p>\n<p>Como nessa \u00e9poca viaj\u00e1vamos com um antigo mapa de papel, fomos muito atentos para n\u00e3o errarmos o caminho. N\u00e3o sei exatamente quanto tempo levamos para chegar \u00e0 cidade mineira, mas lembro do motel em que dormimos. \u00c9 que havia uma esp\u00e9cie de jardim de inverno ao lado da cama, com uma porta de vidro quebrada e o c\u00e9u como teto. Isso mesmo, apesar de haver uma cobertura no quarto, isso n\u00e3o acontecia com a parte do jardim de inverno. Al\u00e9m do mais, fazia um frio t\u00e3o intenso, que, se estou escrevendo estas linhas hoje, \u00e9 porque fui salvo pelo doce calor emanado do corpo da Dona Irene.<\/p>\n<p>Fomos despertados com o sol batendo na nossa cara. Ainda tentamos cobrir o rosto com o fino len\u00e7ol, at\u00e9 que a minha amada disse que estava com fome. Levantamos e fomos procurar alguma coisa para preencher o est\u00f4mago da minha namorada, j\u00e1 que aquele motel n\u00e3o servia caf\u00e9 da manh\u00e3.<\/p>\n<p>Assim que entramos no carro, percebemos que o motel ficava perto do centro. Paramos em uma cafeteria, onde a Dona Irene fez seu desjejum, enquanto eu, como sempre fa\u00e7o pela manh\u00e3, tomei meu caf\u00e9 preto. Sem a\u00e7\u00facar, pois, de doce, j\u00e1 basta a vida.<\/p>\n<p>N\u00e3o sei se voc\u00ea conhece Po\u00e7os de Caldas, mas vou lhe dizer assim mesmo. Das in\u00fameras cidades que conhe\u00e7o em Minas Gerais, \u00e9 a mais agrad\u00e1vel. E olha que j\u00e1 passei por v\u00e1rias outras muito legais tamb\u00e9m.<\/p>\n<p>Logo que sa\u00edmos da cafeteria, fomos dar uma volta para apreciar melhor o local, quando, de repente, um simp\u00e1tico senhor em uma charrete nos convidou para darmos um passeio, ao custo de n\u00e3o sei quanto, mas que n\u00e3o achei caro na \u00e9poca. Seja como for, o passeio estava extremamente agrad\u00e1vel, quando, sem avisar, o condutor parou a charrete e nos convidou para conhecermos uma loja de cacha\u00e7a e queijos.<\/p>\n<p>Para falar a verdade, achei aquilo meio esquisito, pois eu queria mesmo \u00e9 continuar naquele clima buc\u00f3lico ao lado da minha namorada. Todavia, antes que eu pudesse continuar nessa divaga\u00e7\u00e3o rabugenta, eis que me chega algu\u00e9m com uma dose de cacha\u00e7a e uns peda\u00e7os de queijo. Eu n\u00e3o bebo e, pela manh\u00e3, \u00e9 dif\u00edcil descer algo s\u00f3lido para o bucho.<\/p>\n<p>Agradeci, mas, antes que esse algu\u00e9m sa\u00edsse da minha frente, a Dona Irene n\u00e3o se fez de rogada e j\u00e1 foi entornando a cacha\u00e7a para dentro do est\u00f4mago, como se aquilo fosse \u00e1gua mineral da fonte mais pura. Para rebater, ela pegou um pedacinho daquele queijo t\u00e3o cheiroso.<\/p>\n<p>Depois disso, fiquei compelido a comprar uma garrafa de cacha\u00e7a e um queijo naquela loja, mas o homem da charrete nos puxou pelo bra\u00e7o e disse que t\u00ednhamos que ir. De volta ao passeio buc\u00f3lico, at\u00e9 comecei a apreciar novamente aquele balan\u00e7ar gostoso ao som dos cascos do cavalo, que soube se chamar Tuf\u00e3o. No entanto, o condutor parou novamente justamente em frente a uma nova loja, tamb\u00e9m de cacha\u00e7a e queijo. Descemos, entramos no tal com\u00e9rcio, algu\u00e9m me ofereceu cacha\u00e7a e queijo, educadamente recusei, enquanto a Dona Irene botou tudo para dentro.<\/p>\n<p>Pois bem, para encurtar a hist\u00f3ria, que j\u00e1 est\u00e1 muito mais longa que o costumeiro, voltamos para a bendita charrete antes que pud\u00e9ssemos comprar qualquer coisa. Depois paramos em n\u00e3o sei quantos novos estabelecimentos, eu recusei tudo o que me ofereceram, ao contr\u00e1rio da minha namorada, que, \u00e0quela altura, aceitaria at\u00e9 mesmo sopa de pedra.<\/p>\n<p>Finalmente o passeio terminou, quando j\u00e1 era perto da hora do almo\u00e7o. Tive que auxiliar a minha amada a descer da charrete, pois ela estava t\u00e3o tr\u00f4pega, que mal conseguia se lembrar de onde est\u00e1vamos. Ali\u00e1s, essa parte estou escrevendo aqui em casa com a Dona Irene me olhando torto e sentada no sof\u00e1 aqui da sala.<\/p>\n<p>Procuramos um local para deitarmos, justamente sob a copa de uma \u00e1rvore. Acabamos adormecendo por algumas horas. Fui despertado pelas cutucadas da minha amada, que, pasmem, estava nova como folha. Ela se levantou numa agilidade improv\u00e1vel para algu\u00e9m que havia ingerido tanto \u00e1lcool e, ent\u00e3o, me fez o seguinte convite: &#8220;Quero conhecer o ET! Ser\u00e1 que Varginha fica muito longe?&#8221;<\/p>\n","protected":false},"excerpt":{"rendered":"<p>Numa madrugada de 2012, a Dona Irene e eu est\u00e1vamos saindo de S\u00e3o Jos\u00e9 do Rio Pardo-SP, onde fomos deixar uma linda cadelinha da ra\u00e7a Dogue de Bordeaux. Antes de irmos embora, perguntamos para a dona da cachorrinha se havia alguma cidade interessante perto dali para conhecermos. Ela disse que Po\u00e7os de Caldas-MG era bonita [&hellip;]<\/p>\n","protected":false},"author":2,"featured_media":323022,"comment_status":"closed","ping_status":"closed","sticky":false,"template":"","format":"standard","meta":{"_acf_changed":false,"footnotes":""},"categories":[161],"tags":[],"class_list":["post-323021","post","type-post","status-publish","format-standard","has-post-thumbnail","hentry","category-quadradinho-em-foco"],"acf":[],"yoast_head":"<!-- This site is optimized with the Yoast SEO plugin v27.2 - https:\/\/yoast.com\/product\/yoast-seo-wordpress\/ -->\n<title>Dona Irene e a cacha\u00e7a em Po\u00e7os de Caldas - Notibras<\/title>\n<meta name=\"robots\" content=\"index, follow, max-snippet:-1, max-image-preview:large, max-video-preview:-1\" \/>\n<link rel=\"canonical\" href=\"https:\/\/www.notibras.com\/site\/dona-irene-e-a-cachaca-em-pocos-de-caldas\/\" \/>\n<meta property=\"og:locale\" content=\"pt_BR\" \/>\n<meta property=\"og:type\" content=\"article\" \/>\n<meta property=\"og:title\" content=\"Dona Irene e a cacha\u00e7a em Po\u00e7os de Caldas - Notibras\" \/>\n<meta property=\"og:description\" content=\"Numa madrugada de 2012, a Dona Irene e eu est\u00e1vamos saindo de S\u00e3o Jos\u00e9 do Rio Pardo-SP, onde fomos deixar uma linda cadelinha da ra\u00e7a Dogue de Bordeaux. Antes de irmos embora, perguntamos para a dona da cachorrinha se havia alguma cidade interessante perto dali para conhecermos. Ela disse que Po\u00e7os de Caldas-MG era bonita [&hellip;]\" \/>\n<meta property=\"og:url\" content=\"https:\/\/www.notibras.com\/site\/dona-irene-e-a-cachaca-em-pocos-de-caldas\/\" \/>\n<meta property=\"og:site_name\" content=\"Notibras\" \/>\n<meta property=\"article:publisher\" content=\"https:\/\/www.facebook.com\/notibras\/\" \/>\n<meta property=\"article:published_time\" content=\"2024-02-23T12:04:27+00:00\" \/>\n<meta property=\"og:image\" content=\"https:\/\/www.notibras.com\/site\/wp-content\/uploads\/2024\/02\/5caf34ee-d0e9-4461-867e-801021c3f83e.jpeg\" \/>\n\t<meta property=\"og:image:width\" content=\"512\" \/>\n\t<meta property=\"og:image:height\" content=\"470\" \/>\n\t<meta property=\"og:image:type\" content=\"image\/jpeg\" \/>\n<meta name=\"author\" content=\"Reda\u00e7\u00e3o\" \/>\n<meta name=\"twitter:card\" content=\"summary_large_image\" \/>\n<meta name=\"twitter:creator\" content=\"@Notibras\" \/>\n<meta name=\"twitter:site\" content=\"@Notibras\" \/>\n<meta name=\"twitter:label1\" content=\"Escrito por\" \/>\n\t<meta name=\"twitter:data1\" content=\"Reda\u00e7\u00e3o\" \/>\n\t<meta name=\"twitter:label2\" content=\"Est. tempo de leitura\" \/>\n\t<meta name=\"twitter:data2\" content=\"5 minutos\" \/>\n<script type=\"application\/ld+json\" class=\"yoast-schema-graph\">{\"@context\":\"https:\/\/schema.org\",\"@graph\":[{\"@type\":\"Article\",\"@id\":\"https:\/\/www.notibras.com\/site\/dona-irene-e-a-cachaca-em-pocos-de-caldas\/#article\",\"isPartOf\":{\"@id\":\"https:\/\/www.notibras.com\/site\/dona-irene-e-a-cachaca-em-pocos-de-caldas\/\"},\"author\":{\"name\":\"Reda\u00e7\u00e3o\",\"@id\":\"https:\/\/www.notibras.com\/site\/#\/schema\/person\/36ab0979449956132d3e5b517ea76ac8\"},\"headline\":\"Dona Irene e a cacha\u00e7a em Po\u00e7os de Caldas\",\"datePublished\":\"2024-02-23T12:04:27+00:00\",\"mainEntityOfPage\":{\"@id\":\"https:\/\/www.notibras.com\/site\/dona-irene-e-a-cachaca-em-pocos-de-caldas\/\"},\"wordCount\":855,\"publisher\":{\"@id\":\"https:\/\/www.notibras.com\/site\/#organization\"},\"image\":{\"@id\":\"https:\/\/www.notibras.com\/site\/dona-irene-e-a-cachaca-em-pocos-de-caldas\/#primaryimage\"},\"thumbnailUrl\":\"https:\/\/www.notibras.com\/site\/wp-content\/uploads\/2024\/02\/5caf34ee-d0e9-4461-867e-801021c3f83e.jpeg\",\"articleSection\":[\"Quadradinho em Foco\"],\"inLanguage\":\"pt-BR\"},{\"@type\":\"WebPage\",\"@id\":\"https:\/\/www.notibras.com\/site\/dona-irene-e-a-cachaca-em-pocos-de-caldas\/\",\"url\":\"https:\/\/www.notibras.com\/site\/dona-irene-e-a-cachaca-em-pocos-de-caldas\/\",\"name\":\"Dona Irene e a cacha\u00e7a em Po\u00e7os de Caldas - Notibras\",\"isPartOf\":{\"@id\":\"https:\/\/www.notibras.com\/site\/#website\"},\"primaryImageOfPage\":{\"@id\":\"https:\/\/www.notibras.com\/site\/dona-irene-e-a-cachaca-em-pocos-de-caldas\/#primaryimage\"},\"image\":{\"@id\":\"https:\/\/www.notibras.com\/site\/dona-irene-e-a-cachaca-em-pocos-de-caldas\/#primaryimage\"},\"thumbnailUrl\":\"https:\/\/www.notibras.com\/site\/wp-content\/uploads\/2024\/02\/5caf34ee-d0e9-4461-867e-801021c3f83e.jpeg\",\"datePublished\":\"2024-02-23T12:04:27+00:00\",\"breadcrumb\":{\"@id\":\"https:\/\/www.notibras.com\/site\/dona-irene-e-a-cachaca-em-pocos-de-caldas\/#breadcrumb\"},\"inLanguage\":\"pt-BR\",\"potentialAction\":[{\"@type\":\"ReadAction\",\"target\":[\"https:\/\/www.notibras.com\/site\/dona-irene-e-a-cachaca-em-pocos-de-caldas\/\"]}]},{\"@type\":\"ImageObject\",\"inLanguage\":\"pt-BR\",\"@id\":\"https:\/\/www.notibras.com\/site\/dona-irene-e-a-cachaca-em-pocos-de-caldas\/#primaryimage\",\"url\":\"https:\/\/www.notibras.com\/site\/wp-content\/uploads\/2024\/02\/5caf34ee-d0e9-4461-867e-801021c3f83e.jpeg\",\"contentUrl\":\"https:\/\/www.notibras.com\/site\/wp-content\/uploads\/2024\/02\/5caf34ee-d0e9-4461-867e-801021c3f83e.jpeg\",\"width\":512,\"height\":470},{\"@type\":\"BreadcrumbList\",\"@id\":\"https:\/\/www.notibras.com\/site\/dona-irene-e-a-cachaca-em-pocos-de-caldas\/#breadcrumb\",\"itemListElement\":[{\"@type\":\"ListItem\",\"position\":1,\"name\":\"In\u00edcio\",\"item\":\"https:\/\/www.notibras.com\/site\/\"},{\"@type\":\"ListItem\",\"position\":2,\"name\":\"Dona Irene e a cacha\u00e7a em Po\u00e7os de Caldas\"}]},{\"@type\":\"WebSite\",\"@id\":\"https:\/\/www.notibras.com\/site\/#website\",\"url\":\"https:\/\/www.notibras.com\/site\/\",\"name\":\"Notibras\",\"description\":\"Not\u00edcias de Bras\u00edlia, do Brasil e do Mundo\",\"publisher\":{\"@id\":\"https:\/\/www.notibras.com\/site\/#organization\"},\"potentialAction\":[{\"@type\":\"SearchAction\",\"target\":{\"@type\":\"EntryPoint\",\"urlTemplate\":\"https:\/\/www.notibras.com\/site\/?s={search_term_string}\"},\"query-input\":{\"@type\":\"PropertyValueSpecification\",\"valueRequired\":true,\"valueName\":\"search_term_string\"}}],\"inLanguage\":\"pt-BR\"},{\"@type\":\"Organization\",\"@id\":\"https:\/\/www.notibras.com\/site\/#organization\",\"name\":\"Grupo Notibras de Comunica\u00e7\u00e3o\",\"url\":\"https:\/\/www.notibras.com\/site\/\",\"logo\":{\"@type\":\"ImageObject\",\"inLanguage\":\"pt-BR\",\"@id\":\"https:\/\/www.notibras.com\/site\/#\/schema\/logo\/image\/\",\"url\":\"https:\/\/www.notibras.com\/site\/wp-content\/uploads\/2023\/01\/notibras23.png\",\"contentUrl\":\"https:\/\/www.notibras.com\/site\/wp-content\/uploads\/2023\/01\/notibras23.png\",\"width\":350,\"height\":87,\"caption\":\"Grupo Notibras de Comunica\u00e7\u00e3o\"},\"image\":{\"@id\":\"https:\/\/www.notibras.com\/site\/#\/schema\/logo\/image\/\"},\"sameAs\":[\"https:\/\/www.facebook.com\/notibras\/\",\"https:\/\/x.com\/Notibras\",\"https:\/\/www.instagram.com\/notibras\/\"]},{\"@type\":\"Person\",\"@id\":\"https:\/\/www.notibras.com\/site\/#\/schema\/person\/36ab0979449956132d3e5b517ea76ac8\",\"name\":\"Reda\u00e7\u00e3o\",\"image\":{\"@type\":\"ImageObject\",\"inLanguage\":\"pt-BR\",\"@id\":\"https:\/\/secure.gravatar.com\/avatar\/e0a867bdedb85fd243eadf09663511f96fc81e0720a4a42581f334ad4303aa6b?s=96&d=mm&r=g\",\"url\":\"https:\/\/secure.gravatar.com\/avatar\/e0a867bdedb85fd243eadf09663511f96fc81e0720a4a42581f334ad4303aa6b?s=96&d=mm&r=g\",\"contentUrl\":\"https:\/\/secure.gravatar.com\/avatar\/e0a867bdedb85fd243eadf09663511f96fc81e0720a4a42581f334ad4303aa6b?s=96&d=mm&r=g\",\"caption\":\"Reda\u00e7\u00e3o\"}}]}<\/script>\n<!-- \/ Yoast SEO plugin. -->","yoast_head_json":{"title":"Dona Irene e a cacha\u00e7a em Po\u00e7os de Caldas - Notibras","robots":{"index":"index","follow":"follow","max-snippet":"max-snippet:-1","max-image-preview":"max-image-preview:large","max-video-preview":"max-video-preview:-1"},"canonical":"https:\/\/www.notibras.com\/site\/dona-irene-e-a-cachaca-em-pocos-de-caldas\/","og_locale":"pt_BR","og_type":"article","og_title":"Dona Irene e a cacha\u00e7a em Po\u00e7os de Caldas - Notibras","og_description":"Numa madrugada de 2012, a Dona Irene e eu est\u00e1vamos saindo de S\u00e3o Jos\u00e9 do Rio Pardo-SP, onde fomos deixar uma linda cadelinha da ra\u00e7a Dogue de Bordeaux. Antes de irmos embora, perguntamos para a dona da cachorrinha se havia alguma cidade interessante perto dali para conhecermos. Ela disse que Po\u00e7os de Caldas-MG era bonita [&hellip;]","og_url":"https:\/\/www.notibras.com\/site\/dona-irene-e-a-cachaca-em-pocos-de-caldas\/","og_site_name":"Notibras","article_publisher":"https:\/\/www.facebook.com\/notibras\/","article_published_time":"2024-02-23T12:04:27+00:00","og_image":[{"width":512,"height":470,"url":"https:\/\/www.notibras.com\/site\/wp-content\/uploads\/2024\/02\/5caf34ee-d0e9-4461-867e-801021c3f83e.jpeg","type":"image\/jpeg"}],"author":"Reda\u00e7\u00e3o","twitter_card":"summary_large_image","twitter_creator":"@Notibras","twitter_site":"@Notibras","twitter_misc":{"Escrito por":"Reda\u00e7\u00e3o","Est. tempo de leitura":"5 minutos"},"schema":{"@context":"https:\/\/schema.org","@graph":[{"@type":"Article","@id":"https:\/\/www.notibras.com\/site\/dona-irene-e-a-cachaca-em-pocos-de-caldas\/#article","isPartOf":{"@id":"https:\/\/www.notibras.com\/site\/dona-irene-e-a-cachaca-em-pocos-de-caldas\/"},"author":{"name":"Reda\u00e7\u00e3o","@id":"https:\/\/www.notibras.com\/site\/#\/schema\/person\/36ab0979449956132d3e5b517ea76ac8"},"headline":"Dona Irene e a cacha\u00e7a em Po\u00e7os de Caldas","datePublished":"2024-02-23T12:04:27+00:00","mainEntityOfPage":{"@id":"https:\/\/www.notibras.com\/site\/dona-irene-e-a-cachaca-em-pocos-de-caldas\/"},"wordCount":855,"publisher":{"@id":"https:\/\/www.notibras.com\/site\/#organization"},"image":{"@id":"https:\/\/www.notibras.com\/site\/dona-irene-e-a-cachaca-em-pocos-de-caldas\/#primaryimage"},"thumbnailUrl":"https:\/\/www.notibras.com\/site\/wp-content\/uploads\/2024\/02\/5caf34ee-d0e9-4461-867e-801021c3f83e.jpeg","articleSection":["Quadradinho em Foco"],"inLanguage":"pt-BR"},{"@type":"WebPage","@id":"https:\/\/www.notibras.com\/site\/dona-irene-e-a-cachaca-em-pocos-de-caldas\/","url":"https:\/\/www.notibras.com\/site\/dona-irene-e-a-cachaca-em-pocos-de-caldas\/","name":"Dona Irene e a cacha\u00e7a em Po\u00e7os de Caldas - Notibras","isPartOf":{"@id":"https:\/\/www.notibras.com\/site\/#website"},"primaryImageOfPage":{"@id":"https:\/\/www.notibras.com\/site\/dona-irene-e-a-cachaca-em-pocos-de-caldas\/#primaryimage"},"image":{"@id":"https:\/\/www.notibras.com\/site\/dona-irene-e-a-cachaca-em-pocos-de-caldas\/#primaryimage"},"thumbnailUrl":"https:\/\/www.notibras.com\/site\/wp-content\/uploads\/2024\/02\/5caf34ee-d0e9-4461-867e-801021c3f83e.jpeg","datePublished":"2024-02-23T12:04:27+00:00","breadcrumb":{"@id":"https:\/\/www.notibras.com\/site\/dona-irene-e-a-cachaca-em-pocos-de-caldas\/#breadcrumb"},"inLanguage":"pt-BR","potentialAction":[{"@type":"ReadAction","target":["https:\/\/www.notibras.com\/site\/dona-irene-e-a-cachaca-em-pocos-de-caldas\/"]}]},{"@type":"ImageObject","inLanguage":"pt-BR","@id":"https:\/\/www.notibras.com\/site\/dona-irene-e-a-cachaca-em-pocos-de-caldas\/#primaryimage","url":"https:\/\/www.notibras.com\/site\/wp-content\/uploads\/2024\/02\/5caf34ee-d0e9-4461-867e-801021c3f83e.jpeg","contentUrl":"https:\/\/www.notibras.com\/site\/wp-content\/uploads\/2024\/02\/5caf34ee-d0e9-4461-867e-801021c3f83e.jpeg","width":512,"height":470},{"@type":"BreadcrumbList","@id":"https:\/\/www.notibras.com\/site\/dona-irene-e-a-cachaca-em-pocos-de-caldas\/#breadcrumb","itemListElement":[{"@type":"ListItem","position":1,"name":"In\u00edcio","item":"https:\/\/www.notibras.com\/site\/"},{"@type":"ListItem","position":2,"name":"Dona Irene e a cacha\u00e7a em Po\u00e7os de Caldas"}]},{"@type":"WebSite","@id":"https:\/\/www.notibras.com\/site\/#website","url":"https:\/\/www.notibras.com\/site\/","name":"Notibras","description":"Not\u00edcias de Bras\u00edlia, do Brasil e do Mundo","publisher":{"@id":"https:\/\/www.notibras.com\/site\/#organization"},"potentialAction":[{"@type":"SearchAction","target":{"@type":"EntryPoint","urlTemplate":"https:\/\/www.notibras.com\/site\/?s={search_term_string}"},"query-input":{"@type":"PropertyValueSpecification","valueRequired":true,"valueName":"search_term_string"}}],"inLanguage":"pt-BR"},{"@type":"Organization","@id":"https:\/\/www.notibras.com\/site\/#organization","name":"Grupo Notibras de Comunica\u00e7\u00e3o","url":"https:\/\/www.notibras.com\/site\/","logo":{"@type":"ImageObject","inLanguage":"pt-BR","@id":"https:\/\/www.notibras.com\/site\/#\/schema\/logo\/image\/","url":"https:\/\/www.notibras.com\/site\/wp-content\/uploads\/2023\/01\/notibras23.png","contentUrl":"https:\/\/www.notibras.com\/site\/wp-content\/uploads\/2023\/01\/notibras23.png","width":350,"height":87,"caption":"Grupo Notibras de Comunica\u00e7\u00e3o"},"image":{"@id":"https:\/\/www.notibras.com\/site\/#\/schema\/logo\/image\/"},"sameAs":["https:\/\/www.facebook.com\/notibras\/","https:\/\/x.com\/Notibras","https:\/\/www.instagram.com\/notibras\/"]},{"@type":"Person","@id":"https:\/\/www.notibras.com\/site\/#\/schema\/person\/36ab0979449956132d3e5b517ea76ac8","name":"Reda\u00e7\u00e3o","image":{"@type":"ImageObject","inLanguage":"pt-BR","@id":"https:\/\/secure.gravatar.com\/avatar\/e0a867bdedb85fd243eadf09663511f96fc81e0720a4a42581f334ad4303aa6b?s=96&d=mm&r=g","url":"https:\/\/secure.gravatar.com\/avatar\/e0a867bdedb85fd243eadf09663511f96fc81e0720a4a42581f334ad4303aa6b?s=96&d=mm&r=g","contentUrl":"https:\/\/secure.gravatar.com\/avatar\/e0a867bdedb85fd243eadf09663511f96fc81e0720a4a42581f334ad4303aa6b?s=96&d=mm&r=g","caption":"Reda\u00e7\u00e3o"}}]}},"amp_enabled":true,"_links":{"self":[{"href":"https:\/\/www.notibras.com\/site\/wp-json\/wp\/v2\/posts\/323021","targetHints":{"allow":["GET"]}}],"collection":[{"href":"https:\/\/www.notibras.com\/site\/wp-json\/wp\/v2\/posts"}],"about":[{"href":"https:\/\/www.notibras.com\/site\/wp-json\/wp\/v2\/types\/post"}],"author":[{"embeddable":true,"href":"https:\/\/www.notibras.com\/site\/wp-json\/wp\/v2\/users\/2"}],"replies":[{"embeddable":true,"href":"https:\/\/www.notibras.com\/site\/wp-json\/wp\/v2\/comments?post=323021"}],"version-history":[{"count":1,"href":"https:\/\/www.notibras.com\/site\/wp-json\/wp\/v2\/posts\/323021\/revisions"}],"predecessor-version":[{"id":323023,"href":"https:\/\/www.notibras.com\/site\/wp-json\/wp\/v2\/posts\/323021\/revisions\/323023"}],"wp:featuredmedia":[{"embeddable":true,"href":"https:\/\/www.notibras.com\/site\/wp-json\/wp\/v2\/media\/323022"}],"wp:attachment":[{"href":"https:\/\/www.notibras.com\/site\/wp-json\/wp\/v2\/media?parent=323021"}],"wp:term":[{"taxonomy":"category","embeddable":true,"href":"https:\/\/www.notibras.com\/site\/wp-json\/wp\/v2\/categories?post=323021"},{"taxonomy":"post_tag","embeddable":true,"href":"https:\/\/www.notibras.com\/site\/wp-json\/wp\/v2\/tags?post=323021"}],"curies":[{"name":"wp","href":"https:\/\/api.w.org\/{rel}","templated":true}]}}