{"id":323062,"date":"2024-02-23T17:41:13","date_gmt":"2024-02-23T20:41:13","guid":{"rendered":"https:\/\/www.notibras.com\/site\/?p=323062"},"modified":"2024-02-23T20:43:50","modified_gmt":"2024-02-23T23:43:50","slug":"saude-entra-em-colapso-sem-poder-atender-pacientes-com-dengue","status":"publish","type":"post","link":"https:\/\/www.notibras.com\/site\/saude-entra-em-colapso-sem-poder-atender-pacientes-com-dengue\/","title":{"rendered":"Sa\u00fade entra em colapso sem poder atender pacientes com dengue"},"content":{"rendered":"<p>O governador Ibaneis Rocha anunciou o colapso das redes de sa\u00fade da capital, tanto p\u00fablica quanto privada, no atendimento em meio \u00e0 explos\u00e3o de casos de dengue. Desde o dia 25 de janeiro, o DF est\u00e1 em estado de emerg\u00eancia no \u00e2mbito da sa\u00fade p\u00fablica em raz\u00e3o da doen\u00e7a, assim como outros estados do pa\u00eds.<\/p>\n<p>\u201cOs hospitais tanto da rede p\u00fablica como da privada do DF j\u00e1 entraram em colapso. N\u00f3s estamos vivendo uma crise muito grande. Com foco em reduzir esses impactos, n\u00f3s publicamos um decreto ampliando o atendimento nas unidades b\u00e1sicas de sa\u00fade e das tendas de hidrata\u00e7\u00e3o. O momento \u00e9 grave, mas n\u00f3s ainda n\u00e3o chegamos no pico da epidemia. O que n\u00f3s queremos agora \u00e9 acolher a popula\u00e7\u00e3o da melhor maneira poss\u00edvel\u201d, declarou Ibaneis.<\/p>\n<p>Os casos de dengue no DF em 2024 &#8211; registrados at\u00e9 17 de fevereiro &#8211; aumentaram 1.351,4% em rela\u00e7\u00e3o ao mesmo per\u00edodo do ano passado. Houve 84.151 ocorr\u00eancias suspeitas da doen\u00e7a, das quais 81.408 s\u00e3o classificados como casos prov\u00e1veis pela pr\u00f3pria Secretaria de Sa\u00fade. Em 2023, foram 5.484 casos prov\u00e1veis da doen\u00e7a.<\/p>\n<p>A capital federal contabiliza 38 mortes por dengue, o maior n\u00famero do pa\u00eds, e h\u00e1 mais 72 casos em investiga\u00e7\u00e3o. Como afirmou o governador Ibaneis, a situa\u00e7\u00e3o ainda pode piorar j\u00e1 que, historicamente, o pico de casos da doen\u00e7a ocorre nos meses de mar\u00e7o, abril e maio.<\/p>\n<p>Na quarta-feira (21), o governo do DF anunciou a contrata\u00e7\u00e3o de 741 profissionais de sa\u00fade para refor\u00e7ar o atendimento \u00e0 popula\u00e7\u00e3o, sendo 200 m\u00e9dicos tempor\u00e1rios e para o quadro efetivo: 180 t\u00e9cnicos de enfermagem, 156 enfermeiros, 115 agentes comunit\u00e1rios de sa\u00fade e 90 m\u00e9dicos especialistas. A Secretaria de Sa\u00fade tamb\u00e9m publicou chamamento para a instala\u00e7\u00e3o de mais 11 tendas de hidrata\u00e7\u00e3o e atendimento a pacientes com dengue, que se somar\u00e3o \u00e0s nove j\u00e1 em funcionamento.<\/p>\n<p>De acordo com o \u00faltimo balan\u00e7o do Minist\u00e9rio da Sa\u00fade, 151 pessoas morreram no Brasil este ano por dengue. Outros 501 \u00f3bitos est\u00e3o em investiga\u00e7\u00e3o. O pa\u00eds soma 740.942 casos prov\u00e1veis da doen\u00e7a, com incid\u00eancia de 364,9 casos por 100 mil habitantes.<\/p>\n","protected":false},"excerpt":{"rendered":"<p>O governador Ibaneis Rocha anunciou o colapso das redes de sa\u00fade da capital, tanto p\u00fablica quanto privada, no atendimento em meio \u00e0 explos\u00e3o de casos de dengue. Desde o dia 25 de janeiro, o DF est\u00e1 em estado de emerg\u00eancia no \u00e2mbito da sa\u00fade p\u00fablica em raz\u00e3o da doen\u00e7a, assim como outros estados do pa\u00eds. [&hellip;]<\/p>\n","protected":false},"author":2,"featured_media":317300,"comment_status":"closed","ping_status":"closed","sticky":false,"template":"","format":"standard","meta":{"_acf_changed":false,"footnotes":""},"categories":[161],"tags":[],"class_list":["post-323062","post","type-post","status-publish","format-standard","has-post-thumbnail","hentry","category-quadradinho-em-foco"],"acf":[],"yoast_head":"<!-- This site is optimized with the Yoast SEO plugin v27.2 - https:\/\/yoast.com\/product\/yoast-seo-wordpress\/ -->\n<title>Sa\u00fade entra em colapso sem poder atender pacientes com dengue - Notibras<\/title>\n<meta name=\"robots\" content=\"index, follow, max-snippet:-1, max-image-preview:large, max-video-preview:-1\" \/>\n<link rel=\"canonical\" href=\"https:\/\/www.notibras.com\/site\/saude-entra-em-colapso-sem-poder-atender-pacientes-com-dengue\/\" \/>\n<meta property=\"og:locale\" content=\"pt_BR\" \/>\n<meta property=\"og:type\" content=\"article\" \/>\n<meta property=\"og:title\" content=\"Sa\u00fade entra em colapso sem poder atender pacientes com dengue - Notibras\" \/>\n<meta property=\"og:description\" content=\"O governador Ibaneis Rocha anunciou o colapso das redes de sa\u00fade da capital, tanto p\u00fablica quanto privada, no atendimento em meio \u00e0 explos\u00e3o de casos de dengue. Desde o dia 25 de janeiro, o DF est\u00e1 em estado de emerg\u00eancia no \u00e2mbito da sa\u00fade p\u00fablica em raz\u00e3o da doen\u00e7a, assim como outros estados do pa\u00eds. [&hellip;]\" \/>\n<meta property=\"og:url\" content=\"https:\/\/www.notibras.com\/site\/saude-entra-em-colapso-sem-poder-atender-pacientes-com-dengue\/\" \/>\n<meta property=\"og:site_name\" content=\"Notibras\" \/>\n<meta property=\"article:publisher\" content=\"https:\/\/www.facebook.com\/notibras\/\" \/>\n<meta property=\"article:published_time\" content=\"2024-02-23T20:41:13+00:00\" \/>\n<meta property=\"article:modified_time\" content=\"2024-02-23T23:43:50+00:00\" \/>\n<meta property=\"og:image\" content=\"https:\/\/www.notibras.com\/site\/wp-content\/uploads\/2023\/11\/dengue.cguva_.jpg\" \/>\n\t<meta property=\"og:image:width\" content=\"1200\" \/>\n\t<meta property=\"og:image:height\" content=\"800\" \/>\n\t<meta property=\"og:image:type\" content=\"image\/jpeg\" \/>\n<meta name=\"author\" content=\"Reda\u00e7\u00e3o\" \/>\n<meta name=\"twitter:card\" content=\"summary_large_image\" \/>\n<meta name=\"twitter:creator\" content=\"@Notibras\" \/>\n<meta name=\"twitter:site\" content=\"@Notibras\" \/>\n<meta name=\"twitter:label1\" content=\"Escrito por\" \/>\n\t<meta name=\"twitter:data1\" content=\"Reda\u00e7\u00e3o\" \/>\n\t<meta name=\"twitter:label2\" content=\"Est. tempo de leitura\" \/>\n\t<meta name=\"twitter:data2\" content=\"2 minutos\" \/>\n<script type=\"application\/ld+json\" class=\"yoast-schema-graph\">{\"@context\":\"https:\/\/schema.org\",\"@graph\":[{\"@type\":\"Article\",\"@id\":\"https:\/\/www.notibras.com\/site\/saude-entra-em-colapso-sem-poder-atender-pacientes-com-dengue\/#article\",\"isPartOf\":{\"@id\":\"https:\/\/www.notibras.com\/site\/saude-entra-em-colapso-sem-poder-atender-pacientes-com-dengue\/\"},\"author\":{\"name\":\"Reda\u00e7\u00e3o\",\"@id\":\"https:\/\/www.notibras.com\/site\/#\/schema\/person\/36ab0979449956132d3e5b517ea76ac8\"},\"headline\":\"Sa\u00fade entra em colapso sem poder atender pacientes com dengue\",\"datePublished\":\"2024-02-23T20:41:13+00:00\",\"dateModified\":\"2024-02-23T23:43:50+00:00\",\"mainEntityOfPage\":{\"@id\":\"https:\/\/www.notibras.com\/site\/saude-entra-em-colapso-sem-poder-atender-pacientes-com-dengue\/\"},\"wordCount\":388,\"publisher\":{\"@id\":\"https:\/\/www.notibras.com\/site\/#organization\"},\"image\":{\"@id\":\"https:\/\/www.notibras.com\/site\/saude-entra-em-colapso-sem-poder-atender-pacientes-com-dengue\/#primaryimage\"},\"thumbnailUrl\":\"https:\/\/www.notibras.com\/site\/wp-content\/uploads\/2023\/11\/dengue.cguva_.jpg\",\"articleSection\":[\"Quadradinho em Foco\"],\"inLanguage\":\"pt-BR\"},{\"@type\":\"WebPage\",\"@id\":\"https:\/\/www.notibras.com\/site\/saude-entra-em-colapso-sem-poder-atender-pacientes-com-dengue\/\",\"url\":\"https:\/\/www.notibras.com\/site\/saude-entra-em-colapso-sem-poder-atender-pacientes-com-dengue\/\",\"name\":\"Sa\u00fade entra em colapso sem poder atender pacientes com dengue - Notibras\",\"isPartOf\":{\"@id\":\"https:\/\/www.notibras.com\/site\/#website\"},\"primaryImageOfPage\":{\"@id\":\"https:\/\/www.notibras.com\/site\/saude-entra-em-colapso-sem-poder-atender-pacientes-com-dengue\/#primaryimage\"},\"image\":{\"@id\":\"https:\/\/www.notibras.com\/site\/saude-entra-em-colapso-sem-poder-atender-pacientes-com-dengue\/#primaryimage\"},\"thumbnailUrl\":\"https:\/\/www.notibras.com\/site\/wp-content\/uploads\/2023\/11\/dengue.cguva_.jpg\",\"datePublished\":\"2024-02-23T20:41:13+00:00\",\"dateModified\":\"2024-02-23T23:43:50+00:00\",\"breadcrumb\":{\"@id\":\"https:\/\/www.notibras.com\/site\/saude-entra-em-colapso-sem-poder-atender-pacientes-com-dengue\/#breadcrumb\"},\"inLanguage\":\"pt-BR\",\"potentialAction\":[{\"@type\":\"ReadAction\",\"target\":[\"https:\/\/www.notibras.com\/site\/saude-entra-em-colapso-sem-poder-atender-pacientes-com-dengue\/\"]}]},{\"@type\":\"ImageObject\",\"inLanguage\":\"pt-BR\",\"@id\":\"https:\/\/www.notibras.com\/site\/saude-entra-em-colapso-sem-poder-atender-pacientes-com-dengue\/#primaryimage\",\"url\":\"https:\/\/www.notibras.com\/site\/wp-content\/uploads\/2023\/11\/dengue.cguva_.jpg\",\"contentUrl\":\"https:\/\/www.notibras.com\/site\/wp-content\/uploads\/2023\/11\/dengue.cguva_.jpg\",\"width\":1200,\"height\":800},{\"@type\":\"BreadcrumbList\",\"@id\":\"https:\/\/www.notibras.com\/site\/saude-entra-em-colapso-sem-poder-atender-pacientes-com-dengue\/#breadcrumb\",\"itemListElement\":[{\"@type\":\"ListItem\",\"position\":1,\"name\":\"In\u00edcio\",\"item\":\"https:\/\/www.notibras.com\/site\/\"},{\"@type\":\"ListItem\",\"position\":2,\"name\":\"Sa\u00fade entra em colapso sem poder atender pacientes com dengue\"}]},{\"@type\":\"WebSite\",\"@id\":\"https:\/\/www.notibras.com\/site\/#website\",\"url\":\"https:\/\/www.notibras.com\/site\/\",\"name\":\"Notibras\",\"description\":\"Not\u00edcias de Bras\u00edlia, do Brasil e do Mundo\",\"publisher\":{\"@id\":\"https:\/\/www.notibras.com\/site\/#organization\"},\"potentialAction\":[{\"@type\":\"SearchAction\",\"target\":{\"@type\":\"EntryPoint\",\"urlTemplate\":\"https:\/\/www.notibras.com\/site\/?s={search_term_string}\"},\"query-input\":{\"@type\":\"PropertyValueSpecification\",\"valueRequired\":true,\"valueName\":\"search_term_string\"}}],\"inLanguage\":\"pt-BR\"},{\"@type\":\"Organization\",\"@id\":\"https:\/\/www.notibras.com\/site\/#organization\",\"name\":\"Grupo Notibras de Comunica\u00e7\u00e3o\",\"url\":\"https:\/\/www.notibras.com\/site\/\",\"logo\":{\"@type\":\"ImageObject\",\"inLanguage\":\"pt-BR\",\"@id\":\"https:\/\/www.notibras.com\/site\/#\/schema\/logo\/image\/\",\"url\":\"https:\/\/www.notibras.com\/site\/wp-content\/uploads\/2023\/01\/notibras23.png\",\"contentUrl\":\"https:\/\/www.notibras.com\/site\/wp-content\/uploads\/2023\/01\/notibras23.png\",\"width\":350,\"height\":87,\"caption\":\"Grupo Notibras de Comunica\u00e7\u00e3o\"},\"image\":{\"@id\":\"https:\/\/www.notibras.com\/site\/#\/schema\/logo\/image\/\"},\"sameAs\":[\"https:\/\/www.facebook.com\/notibras\/\",\"https:\/\/x.com\/Notibras\",\"https:\/\/www.instagram.com\/notibras\/\"]},{\"@type\":\"Person\",\"@id\":\"https:\/\/www.notibras.com\/site\/#\/schema\/person\/36ab0979449956132d3e5b517ea76ac8\",\"name\":\"Reda\u00e7\u00e3o\",\"image\":{\"@type\":\"ImageObject\",\"inLanguage\":\"pt-BR\",\"@id\":\"https:\/\/secure.gravatar.com\/avatar\/e0a867bdedb85fd243eadf09663511f96fc81e0720a4a42581f334ad4303aa6b?s=96&d=mm&r=g\",\"url\":\"https:\/\/secure.gravatar.com\/avatar\/e0a867bdedb85fd243eadf09663511f96fc81e0720a4a42581f334ad4303aa6b?s=96&d=mm&r=g\",\"contentUrl\":\"https:\/\/secure.gravatar.com\/avatar\/e0a867bdedb85fd243eadf09663511f96fc81e0720a4a42581f334ad4303aa6b?s=96&d=mm&r=g\",\"caption\":\"Reda\u00e7\u00e3o\"}}]}<\/script>\n<!-- \/ Yoast SEO plugin. -->","yoast_head_json":{"title":"Sa\u00fade entra em colapso sem poder atender pacientes com dengue - Notibras","robots":{"index":"index","follow":"follow","max-snippet":"max-snippet:-1","max-image-preview":"max-image-preview:large","max-video-preview":"max-video-preview:-1"},"canonical":"https:\/\/www.notibras.com\/site\/saude-entra-em-colapso-sem-poder-atender-pacientes-com-dengue\/","og_locale":"pt_BR","og_type":"article","og_title":"Sa\u00fade entra em colapso sem poder atender pacientes com dengue - Notibras","og_description":"O governador Ibaneis Rocha anunciou o colapso das redes de sa\u00fade da capital, tanto p\u00fablica quanto privada, no atendimento em meio \u00e0 explos\u00e3o de casos de dengue. Desde o dia 25 de janeiro, o DF est\u00e1 em estado de emerg\u00eancia no \u00e2mbito da sa\u00fade p\u00fablica em raz\u00e3o da doen\u00e7a, assim como outros estados do pa\u00eds. [&hellip;]","og_url":"https:\/\/www.notibras.com\/site\/saude-entra-em-colapso-sem-poder-atender-pacientes-com-dengue\/","og_site_name":"Notibras","article_publisher":"https:\/\/www.facebook.com\/notibras\/","article_published_time":"2024-02-23T20:41:13+00:00","article_modified_time":"2024-02-23T23:43:50+00:00","og_image":[{"width":1200,"height":800,"url":"https:\/\/www.notibras.com\/site\/wp-content\/uploads\/2023\/11\/dengue.cguva_.jpg","type":"image\/jpeg"}],"author":"Reda\u00e7\u00e3o","twitter_card":"summary_large_image","twitter_creator":"@Notibras","twitter_site":"@Notibras","twitter_misc":{"Escrito por":"Reda\u00e7\u00e3o","Est. tempo de leitura":"2 minutos"},"schema":{"@context":"https:\/\/schema.org","@graph":[{"@type":"Article","@id":"https:\/\/www.notibras.com\/site\/saude-entra-em-colapso-sem-poder-atender-pacientes-com-dengue\/#article","isPartOf":{"@id":"https:\/\/www.notibras.com\/site\/saude-entra-em-colapso-sem-poder-atender-pacientes-com-dengue\/"},"author":{"name":"Reda\u00e7\u00e3o","@id":"https:\/\/www.notibras.com\/site\/#\/schema\/person\/36ab0979449956132d3e5b517ea76ac8"},"headline":"Sa\u00fade entra em colapso sem poder atender pacientes com dengue","datePublished":"2024-02-23T20:41:13+00:00","dateModified":"2024-02-23T23:43:50+00:00","mainEntityOfPage":{"@id":"https:\/\/www.notibras.com\/site\/saude-entra-em-colapso-sem-poder-atender-pacientes-com-dengue\/"},"wordCount":388,"publisher":{"@id":"https:\/\/www.notibras.com\/site\/#organization"},"image":{"@id":"https:\/\/www.notibras.com\/site\/saude-entra-em-colapso-sem-poder-atender-pacientes-com-dengue\/#primaryimage"},"thumbnailUrl":"https:\/\/www.notibras.com\/site\/wp-content\/uploads\/2023\/11\/dengue.cguva_.jpg","articleSection":["Quadradinho em Foco"],"inLanguage":"pt-BR"},{"@type":"WebPage","@id":"https:\/\/www.notibras.com\/site\/saude-entra-em-colapso-sem-poder-atender-pacientes-com-dengue\/","url":"https:\/\/www.notibras.com\/site\/saude-entra-em-colapso-sem-poder-atender-pacientes-com-dengue\/","name":"Sa\u00fade entra em colapso sem poder atender pacientes com dengue - Notibras","isPartOf":{"@id":"https:\/\/www.notibras.com\/site\/#website"},"primaryImageOfPage":{"@id":"https:\/\/www.notibras.com\/site\/saude-entra-em-colapso-sem-poder-atender-pacientes-com-dengue\/#primaryimage"},"image":{"@id":"https:\/\/www.notibras.com\/site\/saude-entra-em-colapso-sem-poder-atender-pacientes-com-dengue\/#primaryimage"},"thumbnailUrl":"https:\/\/www.notibras.com\/site\/wp-content\/uploads\/2023\/11\/dengue.cguva_.jpg","datePublished":"2024-02-23T20:41:13+00:00","dateModified":"2024-02-23T23:43:50+00:00","breadcrumb":{"@id":"https:\/\/www.notibras.com\/site\/saude-entra-em-colapso-sem-poder-atender-pacientes-com-dengue\/#breadcrumb"},"inLanguage":"pt-BR","potentialAction":[{"@type":"ReadAction","target":["https:\/\/www.notibras.com\/site\/saude-entra-em-colapso-sem-poder-atender-pacientes-com-dengue\/"]}]},{"@type":"ImageObject","inLanguage":"pt-BR","@id":"https:\/\/www.notibras.com\/site\/saude-entra-em-colapso-sem-poder-atender-pacientes-com-dengue\/#primaryimage","url":"https:\/\/www.notibras.com\/site\/wp-content\/uploads\/2023\/11\/dengue.cguva_.jpg","contentUrl":"https:\/\/www.notibras.com\/site\/wp-content\/uploads\/2023\/11\/dengue.cguva_.jpg","width":1200,"height":800},{"@type":"BreadcrumbList","@id":"https:\/\/www.notibras.com\/site\/saude-entra-em-colapso-sem-poder-atender-pacientes-com-dengue\/#breadcrumb","itemListElement":[{"@type":"ListItem","position":1,"name":"In\u00edcio","item":"https:\/\/www.notibras.com\/site\/"},{"@type":"ListItem","position":2,"name":"Sa\u00fade entra em colapso sem poder atender pacientes com dengue"}]},{"@type":"WebSite","@id":"https:\/\/www.notibras.com\/site\/#website","url":"https:\/\/www.notibras.com\/site\/","name":"Notibras","description":"Not\u00edcias de Bras\u00edlia, do Brasil e do Mundo","publisher":{"@id":"https:\/\/www.notibras.com\/site\/#organization"},"potentialAction":[{"@type":"SearchAction","target":{"@type":"EntryPoint","urlTemplate":"https:\/\/www.notibras.com\/site\/?s={search_term_string}"},"query-input":{"@type":"PropertyValueSpecification","valueRequired":true,"valueName":"search_term_string"}}],"inLanguage":"pt-BR"},{"@type":"Organization","@id":"https:\/\/www.notibras.com\/site\/#organization","name":"Grupo Notibras de Comunica\u00e7\u00e3o","url":"https:\/\/www.notibras.com\/site\/","logo":{"@type":"ImageObject","inLanguage":"pt-BR","@id":"https:\/\/www.notibras.com\/site\/#\/schema\/logo\/image\/","url":"https:\/\/www.notibras.com\/site\/wp-content\/uploads\/2023\/01\/notibras23.png","contentUrl":"https:\/\/www.notibras.com\/site\/wp-content\/uploads\/2023\/01\/notibras23.png","width":350,"height":87,"caption":"Grupo Notibras de Comunica\u00e7\u00e3o"},"image":{"@id":"https:\/\/www.notibras.com\/site\/#\/schema\/logo\/image\/"},"sameAs":["https:\/\/www.facebook.com\/notibras\/","https:\/\/x.com\/Notibras","https:\/\/www.instagram.com\/notibras\/"]},{"@type":"Person","@id":"https:\/\/www.notibras.com\/site\/#\/schema\/person\/36ab0979449956132d3e5b517ea76ac8","name":"Reda\u00e7\u00e3o","image":{"@type":"ImageObject","inLanguage":"pt-BR","@id":"https:\/\/secure.gravatar.com\/avatar\/e0a867bdedb85fd243eadf09663511f96fc81e0720a4a42581f334ad4303aa6b?s=96&d=mm&r=g","url":"https:\/\/secure.gravatar.com\/avatar\/e0a867bdedb85fd243eadf09663511f96fc81e0720a4a42581f334ad4303aa6b?s=96&d=mm&r=g","contentUrl":"https:\/\/secure.gravatar.com\/avatar\/e0a867bdedb85fd243eadf09663511f96fc81e0720a4a42581f334ad4303aa6b?s=96&d=mm&r=g","caption":"Reda\u00e7\u00e3o"}}]}},"amp_enabled":true,"_links":{"self":[{"href":"https:\/\/www.notibras.com\/site\/wp-json\/wp\/v2\/posts\/323062","targetHints":{"allow":["GET"]}}],"collection":[{"href":"https:\/\/www.notibras.com\/site\/wp-json\/wp\/v2\/posts"}],"about":[{"href":"https:\/\/www.notibras.com\/site\/wp-json\/wp\/v2\/types\/post"}],"author":[{"embeddable":true,"href":"https:\/\/www.notibras.com\/site\/wp-json\/wp\/v2\/users\/2"}],"replies":[{"embeddable":true,"href":"https:\/\/www.notibras.com\/site\/wp-json\/wp\/v2\/comments?post=323062"}],"version-history":[{"count":1,"href":"https:\/\/www.notibras.com\/site\/wp-json\/wp\/v2\/posts\/323062\/revisions"}],"predecessor-version":[{"id":323063,"href":"https:\/\/www.notibras.com\/site\/wp-json\/wp\/v2\/posts\/323062\/revisions\/323063"}],"wp:featuredmedia":[{"embeddable":true,"href":"https:\/\/www.notibras.com\/site\/wp-json\/wp\/v2\/media\/317300"}],"wp:attachment":[{"href":"https:\/\/www.notibras.com\/site\/wp-json\/wp\/v2\/media?parent=323062"}],"wp:term":[{"taxonomy":"category","embeddable":true,"href":"https:\/\/www.notibras.com\/site\/wp-json\/wp\/v2\/categories?post=323062"},{"taxonomy":"post_tag","embeddable":true,"href":"https:\/\/www.notibras.com\/site\/wp-json\/wp\/v2\/tags?post=323062"}],"curies":[{"name":"wp","href":"https:\/\/api.w.org\/{rel}","templated":true}]}}