{"id":323074,"date":"2024-02-23T17:25:22","date_gmt":"2024-02-23T20:25:22","guid":{"rendered":"https:\/\/www.notibras.com\/site\/?p=323074"},"modified":"2024-02-23T21:29:49","modified_gmt":"2024-02-24T00:29:49","slug":"mulheres-sao-maioria-dos-candidatos-no-concurso-unificado","status":"publish","type":"post","link":"https:\/\/www.notibras.com\/site\/mulheres-sao-maioria-dos-candidatos-no-concurso-unificado\/","title":{"rendered":"Mulheres s\u00e3o maioria dos candidatos no concurso unificado"},"content":{"rendered":"<p>Dos mais de 2,1 milh\u00f5es de candidatos com inscri\u00e7\u00f5es confirmadas no Concurso P\u00fablico Nacional Unificado, 56% s\u00e3o do sexo feminino, o equivalente a 1,2 milh\u00e3o de pessoas. O dado faz parte das informa\u00e7\u00f5es consolidadas divulgadas nesta sexta-feira (23) pelo Minist\u00e9rio da Gest\u00e3o e da Inova\u00e7\u00e3o em Servi\u00e7os P\u00fablicos.<\/p>\n<p>Os candidatos ir\u00e3o disputar 6.640 vagas em 21 \u00f3rg\u00e3os federais. As provas ser\u00e3o aplicadas no dia 5 de maio em 220 cidades de todas as unidades da Federa\u00e7\u00e3o.<\/p>\n<p>De acordo com o minist\u00e9rio, 76,2% dos inscritos pagaram a taxa \u2013 de R$ 60 ou R$ 90, percentual acima da m\u00e9dia hist\u00f3rica de concursos p\u00fablicos (60%), totalizando arrecada\u00e7\u00e3o de R$ 126 milh\u00f5es. De acordo com o governo, o valor \u00e9 suficiente para arcar com os custos do processo seletivo.<\/p>\n<p>Segundo os dados, 19% dos inscritos n\u00e3o fizeram o pagamento da taxa. Desta forma, 2,1 milh\u00f5es, entre pagantes e isentos, est\u00e3o aptos a fazer as provas.<\/p>\n<p>A maior parte dos candidatos (20,5%) informou ter renda entre R$ 2.825 e R$ 4.236. Apenas 6,3% disseram ter remunera\u00e7\u00e3o superior a R$ 14.120.<\/p>\n<p>Do total de candidatos, 420.793 v\u00e3o disputar uma vaga dentro da cota para negros; 45.564, para pessoas com defici\u00eancia e 10.444, para ind\u00edgenas. E 54.219 inscritos solicitaram atendimento especial, como lactantes.<\/p>\n<p><strong>Blocos e cargos mais disputados<\/strong><br \/>\nO Bloco 8, de n\u00edvel m\u00e9dio, recebeu o maior n\u00famero de inscri\u00e7\u00f5es: 701.029. Em seguida, aparece o Bloco 7, de n\u00edvel superior e com cargos relacionados \u00e0 gest\u00e3o governamental e administra\u00e7\u00e3o p\u00fablica, que teve 429.370 inscritos.<\/p>\n<p>Os cargos com mais candidatos inscritos s\u00e3o de n\u00edvel m\u00e9dio: t\u00e9cnico em indigenismo, da Funda\u00e7\u00e3o Nacional dos Povos Ind\u00edgenas (n\u00edvel m\u00e9dio), com 323.250 candidatos; e t\u00e9cnico em informa\u00e7\u00f5es geogr\u00e1ficas e estat\u00edsticas para Regi\u00e3o Nordeste, do Instituto Brasileiro de Geografia e Estat\u00edstica (316.543).<\/p>\n<p>No n\u00edvel superior, o cargo com mais inscri\u00e7\u00f5es \u00e9 para auditor fiscal do trabalho do Minist\u00e9rio do Trabalho (315.899), com oferta de 900 vagas.<\/p>\n<p><strong>Cidades com maior n\u00famero de candidatos<\/strong><br \/>\nAs capitais lideram a lista das cidades com o maior n\u00famero de candidatos: Bras\u00edlia, Rio de Janeiro, S\u00e3o Paulo, Salvador e Belo Horizonte. Fora das capitais, a cidade com mais inscritos \u00e9 Feira de Santana, na Bahia.<\/p>\n<p>De acordo com o minist\u00e9rio, ir\u00e3o participar candidatos de 5.555 munic\u00edpios. Para a ministra da Gest\u00e3o e da Inova\u00e7\u00e3o em Servi\u00e7os P\u00fablicos, Esther Dweck, o indicador mostra que o concurso conseguiu alcan\u00e7ar uma parte significativa da popula\u00e7\u00e3o, j\u00e1 que as provas ser\u00e3o aplicadas a menos de 100 quil\u00f4metros da cidade onde o candidato reside.<\/p>\n","protected":false},"excerpt":{"rendered":"<p>Dos mais de 2,1 milh\u00f5es de candidatos com inscri\u00e7\u00f5es confirmadas no Concurso P\u00fablico Nacional Unificado, 56% s\u00e3o do sexo feminino, o equivalente a 1,2 milh\u00e3o de pessoas. O dado faz parte das informa\u00e7\u00f5es consolidadas divulgadas nesta sexta-feira (23) pelo Minist\u00e9rio da Gest\u00e3o e da Inova\u00e7\u00e3o em Servi\u00e7os P\u00fablicos. Os candidatos ir\u00e3o disputar 6.640 vagas em [&hellip;]<\/p>\n","protected":false},"author":2,"featured_media":323075,"comment_status":"closed","ping_status":"closed","sticky":false,"template":"","format":"standard","meta":{"_acf_changed":false,"footnotes":""},"categories":[161],"tags":[],"class_list":["post-323074","post","type-post","status-publish","format-standard","has-post-thumbnail","hentry","category-quadradinho-em-foco"],"acf":[],"yoast_head":"<!-- This site is optimized with the Yoast SEO plugin v27.2 - https:\/\/yoast.com\/product\/yoast-seo-wordpress\/ -->\n<title>Mulheres s\u00e3o maioria dos candidatos no concurso unificado - Notibras<\/title>\n<meta name=\"robots\" content=\"index, follow, max-snippet:-1, max-image-preview:large, max-video-preview:-1\" \/>\n<link rel=\"canonical\" href=\"https:\/\/www.notibras.com\/site\/mulheres-sao-maioria-dos-candidatos-no-concurso-unificado\/\" \/>\n<meta property=\"og:locale\" content=\"pt_BR\" \/>\n<meta property=\"og:type\" content=\"article\" \/>\n<meta property=\"og:title\" content=\"Mulheres s\u00e3o maioria dos candidatos no concurso unificado - Notibras\" \/>\n<meta property=\"og:description\" content=\"Dos mais de 2,1 milh\u00f5es de candidatos com inscri\u00e7\u00f5es confirmadas no Concurso P\u00fablico Nacional Unificado, 56% s\u00e3o do sexo feminino, o equivalente a 1,2 milh\u00e3o de pessoas. O dado faz parte das informa\u00e7\u00f5es consolidadas divulgadas nesta sexta-feira (23) pelo Minist\u00e9rio da Gest\u00e3o e da Inova\u00e7\u00e3o em Servi\u00e7os P\u00fablicos. Os candidatos ir\u00e3o disputar 6.640 vagas em [&hellip;]\" \/>\n<meta property=\"og:url\" content=\"https:\/\/www.notibras.com\/site\/mulheres-sao-maioria-dos-candidatos-no-concurso-unificado\/\" \/>\n<meta property=\"og:site_name\" content=\"Notibras\" \/>\n<meta property=\"article:publisher\" content=\"https:\/\/www.facebook.com\/notibras\/\" \/>\n<meta property=\"article:published_time\" content=\"2024-02-23T20:25:22+00:00\" \/>\n<meta property=\"article:modified_time\" content=\"2024-02-24T00:29:49+00:00\" \/>\n<meta property=\"og:image\" content=\"https:\/\/www.notibras.com\/site\/wp-content\/uploads\/2024\/02\/mu.con_.mu_.uni_.webp\" \/>\n\t<meta property=\"og:image:width\" content=\"1170\" \/>\n\t<meta property=\"og:image:height\" content=\"700\" \/>\n\t<meta property=\"og:image:type\" content=\"image\/webp\" \/>\n<meta name=\"author\" content=\"Reda\u00e7\u00e3o\" \/>\n<meta name=\"twitter:card\" content=\"summary_large_image\" \/>\n<meta name=\"twitter:creator\" content=\"@Notibras\" \/>\n<meta name=\"twitter:site\" content=\"@Notibras\" \/>\n<meta name=\"twitter:label1\" content=\"Escrito por\" \/>\n\t<meta name=\"twitter:data1\" content=\"Reda\u00e7\u00e3o\" \/>\n\t<meta name=\"twitter:label2\" content=\"Est. tempo de leitura\" \/>\n\t<meta name=\"twitter:data2\" content=\"3 minutos\" \/>\n<script type=\"application\/ld+json\" class=\"yoast-schema-graph\">{\"@context\":\"https:\/\/schema.org\",\"@graph\":[{\"@type\":\"Article\",\"@id\":\"https:\/\/www.notibras.com\/site\/mulheres-sao-maioria-dos-candidatos-no-concurso-unificado\/#article\",\"isPartOf\":{\"@id\":\"https:\/\/www.notibras.com\/site\/mulheres-sao-maioria-dos-candidatos-no-concurso-unificado\/\"},\"author\":{\"name\":\"Reda\u00e7\u00e3o\",\"@id\":\"https:\/\/www.notibras.com\/site\/#\/schema\/person\/36ab0979449956132d3e5b517ea76ac8\"},\"headline\":\"Mulheres s\u00e3o maioria dos candidatos no concurso unificado\",\"datePublished\":\"2024-02-23T20:25:22+00:00\",\"dateModified\":\"2024-02-24T00:29:49+00:00\",\"mainEntityOfPage\":{\"@id\":\"https:\/\/www.notibras.com\/site\/mulheres-sao-maioria-dos-candidatos-no-concurso-unificado\/\"},\"wordCount\":449,\"publisher\":{\"@id\":\"https:\/\/www.notibras.com\/site\/#organization\"},\"image\":{\"@id\":\"https:\/\/www.notibras.com\/site\/mulheres-sao-maioria-dos-candidatos-no-concurso-unificado\/#primaryimage\"},\"thumbnailUrl\":\"https:\/\/www.notibras.com\/site\/wp-content\/uploads\/2024\/02\/mu.con_.mu_.uni_.webp\",\"articleSection\":[\"Quadradinho em Foco\"],\"inLanguage\":\"pt-BR\"},{\"@type\":\"WebPage\",\"@id\":\"https:\/\/www.notibras.com\/site\/mulheres-sao-maioria-dos-candidatos-no-concurso-unificado\/\",\"url\":\"https:\/\/www.notibras.com\/site\/mulheres-sao-maioria-dos-candidatos-no-concurso-unificado\/\",\"name\":\"Mulheres s\u00e3o maioria dos candidatos no concurso unificado - Notibras\",\"isPartOf\":{\"@id\":\"https:\/\/www.notibras.com\/site\/#website\"},\"primaryImageOfPage\":{\"@id\":\"https:\/\/www.notibras.com\/site\/mulheres-sao-maioria-dos-candidatos-no-concurso-unificado\/#primaryimage\"},\"image\":{\"@id\":\"https:\/\/www.notibras.com\/site\/mulheres-sao-maioria-dos-candidatos-no-concurso-unificado\/#primaryimage\"},\"thumbnailUrl\":\"https:\/\/www.notibras.com\/site\/wp-content\/uploads\/2024\/02\/mu.con_.mu_.uni_.webp\",\"datePublished\":\"2024-02-23T20:25:22+00:00\",\"dateModified\":\"2024-02-24T00:29:49+00:00\",\"breadcrumb\":{\"@id\":\"https:\/\/www.notibras.com\/site\/mulheres-sao-maioria-dos-candidatos-no-concurso-unificado\/#breadcrumb\"},\"inLanguage\":\"pt-BR\",\"potentialAction\":[{\"@type\":\"ReadAction\",\"target\":[\"https:\/\/www.notibras.com\/site\/mulheres-sao-maioria-dos-candidatos-no-concurso-unificado\/\"]}]},{\"@type\":\"ImageObject\",\"inLanguage\":\"pt-BR\",\"@id\":\"https:\/\/www.notibras.com\/site\/mulheres-sao-maioria-dos-candidatos-no-concurso-unificado\/#primaryimage\",\"url\":\"https:\/\/www.notibras.com\/site\/wp-content\/uploads\/2024\/02\/mu.con_.mu_.uni_.webp\",\"contentUrl\":\"https:\/\/www.notibras.com\/site\/wp-content\/uploads\/2024\/02\/mu.con_.mu_.uni_.webp\",\"width\":1170,\"height\":700},{\"@type\":\"BreadcrumbList\",\"@id\":\"https:\/\/www.notibras.com\/site\/mulheres-sao-maioria-dos-candidatos-no-concurso-unificado\/#breadcrumb\",\"itemListElement\":[{\"@type\":\"ListItem\",\"position\":1,\"name\":\"In\u00edcio\",\"item\":\"https:\/\/www.notibras.com\/site\/\"},{\"@type\":\"ListItem\",\"position\":2,\"name\":\"Mulheres s\u00e3o maioria dos candidatos no concurso unificado\"}]},{\"@type\":\"WebSite\",\"@id\":\"https:\/\/www.notibras.com\/site\/#website\",\"url\":\"https:\/\/www.notibras.com\/site\/\",\"name\":\"Notibras\",\"description\":\"Not\u00edcias de Bras\u00edlia, do Brasil e do Mundo\",\"publisher\":{\"@id\":\"https:\/\/www.notibras.com\/site\/#organization\"},\"potentialAction\":[{\"@type\":\"SearchAction\",\"target\":{\"@type\":\"EntryPoint\",\"urlTemplate\":\"https:\/\/www.notibras.com\/site\/?s={search_term_string}\"},\"query-input\":{\"@type\":\"PropertyValueSpecification\",\"valueRequired\":true,\"valueName\":\"search_term_string\"}}],\"inLanguage\":\"pt-BR\"},{\"@type\":\"Organization\",\"@id\":\"https:\/\/www.notibras.com\/site\/#organization\",\"name\":\"Grupo Notibras de Comunica\u00e7\u00e3o\",\"url\":\"https:\/\/www.notibras.com\/site\/\",\"logo\":{\"@type\":\"ImageObject\",\"inLanguage\":\"pt-BR\",\"@id\":\"https:\/\/www.notibras.com\/site\/#\/schema\/logo\/image\/\",\"url\":\"https:\/\/www.notibras.com\/site\/wp-content\/uploads\/2023\/01\/notibras23.png\",\"contentUrl\":\"https:\/\/www.notibras.com\/site\/wp-content\/uploads\/2023\/01\/notibras23.png\",\"width\":350,\"height\":87,\"caption\":\"Grupo Notibras de Comunica\u00e7\u00e3o\"},\"image\":{\"@id\":\"https:\/\/www.notibras.com\/site\/#\/schema\/logo\/image\/\"},\"sameAs\":[\"https:\/\/www.facebook.com\/notibras\/\",\"https:\/\/x.com\/Notibras\",\"https:\/\/www.instagram.com\/notibras\/\"]},{\"@type\":\"Person\",\"@id\":\"https:\/\/www.notibras.com\/site\/#\/schema\/person\/36ab0979449956132d3e5b517ea76ac8\",\"name\":\"Reda\u00e7\u00e3o\",\"image\":{\"@type\":\"ImageObject\",\"inLanguage\":\"pt-BR\",\"@id\":\"https:\/\/secure.gravatar.com\/avatar\/e0a867bdedb85fd243eadf09663511f96fc81e0720a4a42581f334ad4303aa6b?s=96&d=mm&r=g\",\"url\":\"https:\/\/secure.gravatar.com\/avatar\/e0a867bdedb85fd243eadf09663511f96fc81e0720a4a42581f334ad4303aa6b?s=96&d=mm&r=g\",\"contentUrl\":\"https:\/\/secure.gravatar.com\/avatar\/e0a867bdedb85fd243eadf09663511f96fc81e0720a4a42581f334ad4303aa6b?s=96&d=mm&r=g\",\"caption\":\"Reda\u00e7\u00e3o\"}}]}<\/script>\n<!-- \/ Yoast SEO plugin. -->","yoast_head_json":{"title":"Mulheres s\u00e3o maioria dos candidatos no concurso unificado - Notibras","robots":{"index":"index","follow":"follow","max-snippet":"max-snippet:-1","max-image-preview":"max-image-preview:large","max-video-preview":"max-video-preview:-1"},"canonical":"https:\/\/www.notibras.com\/site\/mulheres-sao-maioria-dos-candidatos-no-concurso-unificado\/","og_locale":"pt_BR","og_type":"article","og_title":"Mulheres s\u00e3o maioria dos candidatos no concurso unificado - Notibras","og_description":"Dos mais de 2,1 milh\u00f5es de candidatos com inscri\u00e7\u00f5es confirmadas no Concurso P\u00fablico Nacional Unificado, 56% s\u00e3o do sexo feminino, o equivalente a 1,2 milh\u00e3o de pessoas. O dado faz parte das informa\u00e7\u00f5es consolidadas divulgadas nesta sexta-feira (23) pelo Minist\u00e9rio da Gest\u00e3o e da Inova\u00e7\u00e3o em Servi\u00e7os P\u00fablicos. Os candidatos ir\u00e3o disputar 6.640 vagas em [&hellip;]","og_url":"https:\/\/www.notibras.com\/site\/mulheres-sao-maioria-dos-candidatos-no-concurso-unificado\/","og_site_name":"Notibras","article_publisher":"https:\/\/www.facebook.com\/notibras\/","article_published_time":"2024-02-23T20:25:22+00:00","article_modified_time":"2024-02-24T00:29:49+00:00","og_image":[{"width":1170,"height":700,"url":"https:\/\/www.notibras.com\/site\/wp-content\/uploads\/2024\/02\/mu.con_.mu_.uni_.webp","type":"image\/webp"}],"author":"Reda\u00e7\u00e3o","twitter_card":"summary_large_image","twitter_creator":"@Notibras","twitter_site":"@Notibras","twitter_misc":{"Escrito por":"Reda\u00e7\u00e3o","Est. tempo de leitura":"3 minutos"},"schema":{"@context":"https:\/\/schema.org","@graph":[{"@type":"Article","@id":"https:\/\/www.notibras.com\/site\/mulheres-sao-maioria-dos-candidatos-no-concurso-unificado\/#article","isPartOf":{"@id":"https:\/\/www.notibras.com\/site\/mulheres-sao-maioria-dos-candidatos-no-concurso-unificado\/"},"author":{"name":"Reda\u00e7\u00e3o","@id":"https:\/\/www.notibras.com\/site\/#\/schema\/person\/36ab0979449956132d3e5b517ea76ac8"},"headline":"Mulheres s\u00e3o maioria dos candidatos no concurso unificado","datePublished":"2024-02-23T20:25:22+00:00","dateModified":"2024-02-24T00:29:49+00:00","mainEntityOfPage":{"@id":"https:\/\/www.notibras.com\/site\/mulheres-sao-maioria-dos-candidatos-no-concurso-unificado\/"},"wordCount":449,"publisher":{"@id":"https:\/\/www.notibras.com\/site\/#organization"},"image":{"@id":"https:\/\/www.notibras.com\/site\/mulheres-sao-maioria-dos-candidatos-no-concurso-unificado\/#primaryimage"},"thumbnailUrl":"https:\/\/www.notibras.com\/site\/wp-content\/uploads\/2024\/02\/mu.con_.mu_.uni_.webp","articleSection":["Quadradinho em Foco"],"inLanguage":"pt-BR"},{"@type":"WebPage","@id":"https:\/\/www.notibras.com\/site\/mulheres-sao-maioria-dos-candidatos-no-concurso-unificado\/","url":"https:\/\/www.notibras.com\/site\/mulheres-sao-maioria-dos-candidatos-no-concurso-unificado\/","name":"Mulheres s\u00e3o maioria dos candidatos no concurso unificado - Notibras","isPartOf":{"@id":"https:\/\/www.notibras.com\/site\/#website"},"primaryImageOfPage":{"@id":"https:\/\/www.notibras.com\/site\/mulheres-sao-maioria-dos-candidatos-no-concurso-unificado\/#primaryimage"},"image":{"@id":"https:\/\/www.notibras.com\/site\/mulheres-sao-maioria-dos-candidatos-no-concurso-unificado\/#primaryimage"},"thumbnailUrl":"https:\/\/www.notibras.com\/site\/wp-content\/uploads\/2024\/02\/mu.con_.mu_.uni_.webp","datePublished":"2024-02-23T20:25:22+00:00","dateModified":"2024-02-24T00:29:49+00:00","breadcrumb":{"@id":"https:\/\/www.notibras.com\/site\/mulheres-sao-maioria-dos-candidatos-no-concurso-unificado\/#breadcrumb"},"inLanguage":"pt-BR","potentialAction":[{"@type":"ReadAction","target":["https:\/\/www.notibras.com\/site\/mulheres-sao-maioria-dos-candidatos-no-concurso-unificado\/"]}]},{"@type":"ImageObject","inLanguage":"pt-BR","@id":"https:\/\/www.notibras.com\/site\/mulheres-sao-maioria-dos-candidatos-no-concurso-unificado\/#primaryimage","url":"https:\/\/www.notibras.com\/site\/wp-content\/uploads\/2024\/02\/mu.con_.mu_.uni_.webp","contentUrl":"https:\/\/www.notibras.com\/site\/wp-content\/uploads\/2024\/02\/mu.con_.mu_.uni_.webp","width":1170,"height":700},{"@type":"BreadcrumbList","@id":"https:\/\/www.notibras.com\/site\/mulheres-sao-maioria-dos-candidatos-no-concurso-unificado\/#breadcrumb","itemListElement":[{"@type":"ListItem","position":1,"name":"In\u00edcio","item":"https:\/\/www.notibras.com\/site\/"},{"@type":"ListItem","position":2,"name":"Mulheres s\u00e3o maioria dos candidatos no concurso unificado"}]},{"@type":"WebSite","@id":"https:\/\/www.notibras.com\/site\/#website","url":"https:\/\/www.notibras.com\/site\/","name":"Notibras","description":"Not\u00edcias de Bras\u00edlia, do Brasil e do Mundo","publisher":{"@id":"https:\/\/www.notibras.com\/site\/#organization"},"potentialAction":[{"@type":"SearchAction","target":{"@type":"EntryPoint","urlTemplate":"https:\/\/www.notibras.com\/site\/?s={search_term_string}"},"query-input":{"@type":"PropertyValueSpecification","valueRequired":true,"valueName":"search_term_string"}}],"inLanguage":"pt-BR"},{"@type":"Organization","@id":"https:\/\/www.notibras.com\/site\/#organization","name":"Grupo Notibras de Comunica\u00e7\u00e3o","url":"https:\/\/www.notibras.com\/site\/","logo":{"@type":"ImageObject","inLanguage":"pt-BR","@id":"https:\/\/www.notibras.com\/site\/#\/schema\/logo\/image\/","url":"https:\/\/www.notibras.com\/site\/wp-content\/uploads\/2023\/01\/notibras23.png","contentUrl":"https:\/\/www.notibras.com\/site\/wp-content\/uploads\/2023\/01\/notibras23.png","width":350,"height":87,"caption":"Grupo Notibras de Comunica\u00e7\u00e3o"},"image":{"@id":"https:\/\/www.notibras.com\/site\/#\/schema\/logo\/image\/"},"sameAs":["https:\/\/www.facebook.com\/notibras\/","https:\/\/x.com\/Notibras","https:\/\/www.instagram.com\/notibras\/"]},{"@type":"Person","@id":"https:\/\/www.notibras.com\/site\/#\/schema\/person\/36ab0979449956132d3e5b517ea76ac8","name":"Reda\u00e7\u00e3o","image":{"@type":"ImageObject","inLanguage":"pt-BR","@id":"https:\/\/secure.gravatar.com\/avatar\/e0a867bdedb85fd243eadf09663511f96fc81e0720a4a42581f334ad4303aa6b?s=96&d=mm&r=g","url":"https:\/\/secure.gravatar.com\/avatar\/e0a867bdedb85fd243eadf09663511f96fc81e0720a4a42581f334ad4303aa6b?s=96&d=mm&r=g","contentUrl":"https:\/\/secure.gravatar.com\/avatar\/e0a867bdedb85fd243eadf09663511f96fc81e0720a4a42581f334ad4303aa6b?s=96&d=mm&r=g","caption":"Reda\u00e7\u00e3o"}}]}},"amp_enabled":true,"_links":{"self":[{"href":"https:\/\/www.notibras.com\/site\/wp-json\/wp\/v2\/posts\/323074","targetHints":{"allow":["GET"]}}],"collection":[{"href":"https:\/\/www.notibras.com\/site\/wp-json\/wp\/v2\/posts"}],"about":[{"href":"https:\/\/www.notibras.com\/site\/wp-json\/wp\/v2\/types\/post"}],"author":[{"embeddable":true,"href":"https:\/\/www.notibras.com\/site\/wp-json\/wp\/v2\/users\/2"}],"replies":[{"embeddable":true,"href":"https:\/\/www.notibras.com\/site\/wp-json\/wp\/v2\/comments?post=323074"}],"version-history":[{"count":1,"href":"https:\/\/www.notibras.com\/site\/wp-json\/wp\/v2\/posts\/323074\/revisions"}],"predecessor-version":[{"id":323076,"href":"https:\/\/www.notibras.com\/site\/wp-json\/wp\/v2\/posts\/323074\/revisions\/323076"}],"wp:featuredmedia":[{"embeddable":true,"href":"https:\/\/www.notibras.com\/site\/wp-json\/wp\/v2\/media\/323075"}],"wp:attachment":[{"href":"https:\/\/www.notibras.com\/site\/wp-json\/wp\/v2\/media?parent=323074"}],"wp:term":[{"taxonomy":"category","embeddable":true,"href":"https:\/\/www.notibras.com\/site\/wp-json\/wp\/v2\/categories?post=323074"},{"taxonomy":"post_tag","embeddable":true,"href":"https:\/\/www.notibras.com\/site\/wp-json\/wp\/v2\/tags?post=323074"}],"curies":[{"name":"wp","href":"https:\/\/api.w.org\/{rel}","templated":true}]}}