{"id":32308,"date":"2014-12-27T17:46:45","date_gmt":"2014-12-27T20:46:45","guid":{"rendered":"http:\/\/www.notibras.com\/site\/?p=32308"},"modified":"2014-12-27T17:46:45","modified_gmt":"2014-12-27T20:46:45","slug":"suplicy-trajetoria-vitoriosa-de-um-petista-que-sai-do-cenario-politico","status":"publish","type":"post","link":"https:\/\/www.notibras.com\/site\/suplicy-trajetoria-vitoriosa-de-um-petista-que-sai-do-cenario-politico\/","title":{"rendered":"Suplicy, trajet\u00f3ria vitoriosa de um petista que sai do cen\u00e1rio pol\u00edtico"},"content":{"rendered":"<p>Em 31 de dezembro, completarei 24 anos como senador por S\u00e3o Paulo e pelo Partido dos Trabalhadores. Em virtude de minha atua\u00e7\u00e3o como deputado estadual (1979-83), deputado federal (1983-87) e, em especial, como vereador e presidente da C\u00e2mara Municipal de S. Paulo (1989-90) &#8211; onde coloquei em pr\u00e1tica a m\u00e1xima de que a transpar\u00eancia em tempo real \u00e9 a melhor maneira de prevenir irregularidades -,\u00a0o PT me indicou candidato ao Senado. Em dif\u00edcil disputa, com 30% dos votos v\u00e1lidos do Estado, fui eleito\u00a0o primeiro senador do PT, \u00fanico at\u00e9 1994.<\/p>\n<p>Sempre foi meu prop\u00f3sito lutar pela garantia das institui\u00e7\u00f5es democr\u00e1ticas, pela m\u00e1xima transpar\u00eancia na administra\u00e7\u00e3o p\u00fablica e pela cria\u00e7\u00e3o dos instrumentos de pol\u00edtica econ\u00f4mica que contribuam para a constru\u00e7\u00e3o de um Brasil justo, solid\u00e1rio e civilizado, com igualdade de oportunidades para todos. Fui reeleito senador em 1998, com 43% dos votos, e em 2006, com 48% dos votos.<\/p>\n<p>Procurei sempre estar atento \u00e0s minhas responsabilidades de bem representar o povo. Como fiscalizador, com frequ\u00eancia tomei a iniciativa de requerer informa\u00e7\u00f5es aos ministros e de convid\u00e1-los a dar explica\u00e7\u00f5es, especialmente nas Comiss\u00f5es de Assuntos Econ\u00f4micos e de Rela\u00e7\u00f5es Exteriores e Defesa Nacional, das quais sempre fui titular.<\/p>\n<p>Fui o primeiro signat\u00e1rio de requerimento para a forma\u00e7\u00e3o de CPI para examinar os atos de PC Farias, que resultou no impeachment do presidente Fernando Collor, em 1992, e da CPI do Or\u00e7amento, que provocou o afastamento de v\u00e1rios parlamentares em 1993.<\/p>\n<p>Em um \u00fanico momento divergi das diretrizes da dire\u00e7\u00e3o nacional do PT, quando assinei o requerimento da CPI dos Correios, em 2005. Posteriormente, todo o partido assinou.<\/p>\n<p>Como legislador, estive atento ao debate e \u00e0 formula\u00e7\u00e3o de sugest\u00f5es para aprimorar os projetos de iniciativa do Executivo ou do Parlamento, e tamb\u00e9m na apresenta\u00e7\u00e3o de projetos de lei, tais como:<\/p>\n<ul>\n<li>\n<blockquote><p>o que trata da transpar\u00eancia das informa\u00e7\u00f5es no Senado, inclusive as remunera\u00e7\u00f5es;<\/p><\/blockquote>\n<\/li>\n<li>\n<blockquote><p>o que obriga o Congresso a acompanhar as tratativas dos acordos comerciais bilaterais ou multilaterais internacionais do Brasil;<\/p><\/blockquote>\n<\/li>\n<li>\n<blockquote><p>o que cria uma pol\u00edtica nacional para as doen\u00e7as raras;<\/p><\/blockquote>\n<\/li>\n<li>\n<blockquote><p>o que requer a transpar\u00eancia em tempo real de todas as contribui\u00e7\u00f5es aos partidos pol\u00edticos e candidatos ao longo da campanha eleitoral;<\/p><\/blockquote>\n<\/li>\n<li>\n<blockquote><p>o que define o limite de contribui\u00e7\u00e3o das pessoas f\u00edsicas, aliado ao fim das contribui\u00e7\u00f5es de pessoas jur\u00eddicas nas campanhas pol\u00edticas;<\/p><\/blockquote>\n<\/li>\n<li>\n<blockquote><p>o que define as normas de funcionamento das sociedades cooperativas;<\/p><\/blockquote>\n<\/li>\n<li>\n<blockquote><p>o que institui a Linha Oficial de Pobreza;<\/p><\/blockquote>\n<\/li>\n<li>\n<blockquote><p>o que institui um Programa de Garantia de Renda M\u00ednima, atrav\u00e9s de um Imposto de Renda Negativo, de cujo debate advieram os programas de transfer\u00eancia de renda, primeiro na forma do Bolsa Escola e hoje do Bolsa Fam\u00edlia;<\/p><\/blockquote>\n<\/li>\n<li>\n<blockquote><p>o que institui a Renda B\u00e1sica de Cidadania como um direito de todas as pessoas no Brasil de receberem uma renda que ser\u00e1 suficiente para suprir suas necessidades vitais.<\/p><\/blockquote>\n<\/li>\n<\/ul>\n<p>Este \u00faltimo foi aprovado por consenso de todos os partidos pelo Congresso Nacional, e sancionado pelo Presidente Luiz In\u00e1cio Lula da Silva, em 8 de janeiro de 2004.<\/p>\n<p>Com apoio de todos os 81 senadores, sugeri \u00e0 presidenta Dilma Rousseff que crie um grupo de trabalho para estudar as etapas da transi\u00e7\u00e3o do Programa Bolsa Fam\u00edlia at\u00e9 a Renda B\u00e1sica de Cidadania.<\/p>\n<p>Quando isso acontecer, significar\u00e1 um passo importante, pois prover\u00e1 efetiva dignidade e liberdade real para todos. Onde eu estiver, continuarei a lutar por estes objetivos.<\/p>\n<p><strong>Eduardo Suplicy<\/strong><\/p>\n","protected":false},"excerpt":{"rendered":"<p>Em 31 de dezembro, completarei 24 anos como senador por S\u00e3o Paulo e pelo Partido dos Trabalhadores. Em virtude de minha atua\u00e7\u00e3o como deputado estadual (1979-83), deputado federal (1983-87) e, em especial, como vereador e presidente da C\u00e2mara Municipal de S. Paulo (1989-90) &#8211; onde coloquei em pr\u00e1tica a m\u00e1xima de que a transpar\u00eancia em [&hellip;]<\/p>\n","protected":false},"author":2,"featured_media":32309,"comment_status":"open","ping_status":"closed","sticky":false,"template":"","format":"standard","meta":{"_acf_changed":false,"footnotes":""},"categories":[25],"tags":[],"class_list":["post-32308","post","type-post","status-publish","format-standard","has-post-thumbnail","hentry","category-opina-ai"],"acf":[],"yoast_head":"<!-- This site is optimized with the Yoast SEO plugin v27.2 - https:\/\/yoast.com\/product\/yoast-seo-wordpress\/ -->\n<title>Suplicy, trajet\u00f3ria vitoriosa de um petista que sai do cen\u00e1rio pol\u00edtico - Notibras<\/title>\n<meta name=\"robots\" content=\"index, follow, max-snippet:-1, max-image-preview:large, max-video-preview:-1\" \/>\n<link rel=\"canonical\" href=\"https:\/\/www.notibras.com\/site\/suplicy-trajetoria-vitoriosa-de-um-petista-que-sai-do-cenario-politico\/\" \/>\n<meta property=\"og:locale\" content=\"pt_BR\" \/>\n<meta property=\"og:type\" content=\"article\" \/>\n<meta property=\"og:title\" content=\"Suplicy, trajet\u00f3ria vitoriosa de um petista que sai do cen\u00e1rio pol\u00edtico - Notibras\" \/>\n<meta property=\"og:description\" content=\"Em 31 de dezembro, completarei 24 anos como senador por S\u00e3o Paulo e pelo Partido dos Trabalhadores. Em virtude de minha atua\u00e7\u00e3o como deputado estadual (1979-83), deputado federal (1983-87) e, em especial, como vereador e presidente da C\u00e2mara Municipal de S. Paulo (1989-90) &#8211; onde coloquei em pr\u00e1tica a m\u00e1xima de que a transpar\u00eancia em [&hellip;]\" \/>\n<meta property=\"og:url\" content=\"https:\/\/www.notibras.com\/site\/suplicy-trajetoria-vitoriosa-de-um-petista-que-sai-do-cenario-politico\/\" \/>\n<meta property=\"og:site_name\" content=\"Notibras\" \/>\n<meta property=\"article:publisher\" content=\"https:\/\/www.facebook.com\/notibras\/\" \/>\n<meta property=\"article:published_time\" content=\"2014-12-27T20:46:45+00:00\" \/>\n<meta property=\"og:image\" content=\"https:\/\/www.notibras.com\/site\/wp-content\/uploads\/2014\/12\/eduardo-suplicy.jpg\" \/>\n\t<meta property=\"og:image:width\" content=\"540\" \/>\n\t<meta property=\"og:image:height\" content=\"360\" \/>\n\t<meta property=\"og:image:type\" content=\"image\/jpeg\" \/>\n<meta name=\"author\" content=\"Reda\u00e7\u00e3o\" \/>\n<meta name=\"twitter:card\" content=\"summary_large_image\" \/>\n<meta name=\"twitter:creator\" content=\"@Notibras\" \/>\n<meta name=\"twitter:site\" content=\"@Notibras\" \/>\n<meta name=\"twitter:label1\" content=\"Escrito por\" \/>\n\t<meta name=\"twitter:data1\" content=\"Reda\u00e7\u00e3o\" \/>\n\t<meta name=\"twitter:label2\" content=\"Est. tempo de leitura\" \/>\n\t<meta name=\"twitter:data2\" content=\"3 minutos\" \/>\n<script type=\"application\/ld+json\" class=\"yoast-schema-graph\">{\"@context\":\"https:\/\/schema.org\",\"@graph\":[{\"@type\":\"Article\",\"@id\":\"https:\/\/www.notibras.com\/site\/suplicy-trajetoria-vitoriosa-de-um-petista-que-sai-do-cenario-politico\/#article\",\"isPartOf\":{\"@id\":\"https:\/\/www.notibras.com\/site\/suplicy-trajetoria-vitoriosa-de-um-petista-que-sai-do-cenario-politico\/\"},\"author\":{\"name\":\"Reda\u00e7\u00e3o\",\"@id\":\"https:\/\/www.notibras.com\/site\/#\/schema\/person\/36ab0979449956132d3e5b517ea76ac8\"},\"headline\":\"Suplicy, trajet\u00f3ria vitoriosa de um petista que sai do cen\u00e1rio pol\u00edtico\",\"datePublished\":\"2014-12-27T20:46:45+00:00\",\"mainEntityOfPage\":{\"@id\":\"https:\/\/www.notibras.com\/site\/suplicy-trajetoria-vitoriosa-de-um-petista-que-sai-do-cenario-politico\/\"},\"wordCount\":611,\"commentCount\":0,\"publisher\":{\"@id\":\"https:\/\/www.notibras.com\/site\/#organization\"},\"image\":{\"@id\":\"https:\/\/www.notibras.com\/site\/suplicy-trajetoria-vitoriosa-de-um-petista-que-sai-do-cenario-politico\/#primaryimage\"},\"thumbnailUrl\":\"https:\/\/www.notibras.com\/site\/wp-content\/uploads\/2014\/12\/eduardo-suplicy.jpg\",\"articleSection\":[\"Opina a\u00ed\"],\"inLanguage\":\"pt-BR\",\"potentialAction\":[{\"@type\":\"CommentAction\",\"name\":\"Comment\",\"target\":[\"https:\/\/www.notibras.com\/site\/suplicy-trajetoria-vitoriosa-de-um-petista-que-sai-do-cenario-politico\/#respond\"]}]},{\"@type\":\"WebPage\",\"@id\":\"https:\/\/www.notibras.com\/site\/suplicy-trajetoria-vitoriosa-de-um-petista-que-sai-do-cenario-politico\/\",\"url\":\"https:\/\/www.notibras.com\/site\/suplicy-trajetoria-vitoriosa-de-um-petista-que-sai-do-cenario-politico\/\",\"name\":\"Suplicy, trajet\u00f3ria vitoriosa de um petista que sai do cen\u00e1rio pol\u00edtico - Notibras\",\"isPartOf\":{\"@id\":\"https:\/\/www.notibras.com\/site\/#website\"},\"primaryImageOfPage\":{\"@id\":\"https:\/\/www.notibras.com\/site\/suplicy-trajetoria-vitoriosa-de-um-petista-que-sai-do-cenario-politico\/#primaryimage\"},\"image\":{\"@id\":\"https:\/\/www.notibras.com\/site\/suplicy-trajetoria-vitoriosa-de-um-petista-que-sai-do-cenario-politico\/#primaryimage\"},\"thumbnailUrl\":\"https:\/\/www.notibras.com\/site\/wp-content\/uploads\/2014\/12\/eduardo-suplicy.jpg\",\"datePublished\":\"2014-12-27T20:46:45+00:00\",\"breadcrumb\":{\"@id\":\"https:\/\/www.notibras.com\/site\/suplicy-trajetoria-vitoriosa-de-um-petista-que-sai-do-cenario-politico\/#breadcrumb\"},\"inLanguage\":\"pt-BR\",\"potentialAction\":[{\"@type\":\"ReadAction\",\"target\":[\"https:\/\/www.notibras.com\/site\/suplicy-trajetoria-vitoriosa-de-um-petista-que-sai-do-cenario-politico\/\"]}]},{\"@type\":\"ImageObject\",\"inLanguage\":\"pt-BR\",\"@id\":\"https:\/\/www.notibras.com\/site\/suplicy-trajetoria-vitoriosa-de-um-petista-que-sai-do-cenario-politico\/#primaryimage\",\"url\":\"https:\/\/www.notibras.com\/site\/wp-content\/uploads\/2014\/12\/eduardo-suplicy.jpg\",\"contentUrl\":\"https:\/\/www.notibras.com\/site\/wp-content\/uploads\/2014\/12\/eduardo-suplicy.jpg\",\"width\":540,\"height\":360},{\"@type\":\"BreadcrumbList\",\"@id\":\"https:\/\/www.notibras.com\/site\/suplicy-trajetoria-vitoriosa-de-um-petista-que-sai-do-cenario-politico\/#breadcrumb\",\"itemListElement\":[{\"@type\":\"ListItem\",\"position\":1,\"name\":\"In\u00edcio\",\"item\":\"https:\/\/www.notibras.com\/site\/\"},{\"@type\":\"ListItem\",\"position\":2,\"name\":\"Suplicy, trajet\u00f3ria vitoriosa de um petista que sai do cen\u00e1rio pol\u00edtico\"}]},{\"@type\":\"WebSite\",\"@id\":\"https:\/\/www.notibras.com\/site\/#website\",\"url\":\"https:\/\/www.notibras.com\/site\/\",\"name\":\"Notibras\",\"description\":\"Not\u00edcias de Bras\u00edlia, do Brasil e do Mundo\",\"publisher\":{\"@id\":\"https:\/\/www.notibras.com\/site\/#organization\"},\"potentialAction\":[{\"@type\":\"SearchAction\",\"target\":{\"@type\":\"EntryPoint\",\"urlTemplate\":\"https:\/\/www.notibras.com\/site\/?s={search_term_string}\"},\"query-input\":{\"@type\":\"PropertyValueSpecification\",\"valueRequired\":true,\"valueName\":\"search_term_string\"}}],\"inLanguage\":\"pt-BR\"},{\"@type\":\"Organization\",\"@id\":\"https:\/\/www.notibras.com\/site\/#organization\",\"name\":\"Grupo Notibras de Comunica\u00e7\u00e3o\",\"url\":\"https:\/\/www.notibras.com\/site\/\",\"logo\":{\"@type\":\"ImageObject\",\"inLanguage\":\"pt-BR\",\"@id\":\"https:\/\/www.notibras.com\/site\/#\/schema\/logo\/image\/\",\"url\":\"https:\/\/www.notibras.com\/site\/wp-content\/uploads\/2023\/01\/notibras23.png\",\"contentUrl\":\"https:\/\/www.notibras.com\/site\/wp-content\/uploads\/2023\/01\/notibras23.png\",\"width\":350,\"height\":87,\"caption\":\"Grupo Notibras de Comunica\u00e7\u00e3o\"},\"image\":{\"@id\":\"https:\/\/www.notibras.com\/site\/#\/schema\/logo\/image\/\"},\"sameAs\":[\"https:\/\/www.facebook.com\/notibras\/\",\"https:\/\/x.com\/Notibras\",\"https:\/\/www.instagram.com\/notibras\/\"]},{\"@type\":\"Person\",\"@id\":\"https:\/\/www.notibras.com\/site\/#\/schema\/person\/36ab0979449956132d3e5b517ea76ac8\",\"name\":\"Reda\u00e7\u00e3o\",\"image\":{\"@type\":\"ImageObject\",\"inLanguage\":\"pt-BR\",\"@id\":\"https:\/\/secure.gravatar.com\/avatar\/e0a867bdedb85fd243eadf09663511f96fc81e0720a4a42581f334ad4303aa6b?s=96&d=mm&r=g\",\"url\":\"https:\/\/secure.gravatar.com\/avatar\/e0a867bdedb85fd243eadf09663511f96fc81e0720a4a42581f334ad4303aa6b?s=96&d=mm&r=g\",\"contentUrl\":\"https:\/\/secure.gravatar.com\/avatar\/e0a867bdedb85fd243eadf09663511f96fc81e0720a4a42581f334ad4303aa6b?s=96&d=mm&r=g\",\"caption\":\"Reda\u00e7\u00e3o\"}}]}<\/script>\n<!-- \/ Yoast SEO plugin. -->","yoast_head_json":{"title":"Suplicy, trajet\u00f3ria vitoriosa de um petista que sai do cen\u00e1rio pol\u00edtico - Notibras","robots":{"index":"index","follow":"follow","max-snippet":"max-snippet:-1","max-image-preview":"max-image-preview:large","max-video-preview":"max-video-preview:-1"},"canonical":"https:\/\/www.notibras.com\/site\/suplicy-trajetoria-vitoriosa-de-um-petista-que-sai-do-cenario-politico\/","og_locale":"pt_BR","og_type":"article","og_title":"Suplicy, trajet\u00f3ria vitoriosa de um petista que sai do cen\u00e1rio pol\u00edtico - Notibras","og_description":"Em 31 de dezembro, completarei 24 anos como senador por S\u00e3o Paulo e pelo Partido dos Trabalhadores. Em virtude de minha atua\u00e7\u00e3o como deputado estadual (1979-83), deputado federal (1983-87) e, em especial, como vereador e presidente da C\u00e2mara Municipal de S. Paulo (1989-90) &#8211; onde coloquei em pr\u00e1tica a m\u00e1xima de que a transpar\u00eancia em [&hellip;]","og_url":"https:\/\/www.notibras.com\/site\/suplicy-trajetoria-vitoriosa-de-um-petista-que-sai-do-cenario-politico\/","og_site_name":"Notibras","article_publisher":"https:\/\/www.facebook.com\/notibras\/","article_published_time":"2014-12-27T20:46:45+00:00","og_image":[{"width":540,"height":360,"url":"https:\/\/www.notibras.com\/site\/wp-content\/uploads\/2014\/12\/eduardo-suplicy.jpg","type":"image\/jpeg"}],"author":"Reda\u00e7\u00e3o","twitter_card":"summary_large_image","twitter_creator":"@Notibras","twitter_site":"@Notibras","twitter_misc":{"Escrito por":"Reda\u00e7\u00e3o","Est. tempo de leitura":"3 minutos"},"schema":{"@context":"https:\/\/schema.org","@graph":[{"@type":"Article","@id":"https:\/\/www.notibras.com\/site\/suplicy-trajetoria-vitoriosa-de-um-petista-que-sai-do-cenario-politico\/#article","isPartOf":{"@id":"https:\/\/www.notibras.com\/site\/suplicy-trajetoria-vitoriosa-de-um-petista-que-sai-do-cenario-politico\/"},"author":{"name":"Reda\u00e7\u00e3o","@id":"https:\/\/www.notibras.com\/site\/#\/schema\/person\/36ab0979449956132d3e5b517ea76ac8"},"headline":"Suplicy, trajet\u00f3ria vitoriosa de um petista que sai do cen\u00e1rio pol\u00edtico","datePublished":"2014-12-27T20:46:45+00:00","mainEntityOfPage":{"@id":"https:\/\/www.notibras.com\/site\/suplicy-trajetoria-vitoriosa-de-um-petista-que-sai-do-cenario-politico\/"},"wordCount":611,"commentCount":0,"publisher":{"@id":"https:\/\/www.notibras.com\/site\/#organization"},"image":{"@id":"https:\/\/www.notibras.com\/site\/suplicy-trajetoria-vitoriosa-de-um-petista-que-sai-do-cenario-politico\/#primaryimage"},"thumbnailUrl":"https:\/\/www.notibras.com\/site\/wp-content\/uploads\/2014\/12\/eduardo-suplicy.jpg","articleSection":["Opina a\u00ed"],"inLanguage":"pt-BR","potentialAction":[{"@type":"CommentAction","name":"Comment","target":["https:\/\/www.notibras.com\/site\/suplicy-trajetoria-vitoriosa-de-um-petista-que-sai-do-cenario-politico\/#respond"]}]},{"@type":"WebPage","@id":"https:\/\/www.notibras.com\/site\/suplicy-trajetoria-vitoriosa-de-um-petista-que-sai-do-cenario-politico\/","url":"https:\/\/www.notibras.com\/site\/suplicy-trajetoria-vitoriosa-de-um-petista-que-sai-do-cenario-politico\/","name":"Suplicy, trajet\u00f3ria vitoriosa de um petista que sai do cen\u00e1rio pol\u00edtico - Notibras","isPartOf":{"@id":"https:\/\/www.notibras.com\/site\/#website"},"primaryImageOfPage":{"@id":"https:\/\/www.notibras.com\/site\/suplicy-trajetoria-vitoriosa-de-um-petista-que-sai-do-cenario-politico\/#primaryimage"},"image":{"@id":"https:\/\/www.notibras.com\/site\/suplicy-trajetoria-vitoriosa-de-um-petista-que-sai-do-cenario-politico\/#primaryimage"},"thumbnailUrl":"https:\/\/www.notibras.com\/site\/wp-content\/uploads\/2014\/12\/eduardo-suplicy.jpg","datePublished":"2014-12-27T20:46:45+00:00","breadcrumb":{"@id":"https:\/\/www.notibras.com\/site\/suplicy-trajetoria-vitoriosa-de-um-petista-que-sai-do-cenario-politico\/#breadcrumb"},"inLanguage":"pt-BR","potentialAction":[{"@type":"ReadAction","target":["https:\/\/www.notibras.com\/site\/suplicy-trajetoria-vitoriosa-de-um-petista-que-sai-do-cenario-politico\/"]}]},{"@type":"ImageObject","inLanguage":"pt-BR","@id":"https:\/\/www.notibras.com\/site\/suplicy-trajetoria-vitoriosa-de-um-petista-que-sai-do-cenario-politico\/#primaryimage","url":"https:\/\/www.notibras.com\/site\/wp-content\/uploads\/2014\/12\/eduardo-suplicy.jpg","contentUrl":"https:\/\/www.notibras.com\/site\/wp-content\/uploads\/2014\/12\/eduardo-suplicy.jpg","width":540,"height":360},{"@type":"BreadcrumbList","@id":"https:\/\/www.notibras.com\/site\/suplicy-trajetoria-vitoriosa-de-um-petista-que-sai-do-cenario-politico\/#breadcrumb","itemListElement":[{"@type":"ListItem","position":1,"name":"In\u00edcio","item":"https:\/\/www.notibras.com\/site\/"},{"@type":"ListItem","position":2,"name":"Suplicy, trajet\u00f3ria vitoriosa de um petista que sai do cen\u00e1rio pol\u00edtico"}]},{"@type":"WebSite","@id":"https:\/\/www.notibras.com\/site\/#website","url":"https:\/\/www.notibras.com\/site\/","name":"Notibras","description":"Not\u00edcias de Bras\u00edlia, do Brasil e do Mundo","publisher":{"@id":"https:\/\/www.notibras.com\/site\/#organization"},"potentialAction":[{"@type":"SearchAction","target":{"@type":"EntryPoint","urlTemplate":"https:\/\/www.notibras.com\/site\/?s={search_term_string}"},"query-input":{"@type":"PropertyValueSpecification","valueRequired":true,"valueName":"search_term_string"}}],"inLanguage":"pt-BR"},{"@type":"Organization","@id":"https:\/\/www.notibras.com\/site\/#organization","name":"Grupo Notibras de Comunica\u00e7\u00e3o","url":"https:\/\/www.notibras.com\/site\/","logo":{"@type":"ImageObject","inLanguage":"pt-BR","@id":"https:\/\/www.notibras.com\/site\/#\/schema\/logo\/image\/","url":"https:\/\/www.notibras.com\/site\/wp-content\/uploads\/2023\/01\/notibras23.png","contentUrl":"https:\/\/www.notibras.com\/site\/wp-content\/uploads\/2023\/01\/notibras23.png","width":350,"height":87,"caption":"Grupo Notibras de Comunica\u00e7\u00e3o"},"image":{"@id":"https:\/\/www.notibras.com\/site\/#\/schema\/logo\/image\/"},"sameAs":["https:\/\/www.facebook.com\/notibras\/","https:\/\/x.com\/Notibras","https:\/\/www.instagram.com\/notibras\/"]},{"@type":"Person","@id":"https:\/\/www.notibras.com\/site\/#\/schema\/person\/36ab0979449956132d3e5b517ea76ac8","name":"Reda\u00e7\u00e3o","image":{"@type":"ImageObject","inLanguage":"pt-BR","@id":"https:\/\/secure.gravatar.com\/avatar\/e0a867bdedb85fd243eadf09663511f96fc81e0720a4a42581f334ad4303aa6b?s=96&d=mm&r=g","url":"https:\/\/secure.gravatar.com\/avatar\/e0a867bdedb85fd243eadf09663511f96fc81e0720a4a42581f334ad4303aa6b?s=96&d=mm&r=g","contentUrl":"https:\/\/secure.gravatar.com\/avatar\/e0a867bdedb85fd243eadf09663511f96fc81e0720a4a42581f334ad4303aa6b?s=96&d=mm&r=g","caption":"Reda\u00e7\u00e3o"}}]}},"amp_enabled":true,"_links":{"self":[{"href":"https:\/\/www.notibras.com\/site\/wp-json\/wp\/v2\/posts\/32308","targetHints":{"allow":["GET"]}}],"collection":[{"href":"https:\/\/www.notibras.com\/site\/wp-json\/wp\/v2\/posts"}],"about":[{"href":"https:\/\/www.notibras.com\/site\/wp-json\/wp\/v2\/types\/post"}],"author":[{"embeddable":true,"href":"https:\/\/www.notibras.com\/site\/wp-json\/wp\/v2\/users\/2"}],"replies":[{"embeddable":true,"href":"https:\/\/www.notibras.com\/site\/wp-json\/wp\/v2\/comments?post=32308"}],"version-history":[{"count":0,"href":"https:\/\/www.notibras.com\/site\/wp-json\/wp\/v2\/posts\/32308\/revisions"}],"wp:featuredmedia":[{"embeddable":true,"href":"https:\/\/www.notibras.com\/site\/wp-json\/wp\/v2\/media\/32309"}],"wp:attachment":[{"href":"https:\/\/www.notibras.com\/site\/wp-json\/wp\/v2\/media?parent=32308"}],"wp:term":[{"taxonomy":"category","embeddable":true,"href":"https:\/\/www.notibras.com\/site\/wp-json\/wp\/v2\/categories?post=32308"},{"taxonomy":"post_tag","embeddable":true,"href":"https:\/\/www.notibras.com\/site\/wp-json\/wp\/v2\/tags?post=32308"}],"curies":[{"name":"wp","href":"https:\/\/api.w.org\/{rel}","templated":true}]}}