{"id":323117,"date":"2024-02-25T00:00:59","date_gmt":"2024-02-25T03:00:59","guid":{"rendered":"https:\/\/www.notibras.com\/site\/?p=323117"},"modified":"2024-02-24T21:13:32","modified_gmt":"2024-02-25T00:13:32","slug":"federais-prendem-suspeito-de-tentar-invadir-alvorada","status":"publish","type":"post","link":"https:\/\/www.notibras.com\/site\/federais-prendem-suspeito-de-tentar-invadir-alvorada\/","title":{"rendered":"Federais prendem suspeito de tentar invadir Alvorada"},"content":{"rendered":"<p>A Pol\u00edcia Federal (PF) prendeu o motorista suspeito de tentar invadir o Pal\u00e1cio da Alvorada, resid\u00eancia oficial do presidente da Rep\u00fablica, na madrugada de s\u00e1bado. O ve\u00edculo modelo Ford Focus tamb\u00e9m foi apreendido. O incidente est\u00e1 sendo investigado pela PF.<\/p>\n<p>Segundo informa\u00e7\u00e3o da pr\u00f3pria PF, ele seria um morador da regi\u00e3o e teria errado o caminho para casa. O suspeito ainda prestar\u00e1 mais informa\u00e7\u00f5es em depoimento.<\/p>\n<p>O carro teria desrespeitado o bloqueio, mas sem conseguir se aproximar do pal\u00e1cio, cuja portaria fica a cerca de 400 metros de dist\u00e2ncia do edif\u00edcio. Em seguida, o indiv\u00edduo fugiu do local no pr\u00f3prio autom\u00f3vel usado na tentativa de invas\u00e3o.<\/p>\n<p>O presidente Luiz In\u00e1cio Lula da Silva e a primeira-dama Janja Silva estavam na resid\u00eancia no momento da ocorr\u00eancia, mas em seguran\u00e7a. Sem dar detalhes sobre o ocorrido, a PF disse, em nota, que aguarda informa\u00e7\u00f5es do Gabinete de Seguran\u00e7a Institucional (GSI) da Presid\u00eancia da Rep\u00fablica, respons\u00e1vel pelos bloqueios e abordagens nas imedia\u00e7\u00f5es dos pr\u00e9dios e resid\u00eancias oficiais do presidente e vice.<\/p>\n<p>\u00c0 reportagem, o GSI informou que houve tentativa de furar o bloqueio na via que d\u00e1 acesso aos pal\u00e1cios Jaburu &#8211; resid\u00eancia do vice-presidente Geraldo Alckmin &#8211; e Alvorada.<\/p>\n<p>A reportagem procurou a Secretaria de Comunica\u00e7\u00e3o Social da Presid\u00eancia da Rep\u00fablica (Secom), que confirmou o incidente, sem detalhes.<\/p>\n<p>Ap\u00f3s desobedecer \u00e0 ordem de parada no bloqueio e prosseguir na via, o autom\u00f3vel teve os pneus furados pelo dispositivo com perfuradores de metal usado para evitar o avan\u00e7o de ve\u00edculos n\u00e3o autorizados. Os seguran\u00e7as efetuaram disparos com arma de fogo, mas, apesar disso, o motorista conseguiu deixar o local sem ser detido.<\/p>\n<p><strong>Outras tentativas de invas\u00e3o<\/strong><br \/>\nEste n\u00e3o \u00e9 o primeiro epis\u00f3dio de tentativa de invas\u00e3o das resid\u00eancias oficiais do presidente e vice-presidente da Rep\u00fablica em Bras\u00edlia. H\u00e1 diversas ocorr\u00eancias documentadas nas \u00faltimas d\u00e9cadas. Na manh\u00e3 do dia 5 de outubro de 2008, por exemplo, um homem identificado como Denis tentou invadir o Pal\u00e1cio da Alvorada e acabou baleado na perna. Ele chegou a atravessar o espelho d\u2019\u00e1gua e correu em dire\u00e7\u00e3o ao pr\u00e9dio. A seguran\u00e7a presidencial fez um disparo para o alto e depois o acertou. Denis foi socorrido em um hospital e operado. Ele n\u00e3o explicou o motivo da tentativa de invas\u00e3o.<\/p>\n<p>Cinco anos antes, em 10 de junho de 2003, o mec\u00e2nico de ve\u00edculos Carlos Xavier Filho, 39 anos, tamb\u00e9m tentou invadir o Pal\u00e1cio da Alvorada. Ele chegou a investir contra o port\u00e3o de ferro da entrada da resid\u00eancia oficial com um autom\u00f3vel Fiat Uno. Foi barrado pelo dispositivo de seguran\u00e7a que furou os pneus do carro. Mesmo assim, prosseguiu e bateu no port\u00e3o. Acabou preso e alegou que tentava agendar uma audi\u00eancia com o presidente Lula.<\/p>\n<p>Em 2011, no dia 18 de janeiro, um homem tamb\u00e9m tentou invadir a resid\u00eancia oficial com um autom\u00f3vel. Ele foi detido e levado para a delegacia.<\/p>\n<p>Sob a gest\u00e3o de Michel Temer, no dia 28 de junho de 2011, um adolescente tentou invadir o mesmo pr\u00e9dio durante a noite. O rapaz acelerou o carro em que estava na dire\u00e7\u00e3o do bloqueio de seguran\u00e7a e ultrapassou a grade de prote\u00e7\u00e3o. Foram relaizados disparos de advert\u00eancia. O ve\u00edculo s\u00f3 parou numa \u00e1rea interna do pal\u00e1cio.<\/p>\n","protected":false},"excerpt":{"rendered":"<p>A Pol\u00edcia Federal (PF) prendeu o motorista suspeito de tentar invadir o Pal\u00e1cio da Alvorada, resid\u00eancia oficial do presidente da Rep\u00fablica, na madrugada de s\u00e1bado. O ve\u00edculo modelo Ford Focus tamb\u00e9m foi apreendido. O incidente est\u00e1 sendo investigado pela PF. Segundo informa\u00e7\u00e3o da pr\u00f3pria PF, ele seria um morador da regi\u00e3o e teria errado o [&hellip;]<\/p>\n","protected":false},"author":2,"featured_media":323120,"comment_status":"closed","ping_status":"closed","sticky":false,"template":"","format":"standard","meta":{"_acf_changed":false,"footnotes":""},"categories":[161],"tags":[95],"class_list":["post-323117","post","type-post","status-publish","format-standard","has-post-thumbnail","hentry","category-quadradinho-em-foco","tag-capa"],"acf":[],"yoast_head":"<!-- This site is optimized with the Yoast SEO plugin v27.2 - https:\/\/yoast.com\/product\/yoast-seo-wordpress\/ -->\n<title>Federais prendem suspeito de tentar invadir Alvorada - Notibras<\/title>\n<meta name=\"robots\" content=\"index, follow, max-snippet:-1, max-image-preview:large, max-video-preview:-1\" \/>\n<link rel=\"canonical\" href=\"https:\/\/www.notibras.com\/site\/federais-prendem-suspeito-de-tentar-invadir-alvorada\/\" \/>\n<meta property=\"og:locale\" content=\"pt_BR\" \/>\n<meta property=\"og:type\" content=\"article\" \/>\n<meta property=\"og:title\" content=\"Federais prendem suspeito de tentar invadir Alvorada - Notibras\" \/>\n<meta property=\"og:description\" content=\"A Pol\u00edcia Federal (PF) prendeu o motorista suspeito de tentar invadir o Pal\u00e1cio da Alvorada, resid\u00eancia oficial do presidente da Rep\u00fablica, na madrugada de s\u00e1bado. O ve\u00edculo modelo Ford Focus tamb\u00e9m foi apreendido. O incidente est\u00e1 sendo investigado pela PF. Segundo informa\u00e7\u00e3o da pr\u00f3pria PF, ele seria um morador da regi\u00e3o e teria errado o [&hellip;]\" \/>\n<meta property=\"og:url\" content=\"https:\/\/www.notibras.com\/site\/federais-prendem-suspeito-de-tentar-invadir-alvorada\/\" \/>\n<meta property=\"og:site_name\" content=\"Notibras\" \/>\n<meta property=\"article:publisher\" content=\"https:\/\/www.facebook.com\/notibras\/\" \/>\n<meta property=\"article:published_time\" content=\"2024-02-25T03:00:59+00:00\" \/>\n<meta property=\"og:image\" content=\"https:\/\/www.notibras.com\/site\/wp-content\/uploads\/2024\/02\/pfpla.webp\" \/>\n\t<meta property=\"og:image:width\" content=\"1170\" \/>\n\t<meta property=\"og:image:height\" content=\"700\" \/>\n\t<meta property=\"og:image:type\" content=\"image\/webp\" \/>\n<meta name=\"author\" content=\"Reda\u00e7\u00e3o\" \/>\n<meta name=\"twitter:card\" content=\"summary_large_image\" \/>\n<meta name=\"twitter:creator\" content=\"@Notibras\" \/>\n<meta name=\"twitter:site\" content=\"@Notibras\" \/>\n<meta name=\"twitter:label1\" content=\"Escrito por\" \/>\n\t<meta name=\"twitter:data1\" content=\"Reda\u00e7\u00e3o\" \/>\n\t<meta name=\"twitter:label2\" content=\"Est. tempo de leitura\" \/>\n\t<meta name=\"twitter:data2\" content=\"3 minutos\" \/>\n<script type=\"application\/ld+json\" class=\"yoast-schema-graph\">{\"@context\":\"https:\/\/schema.org\",\"@graph\":[{\"@type\":\"Article\",\"@id\":\"https:\/\/www.notibras.com\/site\/federais-prendem-suspeito-de-tentar-invadir-alvorada\/#article\",\"isPartOf\":{\"@id\":\"https:\/\/www.notibras.com\/site\/federais-prendem-suspeito-de-tentar-invadir-alvorada\/\"},\"author\":{\"name\":\"Reda\u00e7\u00e3o\",\"@id\":\"https:\/\/www.notibras.com\/site\/#\/schema\/person\/36ab0979449956132d3e5b517ea76ac8\"},\"headline\":\"Federais prendem suspeito de tentar invadir Alvorada\",\"datePublished\":\"2024-02-25T03:00:59+00:00\",\"mainEntityOfPage\":{\"@id\":\"https:\/\/www.notibras.com\/site\/federais-prendem-suspeito-de-tentar-invadir-alvorada\/\"},\"wordCount\":602,\"publisher\":{\"@id\":\"https:\/\/www.notibras.com\/site\/#organization\"},\"image\":{\"@id\":\"https:\/\/www.notibras.com\/site\/federais-prendem-suspeito-de-tentar-invadir-alvorada\/#primaryimage\"},\"thumbnailUrl\":\"https:\/\/www.notibras.com\/site\/wp-content\/uploads\/2024\/02\/pfpla.webp\",\"keywords\":[\"capa\"],\"articleSection\":[\"Quadradinho em Foco\"],\"inLanguage\":\"pt-BR\"},{\"@type\":\"WebPage\",\"@id\":\"https:\/\/www.notibras.com\/site\/federais-prendem-suspeito-de-tentar-invadir-alvorada\/\",\"url\":\"https:\/\/www.notibras.com\/site\/federais-prendem-suspeito-de-tentar-invadir-alvorada\/\",\"name\":\"Federais prendem suspeito de tentar invadir Alvorada - Notibras\",\"isPartOf\":{\"@id\":\"https:\/\/www.notibras.com\/site\/#website\"},\"primaryImageOfPage\":{\"@id\":\"https:\/\/www.notibras.com\/site\/federais-prendem-suspeito-de-tentar-invadir-alvorada\/#primaryimage\"},\"image\":{\"@id\":\"https:\/\/www.notibras.com\/site\/federais-prendem-suspeito-de-tentar-invadir-alvorada\/#primaryimage\"},\"thumbnailUrl\":\"https:\/\/www.notibras.com\/site\/wp-content\/uploads\/2024\/02\/pfpla.webp\",\"datePublished\":\"2024-02-25T03:00:59+00:00\",\"breadcrumb\":{\"@id\":\"https:\/\/www.notibras.com\/site\/federais-prendem-suspeito-de-tentar-invadir-alvorada\/#breadcrumb\"},\"inLanguage\":\"pt-BR\",\"potentialAction\":[{\"@type\":\"ReadAction\",\"target\":[\"https:\/\/www.notibras.com\/site\/federais-prendem-suspeito-de-tentar-invadir-alvorada\/\"]}]},{\"@type\":\"ImageObject\",\"inLanguage\":\"pt-BR\",\"@id\":\"https:\/\/www.notibras.com\/site\/federais-prendem-suspeito-de-tentar-invadir-alvorada\/#primaryimage\",\"url\":\"https:\/\/www.notibras.com\/site\/wp-content\/uploads\/2024\/02\/pfpla.webp\",\"contentUrl\":\"https:\/\/www.notibras.com\/site\/wp-content\/uploads\/2024\/02\/pfpla.webp\",\"width\":1170,\"height\":700},{\"@type\":\"BreadcrumbList\",\"@id\":\"https:\/\/www.notibras.com\/site\/federais-prendem-suspeito-de-tentar-invadir-alvorada\/#breadcrumb\",\"itemListElement\":[{\"@type\":\"ListItem\",\"position\":1,\"name\":\"In\u00edcio\",\"item\":\"https:\/\/www.notibras.com\/site\/\"},{\"@type\":\"ListItem\",\"position\":2,\"name\":\"Federais prendem suspeito de tentar invadir Alvorada\"}]},{\"@type\":\"WebSite\",\"@id\":\"https:\/\/www.notibras.com\/site\/#website\",\"url\":\"https:\/\/www.notibras.com\/site\/\",\"name\":\"Notibras\",\"description\":\"Not\u00edcias de Bras\u00edlia, do Brasil e do Mundo\",\"publisher\":{\"@id\":\"https:\/\/www.notibras.com\/site\/#organization\"},\"potentialAction\":[{\"@type\":\"SearchAction\",\"target\":{\"@type\":\"EntryPoint\",\"urlTemplate\":\"https:\/\/www.notibras.com\/site\/?s={search_term_string}\"},\"query-input\":{\"@type\":\"PropertyValueSpecification\",\"valueRequired\":true,\"valueName\":\"search_term_string\"}}],\"inLanguage\":\"pt-BR\"},{\"@type\":\"Organization\",\"@id\":\"https:\/\/www.notibras.com\/site\/#organization\",\"name\":\"Grupo Notibras de Comunica\u00e7\u00e3o\",\"url\":\"https:\/\/www.notibras.com\/site\/\",\"logo\":{\"@type\":\"ImageObject\",\"inLanguage\":\"pt-BR\",\"@id\":\"https:\/\/www.notibras.com\/site\/#\/schema\/logo\/image\/\",\"url\":\"https:\/\/www.notibras.com\/site\/wp-content\/uploads\/2023\/01\/notibras23.png\",\"contentUrl\":\"https:\/\/www.notibras.com\/site\/wp-content\/uploads\/2023\/01\/notibras23.png\",\"width\":350,\"height\":87,\"caption\":\"Grupo Notibras de Comunica\u00e7\u00e3o\"},\"image\":{\"@id\":\"https:\/\/www.notibras.com\/site\/#\/schema\/logo\/image\/\"},\"sameAs\":[\"https:\/\/www.facebook.com\/notibras\/\",\"https:\/\/x.com\/Notibras\",\"https:\/\/www.instagram.com\/notibras\/\"]},{\"@type\":\"Person\",\"@id\":\"https:\/\/www.notibras.com\/site\/#\/schema\/person\/36ab0979449956132d3e5b517ea76ac8\",\"name\":\"Reda\u00e7\u00e3o\",\"image\":{\"@type\":\"ImageObject\",\"inLanguage\":\"pt-BR\",\"@id\":\"https:\/\/secure.gravatar.com\/avatar\/e0a867bdedb85fd243eadf09663511f96fc81e0720a4a42581f334ad4303aa6b?s=96&d=mm&r=g\",\"url\":\"https:\/\/secure.gravatar.com\/avatar\/e0a867bdedb85fd243eadf09663511f96fc81e0720a4a42581f334ad4303aa6b?s=96&d=mm&r=g\",\"contentUrl\":\"https:\/\/secure.gravatar.com\/avatar\/e0a867bdedb85fd243eadf09663511f96fc81e0720a4a42581f334ad4303aa6b?s=96&d=mm&r=g\",\"caption\":\"Reda\u00e7\u00e3o\"}}]}<\/script>\n<!-- \/ Yoast SEO plugin. -->","yoast_head_json":{"title":"Federais prendem suspeito de tentar invadir Alvorada - Notibras","robots":{"index":"index","follow":"follow","max-snippet":"max-snippet:-1","max-image-preview":"max-image-preview:large","max-video-preview":"max-video-preview:-1"},"canonical":"https:\/\/www.notibras.com\/site\/federais-prendem-suspeito-de-tentar-invadir-alvorada\/","og_locale":"pt_BR","og_type":"article","og_title":"Federais prendem suspeito de tentar invadir Alvorada - Notibras","og_description":"A Pol\u00edcia Federal (PF) prendeu o motorista suspeito de tentar invadir o Pal\u00e1cio da Alvorada, resid\u00eancia oficial do presidente da Rep\u00fablica, na madrugada de s\u00e1bado. O ve\u00edculo modelo Ford Focus tamb\u00e9m foi apreendido. O incidente est\u00e1 sendo investigado pela PF. Segundo informa\u00e7\u00e3o da pr\u00f3pria PF, ele seria um morador da regi\u00e3o e teria errado o [&hellip;]","og_url":"https:\/\/www.notibras.com\/site\/federais-prendem-suspeito-de-tentar-invadir-alvorada\/","og_site_name":"Notibras","article_publisher":"https:\/\/www.facebook.com\/notibras\/","article_published_time":"2024-02-25T03:00:59+00:00","og_image":[{"width":1170,"height":700,"url":"https:\/\/www.notibras.com\/site\/wp-content\/uploads\/2024\/02\/pfpla.webp","type":"image\/webp"}],"author":"Reda\u00e7\u00e3o","twitter_card":"summary_large_image","twitter_creator":"@Notibras","twitter_site":"@Notibras","twitter_misc":{"Escrito por":"Reda\u00e7\u00e3o","Est. tempo de leitura":"3 minutos"},"schema":{"@context":"https:\/\/schema.org","@graph":[{"@type":"Article","@id":"https:\/\/www.notibras.com\/site\/federais-prendem-suspeito-de-tentar-invadir-alvorada\/#article","isPartOf":{"@id":"https:\/\/www.notibras.com\/site\/federais-prendem-suspeito-de-tentar-invadir-alvorada\/"},"author":{"name":"Reda\u00e7\u00e3o","@id":"https:\/\/www.notibras.com\/site\/#\/schema\/person\/36ab0979449956132d3e5b517ea76ac8"},"headline":"Federais prendem suspeito de tentar invadir Alvorada","datePublished":"2024-02-25T03:00:59+00:00","mainEntityOfPage":{"@id":"https:\/\/www.notibras.com\/site\/federais-prendem-suspeito-de-tentar-invadir-alvorada\/"},"wordCount":602,"publisher":{"@id":"https:\/\/www.notibras.com\/site\/#organization"},"image":{"@id":"https:\/\/www.notibras.com\/site\/federais-prendem-suspeito-de-tentar-invadir-alvorada\/#primaryimage"},"thumbnailUrl":"https:\/\/www.notibras.com\/site\/wp-content\/uploads\/2024\/02\/pfpla.webp","keywords":["capa"],"articleSection":["Quadradinho em Foco"],"inLanguage":"pt-BR"},{"@type":"WebPage","@id":"https:\/\/www.notibras.com\/site\/federais-prendem-suspeito-de-tentar-invadir-alvorada\/","url":"https:\/\/www.notibras.com\/site\/federais-prendem-suspeito-de-tentar-invadir-alvorada\/","name":"Federais prendem suspeito de tentar invadir Alvorada - Notibras","isPartOf":{"@id":"https:\/\/www.notibras.com\/site\/#website"},"primaryImageOfPage":{"@id":"https:\/\/www.notibras.com\/site\/federais-prendem-suspeito-de-tentar-invadir-alvorada\/#primaryimage"},"image":{"@id":"https:\/\/www.notibras.com\/site\/federais-prendem-suspeito-de-tentar-invadir-alvorada\/#primaryimage"},"thumbnailUrl":"https:\/\/www.notibras.com\/site\/wp-content\/uploads\/2024\/02\/pfpla.webp","datePublished":"2024-02-25T03:00:59+00:00","breadcrumb":{"@id":"https:\/\/www.notibras.com\/site\/federais-prendem-suspeito-de-tentar-invadir-alvorada\/#breadcrumb"},"inLanguage":"pt-BR","potentialAction":[{"@type":"ReadAction","target":["https:\/\/www.notibras.com\/site\/federais-prendem-suspeito-de-tentar-invadir-alvorada\/"]}]},{"@type":"ImageObject","inLanguage":"pt-BR","@id":"https:\/\/www.notibras.com\/site\/federais-prendem-suspeito-de-tentar-invadir-alvorada\/#primaryimage","url":"https:\/\/www.notibras.com\/site\/wp-content\/uploads\/2024\/02\/pfpla.webp","contentUrl":"https:\/\/www.notibras.com\/site\/wp-content\/uploads\/2024\/02\/pfpla.webp","width":1170,"height":700},{"@type":"BreadcrumbList","@id":"https:\/\/www.notibras.com\/site\/federais-prendem-suspeito-de-tentar-invadir-alvorada\/#breadcrumb","itemListElement":[{"@type":"ListItem","position":1,"name":"In\u00edcio","item":"https:\/\/www.notibras.com\/site\/"},{"@type":"ListItem","position":2,"name":"Federais prendem suspeito de tentar invadir Alvorada"}]},{"@type":"WebSite","@id":"https:\/\/www.notibras.com\/site\/#website","url":"https:\/\/www.notibras.com\/site\/","name":"Notibras","description":"Not\u00edcias de Bras\u00edlia, do Brasil e do Mundo","publisher":{"@id":"https:\/\/www.notibras.com\/site\/#organization"},"potentialAction":[{"@type":"SearchAction","target":{"@type":"EntryPoint","urlTemplate":"https:\/\/www.notibras.com\/site\/?s={search_term_string}"},"query-input":{"@type":"PropertyValueSpecification","valueRequired":true,"valueName":"search_term_string"}}],"inLanguage":"pt-BR"},{"@type":"Organization","@id":"https:\/\/www.notibras.com\/site\/#organization","name":"Grupo Notibras de Comunica\u00e7\u00e3o","url":"https:\/\/www.notibras.com\/site\/","logo":{"@type":"ImageObject","inLanguage":"pt-BR","@id":"https:\/\/www.notibras.com\/site\/#\/schema\/logo\/image\/","url":"https:\/\/www.notibras.com\/site\/wp-content\/uploads\/2023\/01\/notibras23.png","contentUrl":"https:\/\/www.notibras.com\/site\/wp-content\/uploads\/2023\/01\/notibras23.png","width":350,"height":87,"caption":"Grupo Notibras de Comunica\u00e7\u00e3o"},"image":{"@id":"https:\/\/www.notibras.com\/site\/#\/schema\/logo\/image\/"},"sameAs":["https:\/\/www.facebook.com\/notibras\/","https:\/\/x.com\/Notibras","https:\/\/www.instagram.com\/notibras\/"]},{"@type":"Person","@id":"https:\/\/www.notibras.com\/site\/#\/schema\/person\/36ab0979449956132d3e5b517ea76ac8","name":"Reda\u00e7\u00e3o","image":{"@type":"ImageObject","inLanguage":"pt-BR","@id":"https:\/\/secure.gravatar.com\/avatar\/e0a867bdedb85fd243eadf09663511f96fc81e0720a4a42581f334ad4303aa6b?s=96&d=mm&r=g","url":"https:\/\/secure.gravatar.com\/avatar\/e0a867bdedb85fd243eadf09663511f96fc81e0720a4a42581f334ad4303aa6b?s=96&d=mm&r=g","contentUrl":"https:\/\/secure.gravatar.com\/avatar\/e0a867bdedb85fd243eadf09663511f96fc81e0720a4a42581f334ad4303aa6b?s=96&d=mm&r=g","caption":"Reda\u00e7\u00e3o"}}]}},"amp_enabled":true,"_links":{"self":[{"href":"https:\/\/www.notibras.com\/site\/wp-json\/wp\/v2\/posts\/323117","targetHints":{"allow":["GET"]}}],"collection":[{"href":"https:\/\/www.notibras.com\/site\/wp-json\/wp\/v2\/posts"}],"about":[{"href":"https:\/\/www.notibras.com\/site\/wp-json\/wp\/v2\/types\/post"}],"author":[{"embeddable":true,"href":"https:\/\/www.notibras.com\/site\/wp-json\/wp\/v2\/users\/2"}],"replies":[{"embeddable":true,"href":"https:\/\/www.notibras.com\/site\/wp-json\/wp\/v2\/comments?post=323117"}],"version-history":[{"count":2,"href":"https:\/\/www.notibras.com\/site\/wp-json\/wp\/v2\/posts\/323117\/revisions"}],"predecessor-version":[{"id":323121,"href":"https:\/\/www.notibras.com\/site\/wp-json\/wp\/v2\/posts\/323117\/revisions\/323121"}],"wp:featuredmedia":[{"embeddable":true,"href":"https:\/\/www.notibras.com\/site\/wp-json\/wp\/v2\/media\/323120"}],"wp:attachment":[{"href":"https:\/\/www.notibras.com\/site\/wp-json\/wp\/v2\/media?parent=323117"}],"wp:term":[{"taxonomy":"category","embeddable":true,"href":"https:\/\/www.notibras.com\/site\/wp-json\/wp\/v2\/categories?post=323117"},{"taxonomy":"post_tag","embeddable":true,"href":"https:\/\/www.notibras.com\/site\/wp-json\/wp\/v2\/tags?post=323117"}],"curies":[{"name":"wp","href":"https:\/\/api.w.org\/{rel}","templated":true}]}}