{"id":323131,"date":"2024-02-25T03:44:16","date_gmt":"2024-02-25T06:44:16","guid":{"rendered":"https:\/\/www.notibras.com\/site\/?p=323131"},"modified":"2024-02-25T03:44:16","modified_gmt":"2024-02-25T06:44:16","slug":"caio-fernando-abreu-e-o-van-gogh-de-dona-irene","status":"publish","type":"post","link":"https:\/\/www.notibras.com\/site\/caio-fernando-abreu-e-o-van-gogh-de-dona-irene\/","title":{"rendered":"Caio Fernando Abreu e o Van Gogh de Dona Irene"},"content":{"rendered":"<p>Eis que estava aqui no aconchego da sala admirando a r\u00e9plica quase original de &#8220;Os L\u00edrios&#8221;, famoso quadro de Van Gogh, quando a minha esposa, a Dona Irene, me despertou do transe: &#8220;Amor, voc\u00ea acredita que o Caio Fernando Abreu morou aqui no nosso apartamento?&#8221;. Levo alguns m\u00edseros segundos para concatenar as ideias aqui na cachola, que ainda estava presa a 1889, ano em que aquele Vincent, em momento de profunda inspira\u00e7\u00e3o, saiu do amarelo e ati\u00e7ou a tela com verde e azul.<\/p>\n<p>&#8211; S\u00e9rio?<\/p>\n<p>&#8211; S\u00e9rio!<\/p>\n<p>&#8211; N\u00e3o acredito!<\/p>\n<p>&#8211; Pois acredite!<\/p>\n<p>Antes de prosseguirmos nessa discuss\u00e3o, que j\u00e1 bem sei quem vai vencer, haja vista todas as anteriores e, certamente, as futuras, minha mulher me esfrega na cara a certid\u00e3o vinten\u00e1ria.<\/p>\n<p>&#8211; T\u00e1 vendo?<\/p>\n<p>&#8211; O qu\u00ea?<\/p>\n<p>&#8211; Aqui, \u00f3, seu boc\u00f3!<\/p>\n<p>Como n\u00e3o encontro o nome do Caio Fernando, a Dona Irene me explica que ele havia comprado o apartamento no nome dos pais. Ali\u00e1s, at\u00e9 quem vendeu a propriedade para o famoso escritor foi o Leozinho, que ainda mora aqui no pr\u00e9dio. Mesmo assim, ainda era dif\u00edcil acreditar nessa hist\u00f3ria, por mais que eu desejasse. Isto \u00e9, at\u00e9 que a minha esposa, em um gran finale, me mostra uma fotografia do Caio Fernando aqui na nossa sala, posando pr\u00f3ximo \u00e0 janela. Touch\u00e9! N\u00e3o \u00e9 que ela estava certa?<\/p>\n<p><img loading=\"lazy\" decoding=\"async\" class=\"wp-image-323133 aligncenter\" src=\"https:\/\/www.notibras.com\/site\/wp-content\/uploads\/2024\/02\/ducartajpg-300x225.jpeg\" alt=\"\" width=\"500\" height=\"375\" srcset=\"https:\/\/www.notibras.com\/site\/wp-content\/uploads\/2024\/02\/ducartajpg-300x225.jpeg 300w, https:\/\/www.notibras.com\/site\/wp-content\/uploads\/2024\/02\/ducartajpg-768x576.jpeg 768w, https:\/\/www.notibras.com\/site\/wp-content\/uploads\/2024\/02\/ducartajpg.jpeg 1024w\" sizes=\"auto, (max-width: 500px) 100vw, 500px\" \/><\/p>\n<p>Volto a olhar o Van Gogh preso \u00e0 parede, mas a minha mente viaja at\u00e9 a cr\u00f4nica &#8220;A Morte dos Girass\u00f3is&#8221;, do Caio Fernando. Apesar de n\u00e3o ser um grande conhecedor de sua obra, j\u00e1 li e reli esse belo texto algumas vezes ao longo dos anos. Meu devaneio me transporta para uma suposta rela\u00e7\u00e3o entre a cr\u00f4nica e o quadro. Nada a ver ou, ao menos, n\u00e3o consigo vislumbrar qualquer paralelo entre os dois. Insisto, mas logo deixo de lado tal tese.<\/p>\n<p>Algo me perturba. Lembro que o Caio Fernando e eu ocupamos o mesmo espa\u00e7o, mesmo que em \u00e9pocas distintas. Ser\u00e1 que ele escreveu algum conto ou cr\u00f4nica ou sei l\u00e1 o qu\u00ea c\u00e1 onde estou? Bah! Aqui estou eu, carioca, me fazendo de ga\u00facho, tamanha a perplexidade que me domina.<\/p>\n<p>Inquieto, preciso tomar um ar. Convido minha amada para beber um caf\u00e9 na esquina. J\u00e1 na portaria, olho a Get\u00falio. Em frente, o movimento no Bar do Vav\u00e1 anuncia que hoje tem Colorado.<\/p>\n","protected":false},"excerpt":{"rendered":"<p>Eis que estava aqui no aconchego da sala admirando a r\u00e9plica quase original de &#8220;Os L\u00edrios&#8221;, famoso quadro de Van Gogh, quando a minha esposa, a Dona Irene, me despertou do transe: &#8220;Amor, voc\u00ea acredita que o Caio Fernando Abreu morou aqui no nosso apartamento?&#8221;. Levo alguns m\u00edseros segundos para concatenar as ideias aqui na [&hellip;]<\/p>\n","protected":false},"author":2,"featured_media":323132,"comment_status":"closed","ping_status":"closed","sticky":false,"template":"","format":"standard","meta":{"_acf_changed":false,"footnotes":""},"categories":[161],"tags":[],"class_list":["post-323131","post","type-post","status-publish","format-standard","has-post-thumbnail","hentry","category-quadradinho-em-foco"],"acf":[],"yoast_head":"<!-- This site is optimized with the Yoast SEO plugin v27.2 - https:\/\/yoast.com\/product\/yoast-seo-wordpress\/ -->\n<title>Caio Fernando Abreu e o Van Gogh de Dona Irene - Notibras<\/title>\n<meta name=\"robots\" content=\"index, follow, max-snippet:-1, max-image-preview:large, max-video-preview:-1\" \/>\n<link rel=\"canonical\" href=\"https:\/\/www.notibras.com\/site\/caio-fernando-abreu-e-o-van-gogh-de-dona-irene\/\" \/>\n<meta property=\"og:locale\" content=\"pt_BR\" \/>\n<meta property=\"og:type\" content=\"article\" \/>\n<meta property=\"og:title\" content=\"Caio Fernando Abreu e o Van Gogh de Dona Irene - Notibras\" \/>\n<meta property=\"og:description\" content=\"Eis que estava aqui no aconchego da sala admirando a r\u00e9plica quase original de &#8220;Os L\u00edrios&#8221;, famoso quadro de Van Gogh, quando a minha esposa, a Dona Irene, me despertou do transe: &#8220;Amor, voc\u00ea acredita que o Caio Fernando Abreu morou aqui no nosso apartamento?&#8221;. Levo alguns m\u00edseros segundos para concatenar as ideias aqui na [&hellip;]\" \/>\n<meta property=\"og:url\" content=\"https:\/\/www.notibras.com\/site\/caio-fernando-abreu-e-o-van-gogh-de-dona-irene\/\" \/>\n<meta property=\"og:site_name\" content=\"Notibras\" \/>\n<meta property=\"article:publisher\" content=\"https:\/\/www.facebook.com\/notibras\/\" \/>\n<meta property=\"article:published_time\" content=\"2024-02-25T06:44:16+00:00\" \/>\n<meta property=\"og:image\" content=\"https:\/\/www.notibras.com\/site\/wp-content\/uploads\/2024\/02\/81f2ca9b-5e11-42cc-a0c0-22a23e716c81.jpeg\" \/>\n\t<meta property=\"og:image:width\" content=\"1086\" \/>\n\t<meta property=\"og:image:height\" content=\"652\" \/>\n\t<meta property=\"og:image:type\" content=\"image\/jpeg\" \/>\n<meta name=\"author\" content=\"Reda\u00e7\u00e3o\" \/>\n<meta name=\"twitter:card\" content=\"summary_large_image\" \/>\n<meta name=\"twitter:creator\" content=\"@Notibras\" \/>\n<meta name=\"twitter:site\" content=\"@Notibras\" \/>\n<meta name=\"twitter:label1\" content=\"Escrito por\" \/>\n\t<meta name=\"twitter:data1\" content=\"Reda\u00e7\u00e3o\" \/>\n\t<meta name=\"twitter:label2\" content=\"Est. tempo de leitura\" \/>\n\t<meta name=\"twitter:data2\" content=\"3 minutos\" \/>\n<script type=\"application\/ld+json\" class=\"yoast-schema-graph\">{\"@context\":\"https:\/\/schema.org\",\"@graph\":[{\"@type\":\"Article\",\"@id\":\"https:\/\/www.notibras.com\/site\/caio-fernando-abreu-e-o-van-gogh-de-dona-irene\/#article\",\"isPartOf\":{\"@id\":\"https:\/\/www.notibras.com\/site\/caio-fernando-abreu-e-o-van-gogh-de-dona-irene\/\"},\"author\":{\"name\":\"Reda\u00e7\u00e3o\",\"@id\":\"https:\/\/www.notibras.com\/site\/#\/schema\/person\/36ab0979449956132d3e5b517ea76ac8\"},\"headline\":\"Caio Fernando Abreu e o Van Gogh de Dona Irene\",\"datePublished\":\"2024-02-25T06:44:16+00:00\",\"mainEntityOfPage\":{\"@id\":\"https:\/\/www.notibras.com\/site\/caio-fernando-abreu-e-o-van-gogh-de-dona-irene\/\"},\"wordCount\":420,\"publisher\":{\"@id\":\"https:\/\/www.notibras.com\/site\/#organization\"},\"image\":{\"@id\":\"https:\/\/www.notibras.com\/site\/caio-fernando-abreu-e-o-van-gogh-de-dona-irene\/#primaryimage\"},\"thumbnailUrl\":\"https:\/\/www.notibras.com\/site\/wp-content\/uploads\/2024\/02\/81f2ca9b-5e11-42cc-a0c0-22a23e716c81.jpeg\",\"articleSection\":[\"Quadradinho em Foco\"],\"inLanguage\":\"pt-BR\"},{\"@type\":\"WebPage\",\"@id\":\"https:\/\/www.notibras.com\/site\/caio-fernando-abreu-e-o-van-gogh-de-dona-irene\/\",\"url\":\"https:\/\/www.notibras.com\/site\/caio-fernando-abreu-e-o-van-gogh-de-dona-irene\/\",\"name\":\"Caio Fernando Abreu e o Van Gogh de Dona Irene - Notibras\",\"isPartOf\":{\"@id\":\"https:\/\/www.notibras.com\/site\/#website\"},\"primaryImageOfPage\":{\"@id\":\"https:\/\/www.notibras.com\/site\/caio-fernando-abreu-e-o-van-gogh-de-dona-irene\/#primaryimage\"},\"image\":{\"@id\":\"https:\/\/www.notibras.com\/site\/caio-fernando-abreu-e-o-van-gogh-de-dona-irene\/#primaryimage\"},\"thumbnailUrl\":\"https:\/\/www.notibras.com\/site\/wp-content\/uploads\/2024\/02\/81f2ca9b-5e11-42cc-a0c0-22a23e716c81.jpeg\",\"datePublished\":\"2024-02-25T06:44:16+00:00\",\"breadcrumb\":{\"@id\":\"https:\/\/www.notibras.com\/site\/caio-fernando-abreu-e-o-van-gogh-de-dona-irene\/#breadcrumb\"},\"inLanguage\":\"pt-BR\",\"potentialAction\":[{\"@type\":\"ReadAction\",\"target\":[\"https:\/\/www.notibras.com\/site\/caio-fernando-abreu-e-o-van-gogh-de-dona-irene\/\"]}]},{\"@type\":\"ImageObject\",\"inLanguage\":\"pt-BR\",\"@id\":\"https:\/\/www.notibras.com\/site\/caio-fernando-abreu-e-o-van-gogh-de-dona-irene\/#primaryimage\",\"url\":\"https:\/\/www.notibras.com\/site\/wp-content\/uploads\/2024\/02\/81f2ca9b-5e11-42cc-a0c0-22a23e716c81.jpeg\",\"contentUrl\":\"https:\/\/www.notibras.com\/site\/wp-content\/uploads\/2024\/02\/81f2ca9b-5e11-42cc-a0c0-22a23e716c81.jpeg\",\"width\":1086,\"height\":652},{\"@type\":\"BreadcrumbList\",\"@id\":\"https:\/\/www.notibras.com\/site\/caio-fernando-abreu-e-o-van-gogh-de-dona-irene\/#breadcrumb\",\"itemListElement\":[{\"@type\":\"ListItem\",\"position\":1,\"name\":\"In\u00edcio\",\"item\":\"https:\/\/www.notibras.com\/site\/\"},{\"@type\":\"ListItem\",\"position\":2,\"name\":\"Caio Fernando Abreu e o Van Gogh de Dona Irene\"}]},{\"@type\":\"WebSite\",\"@id\":\"https:\/\/www.notibras.com\/site\/#website\",\"url\":\"https:\/\/www.notibras.com\/site\/\",\"name\":\"Notibras\",\"description\":\"Not\u00edcias de Bras\u00edlia, do Brasil e do Mundo\",\"publisher\":{\"@id\":\"https:\/\/www.notibras.com\/site\/#organization\"},\"potentialAction\":[{\"@type\":\"SearchAction\",\"target\":{\"@type\":\"EntryPoint\",\"urlTemplate\":\"https:\/\/www.notibras.com\/site\/?s={search_term_string}\"},\"query-input\":{\"@type\":\"PropertyValueSpecification\",\"valueRequired\":true,\"valueName\":\"search_term_string\"}}],\"inLanguage\":\"pt-BR\"},{\"@type\":\"Organization\",\"@id\":\"https:\/\/www.notibras.com\/site\/#organization\",\"name\":\"Grupo Notibras de Comunica\u00e7\u00e3o\",\"url\":\"https:\/\/www.notibras.com\/site\/\",\"logo\":{\"@type\":\"ImageObject\",\"inLanguage\":\"pt-BR\",\"@id\":\"https:\/\/www.notibras.com\/site\/#\/schema\/logo\/image\/\",\"url\":\"https:\/\/www.notibras.com\/site\/wp-content\/uploads\/2023\/01\/notibras23.png\",\"contentUrl\":\"https:\/\/www.notibras.com\/site\/wp-content\/uploads\/2023\/01\/notibras23.png\",\"width\":350,\"height\":87,\"caption\":\"Grupo Notibras de Comunica\u00e7\u00e3o\"},\"image\":{\"@id\":\"https:\/\/www.notibras.com\/site\/#\/schema\/logo\/image\/\"},\"sameAs\":[\"https:\/\/www.facebook.com\/notibras\/\",\"https:\/\/x.com\/Notibras\",\"https:\/\/www.instagram.com\/notibras\/\"]},{\"@type\":\"Person\",\"@id\":\"https:\/\/www.notibras.com\/site\/#\/schema\/person\/36ab0979449956132d3e5b517ea76ac8\",\"name\":\"Reda\u00e7\u00e3o\",\"image\":{\"@type\":\"ImageObject\",\"inLanguage\":\"pt-BR\",\"@id\":\"https:\/\/secure.gravatar.com\/avatar\/e0a867bdedb85fd243eadf09663511f96fc81e0720a4a42581f334ad4303aa6b?s=96&d=mm&r=g\",\"url\":\"https:\/\/secure.gravatar.com\/avatar\/e0a867bdedb85fd243eadf09663511f96fc81e0720a4a42581f334ad4303aa6b?s=96&d=mm&r=g\",\"contentUrl\":\"https:\/\/secure.gravatar.com\/avatar\/e0a867bdedb85fd243eadf09663511f96fc81e0720a4a42581f334ad4303aa6b?s=96&d=mm&r=g\",\"caption\":\"Reda\u00e7\u00e3o\"}}]}<\/script>\n<!-- \/ Yoast SEO plugin. -->","yoast_head_json":{"title":"Caio Fernando Abreu e o Van Gogh de Dona Irene - Notibras","robots":{"index":"index","follow":"follow","max-snippet":"max-snippet:-1","max-image-preview":"max-image-preview:large","max-video-preview":"max-video-preview:-1"},"canonical":"https:\/\/www.notibras.com\/site\/caio-fernando-abreu-e-o-van-gogh-de-dona-irene\/","og_locale":"pt_BR","og_type":"article","og_title":"Caio Fernando Abreu e o Van Gogh de Dona Irene - Notibras","og_description":"Eis que estava aqui no aconchego da sala admirando a r\u00e9plica quase original de &#8220;Os L\u00edrios&#8221;, famoso quadro de Van Gogh, quando a minha esposa, a Dona Irene, me despertou do transe: &#8220;Amor, voc\u00ea acredita que o Caio Fernando Abreu morou aqui no nosso apartamento?&#8221;. Levo alguns m\u00edseros segundos para concatenar as ideias aqui na [&hellip;]","og_url":"https:\/\/www.notibras.com\/site\/caio-fernando-abreu-e-o-van-gogh-de-dona-irene\/","og_site_name":"Notibras","article_publisher":"https:\/\/www.facebook.com\/notibras\/","article_published_time":"2024-02-25T06:44:16+00:00","og_image":[{"width":1086,"height":652,"url":"https:\/\/www.notibras.com\/site\/wp-content\/uploads\/2024\/02\/81f2ca9b-5e11-42cc-a0c0-22a23e716c81.jpeg","type":"image\/jpeg"}],"author":"Reda\u00e7\u00e3o","twitter_card":"summary_large_image","twitter_creator":"@Notibras","twitter_site":"@Notibras","twitter_misc":{"Escrito por":"Reda\u00e7\u00e3o","Est. tempo de leitura":"3 minutos"},"schema":{"@context":"https:\/\/schema.org","@graph":[{"@type":"Article","@id":"https:\/\/www.notibras.com\/site\/caio-fernando-abreu-e-o-van-gogh-de-dona-irene\/#article","isPartOf":{"@id":"https:\/\/www.notibras.com\/site\/caio-fernando-abreu-e-o-van-gogh-de-dona-irene\/"},"author":{"name":"Reda\u00e7\u00e3o","@id":"https:\/\/www.notibras.com\/site\/#\/schema\/person\/36ab0979449956132d3e5b517ea76ac8"},"headline":"Caio Fernando Abreu e o Van Gogh de Dona Irene","datePublished":"2024-02-25T06:44:16+00:00","mainEntityOfPage":{"@id":"https:\/\/www.notibras.com\/site\/caio-fernando-abreu-e-o-van-gogh-de-dona-irene\/"},"wordCount":420,"publisher":{"@id":"https:\/\/www.notibras.com\/site\/#organization"},"image":{"@id":"https:\/\/www.notibras.com\/site\/caio-fernando-abreu-e-o-van-gogh-de-dona-irene\/#primaryimage"},"thumbnailUrl":"https:\/\/www.notibras.com\/site\/wp-content\/uploads\/2024\/02\/81f2ca9b-5e11-42cc-a0c0-22a23e716c81.jpeg","articleSection":["Quadradinho em Foco"],"inLanguage":"pt-BR"},{"@type":"WebPage","@id":"https:\/\/www.notibras.com\/site\/caio-fernando-abreu-e-o-van-gogh-de-dona-irene\/","url":"https:\/\/www.notibras.com\/site\/caio-fernando-abreu-e-o-van-gogh-de-dona-irene\/","name":"Caio Fernando Abreu e o Van Gogh de Dona Irene - Notibras","isPartOf":{"@id":"https:\/\/www.notibras.com\/site\/#website"},"primaryImageOfPage":{"@id":"https:\/\/www.notibras.com\/site\/caio-fernando-abreu-e-o-van-gogh-de-dona-irene\/#primaryimage"},"image":{"@id":"https:\/\/www.notibras.com\/site\/caio-fernando-abreu-e-o-van-gogh-de-dona-irene\/#primaryimage"},"thumbnailUrl":"https:\/\/www.notibras.com\/site\/wp-content\/uploads\/2024\/02\/81f2ca9b-5e11-42cc-a0c0-22a23e716c81.jpeg","datePublished":"2024-02-25T06:44:16+00:00","breadcrumb":{"@id":"https:\/\/www.notibras.com\/site\/caio-fernando-abreu-e-o-van-gogh-de-dona-irene\/#breadcrumb"},"inLanguage":"pt-BR","potentialAction":[{"@type":"ReadAction","target":["https:\/\/www.notibras.com\/site\/caio-fernando-abreu-e-o-van-gogh-de-dona-irene\/"]}]},{"@type":"ImageObject","inLanguage":"pt-BR","@id":"https:\/\/www.notibras.com\/site\/caio-fernando-abreu-e-o-van-gogh-de-dona-irene\/#primaryimage","url":"https:\/\/www.notibras.com\/site\/wp-content\/uploads\/2024\/02\/81f2ca9b-5e11-42cc-a0c0-22a23e716c81.jpeg","contentUrl":"https:\/\/www.notibras.com\/site\/wp-content\/uploads\/2024\/02\/81f2ca9b-5e11-42cc-a0c0-22a23e716c81.jpeg","width":1086,"height":652},{"@type":"BreadcrumbList","@id":"https:\/\/www.notibras.com\/site\/caio-fernando-abreu-e-o-van-gogh-de-dona-irene\/#breadcrumb","itemListElement":[{"@type":"ListItem","position":1,"name":"In\u00edcio","item":"https:\/\/www.notibras.com\/site\/"},{"@type":"ListItem","position":2,"name":"Caio Fernando Abreu e o Van Gogh de Dona Irene"}]},{"@type":"WebSite","@id":"https:\/\/www.notibras.com\/site\/#website","url":"https:\/\/www.notibras.com\/site\/","name":"Notibras","description":"Not\u00edcias de Bras\u00edlia, do Brasil e do Mundo","publisher":{"@id":"https:\/\/www.notibras.com\/site\/#organization"},"potentialAction":[{"@type":"SearchAction","target":{"@type":"EntryPoint","urlTemplate":"https:\/\/www.notibras.com\/site\/?s={search_term_string}"},"query-input":{"@type":"PropertyValueSpecification","valueRequired":true,"valueName":"search_term_string"}}],"inLanguage":"pt-BR"},{"@type":"Organization","@id":"https:\/\/www.notibras.com\/site\/#organization","name":"Grupo Notibras de Comunica\u00e7\u00e3o","url":"https:\/\/www.notibras.com\/site\/","logo":{"@type":"ImageObject","inLanguage":"pt-BR","@id":"https:\/\/www.notibras.com\/site\/#\/schema\/logo\/image\/","url":"https:\/\/www.notibras.com\/site\/wp-content\/uploads\/2023\/01\/notibras23.png","contentUrl":"https:\/\/www.notibras.com\/site\/wp-content\/uploads\/2023\/01\/notibras23.png","width":350,"height":87,"caption":"Grupo Notibras de Comunica\u00e7\u00e3o"},"image":{"@id":"https:\/\/www.notibras.com\/site\/#\/schema\/logo\/image\/"},"sameAs":["https:\/\/www.facebook.com\/notibras\/","https:\/\/x.com\/Notibras","https:\/\/www.instagram.com\/notibras\/"]},{"@type":"Person","@id":"https:\/\/www.notibras.com\/site\/#\/schema\/person\/36ab0979449956132d3e5b517ea76ac8","name":"Reda\u00e7\u00e3o","image":{"@type":"ImageObject","inLanguage":"pt-BR","@id":"https:\/\/secure.gravatar.com\/avatar\/e0a867bdedb85fd243eadf09663511f96fc81e0720a4a42581f334ad4303aa6b?s=96&d=mm&r=g","url":"https:\/\/secure.gravatar.com\/avatar\/e0a867bdedb85fd243eadf09663511f96fc81e0720a4a42581f334ad4303aa6b?s=96&d=mm&r=g","contentUrl":"https:\/\/secure.gravatar.com\/avatar\/e0a867bdedb85fd243eadf09663511f96fc81e0720a4a42581f334ad4303aa6b?s=96&d=mm&r=g","caption":"Reda\u00e7\u00e3o"}}]}},"amp_enabled":true,"_links":{"self":[{"href":"https:\/\/www.notibras.com\/site\/wp-json\/wp\/v2\/posts\/323131","targetHints":{"allow":["GET"]}}],"collection":[{"href":"https:\/\/www.notibras.com\/site\/wp-json\/wp\/v2\/posts"}],"about":[{"href":"https:\/\/www.notibras.com\/site\/wp-json\/wp\/v2\/types\/post"}],"author":[{"embeddable":true,"href":"https:\/\/www.notibras.com\/site\/wp-json\/wp\/v2\/users\/2"}],"replies":[{"embeddable":true,"href":"https:\/\/www.notibras.com\/site\/wp-json\/wp\/v2\/comments?post=323131"}],"version-history":[{"count":1,"href":"https:\/\/www.notibras.com\/site\/wp-json\/wp\/v2\/posts\/323131\/revisions"}],"predecessor-version":[{"id":323134,"href":"https:\/\/www.notibras.com\/site\/wp-json\/wp\/v2\/posts\/323131\/revisions\/323134"}],"wp:featuredmedia":[{"embeddable":true,"href":"https:\/\/www.notibras.com\/site\/wp-json\/wp\/v2\/media\/323132"}],"wp:attachment":[{"href":"https:\/\/www.notibras.com\/site\/wp-json\/wp\/v2\/media?parent=323131"}],"wp:term":[{"taxonomy":"category","embeddable":true,"href":"https:\/\/www.notibras.com\/site\/wp-json\/wp\/v2\/categories?post=323131"},{"taxonomy":"post_tag","embeddable":true,"href":"https:\/\/www.notibras.com\/site\/wp-json\/wp\/v2\/tags?post=323131"}],"curies":[{"name":"wp","href":"https:\/\/api.w.org\/{rel}","templated":true}]}}