{"id":323188,"date":"2024-02-26T00:00:36","date_gmt":"2024-02-26T03:00:36","guid":{"rendered":"https:\/\/www.notibras.com\/site\/?p=323188"},"modified":"2024-02-26T09:42:06","modified_gmt":"2024-02-26T12:42:06","slug":"programa-de-arborizacao-vai-plantar-100-mil-mudas-nativas","status":"publish","type":"post","link":"https:\/\/www.notibras.com\/site\/programa-de-arborizacao-vai-plantar-100-mil-mudas-nativas\/","title":{"rendered":"Programa de Arboriza\u00e7\u00e3o vai plantar 100 mil mudas nativas"},"content":{"rendered":"<p>O Governo do Distrito Federal (GDF) acaba de lan\u00e7ar o Programa Anual de Arboriza\u00e7\u00e3o de 2024. A iniciativa tem o objetivo de fortalecer o plantio de \u00e1rvores nas regi\u00f5es administrativas do Distrito Federal. O governador Ibaneis Rocha deu in\u00edcio ao plantio das 100 mil mudas previstas para este ano com uma a\u00e7\u00e3o no Guar\u00e1 II.<\/p>\n<p>As primeiras mudas come\u00e7aram a ser plantadas nas quadras QEs 38 a 52 da regi\u00e3o, que t\u00eam recebido, nos \u00faltimos anos, obras complementares de infraestrutura. O chefe do Executivo destacou a alegria em iniciar o programa na cidade. \u201cEssas quadras do Guar\u00e1 t\u00eam recebido grande aten\u00e7\u00e3o de todo o governo. Temos trabalhado arduamente para completar toda a urbaniza\u00e7\u00e3o dessa regi\u00e3o e atender a todos os pedidos. Tenho um carinho especial pelo Guar\u00e1, pois morei aqui durante muitos anos\u201d, completou Ibaneis Rocha.<\/p>\n<p>O DF est\u00e1 entre as Unidades da Federa\u00e7\u00e3o mais arborizadas do pa\u00eds. O \u00edndice de \u00e1rea verde registrado na capital \u00e9 quatro vezes maior que o m\u00ednimo recomendado pela Organiza\u00e7\u00e3o Mundial da Sa\u00fade, de 12 m\u00b2 por habitante, fato destacado pelo governador durante o evento.<\/p>\n<p>\u201cBras\u00edlia \u00e9 um verdadeiro canteiro a c\u00e9u aberto. A cidade \u00e9 bastante arborizada e a popula\u00e7\u00e3o possui um alto n\u00edvel de consci\u00eancia ambiental. Temos aqui quase 60 m\u00b2 de planta\u00e7\u00f5es para cada habitante, muito mais do que o exigido pela Organiza\u00e7\u00e3o Mundial de Sa\u00fade. Continuaremos esse trabalho em todo o DF. S\u00e3o 2,5 milh\u00f5es de mudas que a Novacap produz todos os anos e que s\u00e3o plantadas em nossa cidade, ent\u00e3o para n\u00f3s \u00e9 motivo de grande alegria\u201d, destacou Ibaneis Rocha.<\/p>\n<p>O presidente da Novacap, Fernando Leite, enfatizou que o plano anual de arboriza\u00e7\u00e3o elaborado pela companhia \u00e9 um mapeamento para atender \u00e0s cidades de acordo com suas necessidades. \u201c\u00c9 uma jornada espetacular rumo aos 6 milh\u00f5es de \u00e1rvores plantadas. Hoje temos 5,5 milh\u00f5es e vamos fechar o ano atingindo nossa meta. Isso torna Bras\u00edlia cada vez mais uma cidade diferenciada sob o ponto de vista da qualidade de vida. A ideia \u00e9 realizar esse plantio em todas as cidades, com plantas nativas do Cerrado, a maioria delas ip\u00eas\u201d.<\/p>\n<p>Cabe aos t\u00e9cnicos da Novacap percorrer todas as regi\u00f5es administrativas, coletar dados com os gestores e identificar as vias onde h\u00e1 \u00e1reas verdes para plantar as mudas. \u201cO GDF tem transformado os lotes vazios nas cidades, que muitas vezes se tornam verdadeiros lix\u00f5es, em bosques. Vamos levar o plantio para todas as regi\u00f5es administrativas para que esse benef\u00edcio alcance as comunidades. A Novacap ficar\u00e1 respons\u00e1vel pelo plantio e manuten\u00e7\u00e3o, contando tamb\u00e9m com a ajuda da popula\u00e7\u00e3o nos cuidados\u201d, completou Leite.<\/p>\n<p>As \u00e1rvores s\u00e3o desenvolvidas no Viveiro 2 da Novacap, no Setor de Oficinas Norte, e passam por pesquisas e experimentos agron\u00f4micos. Mais de 200 esp\u00e9cies, das quais cerca de 60% s\u00e3o nativas do Cerrado. \u00c9 o caso do ing\u00e1-mirim e do ing\u00e1-colar, que despontam logo em janeiro, bem como dos ip\u00eas, do jatob\u00e1-da-mata e do jatob\u00e1-do-cerrado, que florescem em junho.<\/p>\n<p>A Novacap \u00e9 respons\u00e1vel pelo plantio e manuten\u00e7\u00e3o das \u00e1rvores, coordenando desde a coleta de sementes \u00e0 implanta\u00e7\u00e3o das mudas nas cidades e a\u00e7\u00f5es posteriores, como podas preventivas. O plantio feito pela popula\u00e7\u00e3o deve ser orientado por equipes t\u00e9cnicas do \u00f3rg\u00e3o para evitar preju\u00edzos estruturais e at\u00e9 acidentes. O servi\u00e7o pode ser solicitado pela Ouvidoria-Geral do Distrito Federal, por meio do telefone 162 ou pelo site.<\/p>\n<p>Durante o lan\u00e7amento da iniciativa, cerca de 90 mudas nativas do Cerrado foram plantadas no canteiro central da avenida de expans\u00e3o do Guar\u00e1 II. A presidente da Associa\u00e7\u00e3o de Moradores, Teresa Ferreira, comemorou o plantio e afirmou que a comunidade j\u00e1 est\u00e1 criando grupos de mensagens para se revezar nos cuidados das mudas rec\u00e9m-plantadas. \u201cSer\u00e1 a transforma\u00e7\u00e3o da avenida Guar\u00e1 na avenida dos Ip\u00eas, acredito que ser\u00e1 um dos pontos mais bonitos do DF. \u00c9 um sonho realizado, j\u00e1 temos at\u00e9 um grupo organizando as pessoas para regar as plantinhas\u201d, disse a moradora.<\/p>\n<p>O servidor p\u00fablico Tulio Moraes, morador da QE 50, enfatizou que o plantio coroa os trabalhos de urbaniza\u00e7\u00e3o executados na \u00e1rea. \u201cTodos que compraram um lote aqui sonhavam com essa infraestrutura. A avenida Guar\u00e1 est\u00e1 se tornando realidade e agradecemos os esfor\u00e7os do Governo.\u201d Para ele, a arboriza\u00e7\u00e3o da regi\u00e3o era um desejo da comunidade. \u201cBras\u00edlia \u00e9 conhecida por ser uma capital verde, ent\u00e3o \u00e9 um privil\u00e9gio ter dentro do nosso setor uma avenida com mudas nativas do Cerrado, \u00e1rvores significam qualidade de vida tamb\u00e9m\u201d, completou Moraes.<\/p>\n<p>Considerada a expans\u00e3o do Guar\u00e1, o GDF investiu nos \u00faltimos anos cerca de R$ 15 milh\u00f5es, com recursos da Terracap, para finalizar a pavimenta\u00e7\u00e3o, a drenagem e o projeto urban\u00edstico das QEs 38 a 58. As quadras receberam 9 km de vias, 25 km de meio-fio, um quil\u00f4metro de ramal de rede de drenagem, 120 bocas de lobo e 18 mil m\u00b2 de estacionamento.<\/p>\n","protected":false},"excerpt":{"rendered":"<p>O Governo do Distrito Federal (GDF) acaba de lan\u00e7ar o Programa Anual de Arboriza\u00e7\u00e3o de 2024. A iniciativa tem o objetivo de fortalecer o plantio de \u00e1rvores nas regi\u00f5es administrativas do Distrito Federal. O governador Ibaneis Rocha deu in\u00edcio ao plantio das 100 mil mudas previstas para este ano com uma a\u00e7\u00e3o no Guar\u00e1 II. [&hellip;]<\/p>\n","protected":false},"author":2,"featured_media":323189,"comment_status":"closed","ping_status":"closed","sticky":false,"template":"","format":"standard","meta":{"_acf_changed":false,"footnotes":""},"categories":[161],"tags":[],"class_list":["post-323188","post","type-post","status-publish","format-standard","has-post-thumbnail","hentry","category-quadradinho-em-foco"],"acf":[],"yoast_head":"<!-- This site is optimized with the Yoast SEO plugin v27.2 - https:\/\/yoast.com\/product\/yoast-seo-wordpress\/ -->\n<title>Programa de Arboriza\u00e7\u00e3o vai plantar 100 mil mudas nativas - Notibras<\/title>\n<meta name=\"robots\" content=\"index, follow, max-snippet:-1, max-image-preview:large, max-video-preview:-1\" \/>\n<link rel=\"canonical\" href=\"https:\/\/www.notibras.com\/site\/programa-de-arborizacao-vai-plantar-100-mil-mudas-nativas\/\" \/>\n<meta property=\"og:locale\" content=\"pt_BR\" \/>\n<meta property=\"og:type\" content=\"article\" \/>\n<meta property=\"og:title\" content=\"Programa de Arboriza\u00e7\u00e3o vai plantar 100 mil mudas nativas - Notibras\" \/>\n<meta property=\"og:description\" content=\"O Governo do Distrito Federal (GDF) acaba de lan\u00e7ar o Programa Anual de Arboriza\u00e7\u00e3o de 2024. A iniciativa tem o objetivo de fortalecer o plantio de \u00e1rvores nas regi\u00f5es administrativas do Distrito Federal. O governador Ibaneis Rocha deu in\u00edcio ao plantio das 100 mil mudas previstas para este ano com uma a\u00e7\u00e3o no Guar\u00e1 II. [&hellip;]\" \/>\n<meta property=\"og:url\" content=\"https:\/\/www.notibras.com\/site\/programa-de-arborizacao-vai-plantar-100-mil-mudas-nativas\/\" \/>\n<meta property=\"og:site_name\" content=\"Notibras\" \/>\n<meta property=\"article:publisher\" content=\"https:\/\/www.facebook.com\/notibras\/\" \/>\n<meta property=\"article:published_time\" content=\"2024-02-26T03:00:36+00:00\" \/>\n<meta property=\"article:modified_time\" content=\"2024-02-26T12:42:06+00:00\" \/>\n<meta property=\"og:image\" content=\"https:\/\/www.notibras.com\/site\/wp-content\/uploads\/2024\/02\/WhatsApp-Image-2024-02-24-at-12.00.25-1-1536x1023-1.jpeg\" \/>\n\t<meta property=\"og:image:width\" content=\"1536\" \/>\n\t<meta property=\"og:image:height\" content=\"1023\" \/>\n\t<meta property=\"og:image:type\" content=\"image\/jpeg\" \/>\n<meta name=\"author\" content=\"Reda\u00e7\u00e3o\" \/>\n<meta name=\"twitter:card\" content=\"summary_large_image\" \/>\n<meta name=\"twitter:creator\" content=\"@Notibras\" \/>\n<meta name=\"twitter:site\" content=\"@Notibras\" \/>\n<meta name=\"twitter:label1\" content=\"Escrito por\" \/>\n\t<meta name=\"twitter:data1\" content=\"Reda\u00e7\u00e3o\" \/>\n\t<meta name=\"twitter:label2\" content=\"Est. tempo de leitura\" \/>\n\t<meta name=\"twitter:data2\" content=\"5 minutos\" \/>\n<script type=\"application\/ld+json\" class=\"yoast-schema-graph\">{\"@context\":\"https:\/\/schema.org\",\"@graph\":[{\"@type\":\"Article\",\"@id\":\"https:\/\/www.notibras.com\/site\/programa-de-arborizacao-vai-plantar-100-mil-mudas-nativas\/#article\",\"isPartOf\":{\"@id\":\"https:\/\/www.notibras.com\/site\/programa-de-arborizacao-vai-plantar-100-mil-mudas-nativas\/\"},\"author\":{\"name\":\"Reda\u00e7\u00e3o\",\"@id\":\"https:\/\/www.notibras.com\/site\/#\/schema\/person\/36ab0979449956132d3e5b517ea76ac8\"},\"headline\":\"Programa de Arboriza\u00e7\u00e3o vai plantar 100 mil mudas nativas\",\"datePublished\":\"2024-02-26T03:00:36+00:00\",\"dateModified\":\"2024-02-26T12:42:06+00:00\",\"mainEntityOfPage\":{\"@id\":\"https:\/\/www.notibras.com\/site\/programa-de-arborizacao-vai-plantar-100-mil-mudas-nativas\/\"},\"wordCount\":856,\"publisher\":{\"@id\":\"https:\/\/www.notibras.com\/site\/#organization\"},\"image\":{\"@id\":\"https:\/\/www.notibras.com\/site\/programa-de-arborizacao-vai-plantar-100-mil-mudas-nativas\/#primaryimage\"},\"thumbnailUrl\":\"https:\/\/www.notibras.com\/site\/wp-content\/uploads\/2024\/02\/WhatsApp-Image-2024-02-24-at-12.00.25-1-1536x1023-1.jpeg\",\"articleSection\":[\"Quadradinho em Foco\"],\"inLanguage\":\"pt-BR\"},{\"@type\":\"WebPage\",\"@id\":\"https:\/\/www.notibras.com\/site\/programa-de-arborizacao-vai-plantar-100-mil-mudas-nativas\/\",\"url\":\"https:\/\/www.notibras.com\/site\/programa-de-arborizacao-vai-plantar-100-mil-mudas-nativas\/\",\"name\":\"Programa de Arboriza\u00e7\u00e3o vai plantar 100 mil mudas nativas - Notibras\",\"isPartOf\":{\"@id\":\"https:\/\/www.notibras.com\/site\/#website\"},\"primaryImageOfPage\":{\"@id\":\"https:\/\/www.notibras.com\/site\/programa-de-arborizacao-vai-plantar-100-mil-mudas-nativas\/#primaryimage\"},\"image\":{\"@id\":\"https:\/\/www.notibras.com\/site\/programa-de-arborizacao-vai-plantar-100-mil-mudas-nativas\/#primaryimage\"},\"thumbnailUrl\":\"https:\/\/www.notibras.com\/site\/wp-content\/uploads\/2024\/02\/WhatsApp-Image-2024-02-24-at-12.00.25-1-1536x1023-1.jpeg\",\"datePublished\":\"2024-02-26T03:00:36+00:00\",\"dateModified\":\"2024-02-26T12:42:06+00:00\",\"breadcrumb\":{\"@id\":\"https:\/\/www.notibras.com\/site\/programa-de-arborizacao-vai-plantar-100-mil-mudas-nativas\/#breadcrumb\"},\"inLanguage\":\"pt-BR\",\"potentialAction\":[{\"@type\":\"ReadAction\",\"target\":[\"https:\/\/www.notibras.com\/site\/programa-de-arborizacao-vai-plantar-100-mil-mudas-nativas\/\"]}]},{\"@type\":\"ImageObject\",\"inLanguage\":\"pt-BR\",\"@id\":\"https:\/\/www.notibras.com\/site\/programa-de-arborizacao-vai-plantar-100-mil-mudas-nativas\/#primaryimage\",\"url\":\"https:\/\/www.notibras.com\/site\/wp-content\/uploads\/2024\/02\/WhatsApp-Image-2024-02-24-at-12.00.25-1-1536x1023-1.jpeg\",\"contentUrl\":\"https:\/\/www.notibras.com\/site\/wp-content\/uploads\/2024\/02\/WhatsApp-Image-2024-02-24-at-12.00.25-1-1536x1023-1.jpeg\",\"width\":1536,\"height\":1023},{\"@type\":\"BreadcrumbList\",\"@id\":\"https:\/\/www.notibras.com\/site\/programa-de-arborizacao-vai-plantar-100-mil-mudas-nativas\/#breadcrumb\",\"itemListElement\":[{\"@type\":\"ListItem\",\"position\":1,\"name\":\"In\u00edcio\",\"item\":\"https:\/\/www.notibras.com\/site\/\"},{\"@type\":\"ListItem\",\"position\":2,\"name\":\"Programa de Arboriza\u00e7\u00e3o vai plantar 100 mil mudas nativas\"}]},{\"@type\":\"WebSite\",\"@id\":\"https:\/\/www.notibras.com\/site\/#website\",\"url\":\"https:\/\/www.notibras.com\/site\/\",\"name\":\"Notibras\",\"description\":\"Not\u00edcias de Bras\u00edlia, do Brasil e do Mundo\",\"publisher\":{\"@id\":\"https:\/\/www.notibras.com\/site\/#organization\"},\"potentialAction\":[{\"@type\":\"SearchAction\",\"target\":{\"@type\":\"EntryPoint\",\"urlTemplate\":\"https:\/\/www.notibras.com\/site\/?s={search_term_string}\"},\"query-input\":{\"@type\":\"PropertyValueSpecification\",\"valueRequired\":true,\"valueName\":\"search_term_string\"}}],\"inLanguage\":\"pt-BR\"},{\"@type\":\"Organization\",\"@id\":\"https:\/\/www.notibras.com\/site\/#organization\",\"name\":\"Grupo Notibras de Comunica\u00e7\u00e3o\",\"url\":\"https:\/\/www.notibras.com\/site\/\",\"logo\":{\"@type\":\"ImageObject\",\"inLanguage\":\"pt-BR\",\"@id\":\"https:\/\/www.notibras.com\/site\/#\/schema\/logo\/image\/\",\"url\":\"https:\/\/www.notibras.com\/site\/wp-content\/uploads\/2023\/01\/notibras23.png\",\"contentUrl\":\"https:\/\/www.notibras.com\/site\/wp-content\/uploads\/2023\/01\/notibras23.png\",\"width\":350,\"height\":87,\"caption\":\"Grupo Notibras de Comunica\u00e7\u00e3o\"},\"image\":{\"@id\":\"https:\/\/www.notibras.com\/site\/#\/schema\/logo\/image\/\"},\"sameAs\":[\"https:\/\/www.facebook.com\/notibras\/\",\"https:\/\/x.com\/Notibras\",\"https:\/\/www.instagram.com\/notibras\/\"]},{\"@type\":\"Person\",\"@id\":\"https:\/\/www.notibras.com\/site\/#\/schema\/person\/36ab0979449956132d3e5b517ea76ac8\",\"name\":\"Reda\u00e7\u00e3o\",\"image\":{\"@type\":\"ImageObject\",\"inLanguage\":\"pt-BR\",\"@id\":\"https:\/\/secure.gravatar.com\/avatar\/e0a867bdedb85fd243eadf09663511f96fc81e0720a4a42581f334ad4303aa6b?s=96&d=mm&r=g\",\"url\":\"https:\/\/secure.gravatar.com\/avatar\/e0a867bdedb85fd243eadf09663511f96fc81e0720a4a42581f334ad4303aa6b?s=96&d=mm&r=g\",\"contentUrl\":\"https:\/\/secure.gravatar.com\/avatar\/e0a867bdedb85fd243eadf09663511f96fc81e0720a4a42581f334ad4303aa6b?s=96&d=mm&r=g\",\"caption\":\"Reda\u00e7\u00e3o\"}}]}<\/script>\n<!-- \/ Yoast SEO plugin. -->","yoast_head_json":{"title":"Programa de Arboriza\u00e7\u00e3o vai plantar 100 mil mudas nativas - Notibras","robots":{"index":"index","follow":"follow","max-snippet":"max-snippet:-1","max-image-preview":"max-image-preview:large","max-video-preview":"max-video-preview:-1"},"canonical":"https:\/\/www.notibras.com\/site\/programa-de-arborizacao-vai-plantar-100-mil-mudas-nativas\/","og_locale":"pt_BR","og_type":"article","og_title":"Programa de Arboriza\u00e7\u00e3o vai plantar 100 mil mudas nativas - Notibras","og_description":"O Governo do Distrito Federal (GDF) acaba de lan\u00e7ar o Programa Anual de Arboriza\u00e7\u00e3o de 2024. A iniciativa tem o objetivo de fortalecer o plantio de \u00e1rvores nas regi\u00f5es administrativas do Distrito Federal. O governador Ibaneis Rocha deu in\u00edcio ao plantio das 100 mil mudas previstas para este ano com uma a\u00e7\u00e3o no Guar\u00e1 II. [&hellip;]","og_url":"https:\/\/www.notibras.com\/site\/programa-de-arborizacao-vai-plantar-100-mil-mudas-nativas\/","og_site_name":"Notibras","article_publisher":"https:\/\/www.facebook.com\/notibras\/","article_published_time":"2024-02-26T03:00:36+00:00","article_modified_time":"2024-02-26T12:42:06+00:00","og_image":[{"width":1536,"height":1023,"url":"https:\/\/www.notibras.com\/site\/wp-content\/uploads\/2024\/02\/WhatsApp-Image-2024-02-24-at-12.00.25-1-1536x1023-1.jpeg","type":"image\/jpeg"}],"author":"Reda\u00e7\u00e3o","twitter_card":"summary_large_image","twitter_creator":"@Notibras","twitter_site":"@Notibras","twitter_misc":{"Escrito por":"Reda\u00e7\u00e3o","Est. tempo de leitura":"5 minutos"},"schema":{"@context":"https:\/\/schema.org","@graph":[{"@type":"Article","@id":"https:\/\/www.notibras.com\/site\/programa-de-arborizacao-vai-plantar-100-mil-mudas-nativas\/#article","isPartOf":{"@id":"https:\/\/www.notibras.com\/site\/programa-de-arborizacao-vai-plantar-100-mil-mudas-nativas\/"},"author":{"name":"Reda\u00e7\u00e3o","@id":"https:\/\/www.notibras.com\/site\/#\/schema\/person\/36ab0979449956132d3e5b517ea76ac8"},"headline":"Programa de Arboriza\u00e7\u00e3o vai plantar 100 mil mudas nativas","datePublished":"2024-02-26T03:00:36+00:00","dateModified":"2024-02-26T12:42:06+00:00","mainEntityOfPage":{"@id":"https:\/\/www.notibras.com\/site\/programa-de-arborizacao-vai-plantar-100-mil-mudas-nativas\/"},"wordCount":856,"publisher":{"@id":"https:\/\/www.notibras.com\/site\/#organization"},"image":{"@id":"https:\/\/www.notibras.com\/site\/programa-de-arborizacao-vai-plantar-100-mil-mudas-nativas\/#primaryimage"},"thumbnailUrl":"https:\/\/www.notibras.com\/site\/wp-content\/uploads\/2024\/02\/WhatsApp-Image-2024-02-24-at-12.00.25-1-1536x1023-1.jpeg","articleSection":["Quadradinho em Foco"],"inLanguage":"pt-BR"},{"@type":"WebPage","@id":"https:\/\/www.notibras.com\/site\/programa-de-arborizacao-vai-plantar-100-mil-mudas-nativas\/","url":"https:\/\/www.notibras.com\/site\/programa-de-arborizacao-vai-plantar-100-mil-mudas-nativas\/","name":"Programa de Arboriza\u00e7\u00e3o vai plantar 100 mil mudas nativas - Notibras","isPartOf":{"@id":"https:\/\/www.notibras.com\/site\/#website"},"primaryImageOfPage":{"@id":"https:\/\/www.notibras.com\/site\/programa-de-arborizacao-vai-plantar-100-mil-mudas-nativas\/#primaryimage"},"image":{"@id":"https:\/\/www.notibras.com\/site\/programa-de-arborizacao-vai-plantar-100-mil-mudas-nativas\/#primaryimage"},"thumbnailUrl":"https:\/\/www.notibras.com\/site\/wp-content\/uploads\/2024\/02\/WhatsApp-Image-2024-02-24-at-12.00.25-1-1536x1023-1.jpeg","datePublished":"2024-02-26T03:00:36+00:00","dateModified":"2024-02-26T12:42:06+00:00","breadcrumb":{"@id":"https:\/\/www.notibras.com\/site\/programa-de-arborizacao-vai-plantar-100-mil-mudas-nativas\/#breadcrumb"},"inLanguage":"pt-BR","potentialAction":[{"@type":"ReadAction","target":["https:\/\/www.notibras.com\/site\/programa-de-arborizacao-vai-plantar-100-mil-mudas-nativas\/"]}]},{"@type":"ImageObject","inLanguage":"pt-BR","@id":"https:\/\/www.notibras.com\/site\/programa-de-arborizacao-vai-plantar-100-mil-mudas-nativas\/#primaryimage","url":"https:\/\/www.notibras.com\/site\/wp-content\/uploads\/2024\/02\/WhatsApp-Image-2024-02-24-at-12.00.25-1-1536x1023-1.jpeg","contentUrl":"https:\/\/www.notibras.com\/site\/wp-content\/uploads\/2024\/02\/WhatsApp-Image-2024-02-24-at-12.00.25-1-1536x1023-1.jpeg","width":1536,"height":1023},{"@type":"BreadcrumbList","@id":"https:\/\/www.notibras.com\/site\/programa-de-arborizacao-vai-plantar-100-mil-mudas-nativas\/#breadcrumb","itemListElement":[{"@type":"ListItem","position":1,"name":"In\u00edcio","item":"https:\/\/www.notibras.com\/site\/"},{"@type":"ListItem","position":2,"name":"Programa de Arboriza\u00e7\u00e3o vai plantar 100 mil mudas nativas"}]},{"@type":"WebSite","@id":"https:\/\/www.notibras.com\/site\/#website","url":"https:\/\/www.notibras.com\/site\/","name":"Notibras","description":"Not\u00edcias de Bras\u00edlia, do Brasil e do Mundo","publisher":{"@id":"https:\/\/www.notibras.com\/site\/#organization"},"potentialAction":[{"@type":"SearchAction","target":{"@type":"EntryPoint","urlTemplate":"https:\/\/www.notibras.com\/site\/?s={search_term_string}"},"query-input":{"@type":"PropertyValueSpecification","valueRequired":true,"valueName":"search_term_string"}}],"inLanguage":"pt-BR"},{"@type":"Organization","@id":"https:\/\/www.notibras.com\/site\/#organization","name":"Grupo Notibras de Comunica\u00e7\u00e3o","url":"https:\/\/www.notibras.com\/site\/","logo":{"@type":"ImageObject","inLanguage":"pt-BR","@id":"https:\/\/www.notibras.com\/site\/#\/schema\/logo\/image\/","url":"https:\/\/www.notibras.com\/site\/wp-content\/uploads\/2023\/01\/notibras23.png","contentUrl":"https:\/\/www.notibras.com\/site\/wp-content\/uploads\/2023\/01\/notibras23.png","width":350,"height":87,"caption":"Grupo Notibras de Comunica\u00e7\u00e3o"},"image":{"@id":"https:\/\/www.notibras.com\/site\/#\/schema\/logo\/image\/"},"sameAs":["https:\/\/www.facebook.com\/notibras\/","https:\/\/x.com\/Notibras","https:\/\/www.instagram.com\/notibras\/"]},{"@type":"Person","@id":"https:\/\/www.notibras.com\/site\/#\/schema\/person\/36ab0979449956132d3e5b517ea76ac8","name":"Reda\u00e7\u00e3o","image":{"@type":"ImageObject","inLanguage":"pt-BR","@id":"https:\/\/secure.gravatar.com\/avatar\/e0a867bdedb85fd243eadf09663511f96fc81e0720a4a42581f334ad4303aa6b?s=96&d=mm&r=g","url":"https:\/\/secure.gravatar.com\/avatar\/e0a867bdedb85fd243eadf09663511f96fc81e0720a4a42581f334ad4303aa6b?s=96&d=mm&r=g","contentUrl":"https:\/\/secure.gravatar.com\/avatar\/e0a867bdedb85fd243eadf09663511f96fc81e0720a4a42581f334ad4303aa6b?s=96&d=mm&r=g","caption":"Reda\u00e7\u00e3o"}}]}},"amp_enabled":true,"_links":{"self":[{"href":"https:\/\/www.notibras.com\/site\/wp-json\/wp\/v2\/posts\/323188","targetHints":{"allow":["GET"]}}],"collection":[{"href":"https:\/\/www.notibras.com\/site\/wp-json\/wp\/v2\/posts"}],"about":[{"href":"https:\/\/www.notibras.com\/site\/wp-json\/wp\/v2\/types\/post"}],"author":[{"embeddable":true,"href":"https:\/\/www.notibras.com\/site\/wp-json\/wp\/v2\/users\/2"}],"replies":[{"embeddable":true,"href":"https:\/\/www.notibras.com\/site\/wp-json\/wp\/v2\/comments?post=323188"}],"version-history":[{"count":1,"href":"https:\/\/www.notibras.com\/site\/wp-json\/wp\/v2\/posts\/323188\/revisions"}],"predecessor-version":[{"id":323190,"href":"https:\/\/www.notibras.com\/site\/wp-json\/wp\/v2\/posts\/323188\/revisions\/323190"}],"wp:featuredmedia":[{"embeddable":true,"href":"https:\/\/www.notibras.com\/site\/wp-json\/wp\/v2\/media\/323189"}],"wp:attachment":[{"href":"https:\/\/www.notibras.com\/site\/wp-json\/wp\/v2\/media?parent=323188"}],"wp:term":[{"taxonomy":"category","embeddable":true,"href":"https:\/\/www.notibras.com\/site\/wp-json\/wp\/v2\/categories?post=323188"},{"taxonomy":"post_tag","embeddable":true,"href":"https:\/\/www.notibras.com\/site\/wp-json\/wp\/v2\/tags?post=323188"}],"curies":[{"name":"wp","href":"https:\/\/api.w.org\/{rel}","templated":true}]}}