{"id":323191,"date":"2024-02-26T00:00:06","date_gmt":"2024-02-26T03:00:06","guid":{"rendered":"https:\/\/www.notibras.com\/site\/?p=323191"},"modified":"2024-02-26T09:48:52","modified_gmt":"2024-02-26T12:48:52","slug":"praticas-integrativas-auxiliam-contra-a-fibromialgia","status":"publish","type":"post","link":"https:\/\/www.notibras.com\/site\/praticas-integrativas-auxiliam-contra-a-fibromialgia\/","title":{"rendered":"Pr\u00e1ticas integrativas auxiliam contra a fibromialgia"},"content":{"rendered":"<p>Dores que se espalham por v\u00e1rias partes do corpo, fadiga, dist\u00farbios do sono, ansiedade e altera\u00e7\u00f5es de mem\u00f3ria e de aten\u00e7\u00e3o. Todos esses podem ser sintomas de fibromialgia, uma doen\u00e7a que amplifica a percep\u00e7\u00e3o de dor. A rede da Secretaria de Sa\u00fade (SES-DF) oferece diversas pr\u00e1ticas integrativas gratuitas que podem auxiliar no tratamento da s\u00edndrome, al\u00e9m dos procedimentos medicamentosos.<\/p>\n<p>A acupuntura \u00e9 uma delas. Segundo o m\u00e9dico Rodrigo Aires, refer\u00eancia t\u00e9cnica distrital (RTD) de reumatologia da SES-DF, o procedimento tem demonstrado efic\u00e1cia no al\u00edvio da dor e no tratamento de in\u00fameras condi\u00e7\u00f5es. Em pacientes com fibromialgia, a pr\u00e1tica complementa os tratamentos tradicionais, trazendo melhora na qualidade de vida e nas pr\u00e1ticas do dia a dia. \u201cDurante as sess\u00f5es, h\u00e1 um est\u00edmulo do sistema nervoso a partir dos acupontos, capaz, entre outras coisas, de liberar os m\u00fasculos e neurotransmissores como a endorfina, que est\u00e1 relacionada ao prazer e \u00e0 diminui\u00e7\u00e3o da dor\u201d, explica.<\/p>\n<p>As chamadas pr\u00e1ticas integrativas em sa\u00fade (PIS) s\u00e3o entendidas como formas de cuidado que abordam a sa\u00fade do ser humano em sua multidimensionalidade. Isto \u00e9, atuam nos aspectos f\u00edsico, mental, ps\u00edquico, afetivo e espiritual. Al\u00e9m da acupuntura, s\u00e3o exemplos de PIS oferecidas pela rede p\u00fablica: arteterapia, auriculoterapia, automassagem, fitoterapia, homeopatia, lian gong em 18 terapias, medicina e terapias antropos\u00f3ficas, medita\u00e7\u00e3o, musicoterapia, reiki, shantala, tai chi chuan, Terapia Comunit\u00e1ria Integrativa (TCI), ayurveda, ioga e T\u00e9cnica de Redu\u00e7\u00e3o de Estresse (TRE).<\/p>\n<p><strong>Mal generalizado<\/strong><br \/>\nA fibromialgia caracteriza-se tamb\u00e9m pela desregula\u00e7\u00e3o da resposta ao estresse e pela associa\u00e7\u00e3o a s\u00edndromes funcionais. A queixa central \u00e9 dor musculoesquel\u00e9tica generalizada cr\u00f4nica, vinculada a sintomas como fadiga, dist\u00farbio do sono e cognitivos (mem\u00f3ria e concentra\u00e7\u00e3o) e altera\u00e7\u00f5es de humor (depress\u00e3o e ansiedade). \u201cCom frequ\u00eancia, a doen\u00e7a associa-se a outras condi\u00e7\u00f5es em que as sensa\u00e7\u00f5es dolorosas do corpo s\u00e3o aumentadas, como a s\u00edndrome do intestino irrit\u00e1vel e cefaleia\u201d, diz o especialista.<\/p>\n<p>Trata-se de uma doen\u00e7a mais comum entre as mulheres. Segundo a Sociedade Brasileira de Reumatologia, de cada dez pacientes com o diagn\u00f3stico, sete a nove s\u00e3o do sexo feminino. No entanto, a s\u00edndrome tamb\u00e9m pode acometer homens, idosos, adolescentes e crian\u00e7as.<\/p>\n<p>O diagn\u00f3stico para a fibromialgia \u00e9 cl\u00ednico, baseado nos inc\u00f4modos apresentados pela condi\u00e7\u00e3o, sem a necessidade de qualquer exame subsidi\u00e1rio.<\/p>\n<p><strong>Sinais da doen\u00e7a<\/strong><br \/>\nO principal sintoma \u00e9 a dor difusa cr\u00f4nica, ou seja, em ao menos quatro das cinco regi\u00f5es do corpo \u2014 bra\u00e7o direito, bra\u00e7o esquerdo, perna direita, perna esquerda e t\u00f3rax. Normalmente, o paciente n\u00e3o consegue definir quando e em qual regi\u00e3o as dores come\u00e7aram. S\u00e3o elas:<\/p>\n<p>\u2192 S\u00edndrome do intestino irritado;<br \/>\n\u2192 Dor de cabe\u00e7a cr\u00f4nica;<br \/>\n\u2192 Fadiga;<br \/>\n\u2192 Dist\u00farbios de sono;<br \/>\n\u2192 Transtornos de humor, como depress\u00e3o e ansiedade;<br \/>\n\u2192 D\u00e9ficit de aten\u00e7\u00e3o e de mem\u00f3ria;<br \/>\n\u2192 Formigamento nas m\u00e3os;<br \/>\n\u2192 Ard\u00eancia ao urinar.<\/p>\n<p><strong>Como tratar<\/strong><br \/>\nDe acordo com Aires, a estrat\u00e9gia para o cuidado ideal da fibromialgia requer uma abordagem multidisciplinar com a combina\u00e7\u00e3o de tratamentos farmacol\u00f3gico e n\u00e3o farmacol\u00f3gico. Tudo deve ser elaborado em discuss\u00e3o com o paciente, conforme a intensidade da dor, sua funcionalidade e suas caracter\u00edsticas, considerando ainda quest\u00f5es biopsicossociais e culturais.<\/p>\n<p>Ao menos duas vezes na semana, pessoas com fibromialgia precisam realizar exerc\u00edcios musculoesquel\u00e9ticos. \u201cProgramas individualizados de exerc\u00edcios aer\u00f3bicos podem ser ben\u00e9ficos para alguns pacientes. A intensidade depende da idade e da condi\u00e7\u00e3o, atingindo o ponto de resist\u00eancia leve, n\u00e3o o ponto de dor\u201d, detalha o m\u00e9dico.<\/p>\n<p>Em adi\u00e7\u00e3o \u00e0s atividades f\u00edsicas, s\u00e3o utilizados tamb\u00e9m medicamentos para tratamento de dor cr\u00f4nica como analg\u00e9sicos, antidepressivos, miorrelaxantes e anticonvulsivantes. \u201cNa SES-DF realizamos periodicamente a capacita\u00e7\u00e3o dos m\u00e9dicos da Aten\u00e7\u00e3o Prim\u00e1ria \u00e0 Sa\u00fade. O tratamento da fibromialgia \u00e9 direcionado \u00e0 redu\u00e7\u00e3o dos principais sintomas desse dist\u00farbio\u201d, complementa o RTD.<\/p>\n<p>Os pacientes nessa condi\u00e7\u00e3o devem ser acompanhados por m\u00e9dicos das unidades b\u00e1sicas de sa\u00fade (UBSs). Caso a fibromialgia esteja associada a alguma outra doen\u00e7a reum\u00e1tica, o usu\u00e1rio pode ser encaminhado \u00e0 avalia\u00e7\u00e3o com especialista em hospitais regionais da rede que tratam a s\u00edndrome: Taguatinga (HRT), Sobradinho (HRS), Ceil\u00e2ndia (HRC), Gama (HRG), Santa Maria (HRSM), Asa Norte (Hran) e ainda no Hospital da Regi\u00e3o Leste (HRL \u2013 Parano\u00e1) e no de Base.<\/p>\n","protected":false},"excerpt":{"rendered":"<p>Dores que se espalham por v\u00e1rias partes do corpo, fadiga, dist\u00farbios do sono, ansiedade e altera\u00e7\u00f5es de mem\u00f3ria e de aten\u00e7\u00e3o. Todos esses podem ser sintomas de fibromialgia, uma doen\u00e7a que amplifica a percep\u00e7\u00e3o de dor. A rede da Secretaria de Sa\u00fade (SES-DF) oferece diversas pr\u00e1ticas integrativas gratuitas que podem auxiliar no tratamento da s\u00edndrome, [&hellip;]<\/p>\n","protected":false},"author":2,"featured_media":323192,"comment_status":"closed","ping_status":"closed","sticky":false,"template":"","format":"standard","meta":{"_acf_changed":false,"footnotes":""},"categories":[161],"tags":[],"class_list":["post-323191","post","type-post","status-publish","format-standard","has-post-thumbnail","hentry","category-quadradinho-em-foco"],"acf":[],"yoast_head":"<!-- This site is optimized with the Yoast SEO plugin v27.2 - https:\/\/yoast.com\/product\/yoast-seo-wordpress\/ -->\n<title>Pr\u00e1ticas integrativas auxiliam contra a fibromialgia - Notibras<\/title>\n<meta name=\"robots\" content=\"index, follow, max-snippet:-1, max-image-preview:large, max-video-preview:-1\" \/>\n<link rel=\"canonical\" href=\"https:\/\/www.notibras.com\/site\/praticas-integrativas-auxiliam-contra-a-fibromialgia\/\" \/>\n<meta property=\"og:locale\" content=\"pt_BR\" \/>\n<meta property=\"og:type\" content=\"article\" \/>\n<meta property=\"og:title\" content=\"Pr\u00e1ticas integrativas auxiliam contra a fibromialgia - Notibras\" \/>\n<meta property=\"og:description\" content=\"Dores que se espalham por v\u00e1rias partes do corpo, fadiga, dist\u00farbios do sono, ansiedade e altera\u00e7\u00f5es de mem\u00f3ria e de aten\u00e7\u00e3o. Todos esses podem ser sintomas de fibromialgia, uma doen\u00e7a que amplifica a percep\u00e7\u00e3o de dor. A rede da Secretaria de Sa\u00fade (SES-DF) oferece diversas pr\u00e1ticas integrativas gratuitas que podem auxiliar no tratamento da s\u00edndrome, [&hellip;]\" \/>\n<meta property=\"og:url\" content=\"https:\/\/www.notibras.com\/site\/praticas-integrativas-auxiliam-contra-a-fibromialgia\/\" \/>\n<meta property=\"og:site_name\" content=\"Notibras\" \/>\n<meta property=\"article:publisher\" content=\"https:\/\/www.facebook.com\/notibras\/\" \/>\n<meta property=\"article:published_time\" content=\"2024-02-26T03:00:06+00:00\" \/>\n<meta property=\"article:modified_time\" content=\"2024-02-26T12:48:52+00:00\" \/>\n<meta property=\"og:image\" content=\"https:\/\/www.notibras.com\/site\/wp-content\/uploads\/2024\/02\/Projeto_em_Sobradinho_alivia_dores_cronicas_na_coluna_-_Foto_Breno_Esaki_Agencia_Saude-DF_03.jpg\" \/>\n\t<meta property=\"og:image:width\" content=\"1200\" \/>\n\t<meta property=\"og:image:height\" content=\"797\" \/>\n\t<meta property=\"og:image:type\" content=\"image\/jpeg\" \/>\n<meta name=\"author\" content=\"Reda\u00e7\u00e3o\" \/>\n<meta name=\"twitter:card\" content=\"summary_large_image\" \/>\n<meta name=\"twitter:creator\" content=\"@Notibras\" \/>\n<meta name=\"twitter:site\" content=\"@Notibras\" \/>\n<meta name=\"twitter:label1\" content=\"Escrito por\" \/>\n\t<meta name=\"twitter:data1\" content=\"Reda\u00e7\u00e3o\" \/>\n\t<meta name=\"twitter:label2\" content=\"Est. tempo de leitura\" \/>\n\t<meta name=\"twitter:data2\" content=\"4 minutos\" \/>\n<script type=\"application\/ld+json\" class=\"yoast-schema-graph\">{\"@context\":\"https:\/\/schema.org\",\"@graph\":[{\"@type\":\"Article\",\"@id\":\"https:\/\/www.notibras.com\/site\/praticas-integrativas-auxiliam-contra-a-fibromialgia\/#article\",\"isPartOf\":{\"@id\":\"https:\/\/www.notibras.com\/site\/praticas-integrativas-auxiliam-contra-a-fibromialgia\/\"},\"author\":{\"name\":\"Reda\u00e7\u00e3o\",\"@id\":\"https:\/\/www.notibras.com\/site\/#\/schema\/person\/36ab0979449956132d3e5b517ea76ac8\"},\"headline\":\"Pr\u00e1ticas integrativas auxiliam contra a fibromialgia\",\"datePublished\":\"2024-02-26T03:00:06+00:00\",\"dateModified\":\"2024-02-26T12:48:52+00:00\",\"mainEntityOfPage\":{\"@id\":\"https:\/\/www.notibras.com\/site\/praticas-integrativas-auxiliam-contra-a-fibromialgia\/\"},\"wordCount\":786,\"publisher\":{\"@id\":\"https:\/\/www.notibras.com\/site\/#organization\"},\"image\":{\"@id\":\"https:\/\/www.notibras.com\/site\/praticas-integrativas-auxiliam-contra-a-fibromialgia\/#primaryimage\"},\"thumbnailUrl\":\"https:\/\/www.notibras.com\/site\/wp-content\/uploads\/2024\/02\/Projeto_em_Sobradinho_alivia_dores_cronicas_na_coluna_-_Foto_Breno_Esaki_Agencia_Saude-DF_03.jpg\",\"articleSection\":[\"Quadradinho em Foco\"],\"inLanguage\":\"pt-BR\"},{\"@type\":\"WebPage\",\"@id\":\"https:\/\/www.notibras.com\/site\/praticas-integrativas-auxiliam-contra-a-fibromialgia\/\",\"url\":\"https:\/\/www.notibras.com\/site\/praticas-integrativas-auxiliam-contra-a-fibromialgia\/\",\"name\":\"Pr\u00e1ticas integrativas auxiliam contra a fibromialgia - Notibras\",\"isPartOf\":{\"@id\":\"https:\/\/www.notibras.com\/site\/#website\"},\"primaryImageOfPage\":{\"@id\":\"https:\/\/www.notibras.com\/site\/praticas-integrativas-auxiliam-contra-a-fibromialgia\/#primaryimage\"},\"image\":{\"@id\":\"https:\/\/www.notibras.com\/site\/praticas-integrativas-auxiliam-contra-a-fibromialgia\/#primaryimage\"},\"thumbnailUrl\":\"https:\/\/www.notibras.com\/site\/wp-content\/uploads\/2024\/02\/Projeto_em_Sobradinho_alivia_dores_cronicas_na_coluna_-_Foto_Breno_Esaki_Agencia_Saude-DF_03.jpg\",\"datePublished\":\"2024-02-26T03:00:06+00:00\",\"dateModified\":\"2024-02-26T12:48:52+00:00\",\"breadcrumb\":{\"@id\":\"https:\/\/www.notibras.com\/site\/praticas-integrativas-auxiliam-contra-a-fibromialgia\/#breadcrumb\"},\"inLanguage\":\"pt-BR\",\"potentialAction\":[{\"@type\":\"ReadAction\",\"target\":[\"https:\/\/www.notibras.com\/site\/praticas-integrativas-auxiliam-contra-a-fibromialgia\/\"]}]},{\"@type\":\"ImageObject\",\"inLanguage\":\"pt-BR\",\"@id\":\"https:\/\/www.notibras.com\/site\/praticas-integrativas-auxiliam-contra-a-fibromialgia\/#primaryimage\",\"url\":\"https:\/\/www.notibras.com\/site\/wp-content\/uploads\/2024\/02\/Projeto_em_Sobradinho_alivia_dores_cronicas_na_coluna_-_Foto_Breno_Esaki_Agencia_Saude-DF_03.jpg\",\"contentUrl\":\"https:\/\/www.notibras.com\/site\/wp-content\/uploads\/2024\/02\/Projeto_em_Sobradinho_alivia_dores_cronicas_na_coluna_-_Foto_Breno_Esaki_Agencia_Saude-DF_03.jpg\",\"width\":1200,\"height\":797},{\"@type\":\"BreadcrumbList\",\"@id\":\"https:\/\/www.notibras.com\/site\/praticas-integrativas-auxiliam-contra-a-fibromialgia\/#breadcrumb\",\"itemListElement\":[{\"@type\":\"ListItem\",\"position\":1,\"name\":\"In\u00edcio\",\"item\":\"https:\/\/www.notibras.com\/site\/\"},{\"@type\":\"ListItem\",\"position\":2,\"name\":\"Pr\u00e1ticas integrativas auxiliam contra a fibromialgia\"}]},{\"@type\":\"WebSite\",\"@id\":\"https:\/\/www.notibras.com\/site\/#website\",\"url\":\"https:\/\/www.notibras.com\/site\/\",\"name\":\"Notibras\",\"description\":\"Not\u00edcias de Bras\u00edlia, do Brasil e do Mundo\",\"publisher\":{\"@id\":\"https:\/\/www.notibras.com\/site\/#organization\"},\"potentialAction\":[{\"@type\":\"SearchAction\",\"target\":{\"@type\":\"EntryPoint\",\"urlTemplate\":\"https:\/\/www.notibras.com\/site\/?s={search_term_string}\"},\"query-input\":{\"@type\":\"PropertyValueSpecification\",\"valueRequired\":true,\"valueName\":\"search_term_string\"}}],\"inLanguage\":\"pt-BR\"},{\"@type\":\"Organization\",\"@id\":\"https:\/\/www.notibras.com\/site\/#organization\",\"name\":\"Grupo Notibras de Comunica\u00e7\u00e3o\",\"url\":\"https:\/\/www.notibras.com\/site\/\",\"logo\":{\"@type\":\"ImageObject\",\"inLanguage\":\"pt-BR\",\"@id\":\"https:\/\/www.notibras.com\/site\/#\/schema\/logo\/image\/\",\"url\":\"https:\/\/www.notibras.com\/site\/wp-content\/uploads\/2023\/01\/notibras23.png\",\"contentUrl\":\"https:\/\/www.notibras.com\/site\/wp-content\/uploads\/2023\/01\/notibras23.png\",\"width\":350,\"height\":87,\"caption\":\"Grupo Notibras de Comunica\u00e7\u00e3o\"},\"image\":{\"@id\":\"https:\/\/www.notibras.com\/site\/#\/schema\/logo\/image\/\"},\"sameAs\":[\"https:\/\/www.facebook.com\/notibras\/\",\"https:\/\/x.com\/Notibras\",\"https:\/\/www.instagram.com\/notibras\/\"]},{\"@type\":\"Person\",\"@id\":\"https:\/\/www.notibras.com\/site\/#\/schema\/person\/36ab0979449956132d3e5b517ea76ac8\",\"name\":\"Reda\u00e7\u00e3o\",\"image\":{\"@type\":\"ImageObject\",\"inLanguage\":\"pt-BR\",\"@id\":\"https:\/\/secure.gravatar.com\/avatar\/e0a867bdedb85fd243eadf09663511f96fc81e0720a4a42581f334ad4303aa6b?s=96&d=mm&r=g\",\"url\":\"https:\/\/secure.gravatar.com\/avatar\/e0a867bdedb85fd243eadf09663511f96fc81e0720a4a42581f334ad4303aa6b?s=96&d=mm&r=g\",\"contentUrl\":\"https:\/\/secure.gravatar.com\/avatar\/e0a867bdedb85fd243eadf09663511f96fc81e0720a4a42581f334ad4303aa6b?s=96&d=mm&r=g\",\"caption\":\"Reda\u00e7\u00e3o\"}}]}<\/script>\n<!-- \/ Yoast SEO plugin. -->","yoast_head_json":{"title":"Pr\u00e1ticas integrativas auxiliam contra a fibromialgia - Notibras","robots":{"index":"index","follow":"follow","max-snippet":"max-snippet:-1","max-image-preview":"max-image-preview:large","max-video-preview":"max-video-preview:-1"},"canonical":"https:\/\/www.notibras.com\/site\/praticas-integrativas-auxiliam-contra-a-fibromialgia\/","og_locale":"pt_BR","og_type":"article","og_title":"Pr\u00e1ticas integrativas auxiliam contra a fibromialgia - Notibras","og_description":"Dores que se espalham por v\u00e1rias partes do corpo, fadiga, dist\u00farbios do sono, ansiedade e altera\u00e7\u00f5es de mem\u00f3ria e de aten\u00e7\u00e3o. Todos esses podem ser sintomas de fibromialgia, uma doen\u00e7a que amplifica a percep\u00e7\u00e3o de dor. A rede da Secretaria de Sa\u00fade (SES-DF) oferece diversas pr\u00e1ticas integrativas gratuitas que podem auxiliar no tratamento da s\u00edndrome, [&hellip;]","og_url":"https:\/\/www.notibras.com\/site\/praticas-integrativas-auxiliam-contra-a-fibromialgia\/","og_site_name":"Notibras","article_publisher":"https:\/\/www.facebook.com\/notibras\/","article_published_time":"2024-02-26T03:00:06+00:00","article_modified_time":"2024-02-26T12:48:52+00:00","og_image":[{"width":1200,"height":797,"url":"https:\/\/www.notibras.com\/site\/wp-content\/uploads\/2024\/02\/Projeto_em_Sobradinho_alivia_dores_cronicas_na_coluna_-_Foto_Breno_Esaki_Agencia_Saude-DF_03.jpg","type":"image\/jpeg"}],"author":"Reda\u00e7\u00e3o","twitter_card":"summary_large_image","twitter_creator":"@Notibras","twitter_site":"@Notibras","twitter_misc":{"Escrito por":"Reda\u00e7\u00e3o","Est. tempo de leitura":"4 minutos"},"schema":{"@context":"https:\/\/schema.org","@graph":[{"@type":"Article","@id":"https:\/\/www.notibras.com\/site\/praticas-integrativas-auxiliam-contra-a-fibromialgia\/#article","isPartOf":{"@id":"https:\/\/www.notibras.com\/site\/praticas-integrativas-auxiliam-contra-a-fibromialgia\/"},"author":{"name":"Reda\u00e7\u00e3o","@id":"https:\/\/www.notibras.com\/site\/#\/schema\/person\/36ab0979449956132d3e5b517ea76ac8"},"headline":"Pr\u00e1ticas integrativas auxiliam contra a fibromialgia","datePublished":"2024-02-26T03:00:06+00:00","dateModified":"2024-02-26T12:48:52+00:00","mainEntityOfPage":{"@id":"https:\/\/www.notibras.com\/site\/praticas-integrativas-auxiliam-contra-a-fibromialgia\/"},"wordCount":786,"publisher":{"@id":"https:\/\/www.notibras.com\/site\/#organization"},"image":{"@id":"https:\/\/www.notibras.com\/site\/praticas-integrativas-auxiliam-contra-a-fibromialgia\/#primaryimage"},"thumbnailUrl":"https:\/\/www.notibras.com\/site\/wp-content\/uploads\/2024\/02\/Projeto_em_Sobradinho_alivia_dores_cronicas_na_coluna_-_Foto_Breno_Esaki_Agencia_Saude-DF_03.jpg","articleSection":["Quadradinho em Foco"],"inLanguage":"pt-BR"},{"@type":"WebPage","@id":"https:\/\/www.notibras.com\/site\/praticas-integrativas-auxiliam-contra-a-fibromialgia\/","url":"https:\/\/www.notibras.com\/site\/praticas-integrativas-auxiliam-contra-a-fibromialgia\/","name":"Pr\u00e1ticas integrativas auxiliam contra a fibromialgia - Notibras","isPartOf":{"@id":"https:\/\/www.notibras.com\/site\/#website"},"primaryImageOfPage":{"@id":"https:\/\/www.notibras.com\/site\/praticas-integrativas-auxiliam-contra-a-fibromialgia\/#primaryimage"},"image":{"@id":"https:\/\/www.notibras.com\/site\/praticas-integrativas-auxiliam-contra-a-fibromialgia\/#primaryimage"},"thumbnailUrl":"https:\/\/www.notibras.com\/site\/wp-content\/uploads\/2024\/02\/Projeto_em_Sobradinho_alivia_dores_cronicas_na_coluna_-_Foto_Breno_Esaki_Agencia_Saude-DF_03.jpg","datePublished":"2024-02-26T03:00:06+00:00","dateModified":"2024-02-26T12:48:52+00:00","breadcrumb":{"@id":"https:\/\/www.notibras.com\/site\/praticas-integrativas-auxiliam-contra-a-fibromialgia\/#breadcrumb"},"inLanguage":"pt-BR","potentialAction":[{"@type":"ReadAction","target":["https:\/\/www.notibras.com\/site\/praticas-integrativas-auxiliam-contra-a-fibromialgia\/"]}]},{"@type":"ImageObject","inLanguage":"pt-BR","@id":"https:\/\/www.notibras.com\/site\/praticas-integrativas-auxiliam-contra-a-fibromialgia\/#primaryimage","url":"https:\/\/www.notibras.com\/site\/wp-content\/uploads\/2024\/02\/Projeto_em_Sobradinho_alivia_dores_cronicas_na_coluna_-_Foto_Breno_Esaki_Agencia_Saude-DF_03.jpg","contentUrl":"https:\/\/www.notibras.com\/site\/wp-content\/uploads\/2024\/02\/Projeto_em_Sobradinho_alivia_dores_cronicas_na_coluna_-_Foto_Breno_Esaki_Agencia_Saude-DF_03.jpg","width":1200,"height":797},{"@type":"BreadcrumbList","@id":"https:\/\/www.notibras.com\/site\/praticas-integrativas-auxiliam-contra-a-fibromialgia\/#breadcrumb","itemListElement":[{"@type":"ListItem","position":1,"name":"In\u00edcio","item":"https:\/\/www.notibras.com\/site\/"},{"@type":"ListItem","position":2,"name":"Pr\u00e1ticas integrativas auxiliam contra a fibromialgia"}]},{"@type":"WebSite","@id":"https:\/\/www.notibras.com\/site\/#website","url":"https:\/\/www.notibras.com\/site\/","name":"Notibras","description":"Not\u00edcias de Bras\u00edlia, do Brasil e do Mundo","publisher":{"@id":"https:\/\/www.notibras.com\/site\/#organization"},"potentialAction":[{"@type":"SearchAction","target":{"@type":"EntryPoint","urlTemplate":"https:\/\/www.notibras.com\/site\/?s={search_term_string}"},"query-input":{"@type":"PropertyValueSpecification","valueRequired":true,"valueName":"search_term_string"}}],"inLanguage":"pt-BR"},{"@type":"Organization","@id":"https:\/\/www.notibras.com\/site\/#organization","name":"Grupo Notibras de Comunica\u00e7\u00e3o","url":"https:\/\/www.notibras.com\/site\/","logo":{"@type":"ImageObject","inLanguage":"pt-BR","@id":"https:\/\/www.notibras.com\/site\/#\/schema\/logo\/image\/","url":"https:\/\/www.notibras.com\/site\/wp-content\/uploads\/2023\/01\/notibras23.png","contentUrl":"https:\/\/www.notibras.com\/site\/wp-content\/uploads\/2023\/01\/notibras23.png","width":350,"height":87,"caption":"Grupo Notibras de Comunica\u00e7\u00e3o"},"image":{"@id":"https:\/\/www.notibras.com\/site\/#\/schema\/logo\/image\/"},"sameAs":["https:\/\/www.facebook.com\/notibras\/","https:\/\/x.com\/Notibras","https:\/\/www.instagram.com\/notibras\/"]},{"@type":"Person","@id":"https:\/\/www.notibras.com\/site\/#\/schema\/person\/36ab0979449956132d3e5b517ea76ac8","name":"Reda\u00e7\u00e3o","image":{"@type":"ImageObject","inLanguage":"pt-BR","@id":"https:\/\/secure.gravatar.com\/avatar\/e0a867bdedb85fd243eadf09663511f96fc81e0720a4a42581f334ad4303aa6b?s=96&d=mm&r=g","url":"https:\/\/secure.gravatar.com\/avatar\/e0a867bdedb85fd243eadf09663511f96fc81e0720a4a42581f334ad4303aa6b?s=96&d=mm&r=g","contentUrl":"https:\/\/secure.gravatar.com\/avatar\/e0a867bdedb85fd243eadf09663511f96fc81e0720a4a42581f334ad4303aa6b?s=96&d=mm&r=g","caption":"Reda\u00e7\u00e3o"}}]}},"amp_enabled":true,"_links":{"self":[{"href":"https:\/\/www.notibras.com\/site\/wp-json\/wp\/v2\/posts\/323191","targetHints":{"allow":["GET"]}}],"collection":[{"href":"https:\/\/www.notibras.com\/site\/wp-json\/wp\/v2\/posts"}],"about":[{"href":"https:\/\/www.notibras.com\/site\/wp-json\/wp\/v2\/types\/post"}],"author":[{"embeddable":true,"href":"https:\/\/www.notibras.com\/site\/wp-json\/wp\/v2\/users\/2"}],"replies":[{"embeddable":true,"href":"https:\/\/www.notibras.com\/site\/wp-json\/wp\/v2\/comments?post=323191"}],"version-history":[{"count":1,"href":"https:\/\/www.notibras.com\/site\/wp-json\/wp\/v2\/posts\/323191\/revisions"}],"predecessor-version":[{"id":323193,"href":"https:\/\/www.notibras.com\/site\/wp-json\/wp\/v2\/posts\/323191\/revisions\/323193"}],"wp:featuredmedia":[{"embeddable":true,"href":"https:\/\/www.notibras.com\/site\/wp-json\/wp\/v2\/media\/323192"}],"wp:attachment":[{"href":"https:\/\/www.notibras.com\/site\/wp-json\/wp\/v2\/media?parent=323191"}],"wp:term":[{"taxonomy":"category","embeddable":true,"href":"https:\/\/www.notibras.com\/site\/wp-json\/wp\/v2\/categories?post=323191"},{"taxonomy":"post_tag","embeddable":true,"href":"https:\/\/www.notibras.com\/site\/wp-json\/wp\/v2\/tags?post=323191"}],"curies":[{"name":"wp","href":"https:\/\/api.w.org\/{rel}","templated":true}]}}