{"id":323197,"date":"2024-02-26T00:01:50","date_gmt":"2024-02-26T03:01:50","guid":{"rendered":"https:\/\/www.notibras.com\/site\/?p=323197"},"modified":"2024-02-26T10:03:33","modified_gmt":"2024-02-26T13:03:33","slug":"reservas-ambientais-deixam-imoveis-mais-valorizados","status":"publish","type":"post","link":"https:\/\/www.notibras.com\/site\/reservas-ambientais-deixam-imoveis-mais-valorizados\/","title":{"rendered":"Reservas ambientais deixam im\u00f3veis mais valorizados"},"content":{"rendered":"<p>Determinar a influ\u00eancia que unidades de conserva\u00e7\u00e3o (UCs) causam no pre\u00e7o de im\u00f3veis no Distrito Federal. Esse foi o objetivo do trabalho apresentado pelo canal no YouTube do Instituto Bras\u00edlia Ambiental, durante a primeira edi\u00e7\u00e3o do Ciclo de Palestras Compartilhando Saberes de 2024.<\/p>\n<p>O trabalho An\u00e1lise de influ\u00eancia da dist\u00e2ncia \u00e0 Unidade de Conserva\u00e7\u00e3o no Distrito Federal foi desenvolvido pela agente de UC da autarquia Ana Paula Camelo e apresentado na 4th International ESP Latin America and Caribbean Conference, em La Serene, no Chile. A pesquisadora \u00e9 engenheira florestal, mestre em Ci\u00eancias Florestais (Conserva\u00e7\u00e3o da Natureza) e Doutora em Ci\u00eancias Florestais (Manejo Florestal).<\/p>\n<p>Para realizar a pesquisa, a servidora delimitou a regi\u00e3o de \u00c1guas Claras, que possui 81% de \u00e1rea urbanizada e uma UC, o Parque Ecol\u00f3gico \u00c1guas Claras. Para a pesquisa, foram analisados im\u00f3veis publicados no site WIm\u00f3veis, resultando em um banco de dados com 3.111 im\u00f3veis na regi\u00e3o.<\/p>\n<p>Segundo a pesquisadora, o estudo mostrou que h\u00e1 correla\u00e7\u00e3o entre a dist\u00e2ncia para o Parque Ecol\u00f3gico e o valor dos im\u00f3veis e seu tamanho. \u201cPercebemos que todos os im\u00f3veis situados at\u00e9 200 metros de dist\u00e2ncia da UC est\u00e3o, em m\u00e9dia, 12% acima do valor de mercado. Outra coisa que a gente observa, \u00e9 que o im\u00f3vel, a cada 100 metros de dist\u00e2ncia da UC, sofre uma deprecia\u00e7\u00e3o de aproximadamente 55%\u201d, explicou Ana Paula Camelo. A pesquisa tamb\u00e9m descobriu que os maiores e mais caros im\u00f3veis da regi\u00e3o ficam mais pr\u00f3ximos da \u00e1rea ambiental, enquanto os menores e mais baratos ficam mais distantes.<\/p>\n<p>\u201cPercebemos que para essa popula\u00e7\u00e3o de \u00c1guas Claras \u00e9 muito importante ter essa proximidade com a unidade de conserva\u00e7\u00e3o. A valoriza\u00e7\u00e3o que a comunidade d\u00e1 para aquele local \u00e9 muito grande, por se a \u00fanica \u00e1rea ambiental da regi\u00e3o\u201d, concluiu a pesquisadora.<\/p>\n<p>Como recomenda\u00e7\u00e3o, Ana Paula Camelo entende que deve ser priorizado o servi\u00e7o ambiental cultural no planejamento urbano e que devem ser incorporados espa\u00e7os verdes em todas as cidades, para mitigar o risco de gentrifica\u00e7\u00e3o (processo de transforma\u00e7\u00e3o de \u00e1reas urbanas que leva ao encarecimento do custo de vida e aprofunda a segrega\u00e7\u00e3o socioespacial nas cidades) verde.<\/p>\n<p>Compartilhando Saberes \u00e9 uma iniciativa da Comiss\u00e3o Permanente de Qualidade de Vida no Trabalho (QVT) do Bras\u00edlia Ambiental para incentivar a troca de conhecimento entre os servidores e favorecer a integra\u00e7\u00e3o com a sociedade.<\/p>\n<p>O projeto compartilha os trabalhos dos servidores que tiveram usufruto do afastamento para participar de programa de p\u00f3s-gradua\u00e7\u00e3o stricto senso, conforme o artigo 161 da Lei Complementar 840\/2011, e de outros tipos de trabalhos, al\u00e9m dos acad\u00eamicos.<\/p>\n","protected":false},"excerpt":{"rendered":"<p>Determinar a influ\u00eancia que unidades de conserva\u00e7\u00e3o (UCs) causam no pre\u00e7o de im\u00f3veis no Distrito Federal. Esse foi o objetivo do trabalho apresentado pelo canal no YouTube do Instituto Bras\u00edlia Ambiental, durante a primeira edi\u00e7\u00e3o do Ciclo de Palestras Compartilhando Saberes de 2024. O trabalho An\u00e1lise de influ\u00eancia da dist\u00e2ncia \u00e0 Unidade de Conserva\u00e7\u00e3o no [&hellip;]<\/p>\n","protected":false},"author":2,"featured_media":323198,"comment_status":"closed","ping_status":"closed","sticky":false,"template":"","format":"standard","meta":{"_acf_changed":false,"footnotes":""},"categories":[161],"tags":[],"class_list":["post-323197","post","type-post","status-publish","format-standard","has-post-thumbnail","hentry","category-quadradinho-em-foco"],"acf":[],"yoast_head":"<!-- This site is optimized with the Yoast SEO plugin v27.2 - https:\/\/yoast.com\/product\/yoast-seo-wordpress\/ -->\n<title>Reservas ambientais deixam im\u00f3veis mais valorizados - Notibras<\/title>\n<meta name=\"robots\" content=\"index, follow, max-snippet:-1, max-image-preview:large, max-video-preview:-1\" \/>\n<link rel=\"canonical\" href=\"https:\/\/www.notibras.com\/site\/reservas-ambientais-deixam-imoveis-mais-valorizados\/\" \/>\n<meta property=\"og:locale\" content=\"pt_BR\" \/>\n<meta property=\"og:type\" content=\"article\" \/>\n<meta property=\"og:title\" content=\"Reservas ambientais deixam im\u00f3veis mais valorizados - Notibras\" \/>\n<meta property=\"og:description\" content=\"Determinar a influ\u00eancia que unidades de conserva\u00e7\u00e3o (UCs) causam no pre\u00e7o de im\u00f3veis no Distrito Federal. Esse foi o objetivo do trabalho apresentado pelo canal no YouTube do Instituto Bras\u00edlia Ambiental, durante a primeira edi\u00e7\u00e3o do Ciclo de Palestras Compartilhando Saberes de 2024. O trabalho An\u00e1lise de influ\u00eancia da dist\u00e2ncia \u00e0 Unidade de Conserva\u00e7\u00e3o no [&hellip;]\" \/>\n<meta property=\"og:url\" content=\"https:\/\/www.notibras.com\/site\/reservas-ambientais-deixam-imoveis-mais-valorizados\/\" \/>\n<meta property=\"og:site_name\" content=\"Notibras\" \/>\n<meta property=\"article:publisher\" content=\"https:\/\/www.facebook.com\/notibras\/\" \/>\n<meta property=\"article:published_time\" content=\"2024-02-26T03:01:50+00:00\" \/>\n<meta property=\"article:modified_time\" content=\"2024-02-26T13:03:33+00:00\" \/>\n<meta property=\"og:image\" content=\"https:\/\/www.notibras.com\/site\/wp-content\/uploads\/2024\/02\/reservaambiental.ag_.jpg\" \/>\n\t<meta property=\"og:image:width\" content=\"1280\" \/>\n\t<meta property=\"og:image:height\" content=\"720\" \/>\n\t<meta property=\"og:image:type\" content=\"image\/jpeg\" \/>\n<meta name=\"author\" content=\"Reda\u00e7\u00e3o\" \/>\n<meta name=\"twitter:card\" content=\"summary_large_image\" \/>\n<meta name=\"twitter:creator\" content=\"@Notibras\" \/>\n<meta name=\"twitter:site\" content=\"@Notibras\" \/>\n<meta name=\"twitter:label1\" content=\"Escrito por\" \/>\n\t<meta name=\"twitter:data1\" content=\"Reda\u00e7\u00e3o\" \/>\n\t<meta name=\"twitter:label2\" content=\"Est. tempo de leitura\" \/>\n\t<meta name=\"twitter:data2\" content=\"3 minutos\" \/>\n<script type=\"application\/ld+json\" class=\"yoast-schema-graph\">{\"@context\":\"https:\/\/schema.org\",\"@graph\":[{\"@type\":\"Article\",\"@id\":\"https:\/\/www.notibras.com\/site\/reservas-ambientais-deixam-imoveis-mais-valorizados\/#article\",\"isPartOf\":{\"@id\":\"https:\/\/www.notibras.com\/site\/reservas-ambientais-deixam-imoveis-mais-valorizados\/\"},\"author\":{\"name\":\"Reda\u00e7\u00e3o\",\"@id\":\"https:\/\/www.notibras.com\/site\/#\/schema\/person\/36ab0979449956132d3e5b517ea76ac8\"},\"headline\":\"Reservas ambientais deixam im\u00f3veis mais valorizados\",\"datePublished\":\"2024-02-26T03:01:50+00:00\",\"dateModified\":\"2024-02-26T13:03:33+00:00\",\"mainEntityOfPage\":{\"@id\":\"https:\/\/www.notibras.com\/site\/reservas-ambientais-deixam-imoveis-mais-valorizados\/\"},\"wordCount\":464,\"publisher\":{\"@id\":\"https:\/\/www.notibras.com\/site\/#organization\"},\"image\":{\"@id\":\"https:\/\/www.notibras.com\/site\/reservas-ambientais-deixam-imoveis-mais-valorizados\/#primaryimage\"},\"thumbnailUrl\":\"https:\/\/www.notibras.com\/site\/wp-content\/uploads\/2024\/02\/reservaambiental.ag_.jpg\",\"articleSection\":[\"Quadradinho em Foco\"],\"inLanguage\":\"pt-BR\"},{\"@type\":\"WebPage\",\"@id\":\"https:\/\/www.notibras.com\/site\/reservas-ambientais-deixam-imoveis-mais-valorizados\/\",\"url\":\"https:\/\/www.notibras.com\/site\/reservas-ambientais-deixam-imoveis-mais-valorizados\/\",\"name\":\"Reservas ambientais deixam im\u00f3veis mais valorizados - Notibras\",\"isPartOf\":{\"@id\":\"https:\/\/www.notibras.com\/site\/#website\"},\"primaryImageOfPage\":{\"@id\":\"https:\/\/www.notibras.com\/site\/reservas-ambientais-deixam-imoveis-mais-valorizados\/#primaryimage\"},\"image\":{\"@id\":\"https:\/\/www.notibras.com\/site\/reservas-ambientais-deixam-imoveis-mais-valorizados\/#primaryimage\"},\"thumbnailUrl\":\"https:\/\/www.notibras.com\/site\/wp-content\/uploads\/2024\/02\/reservaambiental.ag_.jpg\",\"datePublished\":\"2024-02-26T03:01:50+00:00\",\"dateModified\":\"2024-02-26T13:03:33+00:00\",\"breadcrumb\":{\"@id\":\"https:\/\/www.notibras.com\/site\/reservas-ambientais-deixam-imoveis-mais-valorizados\/#breadcrumb\"},\"inLanguage\":\"pt-BR\",\"potentialAction\":[{\"@type\":\"ReadAction\",\"target\":[\"https:\/\/www.notibras.com\/site\/reservas-ambientais-deixam-imoveis-mais-valorizados\/\"]}]},{\"@type\":\"ImageObject\",\"inLanguage\":\"pt-BR\",\"@id\":\"https:\/\/www.notibras.com\/site\/reservas-ambientais-deixam-imoveis-mais-valorizados\/#primaryimage\",\"url\":\"https:\/\/www.notibras.com\/site\/wp-content\/uploads\/2024\/02\/reservaambiental.ag_.jpg\",\"contentUrl\":\"https:\/\/www.notibras.com\/site\/wp-content\/uploads\/2024\/02\/reservaambiental.ag_.jpg\",\"width\":1280,\"height\":720},{\"@type\":\"BreadcrumbList\",\"@id\":\"https:\/\/www.notibras.com\/site\/reservas-ambientais-deixam-imoveis-mais-valorizados\/#breadcrumb\",\"itemListElement\":[{\"@type\":\"ListItem\",\"position\":1,\"name\":\"In\u00edcio\",\"item\":\"https:\/\/www.notibras.com\/site\/\"},{\"@type\":\"ListItem\",\"position\":2,\"name\":\"Reservas ambientais deixam im\u00f3veis mais valorizados\"}]},{\"@type\":\"WebSite\",\"@id\":\"https:\/\/www.notibras.com\/site\/#website\",\"url\":\"https:\/\/www.notibras.com\/site\/\",\"name\":\"Notibras\",\"description\":\"Not\u00edcias de Bras\u00edlia, do Brasil e do Mundo\",\"publisher\":{\"@id\":\"https:\/\/www.notibras.com\/site\/#organization\"},\"potentialAction\":[{\"@type\":\"SearchAction\",\"target\":{\"@type\":\"EntryPoint\",\"urlTemplate\":\"https:\/\/www.notibras.com\/site\/?s={search_term_string}\"},\"query-input\":{\"@type\":\"PropertyValueSpecification\",\"valueRequired\":true,\"valueName\":\"search_term_string\"}}],\"inLanguage\":\"pt-BR\"},{\"@type\":\"Organization\",\"@id\":\"https:\/\/www.notibras.com\/site\/#organization\",\"name\":\"Grupo Notibras de Comunica\u00e7\u00e3o\",\"url\":\"https:\/\/www.notibras.com\/site\/\",\"logo\":{\"@type\":\"ImageObject\",\"inLanguage\":\"pt-BR\",\"@id\":\"https:\/\/www.notibras.com\/site\/#\/schema\/logo\/image\/\",\"url\":\"https:\/\/www.notibras.com\/site\/wp-content\/uploads\/2023\/01\/notibras23.png\",\"contentUrl\":\"https:\/\/www.notibras.com\/site\/wp-content\/uploads\/2023\/01\/notibras23.png\",\"width\":350,\"height\":87,\"caption\":\"Grupo Notibras de Comunica\u00e7\u00e3o\"},\"image\":{\"@id\":\"https:\/\/www.notibras.com\/site\/#\/schema\/logo\/image\/\"},\"sameAs\":[\"https:\/\/www.facebook.com\/notibras\/\",\"https:\/\/x.com\/Notibras\",\"https:\/\/www.instagram.com\/notibras\/\"]},{\"@type\":\"Person\",\"@id\":\"https:\/\/www.notibras.com\/site\/#\/schema\/person\/36ab0979449956132d3e5b517ea76ac8\",\"name\":\"Reda\u00e7\u00e3o\",\"image\":{\"@type\":\"ImageObject\",\"inLanguage\":\"pt-BR\",\"@id\":\"https:\/\/secure.gravatar.com\/avatar\/e0a867bdedb85fd243eadf09663511f96fc81e0720a4a42581f334ad4303aa6b?s=96&d=mm&r=g\",\"url\":\"https:\/\/secure.gravatar.com\/avatar\/e0a867bdedb85fd243eadf09663511f96fc81e0720a4a42581f334ad4303aa6b?s=96&d=mm&r=g\",\"contentUrl\":\"https:\/\/secure.gravatar.com\/avatar\/e0a867bdedb85fd243eadf09663511f96fc81e0720a4a42581f334ad4303aa6b?s=96&d=mm&r=g\",\"caption\":\"Reda\u00e7\u00e3o\"}}]}<\/script>\n<!-- \/ Yoast SEO plugin. -->","yoast_head_json":{"title":"Reservas ambientais deixam im\u00f3veis mais valorizados - Notibras","robots":{"index":"index","follow":"follow","max-snippet":"max-snippet:-1","max-image-preview":"max-image-preview:large","max-video-preview":"max-video-preview:-1"},"canonical":"https:\/\/www.notibras.com\/site\/reservas-ambientais-deixam-imoveis-mais-valorizados\/","og_locale":"pt_BR","og_type":"article","og_title":"Reservas ambientais deixam im\u00f3veis mais valorizados - Notibras","og_description":"Determinar a influ\u00eancia que unidades de conserva\u00e7\u00e3o (UCs) causam no pre\u00e7o de im\u00f3veis no Distrito Federal. Esse foi o objetivo do trabalho apresentado pelo canal no YouTube do Instituto Bras\u00edlia Ambiental, durante a primeira edi\u00e7\u00e3o do Ciclo de Palestras Compartilhando Saberes de 2024. O trabalho An\u00e1lise de influ\u00eancia da dist\u00e2ncia \u00e0 Unidade de Conserva\u00e7\u00e3o no [&hellip;]","og_url":"https:\/\/www.notibras.com\/site\/reservas-ambientais-deixam-imoveis-mais-valorizados\/","og_site_name":"Notibras","article_publisher":"https:\/\/www.facebook.com\/notibras\/","article_published_time":"2024-02-26T03:01:50+00:00","article_modified_time":"2024-02-26T13:03:33+00:00","og_image":[{"width":1280,"height":720,"url":"https:\/\/www.notibras.com\/site\/wp-content\/uploads\/2024\/02\/reservaambiental.ag_.jpg","type":"image\/jpeg"}],"author":"Reda\u00e7\u00e3o","twitter_card":"summary_large_image","twitter_creator":"@Notibras","twitter_site":"@Notibras","twitter_misc":{"Escrito por":"Reda\u00e7\u00e3o","Est. tempo de leitura":"3 minutos"},"schema":{"@context":"https:\/\/schema.org","@graph":[{"@type":"Article","@id":"https:\/\/www.notibras.com\/site\/reservas-ambientais-deixam-imoveis-mais-valorizados\/#article","isPartOf":{"@id":"https:\/\/www.notibras.com\/site\/reservas-ambientais-deixam-imoveis-mais-valorizados\/"},"author":{"name":"Reda\u00e7\u00e3o","@id":"https:\/\/www.notibras.com\/site\/#\/schema\/person\/36ab0979449956132d3e5b517ea76ac8"},"headline":"Reservas ambientais deixam im\u00f3veis mais valorizados","datePublished":"2024-02-26T03:01:50+00:00","dateModified":"2024-02-26T13:03:33+00:00","mainEntityOfPage":{"@id":"https:\/\/www.notibras.com\/site\/reservas-ambientais-deixam-imoveis-mais-valorizados\/"},"wordCount":464,"publisher":{"@id":"https:\/\/www.notibras.com\/site\/#organization"},"image":{"@id":"https:\/\/www.notibras.com\/site\/reservas-ambientais-deixam-imoveis-mais-valorizados\/#primaryimage"},"thumbnailUrl":"https:\/\/www.notibras.com\/site\/wp-content\/uploads\/2024\/02\/reservaambiental.ag_.jpg","articleSection":["Quadradinho em Foco"],"inLanguage":"pt-BR"},{"@type":"WebPage","@id":"https:\/\/www.notibras.com\/site\/reservas-ambientais-deixam-imoveis-mais-valorizados\/","url":"https:\/\/www.notibras.com\/site\/reservas-ambientais-deixam-imoveis-mais-valorizados\/","name":"Reservas ambientais deixam im\u00f3veis mais valorizados - Notibras","isPartOf":{"@id":"https:\/\/www.notibras.com\/site\/#website"},"primaryImageOfPage":{"@id":"https:\/\/www.notibras.com\/site\/reservas-ambientais-deixam-imoveis-mais-valorizados\/#primaryimage"},"image":{"@id":"https:\/\/www.notibras.com\/site\/reservas-ambientais-deixam-imoveis-mais-valorizados\/#primaryimage"},"thumbnailUrl":"https:\/\/www.notibras.com\/site\/wp-content\/uploads\/2024\/02\/reservaambiental.ag_.jpg","datePublished":"2024-02-26T03:01:50+00:00","dateModified":"2024-02-26T13:03:33+00:00","breadcrumb":{"@id":"https:\/\/www.notibras.com\/site\/reservas-ambientais-deixam-imoveis-mais-valorizados\/#breadcrumb"},"inLanguage":"pt-BR","potentialAction":[{"@type":"ReadAction","target":["https:\/\/www.notibras.com\/site\/reservas-ambientais-deixam-imoveis-mais-valorizados\/"]}]},{"@type":"ImageObject","inLanguage":"pt-BR","@id":"https:\/\/www.notibras.com\/site\/reservas-ambientais-deixam-imoveis-mais-valorizados\/#primaryimage","url":"https:\/\/www.notibras.com\/site\/wp-content\/uploads\/2024\/02\/reservaambiental.ag_.jpg","contentUrl":"https:\/\/www.notibras.com\/site\/wp-content\/uploads\/2024\/02\/reservaambiental.ag_.jpg","width":1280,"height":720},{"@type":"BreadcrumbList","@id":"https:\/\/www.notibras.com\/site\/reservas-ambientais-deixam-imoveis-mais-valorizados\/#breadcrumb","itemListElement":[{"@type":"ListItem","position":1,"name":"In\u00edcio","item":"https:\/\/www.notibras.com\/site\/"},{"@type":"ListItem","position":2,"name":"Reservas ambientais deixam im\u00f3veis mais valorizados"}]},{"@type":"WebSite","@id":"https:\/\/www.notibras.com\/site\/#website","url":"https:\/\/www.notibras.com\/site\/","name":"Notibras","description":"Not\u00edcias de Bras\u00edlia, do Brasil e do Mundo","publisher":{"@id":"https:\/\/www.notibras.com\/site\/#organization"},"potentialAction":[{"@type":"SearchAction","target":{"@type":"EntryPoint","urlTemplate":"https:\/\/www.notibras.com\/site\/?s={search_term_string}"},"query-input":{"@type":"PropertyValueSpecification","valueRequired":true,"valueName":"search_term_string"}}],"inLanguage":"pt-BR"},{"@type":"Organization","@id":"https:\/\/www.notibras.com\/site\/#organization","name":"Grupo Notibras de Comunica\u00e7\u00e3o","url":"https:\/\/www.notibras.com\/site\/","logo":{"@type":"ImageObject","inLanguage":"pt-BR","@id":"https:\/\/www.notibras.com\/site\/#\/schema\/logo\/image\/","url":"https:\/\/www.notibras.com\/site\/wp-content\/uploads\/2023\/01\/notibras23.png","contentUrl":"https:\/\/www.notibras.com\/site\/wp-content\/uploads\/2023\/01\/notibras23.png","width":350,"height":87,"caption":"Grupo Notibras de Comunica\u00e7\u00e3o"},"image":{"@id":"https:\/\/www.notibras.com\/site\/#\/schema\/logo\/image\/"},"sameAs":["https:\/\/www.facebook.com\/notibras\/","https:\/\/x.com\/Notibras","https:\/\/www.instagram.com\/notibras\/"]},{"@type":"Person","@id":"https:\/\/www.notibras.com\/site\/#\/schema\/person\/36ab0979449956132d3e5b517ea76ac8","name":"Reda\u00e7\u00e3o","image":{"@type":"ImageObject","inLanguage":"pt-BR","@id":"https:\/\/secure.gravatar.com\/avatar\/e0a867bdedb85fd243eadf09663511f96fc81e0720a4a42581f334ad4303aa6b?s=96&d=mm&r=g","url":"https:\/\/secure.gravatar.com\/avatar\/e0a867bdedb85fd243eadf09663511f96fc81e0720a4a42581f334ad4303aa6b?s=96&d=mm&r=g","contentUrl":"https:\/\/secure.gravatar.com\/avatar\/e0a867bdedb85fd243eadf09663511f96fc81e0720a4a42581f334ad4303aa6b?s=96&d=mm&r=g","caption":"Reda\u00e7\u00e3o"}}]}},"amp_enabled":true,"_links":{"self":[{"href":"https:\/\/www.notibras.com\/site\/wp-json\/wp\/v2\/posts\/323197","targetHints":{"allow":["GET"]}}],"collection":[{"href":"https:\/\/www.notibras.com\/site\/wp-json\/wp\/v2\/posts"}],"about":[{"href":"https:\/\/www.notibras.com\/site\/wp-json\/wp\/v2\/types\/post"}],"author":[{"embeddable":true,"href":"https:\/\/www.notibras.com\/site\/wp-json\/wp\/v2\/users\/2"}],"replies":[{"embeddable":true,"href":"https:\/\/www.notibras.com\/site\/wp-json\/wp\/v2\/comments?post=323197"}],"version-history":[{"count":1,"href":"https:\/\/www.notibras.com\/site\/wp-json\/wp\/v2\/posts\/323197\/revisions"}],"predecessor-version":[{"id":323199,"href":"https:\/\/www.notibras.com\/site\/wp-json\/wp\/v2\/posts\/323197\/revisions\/323199"}],"wp:featuredmedia":[{"embeddable":true,"href":"https:\/\/www.notibras.com\/site\/wp-json\/wp\/v2\/media\/323198"}],"wp:attachment":[{"href":"https:\/\/www.notibras.com\/site\/wp-json\/wp\/v2\/media?parent=323197"}],"wp:term":[{"taxonomy":"category","embeddable":true,"href":"https:\/\/www.notibras.com\/site\/wp-json\/wp\/v2\/categories?post=323197"},{"taxonomy":"post_tag","embeddable":true,"href":"https:\/\/www.notibras.com\/site\/wp-json\/wp\/v2\/tags?post=323197"}],"curies":[{"name":"wp","href":"https:\/\/api.w.org\/{rel}","templated":true}]}}