{"id":323273,"date":"2024-02-27T06:37:14","date_gmt":"2024-02-27T09:37:14","guid":{"rendered":"https:\/\/www.notibras.com\/site\/?p=323273"},"modified":"2024-02-27T07:38:58","modified_gmt":"2024-02-27T10:38:58","slug":"brasilia-mostra-cara-como-destino-turistico-em-lisboa","status":"publish","type":"post","link":"https:\/\/www.notibras.com\/site\/brasilia-mostra-cara-como-destino-turistico-em-lisboa\/","title":{"rendered":"Bras\u00edlia mostra cara como destino tur\u00edstico em Lisboa"},"content":{"rendered":"<p>Uma equipe da Secretaria de Turismo participa em Lisboa, Portugal, entre os dias 28 de fevereiro e 3 de mar\u00e7o, para promover o destino Bras\u00edlia em terras estrangeiras na Bolsa de Turismo de Lisboa (BTL 2024). O principal objetivo \u00e9 fomentar neg\u00f3cios e estabelecer novas parcerias.<\/p>\n<p>A intera\u00e7\u00e3o com potenciais clientes, investidores e consumidores nas grandes feiras internacionais \u00e9 fundamental para o crescimento e a promo\u00e7\u00e3o do destino. No estande da Setur, os visitantes da feira encontrar\u00e3o profissionais capacitados para apresentar a cidade por meio de materiais informativos de todos os segmentos tur\u00edsticos que a capital tem a oferecer.<\/p>\n<p>Reuni\u00f5es com empres\u00e1rios e institui\u00e7\u00f5es de v\u00e1rios pa\u00edses do mundo tamb\u00e9m est\u00e3o agendadas. Al\u00e9m de buscar novas oportunidades de neg\u00f3cio, as feiras internacionais oferecem experi\u00eancias profissionais enriquecedoras, especialmente para aqueles envolvidos em grandes negocia\u00e7\u00f5es.<\/p>\n<p>A participa\u00e7\u00e3o da secretaria no evento em 2023 rendeu para a capital um crescimento do fluxo de turistas portugueses de quase 120%. Al\u00e9m disso, o \u00edndice de arrecada\u00e7\u00e3o de impostos teve aumento de 30,95% (em compara\u00e7\u00e3o com 2022).<\/p>\n<p>\u201cEstamos trabalhando para mostrar ao mundo tudo que Bras\u00edlia tem a oferecer como capital do Brasil. Al\u00e9m do turismo c\u00edvico e da arquitetura, estamos promovendo os atrativos naturais do cerrado, as vin\u00edcolas, as cachoeiras, a gastronomia e a cultura dos brasilienses\u201d, afirma o secret\u00e1rio de Turismo, Cristiano Ara\u00fajo.<\/p>\n<p><strong>Abav 2024<\/strong><br \/>\nEntre os dias 25 e 27 de setembro, Bras\u00edlia receber\u00e1 a 51\u00aa edi\u00e7\u00e3o da Abav Expo 2024. Considerada a maior feira de turismo da Am\u00e9rica Latina, a feira promete atrair pessoas de todo o mundo para a capital federal. A Secretaria de Turismo est\u00e1 preparando um grandioso evento ao lado de todo o trade de turismo com o intuito de promover a cidade, apresentando os atrativos e conquistando de vez o cora\u00e7\u00e3o dos visitantes.<\/p>\n","protected":false},"excerpt":{"rendered":"<p>Uma equipe da Secretaria de Turismo participa em Lisboa, Portugal, entre os dias 28 de fevereiro e 3 de mar\u00e7o, para promover o destino Bras\u00edlia em terras estrangeiras na Bolsa de Turismo de Lisboa (BTL 2024). O principal objetivo \u00e9 fomentar neg\u00f3cios e estabelecer novas parcerias. A intera\u00e7\u00e3o com potenciais clientes, investidores e consumidores nas [&hellip;]<\/p>\n","protected":false},"author":2,"featured_media":323274,"comment_status":"closed","ping_status":"closed","sticky":false,"template":"","format":"standard","meta":{"_acf_changed":false,"footnotes":""},"categories":[161],"tags":[],"class_list":["post-323273","post","type-post","status-publish","format-standard","has-post-thumbnail","hentry","category-quadradinho-em-foco"],"acf":[],"yoast_head":"<!-- This site is optimized with the Yoast SEO plugin v27.2 - https:\/\/yoast.com\/product\/yoast-seo-wordpress\/ -->\n<title>Bras\u00edlia mostra cara como destino tur\u00edstico em Lisboa - Notibras<\/title>\n<meta name=\"robots\" content=\"index, follow, max-snippet:-1, max-image-preview:large, max-video-preview:-1\" \/>\n<link rel=\"canonical\" href=\"https:\/\/www.notibras.com\/site\/brasilia-mostra-cara-como-destino-turistico-em-lisboa\/\" \/>\n<meta property=\"og:locale\" content=\"pt_BR\" \/>\n<meta property=\"og:type\" content=\"article\" \/>\n<meta property=\"og:title\" content=\"Bras\u00edlia mostra cara como destino tur\u00edstico em Lisboa - Notibras\" \/>\n<meta property=\"og:description\" content=\"Uma equipe da Secretaria de Turismo participa em Lisboa, Portugal, entre os dias 28 de fevereiro e 3 de mar\u00e7o, para promover o destino Bras\u00edlia em terras estrangeiras na Bolsa de Turismo de Lisboa (BTL 2024). O principal objetivo \u00e9 fomentar neg\u00f3cios e estabelecer novas parcerias. A intera\u00e7\u00e3o com potenciais clientes, investidores e consumidores nas [&hellip;]\" \/>\n<meta property=\"og:url\" content=\"https:\/\/www.notibras.com\/site\/brasilia-mostra-cara-como-destino-turistico-em-lisboa\/\" \/>\n<meta property=\"og:site_name\" content=\"Notibras\" \/>\n<meta property=\"article:publisher\" content=\"https:\/\/www.facebook.com\/notibras\/\" \/>\n<meta property=\"article:published_time\" content=\"2024-02-27T09:37:14+00:00\" \/>\n<meta property=\"article:modified_time\" content=\"2024-02-27T10:38:58+00:00\" \/>\n<meta property=\"og:image\" content=\"https:\/\/www.notibras.com\/site\/wp-content\/uploads\/2024\/02\/tur.lisboa.jpg\" \/>\n\t<meta property=\"og:image:width\" content=\"1536\" \/>\n\t<meta property=\"og:image:height\" content=\"1152\" \/>\n\t<meta property=\"og:image:type\" content=\"image\/jpeg\" \/>\n<meta name=\"author\" content=\"Reda\u00e7\u00e3o\" \/>\n<meta name=\"twitter:card\" content=\"summary_large_image\" \/>\n<meta name=\"twitter:creator\" content=\"@Notibras\" \/>\n<meta name=\"twitter:site\" content=\"@Notibras\" \/>\n<meta name=\"twitter:label1\" content=\"Escrito por\" \/>\n\t<meta name=\"twitter:data1\" content=\"Reda\u00e7\u00e3o\" \/>\n\t<meta name=\"twitter:label2\" content=\"Est. tempo de leitura\" \/>\n\t<meta name=\"twitter:data2\" content=\"2 minutos\" \/>\n<script type=\"application\/ld+json\" class=\"yoast-schema-graph\">{\"@context\":\"https:\/\/schema.org\",\"@graph\":[{\"@type\":\"Article\",\"@id\":\"https:\/\/www.notibras.com\/site\/brasilia-mostra-cara-como-destino-turistico-em-lisboa\/#article\",\"isPartOf\":{\"@id\":\"https:\/\/www.notibras.com\/site\/brasilia-mostra-cara-como-destino-turistico-em-lisboa\/\"},\"author\":{\"name\":\"Reda\u00e7\u00e3o\",\"@id\":\"https:\/\/www.notibras.com\/site\/#\/schema\/person\/36ab0979449956132d3e5b517ea76ac8\"},\"headline\":\"Bras\u00edlia mostra cara como destino tur\u00edstico em Lisboa\",\"datePublished\":\"2024-02-27T09:37:14+00:00\",\"dateModified\":\"2024-02-27T10:38:58+00:00\",\"mainEntityOfPage\":{\"@id\":\"https:\/\/www.notibras.com\/site\/brasilia-mostra-cara-como-destino-turistico-em-lisboa\/\"},\"wordCount\":323,\"publisher\":{\"@id\":\"https:\/\/www.notibras.com\/site\/#organization\"},\"image\":{\"@id\":\"https:\/\/www.notibras.com\/site\/brasilia-mostra-cara-como-destino-turistico-em-lisboa\/#primaryimage\"},\"thumbnailUrl\":\"https:\/\/www.notibras.com\/site\/wp-content\/uploads\/2024\/02\/tur.lisboa.jpg\",\"articleSection\":[\"Quadradinho em Foco\"],\"inLanguage\":\"pt-BR\"},{\"@type\":\"WebPage\",\"@id\":\"https:\/\/www.notibras.com\/site\/brasilia-mostra-cara-como-destino-turistico-em-lisboa\/\",\"url\":\"https:\/\/www.notibras.com\/site\/brasilia-mostra-cara-como-destino-turistico-em-lisboa\/\",\"name\":\"Bras\u00edlia mostra cara como destino tur\u00edstico em Lisboa - Notibras\",\"isPartOf\":{\"@id\":\"https:\/\/www.notibras.com\/site\/#website\"},\"primaryImageOfPage\":{\"@id\":\"https:\/\/www.notibras.com\/site\/brasilia-mostra-cara-como-destino-turistico-em-lisboa\/#primaryimage\"},\"image\":{\"@id\":\"https:\/\/www.notibras.com\/site\/brasilia-mostra-cara-como-destino-turistico-em-lisboa\/#primaryimage\"},\"thumbnailUrl\":\"https:\/\/www.notibras.com\/site\/wp-content\/uploads\/2024\/02\/tur.lisboa.jpg\",\"datePublished\":\"2024-02-27T09:37:14+00:00\",\"dateModified\":\"2024-02-27T10:38:58+00:00\",\"breadcrumb\":{\"@id\":\"https:\/\/www.notibras.com\/site\/brasilia-mostra-cara-como-destino-turistico-em-lisboa\/#breadcrumb\"},\"inLanguage\":\"pt-BR\",\"potentialAction\":[{\"@type\":\"ReadAction\",\"target\":[\"https:\/\/www.notibras.com\/site\/brasilia-mostra-cara-como-destino-turistico-em-lisboa\/\"]}]},{\"@type\":\"ImageObject\",\"inLanguage\":\"pt-BR\",\"@id\":\"https:\/\/www.notibras.com\/site\/brasilia-mostra-cara-como-destino-turistico-em-lisboa\/#primaryimage\",\"url\":\"https:\/\/www.notibras.com\/site\/wp-content\/uploads\/2024\/02\/tur.lisboa.jpg\",\"contentUrl\":\"https:\/\/www.notibras.com\/site\/wp-content\/uploads\/2024\/02\/tur.lisboa.jpg\",\"width\":1536,\"height\":1152},{\"@type\":\"BreadcrumbList\",\"@id\":\"https:\/\/www.notibras.com\/site\/brasilia-mostra-cara-como-destino-turistico-em-lisboa\/#breadcrumb\",\"itemListElement\":[{\"@type\":\"ListItem\",\"position\":1,\"name\":\"In\u00edcio\",\"item\":\"https:\/\/www.notibras.com\/site\/\"},{\"@type\":\"ListItem\",\"position\":2,\"name\":\"Bras\u00edlia mostra cara como destino tur\u00edstico em Lisboa\"}]},{\"@type\":\"WebSite\",\"@id\":\"https:\/\/www.notibras.com\/site\/#website\",\"url\":\"https:\/\/www.notibras.com\/site\/\",\"name\":\"Notibras\",\"description\":\"Not\u00edcias de Bras\u00edlia, do Brasil e do Mundo\",\"publisher\":{\"@id\":\"https:\/\/www.notibras.com\/site\/#organization\"},\"potentialAction\":[{\"@type\":\"SearchAction\",\"target\":{\"@type\":\"EntryPoint\",\"urlTemplate\":\"https:\/\/www.notibras.com\/site\/?s={search_term_string}\"},\"query-input\":{\"@type\":\"PropertyValueSpecification\",\"valueRequired\":true,\"valueName\":\"search_term_string\"}}],\"inLanguage\":\"pt-BR\"},{\"@type\":\"Organization\",\"@id\":\"https:\/\/www.notibras.com\/site\/#organization\",\"name\":\"Grupo Notibras de Comunica\u00e7\u00e3o\",\"url\":\"https:\/\/www.notibras.com\/site\/\",\"logo\":{\"@type\":\"ImageObject\",\"inLanguage\":\"pt-BR\",\"@id\":\"https:\/\/www.notibras.com\/site\/#\/schema\/logo\/image\/\",\"url\":\"https:\/\/www.notibras.com\/site\/wp-content\/uploads\/2023\/01\/notibras23.png\",\"contentUrl\":\"https:\/\/www.notibras.com\/site\/wp-content\/uploads\/2023\/01\/notibras23.png\",\"width\":350,\"height\":87,\"caption\":\"Grupo Notibras de Comunica\u00e7\u00e3o\"},\"image\":{\"@id\":\"https:\/\/www.notibras.com\/site\/#\/schema\/logo\/image\/\"},\"sameAs\":[\"https:\/\/www.facebook.com\/notibras\/\",\"https:\/\/x.com\/Notibras\",\"https:\/\/www.instagram.com\/notibras\/\"]},{\"@type\":\"Person\",\"@id\":\"https:\/\/www.notibras.com\/site\/#\/schema\/person\/36ab0979449956132d3e5b517ea76ac8\",\"name\":\"Reda\u00e7\u00e3o\",\"image\":{\"@type\":\"ImageObject\",\"inLanguage\":\"pt-BR\",\"@id\":\"https:\/\/secure.gravatar.com\/avatar\/e0a867bdedb85fd243eadf09663511f96fc81e0720a4a42581f334ad4303aa6b?s=96&d=mm&r=g\",\"url\":\"https:\/\/secure.gravatar.com\/avatar\/e0a867bdedb85fd243eadf09663511f96fc81e0720a4a42581f334ad4303aa6b?s=96&d=mm&r=g\",\"contentUrl\":\"https:\/\/secure.gravatar.com\/avatar\/e0a867bdedb85fd243eadf09663511f96fc81e0720a4a42581f334ad4303aa6b?s=96&d=mm&r=g\",\"caption\":\"Reda\u00e7\u00e3o\"}}]}<\/script>\n<!-- \/ Yoast SEO plugin. -->","yoast_head_json":{"title":"Bras\u00edlia mostra cara como destino tur\u00edstico em Lisboa - Notibras","robots":{"index":"index","follow":"follow","max-snippet":"max-snippet:-1","max-image-preview":"max-image-preview:large","max-video-preview":"max-video-preview:-1"},"canonical":"https:\/\/www.notibras.com\/site\/brasilia-mostra-cara-como-destino-turistico-em-lisboa\/","og_locale":"pt_BR","og_type":"article","og_title":"Bras\u00edlia mostra cara como destino tur\u00edstico em Lisboa - Notibras","og_description":"Uma equipe da Secretaria de Turismo participa em Lisboa, Portugal, entre os dias 28 de fevereiro e 3 de mar\u00e7o, para promover o destino Bras\u00edlia em terras estrangeiras na Bolsa de Turismo de Lisboa (BTL 2024). O principal objetivo \u00e9 fomentar neg\u00f3cios e estabelecer novas parcerias. A intera\u00e7\u00e3o com potenciais clientes, investidores e consumidores nas [&hellip;]","og_url":"https:\/\/www.notibras.com\/site\/brasilia-mostra-cara-como-destino-turistico-em-lisboa\/","og_site_name":"Notibras","article_publisher":"https:\/\/www.facebook.com\/notibras\/","article_published_time":"2024-02-27T09:37:14+00:00","article_modified_time":"2024-02-27T10:38:58+00:00","og_image":[{"width":1536,"height":1152,"url":"https:\/\/www.notibras.com\/site\/wp-content\/uploads\/2024\/02\/tur.lisboa.jpg","type":"image\/jpeg"}],"author":"Reda\u00e7\u00e3o","twitter_card":"summary_large_image","twitter_creator":"@Notibras","twitter_site":"@Notibras","twitter_misc":{"Escrito por":"Reda\u00e7\u00e3o","Est. tempo de leitura":"2 minutos"},"schema":{"@context":"https:\/\/schema.org","@graph":[{"@type":"Article","@id":"https:\/\/www.notibras.com\/site\/brasilia-mostra-cara-como-destino-turistico-em-lisboa\/#article","isPartOf":{"@id":"https:\/\/www.notibras.com\/site\/brasilia-mostra-cara-como-destino-turistico-em-lisboa\/"},"author":{"name":"Reda\u00e7\u00e3o","@id":"https:\/\/www.notibras.com\/site\/#\/schema\/person\/36ab0979449956132d3e5b517ea76ac8"},"headline":"Bras\u00edlia mostra cara como destino tur\u00edstico em Lisboa","datePublished":"2024-02-27T09:37:14+00:00","dateModified":"2024-02-27T10:38:58+00:00","mainEntityOfPage":{"@id":"https:\/\/www.notibras.com\/site\/brasilia-mostra-cara-como-destino-turistico-em-lisboa\/"},"wordCount":323,"publisher":{"@id":"https:\/\/www.notibras.com\/site\/#organization"},"image":{"@id":"https:\/\/www.notibras.com\/site\/brasilia-mostra-cara-como-destino-turistico-em-lisboa\/#primaryimage"},"thumbnailUrl":"https:\/\/www.notibras.com\/site\/wp-content\/uploads\/2024\/02\/tur.lisboa.jpg","articleSection":["Quadradinho em Foco"],"inLanguage":"pt-BR"},{"@type":"WebPage","@id":"https:\/\/www.notibras.com\/site\/brasilia-mostra-cara-como-destino-turistico-em-lisboa\/","url":"https:\/\/www.notibras.com\/site\/brasilia-mostra-cara-como-destino-turistico-em-lisboa\/","name":"Bras\u00edlia mostra cara como destino tur\u00edstico em Lisboa - Notibras","isPartOf":{"@id":"https:\/\/www.notibras.com\/site\/#website"},"primaryImageOfPage":{"@id":"https:\/\/www.notibras.com\/site\/brasilia-mostra-cara-como-destino-turistico-em-lisboa\/#primaryimage"},"image":{"@id":"https:\/\/www.notibras.com\/site\/brasilia-mostra-cara-como-destino-turistico-em-lisboa\/#primaryimage"},"thumbnailUrl":"https:\/\/www.notibras.com\/site\/wp-content\/uploads\/2024\/02\/tur.lisboa.jpg","datePublished":"2024-02-27T09:37:14+00:00","dateModified":"2024-02-27T10:38:58+00:00","breadcrumb":{"@id":"https:\/\/www.notibras.com\/site\/brasilia-mostra-cara-como-destino-turistico-em-lisboa\/#breadcrumb"},"inLanguage":"pt-BR","potentialAction":[{"@type":"ReadAction","target":["https:\/\/www.notibras.com\/site\/brasilia-mostra-cara-como-destino-turistico-em-lisboa\/"]}]},{"@type":"ImageObject","inLanguage":"pt-BR","@id":"https:\/\/www.notibras.com\/site\/brasilia-mostra-cara-como-destino-turistico-em-lisboa\/#primaryimage","url":"https:\/\/www.notibras.com\/site\/wp-content\/uploads\/2024\/02\/tur.lisboa.jpg","contentUrl":"https:\/\/www.notibras.com\/site\/wp-content\/uploads\/2024\/02\/tur.lisboa.jpg","width":1536,"height":1152},{"@type":"BreadcrumbList","@id":"https:\/\/www.notibras.com\/site\/brasilia-mostra-cara-como-destino-turistico-em-lisboa\/#breadcrumb","itemListElement":[{"@type":"ListItem","position":1,"name":"In\u00edcio","item":"https:\/\/www.notibras.com\/site\/"},{"@type":"ListItem","position":2,"name":"Bras\u00edlia mostra cara como destino tur\u00edstico em Lisboa"}]},{"@type":"WebSite","@id":"https:\/\/www.notibras.com\/site\/#website","url":"https:\/\/www.notibras.com\/site\/","name":"Notibras","description":"Not\u00edcias de Bras\u00edlia, do Brasil e do Mundo","publisher":{"@id":"https:\/\/www.notibras.com\/site\/#organization"},"potentialAction":[{"@type":"SearchAction","target":{"@type":"EntryPoint","urlTemplate":"https:\/\/www.notibras.com\/site\/?s={search_term_string}"},"query-input":{"@type":"PropertyValueSpecification","valueRequired":true,"valueName":"search_term_string"}}],"inLanguage":"pt-BR"},{"@type":"Organization","@id":"https:\/\/www.notibras.com\/site\/#organization","name":"Grupo Notibras de Comunica\u00e7\u00e3o","url":"https:\/\/www.notibras.com\/site\/","logo":{"@type":"ImageObject","inLanguage":"pt-BR","@id":"https:\/\/www.notibras.com\/site\/#\/schema\/logo\/image\/","url":"https:\/\/www.notibras.com\/site\/wp-content\/uploads\/2023\/01\/notibras23.png","contentUrl":"https:\/\/www.notibras.com\/site\/wp-content\/uploads\/2023\/01\/notibras23.png","width":350,"height":87,"caption":"Grupo Notibras de Comunica\u00e7\u00e3o"},"image":{"@id":"https:\/\/www.notibras.com\/site\/#\/schema\/logo\/image\/"},"sameAs":["https:\/\/www.facebook.com\/notibras\/","https:\/\/x.com\/Notibras","https:\/\/www.instagram.com\/notibras\/"]},{"@type":"Person","@id":"https:\/\/www.notibras.com\/site\/#\/schema\/person\/36ab0979449956132d3e5b517ea76ac8","name":"Reda\u00e7\u00e3o","image":{"@type":"ImageObject","inLanguage":"pt-BR","@id":"https:\/\/secure.gravatar.com\/avatar\/e0a867bdedb85fd243eadf09663511f96fc81e0720a4a42581f334ad4303aa6b?s=96&d=mm&r=g","url":"https:\/\/secure.gravatar.com\/avatar\/e0a867bdedb85fd243eadf09663511f96fc81e0720a4a42581f334ad4303aa6b?s=96&d=mm&r=g","contentUrl":"https:\/\/secure.gravatar.com\/avatar\/e0a867bdedb85fd243eadf09663511f96fc81e0720a4a42581f334ad4303aa6b?s=96&d=mm&r=g","caption":"Reda\u00e7\u00e3o"}}]}},"amp_enabled":true,"_links":{"self":[{"href":"https:\/\/www.notibras.com\/site\/wp-json\/wp\/v2\/posts\/323273","targetHints":{"allow":["GET"]}}],"collection":[{"href":"https:\/\/www.notibras.com\/site\/wp-json\/wp\/v2\/posts"}],"about":[{"href":"https:\/\/www.notibras.com\/site\/wp-json\/wp\/v2\/types\/post"}],"author":[{"embeddable":true,"href":"https:\/\/www.notibras.com\/site\/wp-json\/wp\/v2\/users\/2"}],"replies":[{"embeddable":true,"href":"https:\/\/www.notibras.com\/site\/wp-json\/wp\/v2\/comments?post=323273"}],"version-history":[{"count":1,"href":"https:\/\/www.notibras.com\/site\/wp-json\/wp\/v2\/posts\/323273\/revisions"}],"predecessor-version":[{"id":323275,"href":"https:\/\/www.notibras.com\/site\/wp-json\/wp\/v2\/posts\/323273\/revisions\/323275"}],"wp:featuredmedia":[{"embeddable":true,"href":"https:\/\/www.notibras.com\/site\/wp-json\/wp\/v2\/media\/323274"}],"wp:attachment":[{"href":"https:\/\/www.notibras.com\/site\/wp-json\/wp\/v2\/media?parent=323273"}],"wp:term":[{"taxonomy":"category","embeddable":true,"href":"https:\/\/www.notibras.com\/site\/wp-json\/wp\/v2\/categories?post=323273"},{"taxonomy":"post_tag","embeddable":true,"href":"https:\/\/www.notibras.com\/site\/wp-json\/wp\/v2\/tags?post=323273"}],"curies":[{"name":"wp","href":"https:\/\/api.w.org\/{rel}","templated":true}]}}