{"id":323279,"date":"2024-02-27T00:00:59","date_gmt":"2024-02-27T03:00:59","guid":{"rendered":"https:\/\/www.notibras.com\/site\/?p=323279"},"modified":"2024-02-27T07:50:56","modified_gmt":"2024-02-27T10:50:56","slug":"slu-comeca-a-recuperar-area-usada-como-lixao","status":"publish","type":"post","link":"https:\/\/www.notibras.com\/site\/slu-comeca-a-recuperar-area-usada-como-lixao\/","title":{"rendered":"SLU come\u00e7a a recuperar \u00e1rea usada como lix\u00e3o"},"content":{"rendered":"<p>O Servi\u00e7o de Limpeza Urbana (SLU) come\u00e7ou a recupera\u00e7\u00e3o de uma \u00e1rea de aproximadamente 10 mil m\u00b2 no bairro Crix\u00e1s, em S\u00e3o Sebasti\u00e3o, que era utilizada como lix\u00e3o pela comunidade. A iniciativa faz parte do projeto De Cara Nova, que visa eliminar os principais pontos de descarte irregular de lixo no Distrito Federal e transform\u00e1-los em \u00e1reas verdes.<\/p>\n<p>Ao longo desta semana, a \u00e1rea ser\u00e1 completamente limpa, com a remo\u00e7\u00e3o de entulhos, m\u00f3veis velhos, pneus, eletrodom\u00e9sticos e outros materiais. O local ser\u00e1 cercado e ter\u00e1 placas de sinaliza\u00e7\u00e3o proibindo o dep\u00f3sito de lixo. Al\u00e9m disso, ser\u00e3o plantadas mudas de \u00e1rvores e plantas nativas e a regi\u00e3o ter\u00e1 pintura de meios-fios.<\/p>\n<p>A recupera\u00e7\u00e3o da \u00e1rea \u00e9 uma das a\u00e7\u00f5es do Dia D contra a dengue, que ocorrer\u00e1 em S\u00e3o Sebasti\u00e3o no pr\u00f3ximo dia 2 de mar\u00e7o. O objetivo \u00e9 eliminar os focos do mosquito Aedes aegypti, transmissor da doen\u00e7a, que se reproduz em locais com \u00e1gua parada e lixo acumulado. De acordo com a Secretaria de Sa\u00fade (SES-DF), S\u00e3o Sebasti\u00e3o \u00e9 uma das nove regi\u00f5es administrativas com mais casos da doen\u00e7a em 2024.<\/p>\n<p>Segundo a chefe da Unidade de Medi\u00e7\u00e3o e Monitoramento do SLU, Andr\u00e9a Almeida, a limpeza dessas regi\u00f5es \u00e9 constante. \u201cEssa a\u00e7\u00e3o de retirada de lixo irregular acontece diariamente, em todas as regi\u00f5es do Distrito Federal. No ano passado, retiramos mais de 750 mil toneladas de lixo das ruas, uma m\u00e9dia de mais de 2 mil toneladas por dia. Portanto, n\u00e3o h\u00e1 falta de limpeza. O SLU limpa, mas a popula\u00e7\u00e3o persiste no descarte irregular de res\u00edduos\u201d, diz.<\/p>\n<p>De acordo com o diretor-presidente do SLU, Silvio Vieira, o projeto De Cara Nova tem como prop\u00f3sito n\u00e3o somente limpar, mas tamb\u00e9m educar e mobilizar a popula\u00e7\u00e3o para que n\u00e3o volte a jogar lixo nas \u00e1reas p\u00fablicas. \u201cQueremos que as pessoas se apropriem desses espa\u00e7os, que cuidem, que fiscalizem, que denunciem. O lixo tem que ser colocado no lugar certo, que s\u00e3o os papa-entulhos, papa-lixos ou os caminh\u00f5es de coleta nos dias e hor\u00e1rios corretos. O lixo jogado na rua polui o meio ambiente e traz doen\u00e7as para a popula\u00e7\u00e3o\u201d, alerta.<\/p>\n<p><strong>O Projeto<\/strong><br \/>\nDe Cara Nova j\u00e1 recuperou \u00e1reas em 11 regi\u00f5es administrativas, recolhendo mais de 8,3 mil toneladas de res\u00edduos. A meta para 2024 \u00e9 atuar em 64 pontos considerados cr\u00edticos pela Secretaria de Sa\u00fade. Os locais s\u00e3o escolhidos com base na dimens\u00e3o e no risco apresentado para a sa\u00fade da popula\u00e7\u00e3o.<\/p>\n<p>Qualquer cidad\u00e3o pode denunciar um lix\u00e3o a c\u00e9u aberto em sua comunidade. Para isso, basta contatar a Ouvidoria-Geral do Distrito Federal pelo site ou telefone 162. \u00c9 necess\u00e1rio incluir endere\u00e7o completo e, se poss\u00edvel, fotos do local.<\/p>\n","protected":false},"excerpt":{"rendered":"<p>O Servi\u00e7o de Limpeza Urbana (SLU) come\u00e7ou a recupera\u00e7\u00e3o de uma \u00e1rea de aproximadamente 10 mil m\u00b2 no bairro Crix\u00e1s, em S\u00e3o Sebasti\u00e3o, que era utilizada como lix\u00e3o pela comunidade. A iniciativa faz parte do projeto De Cara Nova, que visa eliminar os principais pontos de descarte irregular de lixo no Distrito Federal e transform\u00e1-los [&hellip;]<\/p>\n","protected":false},"author":2,"featured_media":323280,"comment_status":"closed","ping_status":"closed","sticky":false,"template":"","format":"standard","meta":{"_acf_changed":false,"footnotes":""},"categories":[161],"tags":[],"class_list":["post-323279","post","type-post","status-publish","format-standard","has-post-thumbnail","hentry","category-quadradinho-em-foco"],"acf":[],"yoast_head":"<!-- This site is optimized with the Yoast SEO plugin v27.2 - https:\/\/yoast.com\/product\/yoast-seo-wordpress\/ -->\n<title>SLU come\u00e7a a recuperar \u00e1rea usada como lix\u00e3o - Notibras<\/title>\n<meta name=\"robots\" content=\"index, follow, max-snippet:-1, max-image-preview:large, max-video-preview:-1\" \/>\n<link rel=\"canonical\" href=\"https:\/\/www.notibras.com\/site\/slu-comeca-a-recuperar-area-usada-como-lixao\/\" \/>\n<meta property=\"og:locale\" content=\"pt_BR\" \/>\n<meta property=\"og:type\" content=\"article\" \/>\n<meta property=\"og:title\" content=\"SLU come\u00e7a a recuperar \u00e1rea usada como lix\u00e3o - Notibras\" \/>\n<meta property=\"og:description\" content=\"O Servi\u00e7o de Limpeza Urbana (SLU) come\u00e7ou a recupera\u00e7\u00e3o de uma \u00e1rea de aproximadamente 10 mil m\u00b2 no bairro Crix\u00e1s, em S\u00e3o Sebasti\u00e3o, que era utilizada como lix\u00e3o pela comunidade. A iniciativa faz parte do projeto De Cara Nova, que visa eliminar os principais pontos de descarte irregular de lixo no Distrito Federal e transform\u00e1-los [&hellip;]\" \/>\n<meta property=\"og:url\" content=\"https:\/\/www.notibras.com\/site\/slu-comeca-a-recuperar-area-usada-como-lixao\/\" \/>\n<meta property=\"og:site_name\" content=\"Notibras\" \/>\n<meta property=\"article:publisher\" content=\"https:\/\/www.facebook.com\/notibras\/\" \/>\n<meta property=\"article:published_time\" content=\"2024-02-27T03:00:59+00:00\" \/>\n<meta property=\"article:modified_time\" content=\"2024-02-27T10:50:56+00:00\" \/>\n<meta property=\"og:image\" content=\"https:\/\/www.notibras.com\/site\/wp-content\/uploads\/2024\/02\/2024-02-26-SAO-SEBASTIAO-3-1536x1024-1.jpg\" \/>\n\t<meta property=\"og:image:width\" content=\"1536\" \/>\n\t<meta property=\"og:image:height\" content=\"1024\" \/>\n\t<meta property=\"og:image:type\" content=\"image\/jpeg\" \/>\n<meta name=\"author\" content=\"Reda\u00e7\u00e3o\" \/>\n<meta name=\"twitter:card\" content=\"summary_large_image\" \/>\n<meta name=\"twitter:creator\" content=\"@Notibras\" \/>\n<meta name=\"twitter:site\" content=\"@Notibras\" \/>\n<meta name=\"twitter:label1\" content=\"Escrito por\" \/>\n\t<meta name=\"twitter:data1\" content=\"Reda\u00e7\u00e3o\" \/>\n\t<meta name=\"twitter:label2\" content=\"Est. tempo de leitura\" \/>\n\t<meta name=\"twitter:data2\" content=\"3 minutos\" \/>\n<script type=\"application\/ld+json\" class=\"yoast-schema-graph\">{\"@context\":\"https:\/\/schema.org\",\"@graph\":[{\"@type\":\"Article\",\"@id\":\"https:\/\/www.notibras.com\/site\/slu-comeca-a-recuperar-area-usada-como-lixao\/#article\",\"isPartOf\":{\"@id\":\"https:\/\/www.notibras.com\/site\/slu-comeca-a-recuperar-area-usada-como-lixao\/\"},\"author\":{\"name\":\"Reda\u00e7\u00e3o\",\"@id\":\"https:\/\/www.notibras.com\/site\/#\/schema\/person\/36ab0979449956132d3e5b517ea76ac8\"},\"headline\":\"SLU come\u00e7a a recuperar \u00e1rea usada como lix\u00e3o\",\"datePublished\":\"2024-02-27T03:00:59+00:00\",\"dateModified\":\"2024-02-27T10:50:56+00:00\",\"mainEntityOfPage\":{\"@id\":\"https:\/\/www.notibras.com\/site\/slu-comeca-a-recuperar-area-usada-como-lixao\/\"},\"wordCount\":496,\"publisher\":{\"@id\":\"https:\/\/www.notibras.com\/site\/#organization\"},\"image\":{\"@id\":\"https:\/\/www.notibras.com\/site\/slu-comeca-a-recuperar-area-usada-como-lixao\/#primaryimage\"},\"thumbnailUrl\":\"https:\/\/www.notibras.com\/site\/wp-content\/uploads\/2024\/02\/2024-02-26-SAO-SEBASTIAO-3-1536x1024-1.jpg\",\"articleSection\":[\"Quadradinho em Foco\"],\"inLanguage\":\"pt-BR\"},{\"@type\":\"WebPage\",\"@id\":\"https:\/\/www.notibras.com\/site\/slu-comeca-a-recuperar-area-usada-como-lixao\/\",\"url\":\"https:\/\/www.notibras.com\/site\/slu-comeca-a-recuperar-area-usada-como-lixao\/\",\"name\":\"SLU come\u00e7a a recuperar \u00e1rea usada como lix\u00e3o - Notibras\",\"isPartOf\":{\"@id\":\"https:\/\/www.notibras.com\/site\/#website\"},\"primaryImageOfPage\":{\"@id\":\"https:\/\/www.notibras.com\/site\/slu-comeca-a-recuperar-area-usada-como-lixao\/#primaryimage\"},\"image\":{\"@id\":\"https:\/\/www.notibras.com\/site\/slu-comeca-a-recuperar-area-usada-como-lixao\/#primaryimage\"},\"thumbnailUrl\":\"https:\/\/www.notibras.com\/site\/wp-content\/uploads\/2024\/02\/2024-02-26-SAO-SEBASTIAO-3-1536x1024-1.jpg\",\"datePublished\":\"2024-02-27T03:00:59+00:00\",\"dateModified\":\"2024-02-27T10:50:56+00:00\",\"breadcrumb\":{\"@id\":\"https:\/\/www.notibras.com\/site\/slu-comeca-a-recuperar-area-usada-como-lixao\/#breadcrumb\"},\"inLanguage\":\"pt-BR\",\"potentialAction\":[{\"@type\":\"ReadAction\",\"target\":[\"https:\/\/www.notibras.com\/site\/slu-comeca-a-recuperar-area-usada-como-lixao\/\"]}]},{\"@type\":\"ImageObject\",\"inLanguage\":\"pt-BR\",\"@id\":\"https:\/\/www.notibras.com\/site\/slu-comeca-a-recuperar-area-usada-como-lixao\/#primaryimage\",\"url\":\"https:\/\/www.notibras.com\/site\/wp-content\/uploads\/2024\/02\/2024-02-26-SAO-SEBASTIAO-3-1536x1024-1.jpg\",\"contentUrl\":\"https:\/\/www.notibras.com\/site\/wp-content\/uploads\/2024\/02\/2024-02-26-SAO-SEBASTIAO-3-1536x1024-1.jpg\",\"width\":1536,\"height\":1024},{\"@type\":\"BreadcrumbList\",\"@id\":\"https:\/\/www.notibras.com\/site\/slu-comeca-a-recuperar-area-usada-como-lixao\/#breadcrumb\",\"itemListElement\":[{\"@type\":\"ListItem\",\"position\":1,\"name\":\"In\u00edcio\",\"item\":\"https:\/\/www.notibras.com\/site\/\"},{\"@type\":\"ListItem\",\"position\":2,\"name\":\"SLU come\u00e7a a recuperar \u00e1rea usada como lix\u00e3o\"}]},{\"@type\":\"WebSite\",\"@id\":\"https:\/\/www.notibras.com\/site\/#website\",\"url\":\"https:\/\/www.notibras.com\/site\/\",\"name\":\"Notibras\",\"description\":\"Not\u00edcias de Bras\u00edlia, do Brasil e do Mundo\",\"publisher\":{\"@id\":\"https:\/\/www.notibras.com\/site\/#organization\"},\"potentialAction\":[{\"@type\":\"SearchAction\",\"target\":{\"@type\":\"EntryPoint\",\"urlTemplate\":\"https:\/\/www.notibras.com\/site\/?s={search_term_string}\"},\"query-input\":{\"@type\":\"PropertyValueSpecification\",\"valueRequired\":true,\"valueName\":\"search_term_string\"}}],\"inLanguage\":\"pt-BR\"},{\"@type\":\"Organization\",\"@id\":\"https:\/\/www.notibras.com\/site\/#organization\",\"name\":\"Grupo Notibras de Comunica\u00e7\u00e3o\",\"url\":\"https:\/\/www.notibras.com\/site\/\",\"logo\":{\"@type\":\"ImageObject\",\"inLanguage\":\"pt-BR\",\"@id\":\"https:\/\/www.notibras.com\/site\/#\/schema\/logo\/image\/\",\"url\":\"https:\/\/www.notibras.com\/site\/wp-content\/uploads\/2023\/01\/notibras23.png\",\"contentUrl\":\"https:\/\/www.notibras.com\/site\/wp-content\/uploads\/2023\/01\/notibras23.png\",\"width\":350,\"height\":87,\"caption\":\"Grupo Notibras de Comunica\u00e7\u00e3o\"},\"image\":{\"@id\":\"https:\/\/www.notibras.com\/site\/#\/schema\/logo\/image\/\"},\"sameAs\":[\"https:\/\/www.facebook.com\/notibras\/\",\"https:\/\/x.com\/Notibras\",\"https:\/\/www.instagram.com\/notibras\/\"]},{\"@type\":\"Person\",\"@id\":\"https:\/\/www.notibras.com\/site\/#\/schema\/person\/36ab0979449956132d3e5b517ea76ac8\",\"name\":\"Reda\u00e7\u00e3o\",\"image\":{\"@type\":\"ImageObject\",\"inLanguage\":\"pt-BR\",\"@id\":\"https:\/\/secure.gravatar.com\/avatar\/e0a867bdedb85fd243eadf09663511f96fc81e0720a4a42581f334ad4303aa6b?s=96&d=mm&r=g\",\"url\":\"https:\/\/secure.gravatar.com\/avatar\/e0a867bdedb85fd243eadf09663511f96fc81e0720a4a42581f334ad4303aa6b?s=96&d=mm&r=g\",\"contentUrl\":\"https:\/\/secure.gravatar.com\/avatar\/e0a867bdedb85fd243eadf09663511f96fc81e0720a4a42581f334ad4303aa6b?s=96&d=mm&r=g\",\"caption\":\"Reda\u00e7\u00e3o\"}}]}<\/script>\n<!-- \/ Yoast SEO plugin. -->","yoast_head_json":{"title":"SLU come\u00e7a a recuperar \u00e1rea usada como lix\u00e3o - Notibras","robots":{"index":"index","follow":"follow","max-snippet":"max-snippet:-1","max-image-preview":"max-image-preview:large","max-video-preview":"max-video-preview:-1"},"canonical":"https:\/\/www.notibras.com\/site\/slu-comeca-a-recuperar-area-usada-como-lixao\/","og_locale":"pt_BR","og_type":"article","og_title":"SLU come\u00e7a a recuperar \u00e1rea usada como lix\u00e3o - Notibras","og_description":"O Servi\u00e7o de Limpeza Urbana (SLU) come\u00e7ou a recupera\u00e7\u00e3o de uma \u00e1rea de aproximadamente 10 mil m\u00b2 no bairro Crix\u00e1s, em S\u00e3o Sebasti\u00e3o, que era utilizada como lix\u00e3o pela comunidade. A iniciativa faz parte do projeto De Cara Nova, que visa eliminar os principais pontos de descarte irregular de lixo no Distrito Federal e transform\u00e1-los [&hellip;]","og_url":"https:\/\/www.notibras.com\/site\/slu-comeca-a-recuperar-area-usada-como-lixao\/","og_site_name":"Notibras","article_publisher":"https:\/\/www.facebook.com\/notibras\/","article_published_time":"2024-02-27T03:00:59+00:00","article_modified_time":"2024-02-27T10:50:56+00:00","og_image":[{"width":1536,"height":1024,"url":"https:\/\/www.notibras.com\/site\/wp-content\/uploads\/2024\/02\/2024-02-26-SAO-SEBASTIAO-3-1536x1024-1.jpg","type":"image\/jpeg"}],"author":"Reda\u00e7\u00e3o","twitter_card":"summary_large_image","twitter_creator":"@Notibras","twitter_site":"@Notibras","twitter_misc":{"Escrito por":"Reda\u00e7\u00e3o","Est. tempo de leitura":"3 minutos"},"schema":{"@context":"https:\/\/schema.org","@graph":[{"@type":"Article","@id":"https:\/\/www.notibras.com\/site\/slu-comeca-a-recuperar-area-usada-como-lixao\/#article","isPartOf":{"@id":"https:\/\/www.notibras.com\/site\/slu-comeca-a-recuperar-area-usada-como-lixao\/"},"author":{"name":"Reda\u00e7\u00e3o","@id":"https:\/\/www.notibras.com\/site\/#\/schema\/person\/36ab0979449956132d3e5b517ea76ac8"},"headline":"SLU come\u00e7a a recuperar \u00e1rea usada como lix\u00e3o","datePublished":"2024-02-27T03:00:59+00:00","dateModified":"2024-02-27T10:50:56+00:00","mainEntityOfPage":{"@id":"https:\/\/www.notibras.com\/site\/slu-comeca-a-recuperar-area-usada-como-lixao\/"},"wordCount":496,"publisher":{"@id":"https:\/\/www.notibras.com\/site\/#organization"},"image":{"@id":"https:\/\/www.notibras.com\/site\/slu-comeca-a-recuperar-area-usada-como-lixao\/#primaryimage"},"thumbnailUrl":"https:\/\/www.notibras.com\/site\/wp-content\/uploads\/2024\/02\/2024-02-26-SAO-SEBASTIAO-3-1536x1024-1.jpg","articleSection":["Quadradinho em Foco"],"inLanguage":"pt-BR"},{"@type":"WebPage","@id":"https:\/\/www.notibras.com\/site\/slu-comeca-a-recuperar-area-usada-como-lixao\/","url":"https:\/\/www.notibras.com\/site\/slu-comeca-a-recuperar-area-usada-como-lixao\/","name":"SLU come\u00e7a a recuperar \u00e1rea usada como lix\u00e3o - Notibras","isPartOf":{"@id":"https:\/\/www.notibras.com\/site\/#website"},"primaryImageOfPage":{"@id":"https:\/\/www.notibras.com\/site\/slu-comeca-a-recuperar-area-usada-como-lixao\/#primaryimage"},"image":{"@id":"https:\/\/www.notibras.com\/site\/slu-comeca-a-recuperar-area-usada-como-lixao\/#primaryimage"},"thumbnailUrl":"https:\/\/www.notibras.com\/site\/wp-content\/uploads\/2024\/02\/2024-02-26-SAO-SEBASTIAO-3-1536x1024-1.jpg","datePublished":"2024-02-27T03:00:59+00:00","dateModified":"2024-02-27T10:50:56+00:00","breadcrumb":{"@id":"https:\/\/www.notibras.com\/site\/slu-comeca-a-recuperar-area-usada-como-lixao\/#breadcrumb"},"inLanguage":"pt-BR","potentialAction":[{"@type":"ReadAction","target":["https:\/\/www.notibras.com\/site\/slu-comeca-a-recuperar-area-usada-como-lixao\/"]}]},{"@type":"ImageObject","inLanguage":"pt-BR","@id":"https:\/\/www.notibras.com\/site\/slu-comeca-a-recuperar-area-usada-como-lixao\/#primaryimage","url":"https:\/\/www.notibras.com\/site\/wp-content\/uploads\/2024\/02\/2024-02-26-SAO-SEBASTIAO-3-1536x1024-1.jpg","contentUrl":"https:\/\/www.notibras.com\/site\/wp-content\/uploads\/2024\/02\/2024-02-26-SAO-SEBASTIAO-3-1536x1024-1.jpg","width":1536,"height":1024},{"@type":"BreadcrumbList","@id":"https:\/\/www.notibras.com\/site\/slu-comeca-a-recuperar-area-usada-como-lixao\/#breadcrumb","itemListElement":[{"@type":"ListItem","position":1,"name":"In\u00edcio","item":"https:\/\/www.notibras.com\/site\/"},{"@type":"ListItem","position":2,"name":"SLU come\u00e7a a recuperar \u00e1rea usada como lix\u00e3o"}]},{"@type":"WebSite","@id":"https:\/\/www.notibras.com\/site\/#website","url":"https:\/\/www.notibras.com\/site\/","name":"Notibras","description":"Not\u00edcias de Bras\u00edlia, do Brasil e do Mundo","publisher":{"@id":"https:\/\/www.notibras.com\/site\/#organization"},"potentialAction":[{"@type":"SearchAction","target":{"@type":"EntryPoint","urlTemplate":"https:\/\/www.notibras.com\/site\/?s={search_term_string}"},"query-input":{"@type":"PropertyValueSpecification","valueRequired":true,"valueName":"search_term_string"}}],"inLanguage":"pt-BR"},{"@type":"Organization","@id":"https:\/\/www.notibras.com\/site\/#organization","name":"Grupo Notibras de Comunica\u00e7\u00e3o","url":"https:\/\/www.notibras.com\/site\/","logo":{"@type":"ImageObject","inLanguage":"pt-BR","@id":"https:\/\/www.notibras.com\/site\/#\/schema\/logo\/image\/","url":"https:\/\/www.notibras.com\/site\/wp-content\/uploads\/2023\/01\/notibras23.png","contentUrl":"https:\/\/www.notibras.com\/site\/wp-content\/uploads\/2023\/01\/notibras23.png","width":350,"height":87,"caption":"Grupo Notibras de Comunica\u00e7\u00e3o"},"image":{"@id":"https:\/\/www.notibras.com\/site\/#\/schema\/logo\/image\/"},"sameAs":["https:\/\/www.facebook.com\/notibras\/","https:\/\/x.com\/Notibras","https:\/\/www.instagram.com\/notibras\/"]},{"@type":"Person","@id":"https:\/\/www.notibras.com\/site\/#\/schema\/person\/36ab0979449956132d3e5b517ea76ac8","name":"Reda\u00e7\u00e3o","image":{"@type":"ImageObject","inLanguage":"pt-BR","@id":"https:\/\/secure.gravatar.com\/avatar\/e0a867bdedb85fd243eadf09663511f96fc81e0720a4a42581f334ad4303aa6b?s=96&d=mm&r=g","url":"https:\/\/secure.gravatar.com\/avatar\/e0a867bdedb85fd243eadf09663511f96fc81e0720a4a42581f334ad4303aa6b?s=96&d=mm&r=g","contentUrl":"https:\/\/secure.gravatar.com\/avatar\/e0a867bdedb85fd243eadf09663511f96fc81e0720a4a42581f334ad4303aa6b?s=96&d=mm&r=g","caption":"Reda\u00e7\u00e3o"}}]}},"amp_enabled":true,"_links":{"self":[{"href":"https:\/\/www.notibras.com\/site\/wp-json\/wp\/v2\/posts\/323279","targetHints":{"allow":["GET"]}}],"collection":[{"href":"https:\/\/www.notibras.com\/site\/wp-json\/wp\/v2\/posts"}],"about":[{"href":"https:\/\/www.notibras.com\/site\/wp-json\/wp\/v2\/types\/post"}],"author":[{"embeddable":true,"href":"https:\/\/www.notibras.com\/site\/wp-json\/wp\/v2\/users\/2"}],"replies":[{"embeddable":true,"href":"https:\/\/www.notibras.com\/site\/wp-json\/wp\/v2\/comments?post=323279"}],"version-history":[{"count":2,"href":"https:\/\/www.notibras.com\/site\/wp-json\/wp\/v2\/posts\/323279\/revisions"}],"predecessor-version":[{"id":323282,"href":"https:\/\/www.notibras.com\/site\/wp-json\/wp\/v2\/posts\/323279\/revisions\/323282"}],"wp:featuredmedia":[{"embeddable":true,"href":"https:\/\/www.notibras.com\/site\/wp-json\/wp\/v2\/media\/323280"}],"wp:attachment":[{"href":"https:\/\/www.notibras.com\/site\/wp-json\/wp\/v2\/media?parent=323279"}],"wp:term":[{"taxonomy":"category","embeddable":true,"href":"https:\/\/www.notibras.com\/site\/wp-json\/wp\/v2\/categories?post=323279"},{"taxonomy":"post_tag","embeddable":true,"href":"https:\/\/www.notibras.com\/site\/wp-json\/wp\/v2\/tags?post=323279"}],"curies":[{"name":"wp","href":"https:\/\/api.w.org\/{rel}","templated":true}]}}