{"id":323283,"date":"2024-02-27T06:49:01","date_gmt":"2024-02-27T09:49:01","guid":{"rendered":"https:\/\/www.notibras.com\/site\/?p=323283"},"modified":"2024-02-27T08:51:12","modified_gmt":"2024-02-27T11:51:12","slug":"livros-didaticos-tem-sobrevida-nas-bibliotecas-publicas","status":"publish","type":"post","link":"https:\/\/www.notibras.com\/site\/livros-didaticos-tem-sobrevida-nas-bibliotecas-publicas\/","title":{"rendered":"Livros did\u00e1ticos t\u00eam sobrevida nas bibliotecas p\u00fablicas"},"content":{"rendered":"<p>No sil\u00eancio da Biblioteca P\u00fablica de Ceil\u00e2ndia Carlos Drummond de Andrade, pertinho da casa de Nilva de Souza, ela acalenta um sonho: aos 51 anos, quer voltar ao mercado de trabalho como servidora p\u00fablica. A dedica\u00e7\u00e3o da dona de casa tem sido di\u00e1ria. S\u00e3o horas e horas de estudo debru\u00e7ada sobre os livros disponibilizados pelo espa\u00e7o, uma das 32 bibliotecas mantidas pelo Governo do Distrito Federal (GDF).<\/p>\n<p>\u201cN\u00e3o tenho condi\u00e7\u00f5es de comprar material did\u00e1tico neste momento. Por isso, \u00e9 de suma import\u00e2ncia para mim encontrar livros de qualidade aqui, todos organizados e atualizados\u201d, observa Nilva. \u201cTodos os exemplares s\u00e3o previamente selecionados pelos professores que nos atendem em Ceil\u00e2ndia, o que me deixa muito segura. Se n\u00e3o fosse a biblioteca p\u00fablica, meu estudo estaria limitado \u00e0 internet\u201d, conta.<\/p>\n<p>A oferta de obras did\u00e1ticas nas bibliotecas p\u00fablicas do Distrito Federal mostra que a vida \u00fatil desse material vai muito al\u00e9m das salas de aula. \u00c9 gra\u00e7as a esses livros que pessoas como Nilva conseguem estudar por conta pr\u00f3pria, mesmo n\u00e3o estando matriculadas em uma escola. A import\u00e2ncia desse material \u00e9 tamanha que 27 de fevereiro foi escolhido como o Dia Nacional do Livro Did\u00e1tico.<\/p>\n<p>\u201cAs obras did\u00e1ticas seguem um cronograma de conte\u00fados que auxilia muito aqueles que j\u00e1 est\u00e3o fora da escola\u201d, explica a chefe da Ger\u00eancia de Pol\u00edticas do Livro, da Leitura e das Bibliotecas da Secretaria de Educa\u00e7\u00e3o (SEEDF), Rejane Matias. \u201cCom esse material, voc\u00ea n\u00e3o precisa necessariamente de um professor te orientando. Seguindo o livro, voc\u00ea consegue chegar ao conhecimento.\u201d<\/p>\n<p><strong>Sele\u00e7\u00e3o<\/strong><br \/>\nOs livros did\u00e1ticos chegam at\u00e9 as bibliotecas por meio de doa\u00e7\u00e3o. Todos passam por uma triagem, onde s\u00e3o separados aqueles que est\u00e3o bem-conservados. As obras que se encontram em boas condi\u00e7\u00f5es de uso s\u00e3o higienizadas e analisadas, para ver se est\u00e3o atualizadas de acordo com a Lei de Diretrizes e Bases da Educa\u00e7\u00e3o Nacional (LDB) e da Base Nacional Comum Curricular (BNCC).<\/p>\n<p>Servidora da Biblioteca P\u00fablica de Ceil\u00e2ndia, a professora V\u00e2nia Pires aponta que os materiais did\u00e1ticos s\u00e3o usados tanto por alunos quanto por professores. Quem leciona recorre a eles como uma forma de complemento na hora de planejar as aulas. \u201cBuscar outros t\u00edtulos, al\u00e9m daqueles que j\u00e1 s\u00e3o trabalhados na escola, agrega conhecimento, permite buscar novos enfoques\u201d, afirma.<\/p>\n<p>J\u00e1 para os estudantes, as obras did\u00e1ticas s\u00e3o fundamentais para resgatar conhecimento e servir como material de consulta. \u201cTemos diversos alunos de supletivo, gente que estuda para o Enem [Exame Nacional do Ensino M\u00e9dio], para concursos p\u00fablicos, para o Vestibular 60+, da Universidade de Bras\u00edlia\u2026 pessoas que dependem, e muito, desses livros para estudar\u201d, garante V\u00e2nia.<\/p>\n<p>O concurseiro Rafael C\u00e9sar de Oliveira, 33 anos, frequenta a Biblioteca P\u00fablica de Ceil\u00e2ndia todos os dias. E engana-se quem pensa que, para ele, o principal atrativo do espa\u00e7o \u00e9 o ambiente silencioso e arejado. \u201cOs livros did\u00e1ticos que encontro aqui s\u00e3o essenciais para mim\u201d, conta. \u201cEles ficam todos organizados, s\u00e3o atualizados. Fica f\u00e1cil encontrar os assuntos de que preciso; assim, perco menos tempo separando o material de estudo. \u00c9 s\u00f3 chegar, pegar e ler\u201d.<\/p>\n","protected":false},"excerpt":{"rendered":"<p>No sil\u00eancio da Biblioteca P\u00fablica de Ceil\u00e2ndia Carlos Drummond de Andrade, pertinho da casa de Nilva de Souza, ela acalenta um sonho: aos 51 anos, quer voltar ao mercado de trabalho como servidora p\u00fablica. A dedica\u00e7\u00e3o da dona de casa tem sido di\u00e1ria. S\u00e3o horas e horas de estudo debru\u00e7ada sobre os livros disponibilizados pelo [&hellip;]<\/p>\n","protected":false},"author":2,"featured_media":323284,"comment_status":"closed","ping_status":"closed","sticky":false,"template":"","format":"standard","meta":{"_acf_changed":false,"footnotes":""},"categories":[161],"tags":[],"class_list":["post-323283","post","type-post","status-publish","format-standard","has-post-thumbnail","hentry","category-quadradinho-em-foco"],"acf":[],"yoast_head":"<!-- This site is optimized with the Yoast SEO plugin v27.2 - https:\/\/yoast.com\/product\/yoast-seo-wordpress\/ -->\n<title>Livros did\u00e1ticos t\u00eam sobrevida nas bibliotecas p\u00fablicas - Notibras<\/title>\n<meta name=\"robots\" content=\"index, follow, max-snippet:-1, max-image-preview:large, max-video-preview:-1\" \/>\n<link rel=\"canonical\" href=\"https:\/\/www.notibras.com\/site\/livros-didaticos-tem-sobrevida-nas-bibliotecas-publicas\/\" \/>\n<meta property=\"og:locale\" content=\"pt_BR\" \/>\n<meta property=\"og:type\" content=\"article\" \/>\n<meta property=\"og:title\" content=\"Livros did\u00e1ticos t\u00eam sobrevida nas bibliotecas p\u00fablicas - Notibras\" \/>\n<meta property=\"og:description\" content=\"No sil\u00eancio da Biblioteca P\u00fablica de Ceil\u00e2ndia Carlos Drummond de Andrade, pertinho da casa de Nilva de Souza, ela acalenta um sonho: aos 51 anos, quer voltar ao mercado de trabalho como servidora p\u00fablica. A dedica\u00e7\u00e3o da dona de casa tem sido di\u00e1ria. S\u00e3o horas e horas de estudo debru\u00e7ada sobre os livros disponibilizados pelo [&hellip;]\" \/>\n<meta property=\"og:url\" content=\"https:\/\/www.notibras.com\/site\/livros-didaticos-tem-sobrevida-nas-bibliotecas-publicas\/\" \/>\n<meta property=\"og:site_name\" content=\"Notibras\" \/>\n<meta property=\"article:publisher\" content=\"https:\/\/www.facebook.com\/notibras\/\" \/>\n<meta property=\"article:published_time\" content=\"2024-02-27T09:49:01+00:00\" \/>\n<meta property=\"article:modified_time\" content=\"2024-02-27T11:51:12+00:00\" \/>\n<meta property=\"og:image\" content=\"https:\/\/www.notibras.com\/site\/wp-content\/uploads\/2024\/02\/Dentro-3_1-4-1536x1066-1.jpg\" \/>\n\t<meta property=\"og:image:width\" content=\"1536\" \/>\n\t<meta property=\"og:image:height\" content=\"1066\" \/>\n\t<meta property=\"og:image:type\" content=\"image\/jpeg\" \/>\n<meta name=\"author\" content=\"Reda\u00e7\u00e3o\" \/>\n<meta name=\"twitter:card\" content=\"summary_large_image\" \/>\n<meta name=\"twitter:creator\" content=\"@Notibras\" \/>\n<meta name=\"twitter:site\" content=\"@Notibras\" \/>\n<meta name=\"twitter:label1\" content=\"Escrito por\" \/>\n\t<meta name=\"twitter:data1\" content=\"Reda\u00e7\u00e3o\" \/>\n\t<meta name=\"twitter:label2\" content=\"Est. tempo de leitura\" \/>\n\t<meta name=\"twitter:data2\" content=\"3 minutos\" \/>\n<script type=\"application\/ld+json\" class=\"yoast-schema-graph\">{\"@context\":\"https:\/\/schema.org\",\"@graph\":[{\"@type\":\"Article\",\"@id\":\"https:\/\/www.notibras.com\/site\/livros-didaticos-tem-sobrevida-nas-bibliotecas-publicas\/#article\",\"isPartOf\":{\"@id\":\"https:\/\/www.notibras.com\/site\/livros-didaticos-tem-sobrevida-nas-bibliotecas-publicas\/\"},\"author\":{\"name\":\"Reda\u00e7\u00e3o\",\"@id\":\"https:\/\/www.notibras.com\/site\/#\/schema\/person\/36ab0979449956132d3e5b517ea76ac8\"},\"headline\":\"Livros did\u00e1ticos t\u00eam sobrevida nas bibliotecas p\u00fablicas\",\"datePublished\":\"2024-02-27T09:49:01+00:00\",\"dateModified\":\"2024-02-27T11:51:12+00:00\",\"mainEntityOfPage\":{\"@id\":\"https:\/\/www.notibras.com\/site\/livros-didaticos-tem-sobrevida-nas-bibliotecas-publicas\/\"},\"wordCount\":564,\"publisher\":{\"@id\":\"https:\/\/www.notibras.com\/site\/#organization\"},\"image\":{\"@id\":\"https:\/\/www.notibras.com\/site\/livros-didaticos-tem-sobrevida-nas-bibliotecas-publicas\/#primaryimage\"},\"thumbnailUrl\":\"https:\/\/www.notibras.com\/site\/wp-content\/uploads\/2024\/02\/Dentro-3_1-4-1536x1066-1.jpg\",\"articleSection\":[\"Quadradinho em Foco\"],\"inLanguage\":\"pt-BR\"},{\"@type\":\"WebPage\",\"@id\":\"https:\/\/www.notibras.com\/site\/livros-didaticos-tem-sobrevida-nas-bibliotecas-publicas\/\",\"url\":\"https:\/\/www.notibras.com\/site\/livros-didaticos-tem-sobrevida-nas-bibliotecas-publicas\/\",\"name\":\"Livros did\u00e1ticos t\u00eam sobrevida nas bibliotecas p\u00fablicas - Notibras\",\"isPartOf\":{\"@id\":\"https:\/\/www.notibras.com\/site\/#website\"},\"primaryImageOfPage\":{\"@id\":\"https:\/\/www.notibras.com\/site\/livros-didaticos-tem-sobrevida-nas-bibliotecas-publicas\/#primaryimage\"},\"image\":{\"@id\":\"https:\/\/www.notibras.com\/site\/livros-didaticos-tem-sobrevida-nas-bibliotecas-publicas\/#primaryimage\"},\"thumbnailUrl\":\"https:\/\/www.notibras.com\/site\/wp-content\/uploads\/2024\/02\/Dentro-3_1-4-1536x1066-1.jpg\",\"datePublished\":\"2024-02-27T09:49:01+00:00\",\"dateModified\":\"2024-02-27T11:51:12+00:00\",\"breadcrumb\":{\"@id\":\"https:\/\/www.notibras.com\/site\/livros-didaticos-tem-sobrevida-nas-bibliotecas-publicas\/#breadcrumb\"},\"inLanguage\":\"pt-BR\",\"potentialAction\":[{\"@type\":\"ReadAction\",\"target\":[\"https:\/\/www.notibras.com\/site\/livros-didaticos-tem-sobrevida-nas-bibliotecas-publicas\/\"]}]},{\"@type\":\"ImageObject\",\"inLanguage\":\"pt-BR\",\"@id\":\"https:\/\/www.notibras.com\/site\/livros-didaticos-tem-sobrevida-nas-bibliotecas-publicas\/#primaryimage\",\"url\":\"https:\/\/www.notibras.com\/site\/wp-content\/uploads\/2024\/02\/Dentro-3_1-4-1536x1066-1.jpg\",\"contentUrl\":\"https:\/\/www.notibras.com\/site\/wp-content\/uploads\/2024\/02\/Dentro-3_1-4-1536x1066-1.jpg\",\"width\":1536,\"height\":1066},{\"@type\":\"BreadcrumbList\",\"@id\":\"https:\/\/www.notibras.com\/site\/livros-didaticos-tem-sobrevida-nas-bibliotecas-publicas\/#breadcrumb\",\"itemListElement\":[{\"@type\":\"ListItem\",\"position\":1,\"name\":\"In\u00edcio\",\"item\":\"https:\/\/www.notibras.com\/site\/\"},{\"@type\":\"ListItem\",\"position\":2,\"name\":\"Livros did\u00e1ticos t\u00eam sobrevida nas bibliotecas p\u00fablicas\"}]},{\"@type\":\"WebSite\",\"@id\":\"https:\/\/www.notibras.com\/site\/#website\",\"url\":\"https:\/\/www.notibras.com\/site\/\",\"name\":\"Notibras\",\"description\":\"Not\u00edcias de Bras\u00edlia, do Brasil e do Mundo\",\"publisher\":{\"@id\":\"https:\/\/www.notibras.com\/site\/#organization\"},\"potentialAction\":[{\"@type\":\"SearchAction\",\"target\":{\"@type\":\"EntryPoint\",\"urlTemplate\":\"https:\/\/www.notibras.com\/site\/?s={search_term_string}\"},\"query-input\":{\"@type\":\"PropertyValueSpecification\",\"valueRequired\":true,\"valueName\":\"search_term_string\"}}],\"inLanguage\":\"pt-BR\"},{\"@type\":\"Organization\",\"@id\":\"https:\/\/www.notibras.com\/site\/#organization\",\"name\":\"Grupo Notibras de Comunica\u00e7\u00e3o\",\"url\":\"https:\/\/www.notibras.com\/site\/\",\"logo\":{\"@type\":\"ImageObject\",\"inLanguage\":\"pt-BR\",\"@id\":\"https:\/\/www.notibras.com\/site\/#\/schema\/logo\/image\/\",\"url\":\"https:\/\/www.notibras.com\/site\/wp-content\/uploads\/2023\/01\/notibras23.png\",\"contentUrl\":\"https:\/\/www.notibras.com\/site\/wp-content\/uploads\/2023\/01\/notibras23.png\",\"width\":350,\"height\":87,\"caption\":\"Grupo Notibras de Comunica\u00e7\u00e3o\"},\"image\":{\"@id\":\"https:\/\/www.notibras.com\/site\/#\/schema\/logo\/image\/\"},\"sameAs\":[\"https:\/\/www.facebook.com\/notibras\/\",\"https:\/\/x.com\/Notibras\",\"https:\/\/www.instagram.com\/notibras\/\"]},{\"@type\":\"Person\",\"@id\":\"https:\/\/www.notibras.com\/site\/#\/schema\/person\/36ab0979449956132d3e5b517ea76ac8\",\"name\":\"Reda\u00e7\u00e3o\",\"image\":{\"@type\":\"ImageObject\",\"inLanguage\":\"pt-BR\",\"@id\":\"https:\/\/secure.gravatar.com\/avatar\/e0a867bdedb85fd243eadf09663511f96fc81e0720a4a42581f334ad4303aa6b?s=96&d=mm&r=g\",\"url\":\"https:\/\/secure.gravatar.com\/avatar\/e0a867bdedb85fd243eadf09663511f96fc81e0720a4a42581f334ad4303aa6b?s=96&d=mm&r=g\",\"contentUrl\":\"https:\/\/secure.gravatar.com\/avatar\/e0a867bdedb85fd243eadf09663511f96fc81e0720a4a42581f334ad4303aa6b?s=96&d=mm&r=g\",\"caption\":\"Reda\u00e7\u00e3o\"}}]}<\/script>\n<!-- \/ Yoast SEO plugin. -->","yoast_head_json":{"title":"Livros did\u00e1ticos t\u00eam sobrevida nas bibliotecas p\u00fablicas - Notibras","robots":{"index":"index","follow":"follow","max-snippet":"max-snippet:-1","max-image-preview":"max-image-preview:large","max-video-preview":"max-video-preview:-1"},"canonical":"https:\/\/www.notibras.com\/site\/livros-didaticos-tem-sobrevida-nas-bibliotecas-publicas\/","og_locale":"pt_BR","og_type":"article","og_title":"Livros did\u00e1ticos t\u00eam sobrevida nas bibliotecas p\u00fablicas - Notibras","og_description":"No sil\u00eancio da Biblioteca P\u00fablica de Ceil\u00e2ndia Carlos Drummond de Andrade, pertinho da casa de Nilva de Souza, ela acalenta um sonho: aos 51 anos, quer voltar ao mercado de trabalho como servidora p\u00fablica. A dedica\u00e7\u00e3o da dona de casa tem sido di\u00e1ria. S\u00e3o horas e horas de estudo debru\u00e7ada sobre os livros disponibilizados pelo [&hellip;]","og_url":"https:\/\/www.notibras.com\/site\/livros-didaticos-tem-sobrevida-nas-bibliotecas-publicas\/","og_site_name":"Notibras","article_publisher":"https:\/\/www.facebook.com\/notibras\/","article_published_time":"2024-02-27T09:49:01+00:00","article_modified_time":"2024-02-27T11:51:12+00:00","og_image":[{"width":1536,"height":1066,"url":"https:\/\/www.notibras.com\/site\/wp-content\/uploads\/2024\/02\/Dentro-3_1-4-1536x1066-1.jpg","type":"image\/jpeg"}],"author":"Reda\u00e7\u00e3o","twitter_card":"summary_large_image","twitter_creator":"@Notibras","twitter_site":"@Notibras","twitter_misc":{"Escrito por":"Reda\u00e7\u00e3o","Est. tempo de leitura":"3 minutos"},"schema":{"@context":"https:\/\/schema.org","@graph":[{"@type":"Article","@id":"https:\/\/www.notibras.com\/site\/livros-didaticos-tem-sobrevida-nas-bibliotecas-publicas\/#article","isPartOf":{"@id":"https:\/\/www.notibras.com\/site\/livros-didaticos-tem-sobrevida-nas-bibliotecas-publicas\/"},"author":{"name":"Reda\u00e7\u00e3o","@id":"https:\/\/www.notibras.com\/site\/#\/schema\/person\/36ab0979449956132d3e5b517ea76ac8"},"headline":"Livros did\u00e1ticos t\u00eam sobrevida nas bibliotecas p\u00fablicas","datePublished":"2024-02-27T09:49:01+00:00","dateModified":"2024-02-27T11:51:12+00:00","mainEntityOfPage":{"@id":"https:\/\/www.notibras.com\/site\/livros-didaticos-tem-sobrevida-nas-bibliotecas-publicas\/"},"wordCount":564,"publisher":{"@id":"https:\/\/www.notibras.com\/site\/#organization"},"image":{"@id":"https:\/\/www.notibras.com\/site\/livros-didaticos-tem-sobrevida-nas-bibliotecas-publicas\/#primaryimage"},"thumbnailUrl":"https:\/\/www.notibras.com\/site\/wp-content\/uploads\/2024\/02\/Dentro-3_1-4-1536x1066-1.jpg","articleSection":["Quadradinho em Foco"],"inLanguage":"pt-BR"},{"@type":"WebPage","@id":"https:\/\/www.notibras.com\/site\/livros-didaticos-tem-sobrevida-nas-bibliotecas-publicas\/","url":"https:\/\/www.notibras.com\/site\/livros-didaticos-tem-sobrevida-nas-bibliotecas-publicas\/","name":"Livros did\u00e1ticos t\u00eam sobrevida nas bibliotecas p\u00fablicas - Notibras","isPartOf":{"@id":"https:\/\/www.notibras.com\/site\/#website"},"primaryImageOfPage":{"@id":"https:\/\/www.notibras.com\/site\/livros-didaticos-tem-sobrevida-nas-bibliotecas-publicas\/#primaryimage"},"image":{"@id":"https:\/\/www.notibras.com\/site\/livros-didaticos-tem-sobrevida-nas-bibliotecas-publicas\/#primaryimage"},"thumbnailUrl":"https:\/\/www.notibras.com\/site\/wp-content\/uploads\/2024\/02\/Dentro-3_1-4-1536x1066-1.jpg","datePublished":"2024-02-27T09:49:01+00:00","dateModified":"2024-02-27T11:51:12+00:00","breadcrumb":{"@id":"https:\/\/www.notibras.com\/site\/livros-didaticos-tem-sobrevida-nas-bibliotecas-publicas\/#breadcrumb"},"inLanguage":"pt-BR","potentialAction":[{"@type":"ReadAction","target":["https:\/\/www.notibras.com\/site\/livros-didaticos-tem-sobrevida-nas-bibliotecas-publicas\/"]}]},{"@type":"ImageObject","inLanguage":"pt-BR","@id":"https:\/\/www.notibras.com\/site\/livros-didaticos-tem-sobrevida-nas-bibliotecas-publicas\/#primaryimage","url":"https:\/\/www.notibras.com\/site\/wp-content\/uploads\/2024\/02\/Dentro-3_1-4-1536x1066-1.jpg","contentUrl":"https:\/\/www.notibras.com\/site\/wp-content\/uploads\/2024\/02\/Dentro-3_1-4-1536x1066-1.jpg","width":1536,"height":1066},{"@type":"BreadcrumbList","@id":"https:\/\/www.notibras.com\/site\/livros-didaticos-tem-sobrevida-nas-bibliotecas-publicas\/#breadcrumb","itemListElement":[{"@type":"ListItem","position":1,"name":"In\u00edcio","item":"https:\/\/www.notibras.com\/site\/"},{"@type":"ListItem","position":2,"name":"Livros did\u00e1ticos t\u00eam sobrevida nas bibliotecas p\u00fablicas"}]},{"@type":"WebSite","@id":"https:\/\/www.notibras.com\/site\/#website","url":"https:\/\/www.notibras.com\/site\/","name":"Notibras","description":"Not\u00edcias de Bras\u00edlia, do Brasil e do Mundo","publisher":{"@id":"https:\/\/www.notibras.com\/site\/#organization"},"potentialAction":[{"@type":"SearchAction","target":{"@type":"EntryPoint","urlTemplate":"https:\/\/www.notibras.com\/site\/?s={search_term_string}"},"query-input":{"@type":"PropertyValueSpecification","valueRequired":true,"valueName":"search_term_string"}}],"inLanguage":"pt-BR"},{"@type":"Organization","@id":"https:\/\/www.notibras.com\/site\/#organization","name":"Grupo Notibras de Comunica\u00e7\u00e3o","url":"https:\/\/www.notibras.com\/site\/","logo":{"@type":"ImageObject","inLanguage":"pt-BR","@id":"https:\/\/www.notibras.com\/site\/#\/schema\/logo\/image\/","url":"https:\/\/www.notibras.com\/site\/wp-content\/uploads\/2023\/01\/notibras23.png","contentUrl":"https:\/\/www.notibras.com\/site\/wp-content\/uploads\/2023\/01\/notibras23.png","width":350,"height":87,"caption":"Grupo Notibras de Comunica\u00e7\u00e3o"},"image":{"@id":"https:\/\/www.notibras.com\/site\/#\/schema\/logo\/image\/"},"sameAs":["https:\/\/www.facebook.com\/notibras\/","https:\/\/x.com\/Notibras","https:\/\/www.instagram.com\/notibras\/"]},{"@type":"Person","@id":"https:\/\/www.notibras.com\/site\/#\/schema\/person\/36ab0979449956132d3e5b517ea76ac8","name":"Reda\u00e7\u00e3o","image":{"@type":"ImageObject","inLanguage":"pt-BR","@id":"https:\/\/secure.gravatar.com\/avatar\/e0a867bdedb85fd243eadf09663511f96fc81e0720a4a42581f334ad4303aa6b?s=96&d=mm&r=g","url":"https:\/\/secure.gravatar.com\/avatar\/e0a867bdedb85fd243eadf09663511f96fc81e0720a4a42581f334ad4303aa6b?s=96&d=mm&r=g","contentUrl":"https:\/\/secure.gravatar.com\/avatar\/e0a867bdedb85fd243eadf09663511f96fc81e0720a4a42581f334ad4303aa6b?s=96&d=mm&r=g","caption":"Reda\u00e7\u00e3o"}}]}},"amp_enabled":true,"_links":{"self":[{"href":"https:\/\/www.notibras.com\/site\/wp-json\/wp\/v2\/posts\/323283","targetHints":{"allow":["GET"]}}],"collection":[{"href":"https:\/\/www.notibras.com\/site\/wp-json\/wp\/v2\/posts"}],"about":[{"href":"https:\/\/www.notibras.com\/site\/wp-json\/wp\/v2\/types\/post"}],"author":[{"embeddable":true,"href":"https:\/\/www.notibras.com\/site\/wp-json\/wp\/v2\/users\/2"}],"replies":[{"embeddable":true,"href":"https:\/\/www.notibras.com\/site\/wp-json\/wp\/v2\/comments?post=323283"}],"version-history":[{"count":1,"href":"https:\/\/www.notibras.com\/site\/wp-json\/wp\/v2\/posts\/323283\/revisions"}],"predecessor-version":[{"id":323285,"href":"https:\/\/www.notibras.com\/site\/wp-json\/wp\/v2\/posts\/323283\/revisions\/323285"}],"wp:featuredmedia":[{"embeddable":true,"href":"https:\/\/www.notibras.com\/site\/wp-json\/wp\/v2\/media\/323284"}],"wp:attachment":[{"href":"https:\/\/www.notibras.com\/site\/wp-json\/wp\/v2\/media?parent=323283"}],"wp:term":[{"taxonomy":"category","embeddable":true,"href":"https:\/\/www.notibras.com\/site\/wp-json\/wp\/v2\/categories?post=323283"},{"taxonomy":"post_tag","embeddable":true,"href":"https:\/\/www.notibras.com\/site\/wp-json\/wp\/v2\/tags?post=323283"}],"curies":[{"name":"wp","href":"https:\/\/api.w.org\/{rel}","templated":true}]}}