{"id":323314,"date":"2024-02-27T13:48:08","date_gmt":"2024-02-27T16:48:08","guid":{"rendered":"https:\/\/www.notibras.com\/site\/?p=323314"},"modified":"2024-02-27T14:50:59","modified_gmt":"2024-02-27T17:50:59","slug":"vamos-pegar-culpados-pelas-sujeiras-da-braskem","status":"publish","type":"post","link":"https:\/\/www.notibras.com\/site\/vamos-pegar-culpados-pelas-sujeiras-da-braskem\/","title":{"rendered":"&#8216;Vamos pegar culpados pelas sujeiras da Braskem&#8217;"},"content":{"rendered":"<p>O relator da Comiss\u00e3o Parlamentar de Inqu\u00e9rito (CPI) da Braskem, senador Rog\u00e9rio Carvalho (PT-SE), apresentou nesta ter\u00e7a-feira (27), o plano de trabalho do colegiado. A CPI do Senado investiga a responsabilidade da petroqu\u00edmica pelos preju\u00edzos causados pelo impacto da atividade de minera\u00e7\u00e3o de sal-gema na capital de Alagoas, Macei\u00f3.<\/p>\n<p>Aos senadores, Carvalho disse que, al\u00e9m da responsabiliza\u00e7\u00e3o, o plano de trabalho inclui avalia\u00e7\u00e3o do passivo ambiental e patrimonial gerado pela Braskem; a legalidade e equidade dos acordos de repara\u00e7\u00e3o j\u00e1 celebrados pela empresa, bem como a omiss\u00e3o, neglig\u00eancia ou dolo eventual tanto da petroqu\u00edmica quanto dos \u00f3rg\u00e3os ambientais federais, estaduais ou municipais relacionados \u00e0 atividade de minera\u00e7\u00e3o.<\/p>\n<p>\u201cAqui nesta CPI vamos investigar os fatos e apurar responsabilidades e omiss\u00f5es. Sim, vamos, mas tamb\u00e9m vamos refletir sobre todo o arcabou\u00e7o jur\u00eddico relativo ao tema e propor normas que evitem a repeti\u00e7\u00e3o desse ciclo. Vamos funcionar como caixa de resson\u00e2ncia nacional e dar visibilidade ao problema para que situa\u00e7\u00f5es semelhantes n\u00e3o levem a novas trag\u00e9dias. Vamos nos antecipar, porque, volto a dizer, n\u00e3o estamos falando de desastres naturais, mas de trag\u00e9dias, calamidades provocadas pela a\u00e7\u00e3o humana, pela gan\u00e2ncia humana, trag\u00e9dias que podem e devem ser evitadas\u201d, disse Carvalho.<\/p>\n<p>A atividade da Braskem causou o afundamento do solo em diversos bairros de Macei\u00f3, em especial, os localizados nas proximidades da Lagoa do Munda\u00fa. Cerca de 60 mil pessoas de diferentes bairros tiveram que desocupar a \u00e1rea de risco e 15 mil im\u00f3veis foram fechados.<\/p>\n<p>A CPI, criada no dia 13 de dezembro, logo ap\u00f3s o rompimento da mina n\u00b018 da Braskem, na Lagoa Munda\u00fa, localizada no bairro do Mutange. O prazo estabelecido de 120 dias foi suspenso durante o recesso parlamentar, e a data para encerramento dos trabalhos revista para 22 de maio, ressalvada a possibilidade de prorroga\u00e7\u00e3o.<\/p>\n<p>Em seu plano de trabalho, o senador pediu informa\u00e7\u00f5es da empresa e de \u00f3rg\u00e3os e institui\u00e7\u00f5es envolvidas no caso, sobre estudos ambientais, laudos e per\u00edcias que tenham rela\u00e7\u00e3o com o caso da explora\u00e7\u00e3o de sal-gema em Macei\u00f3, incluindo os estudos de impacto ambiental e respectivo relat\u00f3rio de impacto ambiental (Rima) apresentados pela empresa.<\/p>\n<p>Carvalho pretende ouvir associa\u00e7\u00f5es de atingidos pela trag\u00e9dia e moradores afetados pela atividade da Braskem, dirigentes da empresa e pesquisadores, al\u00e9m de representantes de \u00f3rg\u00e3os ambientais municipais, estaduais e federais, da Ag\u00eancia Nacional de Minera\u00e7\u00e3o e de \u00f3rg\u00e3os como o Minist\u00e9rio e a Defensoria P\u00fablica, Tribunais de Contas, Justi\u00e7a de Alagoas e do Executivo municipal e estadual.<\/p>\n<p>\u201cS\u00e3o pessoas, empresas, \u00f3rg\u00e3os p\u00fablicos e demais entidades que podem ser ouvidos: universidades e especialistas em gerenciamento de riscos; especialistas em urbanismo; governos estaduais e municipais; \u00f3rg\u00e3os ambientais; tribunais de contas; associa\u00e7\u00f5es de entidades do setor de minera\u00e7\u00e3o; especialistas em gerenciamento de risco, auditorias e per\u00edcias ambientais\u201d, ressaltou.<\/p>\n<p>Nesta ter\u00e7a-feira, os integrantes da CPI aprovaram os requerimentos de solicita\u00e7\u00e3o de informa\u00e7\u00f5es. Nova reuni\u00e3o est\u00e1 prevista para quarta-feira (28) para vota\u00e7\u00e3o dos requerimentos de convite e convoca\u00e7\u00e3o.<\/p>\n","protected":false},"excerpt":{"rendered":"<p>O relator da Comiss\u00e3o Parlamentar de Inqu\u00e9rito (CPI) da Braskem, senador Rog\u00e9rio Carvalho (PT-SE), apresentou nesta ter\u00e7a-feira (27), o plano de trabalho do colegiado. A CPI do Senado investiga a responsabilidade da petroqu\u00edmica pelos preju\u00edzos causados pelo impacto da atividade de minera\u00e7\u00e3o de sal-gema na capital de Alagoas, Macei\u00f3. Aos senadores, Carvalho disse que, al\u00e9m [&hellip;]<\/p>\n","protected":false},"author":2,"featured_media":323315,"comment_status":"closed","ping_status":"closed","sticky":false,"template":"","format":"standard","meta":{"_acf_changed":false,"footnotes":""},"categories":[166,165],"tags":[],"class_list":["post-323314","post","type-post","status-publish","format-standard","has-post-thumbnail","hentry","category-alagoas","category-nordeste"],"acf":[],"yoast_head":"<!-- This site is optimized with the Yoast SEO plugin v27.2 - https:\/\/yoast.com\/product\/yoast-seo-wordpress\/ -->\n<title>&#039;Vamos pegar culpados pelas sujeiras da Braskem&#039; - Notibras<\/title>\n<meta name=\"robots\" content=\"index, follow, max-snippet:-1, max-image-preview:large, max-video-preview:-1\" \/>\n<link rel=\"canonical\" href=\"https:\/\/www.notibras.com\/site\/vamos-pegar-culpados-pelas-sujeiras-da-braskem\/\" \/>\n<meta property=\"og:locale\" content=\"pt_BR\" \/>\n<meta property=\"og:type\" content=\"article\" \/>\n<meta property=\"og:title\" content=\"&#039;Vamos pegar culpados pelas sujeiras da Braskem&#039; - Notibras\" \/>\n<meta property=\"og:description\" content=\"O relator da Comiss\u00e3o Parlamentar de Inqu\u00e9rito (CPI) da Braskem, senador Rog\u00e9rio Carvalho (PT-SE), apresentou nesta ter\u00e7a-feira (27), o plano de trabalho do colegiado. A CPI do Senado investiga a responsabilidade da petroqu\u00edmica pelos preju\u00edzos causados pelo impacto da atividade de minera\u00e7\u00e3o de sal-gema na capital de Alagoas, Macei\u00f3. Aos senadores, Carvalho disse que, al\u00e9m [&hellip;]\" \/>\n<meta property=\"og:url\" content=\"https:\/\/www.notibras.com\/site\/vamos-pegar-culpados-pelas-sujeiras-da-braskem\/\" \/>\n<meta property=\"og:site_name\" content=\"Notibras\" \/>\n<meta property=\"article:publisher\" content=\"https:\/\/www.facebook.com\/notibras\/\" \/>\n<meta property=\"article:published_time\" content=\"2024-02-27T16:48:08+00:00\" \/>\n<meta property=\"article:modified_time\" content=\"2024-02-27T17:50:59+00:00\" \/>\n<meta property=\"og:image\" content=\"https:\/\/www.notibras.com\/site\/wp-content\/uploads\/2024\/02\/cpi.anda_.al_.webp\" \/>\n\t<meta property=\"og:image:width\" content=\"1170\" \/>\n\t<meta property=\"og:image:height\" content=\"700\" \/>\n\t<meta property=\"og:image:type\" content=\"image\/webp\" \/>\n<meta name=\"author\" content=\"Reda\u00e7\u00e3o\" \/>\n<meta name=\"twitter:card\" content=\"summary_large_image\" \/>\n<meta name=\"twitter:creator\" content=\"@Notibras\" \/>\n<meta name=\"twitter:site\" content=\"@Notibras\" \/>\n<meta name=\"twitter:label1\" content=\"Escrito por\" \/>\n\t<meta name=\"twitter:data1\" content=\"Reda\u00e7\u00e3o\" \/>\n\t<meta name=\"twitter:label2\" content=\"Est. tempo de leitura\" \/>\n\t<meta name=\"twitter:data2\" content=\"3 minutos\" \/>\n<script type=\"application\/ld+json\" class=\"yoast-schema-graph\">{\"@context\":\"https:\/\/schema.org\",\"@graph\":[{\"@type\":\"Article\",\"@id\":\"https:\/\/www.notibras.com\/site\/vamos-pegar-culpados-pelas-sujeiras-da-braskem\/#article\",\"isPartOf\":{\"@id\":\"https:\/\/www.notibras.com\/site\/vamos-pegar-culpados-pelas-sujeiras-da-braskem\/\"},\"author\":{\"name\":\"Reda\u00e7\u00e3o\",\"@id\":\"https:\/\/www.notibras.com\/site\/#\/schema\/person\/36ab0979449956132d3e5b517ea76ac8\"},\"headline\":\"&#8216;Vamos pegar culpados pelas sujeiras da Braskem&#8217;\",\"datePublished\":\"2024-02-27T16:48:08+00:00\",\"dateModified\":\"2024-02-27T17:50:59+00:00\",\"mainEntityOfPage\":{\"@id\":\"https:\/\/www.notibras.com\/site\/vamos-pegar-culpados-pelas-sujeiras-da-braskem\/\"},\"wordCount\":543,\"publisher\":{\"@id\":\"https:\/\/www.notibras.com\/site\/#organization\"},\"image\":{\"@id\":\"https:\/\/www.notibras.com\/site\/vamos-pegar-culpados-pelas-sujeiras-da-braskem\/#primaryimage\"},\"thumbnailUrl\":\"https:\/\/www.notibras.com\/site\/wp-content\/uploads\/2024\/02\/cpi.anda_.al_.webp\",\"articleSection\":[\"Alagoas\",\"Nordeste\"],\"inLanguage\":\"pt-BR\"},{\"@type\":\"WebPage\",\"@id\":\"https:\/\/www.notibras.com\/site\/vamos-pegar-culpados-pelas-sujeiras-da-braskem\/\",\"url\":\"https:\/\/www.notibras.com\/site\/vamos-pegar-culpados-pelas-sujeiras-da-braskem\/\",\"name\":\"'Vamos pegar culpados pelas sujeiras da Braskem' - Notibras\",\"isPartOf\":{\"@id\":\"https:\/\/www.notibras.com\/site\/#website\"},\"primaryImageOfPage\":{\"@id\":\"https:\/\/www.notibras.com\/site\/vamos-pegar-culpados-pelas-sujeiras-da-braskem\/#primaryimage\"},\"image\":{\"@id\":\"https:\/\/www.notibras.com\/site\/vamos-pegar-culpados-pelas-sujeiras-da-braskem\/#primaryimage\"},\"thumbnailUrl\":\"https:\/\/www.notibras.com\/site\/wp-content\/uploads\/2024\/02\/cpi.anda_.al_.webp\",\"datePublished\":\"2024-02-27T16:48:08+00:00\",\"dateModified\":\"2024-02-27T17:50:59+00:00\",\"breadcrumb\":{\"@id\":\"https:\/\/www.notibras.com\/site\/vamos-pegar-culpados-pelas-sujeiras-da-braskem\/#breadcrumb\"},\"inLanguage\":\"pt-BR\",\"potentialAction\":[{\"@type\":\"ReadAction\",\"target\":[\"https:\/\/www.notibras.com\/site\/vamos-pegar-culpados-pelas-sujeiras-da-braskem\/\"]}]},{\"@type\":\"ImageObject\",\"inLanguage\":\"pt-BR\",\"@id\":\"https:\/\/www.notibras.com\/site\/vamos-pegar-culpados-pelas-sujeiras-da-braskem\/#primaryimage\",\"url\":\"https:\/\/www.notibras.com\/site\/wp-content\/uploads\/2024\/02\/cpi.anda_.al_.webp\",\"contentUrl\":\"https:\/\/www.notibras.com\/site\/wp-content\/uploads\/2024\/02\/cpi.anda_.al_.webp\",\"width\":1170,\"height\":700},{\"@type\":\"BreadcrumbList\",\"@id\":\"https:\/\/www.notibras.com\/site\/vamos-pegar-culpados-pelas-sujeiras-da-braskem\/#breadcrumb\",\"itemListElement\":[{\"@type\":\"ListItem\",\"position\":1,\"name\":\"In\u00edcio\",\"item\":\"https:\/\/www.notibras.com\/site\/\"},{\"@type\":\"ListItem\",\"position\":2,\"name\":\"&#8216;Vamos pegar culpados pelas sujeiras da Braskem&#8217;\"}]},{\"@type\":\"WebSite\",\"@id\":\"https:\/\/www.notibras.com\/site\/#website\",\"url\":\"https:\/\/www.notibras.com\/site\/\",\"name\":\"Notibras\",\"description\":\"Not\u00edcias de Bras\u00edlia, do Brasil e do Mundo\",\"publisher\":{\"@id\":\"https:\/\/www.notibras.com\/site\/#organization\"},\"potentialAction\":[{\"@type\":\"SearchAction\",\"target\":{\"@type\":\"EntryPoint\",\"urlTemplate\":\"https:\/\/www.notibras.com\/site\/?s={search_term_string}\"},\"query-input\":{\"@type\":\"PropertyValueSpecification\",\"valueRequired\":true,\"valueName\":\"search_term_string\"}}],\"inLanguage\":\"pt-BR\"},{\"@type\":\"Organization\",\"@id\":\"https:\/\/www.notibras.com\/site\/#organization\",\"name\":\"Grupo Notibras de Comunica\u00e7\u00e3o\",\"url\":\"https:\/\/www.notibras.com\/site\/\",\"logo\":{\"@type\":\"ImageObject\",\"inLanguage\":\"pt-BR\",\"@id\":\"https:\/\/www.notibras.com\/site\/#\/schema\/logo\/image\/\",\"url\":\"https:\/\/www.notibras.com\/site\/wp-content\/uploads\/2023\/01\/notibras23.png\",\"contentUrl\":\"https:\/\/www.notibras.com\/site\/wp-content\/uploads\/2023\/01\/notibras23.png\",\"width\":350,\"height\":87,\"caption\":\"Grupo Notibras de Comunica\u00e7\u00e3o\"},\"image\":{\"@id\":\"https:\/\/www.notibras.com\/site\/#\/schema\/logo\/image\/\"},\"sameAs\":[\"https:\/\/www.facebook.com\/notibras\/\",\"https:\/\/x.com\/Notibras\",\"https:\/\/www.instagram.com\/notibras\/\"]},{\"@type\":\"Person\",\"@id\":\"https:\/\/www.notibras.com\/site\/#\/schema\/person\/36ab0979449956132d3e5b517ea76ac8\",\"name\":\"Reda\u00e7\u00e3o\",\"image\":{\"@type\":\"ImageObject\",\"inLanguage\":\"pt-BR\",\"@id\":\"https:\/\/secure.gravatar.com\/avatar\/e0a867bdedb85fd243eadf09663511f96fc81e0720a4a42581f334ad4303aa6b?s=96&d=mm&r=g\",\"url\":\"https:\/\/secure.gravatar.com\/avatar\/e0a867bdedb85fd243eadf09663511f96fc81e0720a4a42581f334ad4303aa6b?s=96&d=mm&r=g\",\"contentUrl\":\"https:\/\/secure.gravatar.com\/avatar\/e0a867bdedb85fd243eadf09663511f96fc81e0720a4a42581f334ad4303aa6b?s=96&d=mm&r=g\",\"caption\":\"Reda\u00e7\u00e3o\"}}]}<\/script>\n<!-- \/ Yoast SEO plugin. -->","yoast_head_json":{"title":"'Vamos pegar culpados pelas sujeiras da Braskem' - Notibras","robots":{"index":"index","follow":"follow","max-snippet":"max-snippet:-1","max-image-preview":"max-image-preview:large","max-video-preview":"max-video-preview:-1"},"canonical":"https:\/\/www.notibras.com\/site\/vamos-pegar-culpados-pelas-sujeiras-da-braskem\/","og_locale":"pt_BR","og_type":"article","og_title":"'Vamos pegar culpados pelas sujeiras da Braskem' - Notibras","og_description":"O relator da Comiss\u00e3o Parlamentar de Inqu\u00e9rito (CPI) da Braskem, senador Rog\u00e9rio Carvalho (PT-SE), apresentou nesta ter\u00e7a-feira (27), o plano de trabalho do colegiado. A CPI do Senado investiga a responsabilidade da petroqu\u00edmica pelos preju\u00edzos causados pelo impacto da atividade de minera\u00e7\u00e3o de sal-gema na capital de Alagoas, Macei\u00f3. Aos senadores, Carvalho disse que, al\u00e9m [&hellip;]","og_url":"https:\/\/www.notibras.com\/site\/vamos-pegar-culpados-pelas-sujeiras-da-braskem\/","og_site_name":"Notibras","article_publisher":"https:\/\/www.facebook.com\/notibras\/","article_published_time":"2024-02-27T16:48:08+00:00","article_modified_time":"2024-02-27T17:50:59+00:00","og_image":[{"width":1170,"height":700,"url":"https:\/\/www.notibras.com\/site\/wp-content\/uploads\/2024\/02\/cpi.anda_.al_.webp","type":"image\/webp"}],"author":"Reda\u00e7\u00e3o","twitter_card":"summary_large_image","twitter_creator":"@Notibras","twitter_site":"@Notibras","twitter_misc":{"Escrito por":"Reda\u00e7\u00e3o","Est. tempo de leitura":"3 minutos"},"schema":{"@context":"https:\/\/schema.org","@graph":[{"@type":"Article","@id":"https:\/\/www.notibras.com\/site\/vamos-pegar-culpados-pelas-sujeiras-da-braskem\/#article","isPartOf":{"@id":"https:\/\/www.notibras.com\/site\/vamos-pegar-culpados-pelas-sujeiras-da-braskem\/"},"author":{"name":"Reda\u00e7\u00e3o","@id":"https:\/\/www.notibras.com\/site\/#\/schema\/person\/36ab0979449956132d3e5b517ea76ac8"},"headline":"&#8216;Vamos pegar culpados pelas sujeiras da Braskem&#8217;","datePublished":"2024-02-27T16:48:08+00:00","dateModified":"2024-02-27T17:50:59+00:00","mainEntityOfPage":{"@id":"https:\/\/www.notibras.com\/site\/vamos-pegar-culpados-pelas-sujeiras-da-braskem\/"},"wordCount":543,"publisher":{"@id":"https:\/\/www.notibras.com\/site\/#organization"},"image":{"@id":"https:\/\/www.notibras.com\/site\/vamos-pegar-culpados-pelas-sujeiras-da-braskem\/#primaryimage"},"thumbnailUrl":"https:\/\/www.notibras.com\/site\/wp-content\/uploads\/2024\/02\/cpi.anda_.al_.webp","articleSection":["Alagoas","Nordeste"],"inLanguage":"pt-BR"},{"@type":"WebPage","@id":"https:\/\/www.notibras.com\/site\/vamos-pegar-culpados-pelas-sujeiras-da-braskem\/","url":"https:\/\/www.notibras.com\/site\/vamos-pegar-culpados-pelas-sujeiras-da-braskem\/","name":"'Vamos pegar culpados pelas sujeiras da Braskem' - Notibras","isPartOf":{"@id":"https:\/\/www.notibras.com\/site\/#website"},"primaryImageOfPage":{"@id":"https:\/\/www.notibras.com\/site\/vamos-pegar-culpados-pelas-sujeiras-da-braskem\/#primaryimage"},"image":{"@id":"https:\/\/www.notibras.com\/site\/vamos-pegar-culpados-pelas-sujeiras-da-braskem\/#primaryimage"},"thumbnailUrl":"https:\/\/www.notibras.com\/site\/wp-content\/uploads\/2024\/02\/cpi.anda_.al_.webp","datePublished":"2024-02-27T16:48:08+00:00","dateModified":"2024-02-27T17:50:59+00:00","breadcrumb":{"@id":"https:\/\/www.notibras.com\/site\/vamos-pegar-culpados-pelas-sujeiras-da-braskem\/#breadcrumb"},"inLanguage":"pt-BR","potentialAction":[{"@type":"ReadAction","target":["https:\/\/www.notibras.com\/site\/vamos-pegar-culpados-pelas-sujeiras-da-braskem\/"]}]},{"@type":"ImageObject","inLanguage":"pt-BR","@id":"https:\/\/www.notibras.com\/site\/vamos-pegar-culpados-pelas-sujeiras-da-braskem\/#primaryimage","url":"https:\/\/www.notibras.com\/site\/wp-content\/uploads\/2024\/02\/cpi.anda_.al_.webp","contentUrl":"https:\/\/www.notibras.com\/site\/wp-content\/uploads\/2024\/02\/cpi.anda_.al_.webp","width":1170,"height":700},{"@type":"BreadcrumbList","@id":"https:\/\/www.notibras.com\/site\/vamos-pegar-culpados-pelas-sujeiras-da-braskem\/#breadcrumb","itemListElement":[{"@type":"ListItem","position":1,"name":"In\u00edcio","item":"https:\/\/www.notibras.com\/site\/"},{"@type":"ListItem","position":2,"name":"&#8216;Vamos pegar culpados pelas sujeiras da Braskem&#8217;"}]},{"@type":"WebSite","@id":"https:\/\/www.notibras.com\/site\/#website","url":"https:\/\/www.notibras.com\/site\/","name":"Notibras","description":"Not\u00edcias de Bras\u00edlia, do Brasil e do Mundo","publisher":{"@id":"https:\/\/www.notibras.com\/site\/#organization"},"potentialAction":[{"@type":"SearchAction","target":{"@type":"EntryPoint","urlTemplate":"https:\/\/www.notibras.com\/site\/?s={search_term_string}"},"query-input":{"@type":"PropertyValueSpecification","valueRequired":true,"valueName":"search_term_string"}}],"inLanguage":"pt-BR"},{"@type":"Organization","@id":"https:\/\/www.notibras.com\/site\/#organization","name":"Grupo Notibras de Comunica\u00e7\u00e3o","url":"https:\/\/www.notibras.com\/site\/","logo":{"@type":"ImageObject","inLanguage":"pt-BR","@id":"https:\/\/www.notibras.com\/site\/#\/schema\/logo\/image\/","url":"https:\/\/www.notibras.com\/site\/wp-content\/uploads\/2023\/01\/notibras23.png","contentUrl":"https:\/\/www.notibras.com\/site\/wp-content\/uploads\/2023\/01\/notibras23.png","width":350,"height":87,"caption":"Grupo Notibras de Comunica\u00e7\u00e3o"},"image":{"@id":"https:\/\/www.notibras.com\/site\/#\/schema\/logo\/image\/"},"sameAs":["https:\/\/www.facebook.com\/notibras\/","https:\/\/x.com\/Notibras","https:\/\/www.instagram.com\/notibras\/"]},{"@type":"Person","@id":"https:\/\/www.notibras.com\/site\/#\/schema\/person\/36ab0979449956132d3e5b517ea76ac8","name":"Reda\u00e7\u00e3o","image":{"@type":"ImageObject","inLanguage":"pt-BR","@id":"https:\/\/secure.gravatar.com\/avatar\/e0a867bdedb85fd243eadf09663511f96fc81e0720a4a42581f334ad4303aa6b?s=96&d=mm&r=g","url":"https:\/\/secure.gravatar.com\/avatar\/e0a867bdedb85fd243eadf09663511f96fc81e0720a4a42581f334ad4303aa6b?s=96&d=mm&r=g","contentUrl":"https:\/\/secure.gravatar.com\/avatar\/e0a867bdedb85fd243eadf09663511f96fc81e0720a4a42581f334ad4303aa6b?s=96&d=mm&r=g","caption":"Reda\u00e7\u00e3o"}}]}},"amp_enabled":true,"_links":{"self":[{"href":"https:\/\/www.notibras.com\/site\/wp-json\/wp\/v2\/posts\/323314","targetHints":{"allow":["GET"]}}],"collection":[{"href":"https:\/\/www.notibras.com\/site\/wp-json\/wp\/v2\/posts"}],"about":[{"href":"https:\/\/www.notibras.com\/site\/wp-json\/wp\/v2\/types\/post"}],"author":[{"embeddable":true,"href":"https:\/\/www.notibras.com\/site\/wp-json\/wp\/v2\/users\/2"}],"replies":[{"embeddable":true,"href":"https:\/\/www.notibras.com\/site\/wp-json\/wp\/v2\/comments?post=323314"}],"version-history":[{"count":1,"href":"https:\/\/www.notibras.com\/site\/wp-json\/wp\/v2\/posts\/323314\/revisions"}],"predecessor-version":[{"id":323316,"href":"https:\/\/www.notibras.com\/site\/wp-json\/wp\/v2\/posts\/323314\/revisions\/323316"}],"wp:featuredmedia":[{"embeddable":true,"href":"https:\/\/www.notibras.com\/site\/wp-json\/wp\/v2\/media\/323315"}],"wp:attachment":[{"href":"https:\/\/www.notibras.com\/site\/wp-json\/wp\/v2\/media?parent=323314"}],"wp:term":[{"taxonomy":"category","embeddable":true,"href":"https:\/\/www.notibras.com\/site\/wp-json\/wp\/v2\/categories?post=323314"},{"taxonomy":"post_tag","embeddable":true,"href":"https:\/\/www.notibras.com\/site\/wp-json\/wp\/v2\/tags?post=323314"}],"curies":[{"name":"wp","href":"https:\/\/api.w.org\/{rel}","templated":true}]}}