{"id":323367,"date":"2024-02-28T00:00:50","date_gmt":"2024-02-28T03:00:50","guid":{"rendered":"https:\/\/www.notibras.com\/site\/?p=323367"},"modified":"2024-02-28T10:57:52","modified_gmt":"2024-02-28T13:57:52","slug":"buriti-leva-a-esplanada-modelo-de-acoes-contra-dengue","status":"publish","type":"post","link":"https:\/\/www.notibras.com\/site\/buriti-leva-a-esplanada-modelo-de-acoes-contra-dengue\/","title":{"rendered":"Buriti leva \u00e0 Esplanada modelo de a\u00e7\u00f5es contra dengue"},"content":{"rendered":"<p>Durante entrevista coletiva promovida pelo Minist\u00e9rio da Sa\u00fade para apresentar o cen\u00e1rio epidemiol\u00f3gico da dengue no pa\u00eds, a secret\u00e1ria de Sa\u00fade do DF, Lucilene Flor\u00eancio, citou o trabalho desenvolvido pela pasta, como o Dia D de combate \u00e0 doen\u00e7a \u2013 realizado todos os fins de semana no DF -, al\u00e9m do aumento da testagem e do acesso \u00e0s unidades b\u00e1sicas de sa\u00fade (UBSs).<\/p>\n<p>\u201cHoje, por exemplo, o DF conta com mais de 100 mil casos prov\u00e1veis da doen\u00e7a, e estamos lutando para combater o mosquito\u201d, afirmou a gestora, que representou o Conselho Nacional de Secret\u00e1rios de Sa\u00fade (Conass) no encontro. \u201cO combate \u00e0 dengue \u00e9 um trabalho intersetorial. Quando falo da doen\u00e7a, falo de h\u00e1bitos de vida, da educa\u00e7\u00e3o, de todos os cuidados e da preven\u00e7\u00e3o.\u201d<\/p>\n<p><strong>Cuidados essenciais<\/strong><br \/>\nA ministra da Sa\u00fade, N\u00edsia Trindade, refor\u00e7ou que s\u00e3o essenciais para o tratamento da doen\u00e7a cuidados como hidrata\u00e7\u00e3o, preven\u00e7\u00e3o e manejo adequado, especialmente para evitar o agravamento. Ela lembrou que o comportamento at\u00edpico do v\u00edrus se deve a diversos fatores, como as altera\u00e7\u00f5es clim\u00e1ticas e a mudan\u00e7a nos sorotipos circulantes da dengue.<\/p>\n<p>\u201cTemos muitos casos em cidades m\u00e9dias e pequenas, em locais onde antes n\u00e3o havia a doen\u00e7a\u201d, alertou. \u201cIsso causa uma interioriza\u00e7\u00e3o e uma dispers\u00e3o, o que levanta esfor\u00e7os. H\u00e1 ainda uma grande incid\u00eancia de casos do tipo 2 do v\u00edrus; cerca de 40% das ocorr\u00eancias s\u00e3o deste sorotipo. \u00c9 um fator in\u00e9dito.\u201d<\/p>\n<p>O presidente do Conselho Nacional de Secret\u00e1rios Municipais de Sa\u00fade (Conasems), Hisham Mohamad, ressaltou o papel dos profissionais de Sa\u00fade: \u201c\u00c9 uma luta que s\u00f3 vamos conseguir combater se trabalharmos juntos. Por isso, \u00e9 de muita import\u00e2ncia a a\u00e7\u00e3o dos agentes comunit\u00e1rios e de combate \u00e0s endemias\u201d.<\/p>\n<p>Como forma de refor\u00e7ar as a\u00e7\u00f5es de preven\u00e7\u00e3o, o Minist\u00e9rio da Sa\u00fade anunciou a realiza\u00e7\u00e3o nacional do Dia D de combate \u00e0 doen\u00e7a, que ser\u00e1 realizado no s\u00e1bado (2\/3), com o tema 10 minutos contra a dengue. No DF, o Dia D ocorrer\u00e1 na Regi\u00e3o Administrativa do Sol Nascente.<\/p>\n<p><strong>Curva epidemiol\u00f3gica<\/strong><br \/>\nNo cen\u00e1rio nacional, o MS demonstrou que a curva epidemiol\u00f3gica da dengue foi \u201cantecipada\u201d: enquanto em 2023 o pico ocorreu no final de mar\u00e7o, neste ano, os casos j\u00e1 est\u00e3o aumentando desde o final de janeiro. As ocorr\u00eancias t\u00eam se mostrado maiores entre jovens de 20 a 29 anos, ao passo que os casos graves se concentram na faixa et\u00e1ria acima de 70 anos.<\/p>\n<p>Apesar disso, representantes do MS informaram que a letalidade da doen\u00e7a est\u00e1 menor que a de 2023, em compara\u00e7\u00e3o aos casos graves e \u00f3bitos registrados nas primeiras oito semanas deste ano. A taxa no ano passado ficou em 4,87, \u00edndice que, no mesmo per\u00edodo deste ano, est\u00e1 em 2,51.<\/p>\n<p><strong>Dados no DF<\/strong><br \/>\nO \u00faltimo boletim epidemiol\u00f3gico divulgado pela Secretaria de Sa\u00fade (SES-DF) registrou 100.558 casos prov\u00e1veis da doen\u00e7a desde o in\u00edcio deste ano. Na \u00faltima semana, foram mais 19.150 casos. O documento tamb\u00e9m traz a confirma\u00e7\u00e3o de 55 \u00f3bitos desde o in\u00edcio do ano, al\u00e9m de outros 82 em confirma\u00e7\u00e3o.<\/p>\n<p>Em n\u00fameros absolutos, Ceil\u00e2ndia registrou o maior n\u00famero de casos prov\u00e1veis \u2013 17.477 -, seguida por Taguatinga (5.329), Sol Nascente\/P\u00f4r do Sol (5.042), Brazl\u00e2ndia (4.807) e Samambaia (4.268).<\/p>\n<p>As 12.704 amostras de exames com PCR detect\u00e1veis no DF permitiram confirmar 11.370 infec\u00e7\u00f5es do sorotipo viral DenV-2 e 1.134 dos sorotipos DenV-1. N\u00e3o h\u00e1 registros dos sorotipos DenV-3 e DenV-4.<\/p>\n","protected":false},"excerpt":{"rendered":"<p>Durante entrevista coletiva promovida pelo Minist\u00e9rio da Sa\u00fade para apresentar o cen\u00e1rio epidemiol\u00f3gico da dengue no pa\u00eds, a secret\u00e1ria de Sa\u00fade do DF, Lucilene Flor\u00eancio, citou o trabalho desenvolvido pela pasta, como o Dia D de combate \u00e0 doen\u00e7a \u2013 realizado todos os fins de semana no DF -, al\u00e9m do aumento da testagem e [&hellip;]<\/p>\n","protected":false},"author":2,"featured_media":323368,"comment_status":"closed","ping_status":"closed","sticky":false,"template":"","format":"standard","meta":{"_acf_changed":false,"footnotes":""},"categories":[161],"tags":[],"class_list":["post-323367","post","type-post","status-publish","format-standard","has-post-thumbnail","hentry","category-quadradinho-em-foco"],"acf":[],"yoast_head":"<!-- This site is optimized with the Yoast SEO plugin v27.2 - https:\/\/yoast.com\/product\/yoast-seo-wordpress\/ -->\n<title>Buriti leva \u00e0 Esplanada modelo de a\u00e7\u00f5es contra dengue - Notibras<\/title>\n<meta name=\"robots\" content=\"index, follow, max-snippet:-1, max-image-preview:large, max-video-preview:-1\" \/>\n<link rel=\"canonical\" href=\"https:\/\/www.notibras.com\/site\/buriti-leva-a-esplanada-modelo-de-acoes-contra-dengue\/\" \/>\n<meta property=\"og:locale\" content=\"pt_BR\" \/>\n<meta property=\"og:type\" content=\"article\" \/>\n<meta property=\"og:title\" content=\"Buriti leva \u00e0 Esplanada modelo de a\u00e7\u00f5es contra dengue - Notibras\" \/>\n<meta property=\"og:description\" content=\"Durante entrevista coletiva promovida pelo Minist\u00e9rio da Sa\u00fade para apresentar o cen\u00e1rio epidemiol\u00f3gico da dengue no pa\u00eds, a secret\u00e1ria de Sa\u00fade do DF, Lucilene Flor\u00eancio, citou o trabalho desenvolvido pela pasta, como o Dia D de combate \u00e0 doen\u00e7a \u2013 realizado todos os fins de semana no DF -, al\u00e9m do aumento da testagem e [&hellip;]\" \/>\n<meta property=\"og:url\" content=\"https:\/\/www.notibras.com\/site\/buriti-leva-a-esplanada-modelo-de-acoes-contra-dengue\/\" \/>\n<meta property=\"og:site_name\" content=\"Notibras\" \/>\n<meta property=\"article:publisher\" content=\"https:\/\/www.facebook.com\/notibras\/\" \/>\n<meta property=\"article:published_time\" content=\"2024-02-28T03:00:50+00:00\" \/>\n<meta property=\"article:modified_time\" content=\"2024-02-28T13:57:52+00:00\" \/>\n<meta property=\"og:image\" content=\"https:\/\/www.notibras.com\/site\/wp-content\/uploads\/2024\/02\/28.2.-Coletiva_de_imprensa_do_Ministerio_da_Saude_-_foto_Sandro_Araujo_4-1536x1024-1.jpg\" \/>\n\t<meta property=\"og:image:width\" content=\"1536\" \/>\n\t<meta property=\"og:image:height\" content=\"1024\" \/>\n\t<meta property=\"og:image:type\" content=\"image\/jpeg\" \/>\n<meta name=\"author\" content=\"Reda\u00e7\u00e3o\" \/>\n<meta name=\"twitter:card\" content=\"summary_large_image\" \/>\n<meta name=\"twitter:creator\" content=\"@Notibras\" \/>\n<meta name=\"twitter:site\" content=\"@Notibras\" \/>\n<meta name=\"twitter:label1\" content=\"Escrito por\" \/>\n\t<meta name=\"twitter:data1\" content=\"Reda\u00e7\u00e3o\" \/>\n\t<meta name=\"twitter:label2\" content=\"Est. tempo de leitura\" \/>\n\t<meta name=\"twitter:data2\" content=\"4 minutos\" \/>\n<script type=\"application\/ld+json\" class=\"yoast-schema-graph\">{\"@context\":\"https:\/\/schema.org\",\"@graph\":[{\"@type\":\"Article\",\"@id\":\"https:\/\/www.notibras.com\/site\/buriti-leva-a-esplanada-modelo-de-acoes-contra-dengue\/#article\",\"isPartOf\":{\"@id\":\"https:\/\/www.notibras.com\/site\/buriti-leva-a-esplanada-modelo-de-acoes-contra-dengue\/\"},\"author\":{\"name\":\"Reda\u00e7\u00e3o\",\"@id\":\"https:\/\/www.notibras.com\/site\/#\/schema\/person\/36ab0979449956132d3e5b517ea76ac8\"},\"headline\":\"Buriti leva \u00e0 Esplanada modelo de a\u00e7\u00f5es contra dengue\",\"datePublished\":\"2024-02-28T03:00:50+00:00\",\"dateModified\":\"2024-02-28T13:57:52+00:00\",\"mainEntityOfPage\":{\"@id\":\"https:\/\/www.notibras.com\/site\/buriti-leva-a-esplanada-modelo-de-acoes-contra-dengue\/\"},\"wordCount\":618,\"publisher\":{\"@id\":\"https:\/\/www.notibras.com\/site\/#organization\"},\"image\":{\"@id\":\"https:\/\/www.notibras.com\/site\/buriti-leva-a-esplanada-modelo-de-acoes-contra-dengue\/#primaryimage\"},\"thumbnailUrl\":\"https:\/\/www.notibras.com\/site\/wp-content\/uploads\/2024\/02\/28.2.-Coletiva_de_imprensa_do_Ministerio_da_Saude_-_foto_Sandro_Araujo_4-1536x1024-1.jpg\",\"articleSection\":[\"Quadradinho em Foco\"],\"inLanguage\":\"pt-BR\"},{\"@type\":\"WebPage\",\"@id\":\"https:\/\/www.notibras.com\/site\/buriti-leva-a-esplanada-modelo-de-acoes-contra-dengue\/\",\"url\":\"https:\/\/www.notibras.com\/site\/buriti-leva-a-esplanada-modelo-de-acoes-contra-dengue\/\",\"name\":\"Buriti leva \u00e0 Esplanada modelo de a\u00e7\u00f5es contra dengue - Notibras\",\"isPartOf\":{\"@id\":\"https:\/\/www.notibras.com\/site\/#website\"},\"primaryImageOfPage\":{\"@id\":\"https:\/\/www.notibras.com\/site\/buriti-leva-a-esplanada-modelo-de-acoes-contra-dengue\/#primaryimage\"},\"image\":{\"@id\":\"https:\/\/www.notibras.com\/site\/buriti-leva-a-esplanada-modelo-de-acoes-contra-dengue\/#primaryimage\"},\"thumbnailUrl\":\"https:\/\/www.notibras.com\/site\/wp-content\/uploads\/2024\/02\/28.2.-Coletiva_de_imprensa_do_Ministerio_da_Saude_-_foto_Sandro_Araujo_4-1536x1024-1.jpg\",\"datePublished\":\"2024-02-28T03:00:50+00:00\",\"dateModified\":\"2024-02-28T13:57:52+00:00\",\"breadcrumb\":{\"@id\":\"https:\/\/www.notibras.com\/site\/buriti-leva-a-esplanada-modelo-de-acoes-contra-dengue\/#breadcrumb\"},\"inLanguage\":\"pt-BR\",\"potentialAction\":[{\"@type\":\"ReadAction\",\"target\":[\"https:\/\/www.notibras.com\/site\/buriti-leva-a-esplanada-modelo-de-acoes-contra-dengue\/\"]}]},{\"@type\":\"ImageObject\",\"inLanguage\":\"pt-BR\",\"@id\":\"https:\/\/www.notibras.com\/site\/buriti-leva-a-esplanada-modelo-de-acoes-contra-dengue\/#primaryimage\",\"url\":\"https:\/\/www.notibras.com\/site\/wp-content\/uploads\/2024\/02\/28.2.-Coletiva_de_imprensa_do_Ministerio_da_Saude_-_foto_Sandro_Araujo_4-1536x1024-1.jpg\",\"contentUrl\":\"https:\/\/www.notibras.com\/site\/wp-content\/uploads\/2024\/02\/28.2.-Coletiva_de_imprensa_do_Ministerio_da_Saude_-_foto_Sandro_Araujo_4-1536x1024-1.jpg\",\"width\":1536,\"height\":1024},{\"@type\":\"BreadcrumbList\",\"@id\":\"https:\/\/www.notibras.com\/site\/buriti-leva-a-esplanada-modelo-de-acoes-contra-dengue\/#breadcrumb\",\"itemListElement\":[{\"@type\":\"ListItem\",\"position\":1,\"name\":\"In\u00edcio\",\"item\":\"https:\/\/www.notibras.com\/site\/\"},{\"@type\":\"ListItem\",\"position\":2,\"name\":\"Buriti leva \u00e0 Esplanada modelo de a\u00e7\u00f5es contra dengue\"}]},{\"@type\":\"WebSite\",\"@id\":\"https:\/\/www.notibras.com\/site\/#website\",\"url\":\"https:\/\/www.notibras.com\/site\/\",\"name\":\"Notibras\",\"description\":\"Not\u00edcias de Bras\u00edlia, do Brasil e do Mundo\",\"publisher\":{\"@id\":\"https:\/\/www.notibras.com\/site\/#organization\"},\"potentialAction\":[{\"@type\":\"SearchAction\",\"target\":{\"@type\":\"EntryPoint\",\"urlTemplate\":\"https:\/\/www.notibras.com\/site\/?s={search_term_string}\"},\"query-input\":{\"@type\":\"PropertyValueSpecification\",\"valueRequired\":true,\"valueName\":\"search_term_string\"}}],\"inLanguage\":\"pt-BR\"},{\"@type\":\"Organization\",\"@id\":\"https:\/\/www.notibras.com\/site\/#organization\",\"name\":\"Grupo Notibras de Comunica\u00e7\u00e3o\",\"url\":\"https:\/\/www.notibras.com\/site\/\",\"logo\":{\"@type\":\"ImageObject\",\"inLanguage\":\"pt-BR\",\"@id\":\"https:\/\/www.notibras.com\/site\/#\/schema\/logo\/image\/\",\"url\":\"https:\/\/www.notibras.com\/site\/wp-content\/uploads\/2023\/01\/notibras23.png\",\"contentUrl\":\"https:\/\/www.notibras.com\/site\/wp-content\/uploads\/2023\/01\/notibras23.png\",\"width\":350,\"height\":87,\"caption\":\"Grupo Notibras de Comunica\u00e7\u00e3o\"},\"image\":{\"@id\":\"https:\/\/www.notibras.com\/site\/#\/schema\/logo\/image\/\"},\"sameAs\":[\"https:\/\/www.facebook.com\/notibras\/\",\"https:\/\/x.com\/Notibras\",\"https:\/\/www.instagram.com\/notibras\/\"]},{\"@type\":\"Person\",\"@id\":\"https:\/\/www.notibras.com\/site\/#\/schema\/person\/36ab0979449956132d3e5b517ea76ac8\",\"name\":\"Reda\u00e7\u00e3o\",\"image\":{\"@type\":\"ImageObject\",\"inLanguage\":\"pt-BR\",\"@id\":\"https:\/\/secure.gravatar.com\/avatar\/e0a867bdedb85fd243eadf09663511f96fc81e0720a4a42581f334ad4303aa6b?s=96&d=mm&r=g\",\"url\":\"https:\/\/secure.gravatar.com\/avatar\/e0a867bdedb85fd243eadf09663511f96fc81e0720a4a42581f334ad4303aa6b?s=96&d=mm&r=g\",\"contentUrl\":\"https:\/\/secure.gravatar.com\/avatar\/e0a867bdedb85fd243eadf09663511f96fc81e0720a4a42581f334ad4303aa6b?s=96&d=mm&r=g\",\"caption\":\"Reda\u00e7\u00e3o\"}}]}<\/script>\n<!-- \/ Yoast SEO plugin. -->","yoast_head_json":{"title":"Buriti leva \u00e0 Esplanada modelo de a\u00e7\u00f5es contra dengue - Notibras","robots":{"index":"index","follow":"follow","max-snippet":"max-snippet:-1","max-image-preview":"max-image-preview:large","max-video-preview":"max-video-preview:-1"},"canonical":"https:\/\/www.notibras.com\/site\/buriti-leva-a-esplanada-modelo-de-acoes-contra-dengue\/","og_locale":"pt_BR","og_type":"article","og_title":"Buriti leva \u00e0 Esplanada modelo de a\u00e7\u00f5es contra dengue - Notibras","og_description":"Durante entrevista coletiva promovida pelo Minist\u00e9rio da Sa\u00fade para apresentar o cen\u00e1rio epidemiol\u00f3gico da dengue no pa\u00eds, a secret\u00e1ria de Sa\u00fade do DF, Lucilene Flor\u00eancio, citou o trabalho desenvolvido pela pasta, como o Dia D de combate \u00e0 doen\u00e7a \u2013 realizado todos os fins de semana no DF -, al\u00e9m do aumento da testagem e [&hellip;]","og_url":"https:\/\/www.notibras.com\/site\/buriti-leva-a-esplanada-modelo-de-acoes-contra-dengue\/","og_site_name":"Notibras","article_publisher":"https:\/\/www.facebook.com\/notibras\/","article_published_time":"2024-02-28T03:00:50+00:00","article_modified_time":"2024-02-28T13:57:52+00:00","og_image":[{"width":1536,"height":1024,"url":"https:\/\/www.notibras.com\/site\/wp-content\/uploads\/2024\/02\/28.2.-Coletiva_de_imprensa_do_Ministerio_da_Saude_-_foto_Sandro_Araujo_4-1536x1024-1.jpg","type":"image\/jpeg"}],"author":"Reda\u00e7\u00e3o","twitter_card":"summary_large_image","twitter_creator":"@Notibras","twitter_site":"@Notibras","twitter_misc":{"Escrito por":"Reda\u00e7\u00e3o","Est. tempo de leitura":"4 minutos"},"schema":{"@context":"https:\/\/schema.org","@graph":[{"@type":"Article","@id":"https:\/\/www.notibras.com\/site\/buriti-leva-a-esplanada-modelo-de-acoes-contra-dengue\/#article","isPartOf":{"@id":"https:\/\/www.notibras.com\/site\/buriti-leva-a-esplanada-modelo-de-acoes-contra-dengue\/"},"author":{"name":"Reda\u00e7\u00e3o","@id":"https:\/\/www.notibras.com\/site\/#\/schema\/person\/36ab0979449956132d3e5b517ea76ac8"},"headline":"Buriti leva \u00e0 Esplanada modelo de a\u00e7\u00f5es contra dengue","datePublished":"2024-02-28T03:00:50+00:00","dateModified":"2024-02-28T13:57:52+00:00","mainEntityOfPage":{"@id":"https:\/\/www.notibras.com\/site\/buriti-leva-a-esplanada-modelo-de-acoes-contra-dengue\/"},"wordCount":618,"publisher":{"@id":"https:\/\/www.notibras.com\/site\/#organization"},"image":{"@id":"https:\/\/www.notibras.com\/site\/buriti-leva-a-esplanada-modelo-de-acoes-contra-dengue\/#primaryimage"},"thumbnailUrl":"https:\/\/www.notibras.com\/site\/wp-content\/uploads\/2024\/02\/28.2.-Coletiva_de_imprensa_do_Ministerio_da_Saude_-_foto_Sandro_Araujo_4-1536x1024-1.jpg","articleSection":["Quadradinho em Foco"],"inLanguage":"pt-BR"},{"@type":"WebPage","@id":"https:\/\/www.notibras.com\/site\/buriti-leva-a-esplanada-modelo-de-acoes-contra-dengue\/","url":"https:\/\/www.notibras.com\/site\/buriti-leva-a-esplanada-modelo-de-acoes-contra-dengue\/","name":"Buriti leva \u00e0 Esplanada modelo de a\u00e7\u00f5es contra dengue - Notibras","isPartOf":{"@id":"https:\/\/www.notibras.com\/site\/#website"},"primaryImageOfPage":{"@id":"https:\/\/www.notibras.com\/site\/buriti-leva-a-esplanada-modelo-de-acoes-contra-dengue\/#primaryimage"},"image":{"@id":"https:\/\/www.notibras.com\/site\/buriti-leva-a-esplanada-modelo-de-acoes-contra-dengue\/#primaryimage"},"thumbnailUrl":"https:\/\/www.notibras.com\/site\/wp-content\/uploads\/2024\/02\/28.2.-Coletiva_de_imprensa_do_Ministerio_da_Saude_-_foto_Sandro_Araujo_4-1536x1024-1.jpg","datePublished":"2024-02-28T03:00:50+00:00","dateModified":"2024-02-28T13:57:52+00:00","breadcrumb":{"@id":"https:\/\/www.notibras.com\/site\/buriti-leva-a-esplanada-modelo-de-acoes-contra-dengue\/#breadcrumb"},"inLanguage":"pt-BR","potentialAction":[{"@type":"ReadAction","target":["https:\/\/www.notibras.com\/site\/buriti-leva-a-esplanada-modelo-de-acoes-contra-dengue\/"]}]},{"@type":"ImageObject","inLanguage":"pt-BR","@id":"https:\/\/www.notibras.com\/site\/buriti-leva-a-esplanada-modelo-de-acoes-contra-dengue\/#primaryimage","url":"https:\/\/www.notibras.com\/site\/wp-content\/uploads\/2024\/02\/28.2.-Coletiva_de_imprensa_do_Ministerio_da_Saude_-_foto_Sandro_Araujo_4-1536x1024-1.jpg","contentUrl":"https:\/\/www.notibras.com\/site\/wp-content\/uploads\/2024\/02\/28.2.-Coletiva_de_imprensa_do_Ministerio_da_Saude_-_foto_Sandro_Araujo_4-1536x1024-1.jpg","width":1536,"height":1024},{"@type":"BreadcrumbList","@id":"https:\/\/www.notibras.com\/site\/buriti-leva-a-esplanada-modelo-de-acoes-contra-dengue\/#breadcrumb","itemListElement":[{"@type":"ListItem","position":1,"name":"In\u00edcio","item":"https:\/\/www.notibras.com\/site\/"},{"@type":"ListItem","position":2,"name":"Buriti leva \u00e0 Esplanada modelo de a\u00e7\u00f5es contra dengue"}]},{"@type":"WebSite","@id":"https:\/\/www.notibras.com\/site\/#website","url":"https:\/\/www.notibras.com\/site\/","name":"Notibras","description":"Not\u00edcias de Bras\u00edlia, do Brasil e do Mundo","publisher":{"@id":"https:\/\/www.notibras.com\/site\/#organization"},"potentialAction":[{"@type":"SearchAction","target":{"@type":"EntryPoint","urlTemplate":"https:\/\/www.notibras.com\/site\/?s={search_term_string}"},"query-input":{"@type":"PropertyValueSpecification","valueRequired":true,"valueName":"search_term_string"}}],"inLanguage":"pt-BR"},{"@type":"Organization","@id":"https:\/\/www.notibras.com\/site\/#organization","name":"Grupo Notibras de Comunica\u00e7\u00e3o","url":"https:\/\/www.notibras.com\/site\/","logo":{"@type":"ImageObject","inLanguage":"pt-BR","@id":"https:\/\/www.notibras.com\/site\/#\/schema\/logo\/image\/","url":"https:\/\/www.notibras.com\/site\/wp-content\/uploads\/2023\/01\/notibras23.png","contentUrl":"https:\/\/www.notibras.com\/site\/wp-content\/uploads\/2023\/01\/notibras23.png","width":350,"height":87,"caption":"Grupo Notibras de Comunica\u00e7\u00e3o"},"image":{"@id":"https:\/\/www.notibras.com\/site\/#\/schema\/logo\/image\/"},"sameAs":["https:\/\/www.facebook.com\/notibras\/","https:\/\/x.com\/Notibras","https:\/\/www.instagram.com\/notibras\/"]},{"@type":"Person","@id":"https:\/\/www.notibras.com\/site\/#\/schema\/person\/36ab0979449956132d3e5b517ea76ac8","name":"Reda\u00e7\u00e3o","image":{"@type":"ImageObject","inLanguage":"pt-BR","@id":"https:\/\/secure.gravatar.com\/avatar\/e0a867bdedb85fd243eadf09663511f96fc81e0720a4a42581f334ad4303aa6b?s=96&d=mm&r=g","url":"https:\/\/secure.gravatar.com\/avatar\/e0a867bdedb85fd243eadf09663511f96fc81e0720a4a42581f334ad4303aa6b?s=96&d=mm&r=g","contentUrl":"https:\/\/secure.gravatar.com\/avatar\/e0a867bdedb85fd243eadf09663511f96fc81e0720a4a42581f334ad4303aa6b?s=96&d=mm&r=g","caption":"Reda\u00e7\u00e3o"}}]}},"amp_enabled":true,"_links":{"self":[{"href":"https:\/\/www.notibras.com\/site\/wp-json\/wp\/v2\/posts\/323367","targetHints":{"allow":["GET"]}}],"collection":[{"href":"https:\/\/www.notibras.com\/site\/wp-json\/wp\/v2\/posts"}],"about":[{"href":"https:\/\/www.notibras.com\/site\/wp-json\/wp\/v2\/types\/post"}],"author":[{"embeddable":true,"href":"https:\/\/www.notibras.com\/site\/wp-json\/wp\/v2\/users\/2"}],"replies":[{"embeddable":true,"href":"https:\/\/www.notibras.com\/site\/wp-json\/wp\/v2\/comments?post=323367"}],"version-history":[{"count":1,"href":"https:\/\/www.notibras.com\/site\/wp-json\/wp\/v2\/posts\/323367\/revisions"}],"predecessor-version":[{"id":323369,"href":"https:\/\/www.notibras.com\/site\/wp-json\/wp\/v2\/posts\/323367\/revisions\/323369"}],"wp:featuredmedia":[{"embeddable":true,"href":"https:\/\/www.notibras.com\/site\/wp-json\/wp\/v2\/media\/323368"}],"wp:attachment":[{"href":"https:\/\/www.notibras.com\/site\/wp-json\/wp\/v2\/media?parent=323367"}],"wp:term":[{"taxonomy":"category","embeddable":true,"href":"https:\/\/www.notibras.com\/site\/wp-json\/wp\/v2\/categories?post=323367"},{"taxonomy":"post_tag","embeddable":true,"href":"https:\/\/www.notibras.com\/site\/wp-json\/wp\/v2\/tags?post=323367"}],"curies":[{"name":"wp","href":"https:\/\/api.w.org\/{rel}","templated":true}]}}