{"id":323376,"date":"2024-02-28T00:00:43","date_gmt":"2024-02-28T03:00:43","guid":{"rendered":"https:\/\/www.notibras.com\/site\/?p=323376"},"modified":"2024-02-28T11:39:24","modified_gmt":"2024-02-28T14:39:24","slug":"cepi-de-planaltina-inicia-aulas-com-mais-vagas-infantis","status":"publish","type":"post","link":"https:\/\/www.notibras.com\/site\/cepi-de-planaltina-inicia-aulas-com-mais-vagas-infantis\/","title":{"rendered":"Cepi de Planaltina inicia aulas com mais vagas infantis"},"content":{"rendered":"<p>Com tranquilidade, 198 fam\u00edlias deixam as crian\u00e7as todos os dias no Centro de Educa\u00e7\u00e3o da Primeira Inf\u00e2ncia em Planaltina, o Cepi Tucano, sabendo que os pequenos ter\u00e3o desenvolvimento pedag\u00f3gico trabalhado, al\u00e9m de cinco refei\u00e7\u00f5es por dia.<\/p>\n<p>Assim \u00e9 o sentimento de Thays Ara\u00fajo Coelho, 28, ao deixar a filha Cec\u00edlia, de dois anos, na creche. A auxiliar administrativa conta da felicidade ao descobrir que filha tinha conseguido a vaga na creche p\u00fablica, ainda que a separa\u00e7\u00e3o das duas no primeiro dia tenha sido dif\u00edcil. Mas, ap\u00f3s ir ao espa\u00e7o e ter contato com a equipe, a m\u00e3e teve a certeza de que era um bom lugar para o desenvolvimento da crian\u00e7a, al\u00e9m de conseguir trabalhar melhor, ter mais liberdade e se concentrar nos afazeres dom\u00e9sticos.<\/p>\n<p>\u201cEu senti a necessidade de coloc\u00e1-la na creche para ela desenvolver a intelig\u00eancia que ela j\u00e1 tem e compartilhar experi\u00eancias com crian\u00e7as da idade dela. E a\u00ed surgiu a vaga, muitas nas classes p\u00fablicas, inclusive, eu n\u00e3o estava esperando\u201d, ressalta. Thays acrescenta que ficou surpresa com a estrutura do espa\u00e7o. \u201cQuando a gente fala creche p\u00fablica, a gente imagina uma coisa mais simples, ent\u00e3o eu fiquei comparando bastante com a particular. Ficamos bastante felizes que o governo pode proporcionar essa \u00f3tima estrutura para nossos filhos\u201d, destaca.<\/p>\n<p>Entre os quatro Cepis de Planaltina, o Cepi Tucano funciona de 7h30 a 17h30 e fica na regi\u00e3o do Buritis IV, contando com um investimento mensal de R$ 182 mil. Funcionando com uma parceria entre a Secretaria de Educa\u00e7\u00e3o e o Hotelzinho S\u00e3o Vicente Paulo, o espa\u00e7o foi inaugurado em julho de 2023 e atende 198 crian\u00e7as de at\u00e9 3 anos de idade, contando com 48 funcion\u00e1rios, um diretor, um coordenador, um nutricionista e a parte administrativa.<\/p>\n<p>Segundo a presidente da institui\u00e7\u00e3o, Ana Patr\u00edcia Oliveira Mota, esse ano o Cepi Tucano vai atender 80% da lista de espera da Regi\u00e3o Administrativa de Planaltina. Para ela, \u00e9 um ganho muito grande para as fam\u00edlias que deixam os filhos em um local limpo, organizado, estruturado pedagogicamente com profissionais qualificados, professores, monitores, dire\u00e7\u00e3o e coordena\u00e7\u00e3o.<\/p>\n<p>\u201c\u00c9 um modelo excelente e novo da Secretaria de Educa\u00e7\u00e3o. Para os pais, \u00e9 um al\u00edvio na alma poder trabalhar sabendo que a crian\u00e7a est\u00e1 ficando em um local onde ela \u00e9 assegurada pelos direitos dela, recebe do caf\u00e9 da manh\u00e3 a jantinha, banho, toda uma parte pedag\u00f3gica estruturada, fiscalizada e orientada, al\u00e9m do carinho que ela recebe aqui. Ent\u00e3o, para a fam\u00edlia \u00e9 seguran\u00e7a e bem-estar\u201d, declara.<\/p>\n<p><strong>Inclus\u00e3o<\/strong><br \/>\nA presidente acrescenta que os Cepis recebem todas as crian\u00e7as, incluindo as at\u00edpicas, visto que a regional de ensino d\u00e1 suporte por meio de cursos preparat\u00f3rios para os profissionais da unidade. Crian\u00e7as como o Bernardo, de tr\u00eas anos, que est\u00e1 no espectro autista.<\/p>\n<p>O pai do menino, Rafael Grad\u00e3o, 25, explica que a chegada do Bernardo na creche facilitou muito a vida do casal, sem contar no desenvolvimento da crian\u00e7a, que se tornou mais soci\u00e1vel, aprendeu a fazer novas amizades e se desenvolveu muito bem, principalmente no quesito de fala e intera\u00e7\u00e3o com outras crian\u00e7as.<\/p>\n<p>\u201cO Bernardo foi laudado muito cedo. Nos acompanhamentos, sempre me indicaram que ele frequentasse a escola, para o desenvolvimento e o conv\u00edvio dele. Para a gente foi um al\u00edvio muito grande ele ter vindo para c\u00e1. \u00c9 um suporte familiar imenso e uma tranquilidade saber que a gente pode retornar \u00e0s nossas atividades e que ele est\u00e1 em um ambiente seguro e educativo tamb\u00e9m\u201d, afirma o empres\u00e1rio.<\/p>\n<p><strong>Queda na lista de espera<\/strong><br \/>\nA unidade de educa\u00e7\u00e3o \u00e9 uma entre os 78 Cepis espalhados pelo Distrito Federal que, ap\u00f3s o decreto n\u00ba 45.038, de 05 de outubro de 2023, passaram a atender cerca de 200 crian\u00e7as em cada unidade. Ap\u00f3s a amplia\u00e7\u00e3o das vagas e uma reformula\u00e7\u00e3o no manual de atendimento das regionais, a lista de crian\u00e7as na espera de uma vaga na creche p\u00fablica caiu de 17 mil para menos de 6 mil alunos.<\/p>\n<p>Entre os crit\u00e9rios definidos para atendimento na creche, est\u00e1 a prioridade de vagas para as crian\u00e7as com m\u00e3es solo, de baixa renda, com medidas preventivas ou outras quest\u00f5es sociais. De acordo com a secret\u00e1ria de Educa\u00e7\u00e3o, H\u00e9lvia Paranagu\u00e1, as a\u00e7\u00f5es do governo possibilitaram a amplia\u00e7\u00e3o e permitir\u00e3o desafogar \u00e1reas estranguladas em todas as etapas de educa\u00e7\u00e3o prim\u00e1ria no DF.<\/p>\n<p>\u201cHouve muita procura da comunidade por essas vagas. E sabemos que a crian\u00e7a, estando na escola, tem um ganho pedag\u00f3gico grande por ser estimulada desde cedo, al\u00e9m de cuidados que a fam\u00edlia \u00e0s vezes n\u00e3o tem como dar, como a alimenta\u00e7\u00e3o balanceada e at\u00e9 os insumos de creche. Tudo \u00e9 ofertado, isso d\u00e1 seguran\u00e7a para as fam\u00edlias, ter as crian\u00e7as bem assistidas e a m\u00e3e pode ir trabalhar, gerando independ\u00eancia\u201d, observa.<\/p>\n<p>Ainda este ano, dois Cepis ser\u00e3o entregues na \u00e1rea rural e mais quatro ser\u00e3o inaugurados no DF. Mais 17 Cepis est\u00e3o em obras em diversas regi\u00f5es administrativas de Bras\u00edlia: um em Samambaia, dois no Recanto das Emas, dois em Taguatinga, dois em Ceil\u00e2ndia, um no Taquari, um no Mangueiral, um no Guar\u00e1, um em Santa Maria, um na Estrutural, um no Gama, um na vila Telebras\u00edlia, dois no Riacho Fundo e um no Riacho Fundo II. No total, o investimento nas obras chega a R$ 92 milh\u00f5es.<\/p>\n","protected":false},"excerpt":{"rendered":"<p>Com tranquilidade, 198 fam\u00edlias deixam as crian\u00e7as todos os dias no Centro de Educa\u00e7\u00e3o da Primeira Inf\u00e2ncia em Planaltina, o Cepi Tucano, sabendo que os pequenos ter\u00e3o desenvolvimento pedag\u00f3gico trabalhado, al\u00e9m de cinco refei\u00e7\u00f5es por dia. Assim \u00e9 o sentimento de Thays Ara\u00fajo Coelho, 28, ao deixar a filha Cec\u00edlia, de dois anos, na creche. [&hellip;]<\/p>\n","protected":false},"author":2,"featured_media":323377,"comment_status":"closed","ping_status":"closed","sticky":false,"template":"","format":"standard","meta":{"_acf_changed":false,"footnotes":""},"categories":[161],"tags":[],"class_list":["post-323376","post","type-post","status-publish","format-standard","has-post-thumbnail","hentry","category-quadradinho-em-foco"],"acf":[],"yoast_head":"<!-- This site is optimized with the Yoast SEO plugin v27.2 - https:\/\/yoast.com\/product\/yoast-seo-wordpress\/ -->\n<title>Cepi de Planaltina inicia aulas com mais vagas infantis - Notibras<\/title>\n<meta name=\"robots\" content=\"index, follow, max-snippet:-1, max-image-preview:large, max-video-preview:-1\" \/>\n<link rel=\"canonical\" href=\"https:\/\/www.notibras.com\/site\/cepi-de-planaltina-inicia-aulas-com-mais-vagas-infantis\/\" \/>\n<meta property=\"og:locale\" content=\"pt_BR\" \/>\n<meta property=\"og:type\" content=\"article\" \/>\n<meta property=\"og:title\" content=\"Cepi de Planaltina inicia aulas com mais vagas infantis - Notibras\" \/>\n<meta property=\"og:description\" content=\"Com tranquilidade, 198 fam\u00edlias deixam as crian\u00e7as todos os dias no Centro de Educa\u00e7\u00e3o da Primeira Inf\u00e2ncia em Planaltina, o Cepi Tucano, sabendo que os pequenos ter\u00e3o desenvolvimento pedag\u00f3gico trabalhado, al\u00e9m de cinco refei\u00e7\u00f5es por dia. Assim \u00e9 o sentimento de Thays Ara\u00fajo Coelho, 28, ao deixar a filha Cec\u00edlia, de dois anos, na creche. [&hellip;]\" \/>\n<meta property=\"og:url\" content=\"https:\/\/www.notibras.com\/site\/cepi-de-planaltina-inicia-aulas-com-mais-vagas-infantis\/\" \/>\n<meta property=\"og:site_name\" content=\"Notibras\" \/>\n<meta property=\"article:publisher\" content=\"https:\/\/www.facebook.com\/notibras\/\" \/>\n<meta property=\"article:published_time\" content=\"2024-02-28T03:00:43+00:00\" \/>\n<meta property=\"article:modified_time\" content=\"2024-02-28T14:39:24+00:00\" \/>\n<meta property=\"og:image\" content=\"https:\/\/www.notibras.com\/site\/wp-content\/uploads\/2024\/02\/Capa-2-Copia-1536x1024-1.jpg\" \/>\n\t<meta property=\"og:image:width\" content=\"1536\" \/>\n\t<meta property=\"og:image:height\" content=\"1024\" \/>\n\t<meta property=\"og:image:type\" content=\"image\/jpeg\" \/>\n<meta name=\"author\" content=\"Reda\u00e7\u00e3o\" \/>\n<meta name=\"twitter:card\" content=\"summary_large_image\" \/>\n<meta name=\"twitter:creator\" content=\"@Notibras\" \/>\n<meta name=\"twitter:site\" content=\"@Notibras\" \/>\n<meta name=\"twitter:label1\" content=\"Escrito por\" \/>\n\t<meta name=\"twitter:data1\" content=\"Reda\u00e7\u00e3o\" \/>\n\t<meta name=\"twitter:label2\" content=\"Est. tempo de leitura\" \/>\n\t<meta name=\"twitter:data2\" content=\"5 minutos\" \/>\n<script type=\"application\/ld+json\" class=\"yoast-schema-graph\">{\"@context\":\"https:\/\/schema.org\",\"@graph\":[{\"@type\":\"Article\",\"@id\":\"https:\/\/www.notibras.com\/site\/cepi-de-planaltina-inicia-aulas-com-mais-vagas-infantis\/#article\",\"isPartOf\":{\"@id\":\"https:\/\/www.notibras.com\/site\/cepi-de-planaltina-inicia-aulas-com-mais-vagas-infantis\/\"},\"author\":{\"name\":\"Reda\u00e7\u00e3o\",\"@id\":\"https:\/\/www.notibras.com\/site\/#\/schema\/person\/36ab0979449956132d3e5b517ea76ac8\"},\"headline\":\"Cepi de Planaltina inicia aulas com mais vagas infantis\",\"datePublished\":\"2024-02-28T03:00:43+00:00\",\"dateModified\":\"2024-02-28T14:39:24+00:00\",\"mainEntityOfPage\":{\"@id\":\"https:\/\/www.notibras.com\/site\/cepi-de-planaltina-inicia-aulas-com-mais-vagas-infantis\/\"},\"wordCount\":952,\"publisher\":{\"@id\":\"https:\/\/www.notibras.com\/site\/#organization\"},\"image\":{\"@id\":\"https:\/\/www.notibras.com\/site\/cepi-de-planaltina-inicia-aulas-com-mais-vagas-infantis\/#primaryimage\"},\"thumbnailUrl\":\"https:\/\/www.notibras.com\/site\/wp-content\/uploads\/2024\/02\/Capa-2-Copia-1536x1024-1.jpg\",\"articleSection\":[\"Quadradinho em Foco\"],\"inLanguage\":\"pt-BR\"},{\"@type\":\"WebPage\",\"@id\":\"https:\/\/www.notibras.com\/site\/cepi-de-planaltina-inicia-aulas-com-mais-vagas-infantis\/\",\"url\":\"https:\/\/www.notibras.com\/site\/cepi-de-planaltina-inicia-aulas-com-mais-vagas-infantis\/\",\"name\":\"Cepi de Planaltina inicia aulas com mais vagas infantis - Notibras\",\"isPartOf\":{\"@id\":\"https:\/\/www.notibras.com\/site\/#website\"},\"primaryImageOfPage\":{\"@id\":\"https:\/\/www.notibras.com\/site\/cepi-de-planaltina-inicia-aulas-com-mais-vagas-infantis\/#primaryimage\"},\"image\":{\"@id\":\"https:\/\/www.notibras.com\/site\/cepi-de-planaltina-inicia-aulas-com-mais-vagas-infantis\/#primaryimage\"},\"thumbnailUrl\":\"https:\/\/www.notibras.com\/site\/wp-content\/uploads\/2024\/02\/Capa-2-Copia-1536x1024-1.jpg\",\"datePublished\":\"2024-02-28T03:00:43+00:00\",\"dateModified\":\"2024-02-28T14:39:24+00:00\",\"breadcrumb\":{\"@id\":\"https:\/\/www.notibras.com\/site\/cepi-de-planaltina-inicia-aulas-com-mais-vagas-infantis\/#breadcrumb\"},\"inLanguage\":\"pt-BR\",\"potentialAction\":[{\"@type\":\"ReadAction\",\"target\":[\"https:\/\/www.notibras.com\/site\/cepi-de-planaltina-inicia-aulas-com-mais-vagas-infantis\/\"]}]},{\"@type\":\"ImageObject\",\"inLanguage\":\"pt-BR\",\"@id\":\"https:\/\/www.notibras.com\/site\/cepi-de-planaltina-inicia-aulas-com-mais-vagas-infantis\/#primaryimage\",\"url\":\"https:\/\/www.notibras.com\/site\/wp-content\/uploads\/2024\/02\/Capa-2-Copia-1536x1024-1.jpg\",\"contentUrl\":\"https:\/\/www.notibras.com\/site\/wp-content\/uploads\/2024\/02\/Capa-2-Copia-1536x1024-1.jpg\",\"width\":1536,\"height\":1024},{\"@type\":\"BreadcrumbList\",\"@id\":\"https:\/\/www.notibras.com\/site\/cepi-de-planaltina-inicia-aulas-com-mais-vagas-infantis\/#breadcrumb\",\"itemListElement\":[{\"@type\":\"ListItem\",\"position\":1,\"name\":\"In\u00edcio\",\"item\":\"https:\/\/www.notibras.com\/site\/\"},{\"@type\":\"ListItem\",\"position\":2,\"name\":\"Cepi de Planaltina inicia aulas com mais vagas infantis\"}]},{\"@type\":\"WebSite\",\"@id\":\"https:\/\/www.notibras.com\/site\/#website\",\"url\":\"https:\/\/www.notibras.com\/site\/\",\"name\":\"Notibras\",\"description\":\"Not\u00edcias de Bras\u00edlia, do Brasil e do Mundo\",\"publisher\":{\"@id\":\"https:\/\/www.notibras.com\/site\/#organization\"},\"potentialAction\":[{\"@type\":\"SearchAction\",\"target\":{\"@type\":\"EntryPoint\",\"urlTemplate\":\"https:\/\/www.notibras.com\/site\/?s={search_term_string}\"},\"query-input\":{\"@type\":\"PropertyValueSpecification\",\"valueRequired\":true,\"valueName\":\"search_term_string\"}}],\"inLanguage\":\"pt-BR\"},{\"@type\":\"Organization\",\"@id\":\"https:\/\/www.notibras.com\/site\/#organization\",\"name\":\"Grupo Notibras de Comunica\u00e7\u00e3o\",\"url\":\"https:\/\/www.notibras.com\/site\/\",\"logo\":{\"@type\":\"ImageObject\",\"inLanguage\":\"pt-BR\",\"@id\":\"https:\/\/www.notibras.com\/site\/#\/schema\/logo\/image\/\",\"url\":\"https:\/\/www.notibras.com\/site\/wp-content\/uploads\/2023\/01\/notibras23.png\",\"contentUrl\":\"https:\/\/www.notibras.com\/site\/wp-content\/uploads\/2023\/01\/notibras23.png\",\"width\":350,\"height\":87,\"caption\":\"Grupo Notibras de Comunica\u00e7\u00e3o\"},\"image\":{\"@id\":\"https:\/\/www.notibras.com\/site\/#\/schema\/logo\/image\/\"},\"sameAs\":[\"https:\/\/www.facebook.com\/notibras\/\",\"https:\/\/x.com\/Notibras\",\"https:\/\/www.instagram.com\/notibras\/\"]},{\"@type\":\"Person\",\"@id\":\"https:\/\/www.notibras.com\/site\/#\/schema\/person\/36ab0979449956132d3e5b517ea76ac8\",\"name\":\"Reda\u00e7\u00e3o\",\"image\":{\"@type\":\"ImageObject\",\"inLanguage\":\"pt-BR\",\"@id\":\"https:\/\/secure.gravatar.com\/avatar\/e0a867bdedb85fd243eadf09663511f96fc81e0720a4a42581f334ad4303aa6b?s=96&d=mm&r=g\",\"url\":\"https:\/\/secure.gravatar.com\/avatar\/e0a867bdedb85fd243eadf09663511f96fc81e0720a4a42581f334ad4303aa6b?s=96&d=mm&r=g\",\"contentUrl\":\"https:\/\/secure.gravatar.com\/avatar\/e0a867bdedb85fd243eadf09663511f96fc81e0720a4a42581f334ad4303aa6b?s=96&d=mm&r=g\",\"caption\":\"Reda\u00e7\u00e3o\"}}]}<\/script>\n<!-- \/ Yoast SEO plugin. -->","yoast_head_json":{"title":"Cepi de Planaltina inicia aulas com mais vagas infantis - Notibras","robots":{"index":"index","follow":"follow","max-snippet":"max-snippet:-1","max-image-preview":"max-image-preview:large","max-video-preview":"max-video-preview:-1"},"canonical":"https:\/\/www.notibras.com\/site\/cepi-de-planaltina-inicia-aulas-com-mais-vagas-infantis\/","og_locale":"pt_BR","og_type":"article","og_title":"Cepi de Planaltina inicia aulas com mais vagas infantis - Notibras","og_description":"Com tranquilidade, 198 fam\u00edlias deixam as crian\u00e7as todos os dias no Centro de Educa\u00e7\u00e3o da Primeira Inf\u00e2ncia em Planaltina, o Cepi Tucano, sabendo que os pequenos ter\u00e3o desenvolvimento pedag\u00f3gico trabalhado, al\u00e9m de cinco refei\u00e7\u00f5es por dia. Assim \u00e9 o sentimento de Thays Ara\u00fajo Coelho, 28, ao deixar a filha Cec\u00edlia, de dois anos, na creche. [&hellip;]","og_url":"https:\/\/www.notibras.com\/site\/cepi-de-planaltina-inicia-aulas-com-mais-vagas-infantis\/","og_site_name":"Notibras","article_publisher":"https:\/\/www.facebook.com\/notibras\/","article_published_time":"2024-02-28T03:00:43+00:00","article_modified_time":"2024-02-28T14:39:24+00:00","og_image":[{"width":1536,"height":1024,"url":"https:\/\/www.notibras.com\/site\/wp-content\/uploads\/2024\/02\/Capa-2-Copia-1536x1024-1.jpg","type":"image\/jpeg"}],"author":"Reda\u00e7\u00e3o","twitter_card":"summary_large_image","twitter_creator":"@Notibras","twitter_site":"@Notibras","twitter_misc":{"Escrito por":"Reda\u00e7\u00e3o","Est. tempo de leitura":"5 minutos"},"schema":{"@context":"https:\/\/schema.org","@graph":[{"@type":"Article","@id":"https:\/\/www.notibras.com\/site\/cepi-de-planaltina-inicia-aulas-com-mais-vagas-infantis\/#article","isPartOf":{"@id":"https:\/\/www.notibras.com\/site\/cepi-de-planaltina-inicia-aulas-com-mais-vagas-infantis\/"},"author":{"name":"Reda\u00e7\u00e3o","@id":"https:\/\/www.notibras.com\/site\/#\/schema\/person\/36ab0979449956132d3e5b517ea76ac8"},"headline":"Cepi de Planaltina inicia aulas com mais vagas infantis","datePublished":"2024-02-28T03:00:43+00:00","dateModified":"2024-02-28T14:39:24+00:00","mainEntityOfPage":{"@id":"https:\/\/www.notibras.com\/site\/cepi-de-planaltina-inicia-aulas-com-mais-vagas-infantis\/"},"wordCount":952,"publisher":{"@id":"https:\/\/www.notibras.com\/site\/#organization"},"image":{"@id":"https:\/\/www.notibras.com\/site\/cepi-de-planaltina-inicia-aulas-com-mais-vagas-infantis\/#primaryimage"},"thumbnailUrl":"https:\/\/www.notibras.com\/site\/wp-content\/uploads\/2024\/02\/Capa-2-Copia-1536x1024-1.jpg","articleSection":["Quadradinho em Foco"],"inLanguage":"pt-BR"},{"@type":"WebPage","@id":"https:\/\/www.notibras.com\/site\/cepi-de-planaltina-inicia-aulas-com-mais-vagas-infantis\/","url":"https:\/\/www.notibras.com\/site\/cepi-de-planaltina-inicia-aulas-com-mais-vagas-infantis\/","name":"Cepi de Planaltina inicia aulas com mais vagas infantis - Notibras","isPartOf":{"@id":"https:\/\/www.notibras.com\/site\/#website"},"primaryImageOfPage":{"@id":"https:\/\/www.notibras.com\/site\/cepi-de-planaltina-inicia-aulas-com-mais-vagas-infantis\/#primaryimage"},"image":{"@id":"https:\/\/www.notibras.com\/site\/cepi-de-planaltina-inicia-aulas-com-mais-vagas-infantis\/#primaryimage"},"thumbnailUrl":"https:\/\/www.notibras.com\/site\/wp-content\/uploads\/2024\/02\/Capa-2-Copia-1536x1024-1.jpg","datePublished":"2024-02-28T03:00:43+00:00","dateModified":"2024-02-28T14:39:24+00:00","breadcrumb":{"@id":"https:\/\/www.notibras.com\/site\/cepi-de-planaltina-inicia-aulas-com-mais-vagas-infantis\/#breadcrumb"},"inLanguage":"pt-BR","potentialAction":[{"@type":"ReadAction","target":["https:\/\/www.notibras.com\/site\/cepi-de-planaltina-inicia-aulas-com-mais-vagas-infantis\/"]}]},{"@type":"ImageObject","inLanguage":"pt-BR","@id":"https:\/\/www.notibras.com\/site\/cepi-de-planaltina-inicia-aulas-com-mais-vagas-infantis\/#primaryimage","url":"https:\/\/www.notibras.com\/site\/wp-content\/uploads\/2024\/02\/Capa-2-Copia-1536x1024-1.jpg","contentUrl":"https:\/\/www.notibras.com\/site\/wp-content\/uploads\/2024\/02\/Capa-2-Copia-1536x1024-1.jpg","width":1536,"height":1024},{"@type":"BreadcrumbList","@id":"https:\/\/www.notibras.com\/site\/cepi-de-planaltina-inicia-aulas-com-mais-vagas-infantis\/#breadcrumb","itemListElement":[{"@type":"ListItem","position":1,"name":"In\u00edcio","item":"https:\/\/www.notibras.com\/site\/"},{"@type":"ListItem","position":2,"name":"Cepi de Planaltina inicia aulas com mais vagas infantis"}]},{"@type":"WebSite","@id":"https:\/\/www.notibras.com\/site\/#website","url":"https:\/\/www.notibras.com\/site\/","name":"Notibras","description":"Not\u00edcias de Bras\u00edlia, do Brasil e do Mundo","publisher":{"@id":"https:\/\/www.notibras.com\/site\/#organization"},"potentialAction":[{"@type":"SearchAction","target":{"@type":"EntryPoint","urlTemplate":"https:\/\/www.notibras.com\/site\/?s={search_term_string}"},"query-input":{"@type":"PropertyValueSpecification","valueRequired":true,"valueName":"search_term_string"}}],"inLanguage":"pt-BR"},{"@type":"Organization","@id":"https:\/\/www.notibras.com\/site\/#organization","name":"Grupo Notibras de Comunica\u00e7\u00e3o","url":"https:\/\/www.notibras.com\/site\/","logo":{"@type":"ImageObject","inLanguage":"pt-BR","@id":"https:\/\/www.notibras.com\/site\/#\/schema\/logo\/image\/","url":"https:\/\/www.notibras.com\/site\/wp-content\/uploads\/2023\/01\/notibras23.png","contentUrl":"https:\/\/www.notibras.com\/site\/wp-content\/uploads\/2023\/01\/notibras23.png","width":350,"height":87,"caption":"Grupo Notibras de Comunica\u00e7\u00e3o"},"image":{"@id":"https:\/\/www.notibras.com\/site\/#\/schema\/logo\/image\/"},"sameAs":["https:\/\/www.facebook.com\/notibras\/","https:\/\/x.com\/Notibras","https:\/\/www.instagram.com\/notibras\/"]},{"@type":"Person","@id":"https:\/\/www.notibras.com\/site\/#\/schema\/person\/36ab0979449956132d3e5b517ea76ac8","name":"Reda\u00e7\u00e3o","image":{"@type":"ImageObject","inLanguage":"pt-BR","@id":"https:\/\/secure.gravatar.com\/avatar\/e0a867bdedb85fd243eadf09663511f96fc81e0720a4a42581f334ad4303aa6b?s=96&d=mm&r=g","url":"https:\/\/secure.gravatar.com\/avatar\/e0a867bdedb85fd243eadf09663511f96fc81e0720a4a42581f334ad4303aa6b?s=96&d=mm&r=g","contentUrl":"https:\/\/secure.gravatar.com\/avatar\/e0a867bdedb85fd243eadf09663511f96fc81e0720a4a42581f334ad4303aa6b?s=96&d=mm&r=g","caption":"Reda\u00e7\u00e3o"}}]}},"amp_enabled":true,"_links":{"self":[{"href":"https:\/\/www.notibras.com\/site\/wp-json\/wp\/v2\/posts\/323376","targetHints":{"allow":["GET"]}}],"collection":[{"href":"https:\/\/www.notibras.com\/site\/wp-json\/wp\/v2\/posts"}],"about":[{"href":"https:\/\/www.notibras.com\/site\/wp-json\/wp\/v2\/types\/post"}],"author":[{"embeddable":true,"href":"https:\/\/www.notibras.com\/site\/wp-json\/wp\/v2\/users\/2"}],"replies":[{"embeddable":true,"href":"https:\/\/www.notibras.com\/site\/wp-json\/wp\/v2\/comments?post=323376"}],"version-history":[{"count":1,"href":"https:\/\/www.notibras.com\/site\/wp-json\/wp\/v2\/posts\/323376\/revisions"}],"predecessor-version":[{"id":323378,"href":"https:\/\/www.notibras.com\/site\/wp-json\/wp\/v2\/posts\/323376\/revisions\/323378"}],"wp:featuredmedia":[{"embeddable":true,"href":"https:\/\/www.notibras.com\/site\/wp-json\/wp\/v2\/media\/323377"}],"wp:attachment":[{"href":"https:\/\/www.notibras.com\/site\/wp-json\/wp\/v2\/media?parent=323376"}],"wp:term":[{"taxonomy":"category","embeddable":true,"href":"https:\/\/www.notibras.com\/site\/wp-json\/wp\/v2\/categories?post=323376"},{"taxonomy":"post_tag","embeddable":true,"href":"https:\/\/www.notibras.com\/site\/wp-json\/wp\/v2\/tags?post=323376"}],"curies":[{"name":"wp","href":"https:\/\/api.w.org\/{rel}","templated":true}]}}