{"id":323434,"date":"2024-02-29T08:02:10","date_gmt":"2024-02-29T11:02:10","guid":{"rendered":"https:\/\/www.notibras.com\/site\/?p=323434"},"modified":"2024-02-29T09:07:48","modified_gmt":"2024-02-29T12:07:48","slug":"agentes-da-5a-cacam-ladroes-que-furtaram-shopping-brasil","status":"publish","type":"post","link":"https:\/\/www.notibras.com\/site\/agentes-da-5a-cacam-ladroes-que-furtaram-shopping-brasil\/","title":{"rendered":"Agentes da 5\u00aa ca\u00e7am ladr\u00f5es que furtaram Shopping Brasil"},"content":{"rendered":"<p>A Pol\u00edcia Civil, por meio da 5\u00aa DP, deflagrou nesta quinta, 29, a opera\u00e7\u00e3o Bad Brothers, para cumprir dois mandados de pris\u00e3o e de 3 mandados de busca e apreens\u00e3o, contra um grupo criminoso especializado em furtar estabelecimentos comerciais situados em shopping centers.<\/p>\n<p>A investiga\u00e7\u00e3o policial teve in\u00edcio ap\u00f3s o bando ter furtado uma loja do P\u00e1tio Brasil, no \u00faltimo dia 18, de onde levaram mercadorias avaliadas em mais de 15 mil reais.<\/p>\n<p>A a\u00e7\u00e3o criminosa foi praticada logo depois do fechamento da loja, tendo os autores, dois homens e duas mulheres, utilizado um controle clonado para abrir a porta autom\u00e1tica da loja e invadirem o estabelecimento comercial.<\/p>\n<p>Dois dos autores, um homem de 29 anos de idade e uma mulher de 31 anos de idade, foram identificados pelos agentes da 5\u00aa DP horas ap\u00f3s o crime. Eles s\u00e3o irm\u00e3os e possuem passagens policiais por furtos em estabelecimentos comerciais<\/p>\n<p>Ap\u00f3s a identifica\u00e7\u00e3o deles, foram realizadas buscas na casa do homem, ocasi\u00e3o em que foram encontrados diversos bens levados de estabelecimentos comerciais, al\u00e9m de 21 mil reais.<\/p>\n<p>Os bens e valores encontrados foram apreendidos, mas os autores e a maioria dos bens subtra\u00eddos n\u00e3o foram localizados. O bando mora em Ceil\u00e2ndia, mas n\u00e3o foram encontrados durante as buscas e seguem foragidos da justi\u00e7a.<\/p>\n<p>Junto com imagens, a pol\u00edcia tamb\u00e9m divulgou nomes de dois dos criminosos: Bruna da Silva de Lima Chimiti e William da Silva Shimiti.<\/p>\n","protected":false},"excerpt":{"rendered":"<p>A Pol\u00edcia Civil, por meio da 5\u00aa DP, deflagrou nesta quinta, 29, a opera\u00e7\u00e3o Bad Brothers, para cumprir dois mandados de pris\u00e3o e de 3 mandados de busca e apreens\u00e3o, contra um grupo criminoso especializado em furtar estabelecimentos comerciais situados em shopping centers. A investiga\u00e7\u00e3o policial teve in\u00edcio ap\u00f3s o bando ter furtado uma loja [&hellip;]<\/p>\n","protected":false},"author":2,"featured_media":323435,"comment_status":"closed","ping_status":"closed","sticky":false,"template":"","format":"standard","meta":{"_acf_changed":false,"footnotes":""},"categories":[161],"tags":[],"class_list":["post-323434","post","type-post","status-publish","format-standard","has-post-thumbnail","hentry","category-quadradinho-em-foco"],"acf":[],"yoast_head":"<!-- This site is optimized with the Yoast SEO plugin v27.2 - https:\/\/yoast.com\/product\/yoast-seo-wordpress\/ -->\n<title>Agentes da 5\u00aa ca\u00e7am ladr\u00f5es que furtaram Shopping Brasil - Notibras<\/title>\n<meta name=\"robots\" content=\"index, follow, max-snippet:-1, max-image-preview:large, max-video-preview:-1\" \/>\n<link rel=\"canonical\" href=\"https:\/\/www.notibras.com\/site\/agentes-da-5a-cacam-ladroes-que-furtaram-shopping-brasil\/\" \/>\n<meta property=\"og:locale\" content=\"pt_BR\" \/>\n<meta property=\"og:type\" content=\"article\" \/>\n<meta property=\"og:title\" content=\"Agentes da 5\u00aa ca\u00e7am ladr\u00f5es que furtaram Shopping Brasil - Notibras\" \/>\n<meta property=\"og:description\" content=\"A Pol\u00edcia Civil, por meio da 5\u00aa DP, deflagrou nesta quinta, 29, a opera\u00e7\u00e3o Bad Brothers, para cumprir dois mandados de pris\u00e3o e de 3 mandados de busca e apreens\u00e3o, contra um grupo criminoso especializado em furtar estabelecimentos comerciais situados em shopping centers. A investiga\u00e7\u00e3o policial teve in\u00edcio ap\u00f3s o bando ter furtado uma loja [&hellip;]\" \/>\n<meta property=\"og:url\" content=\"https:\/\/www.notibras.com\/site\/agentes-da-5a-cacam-ladroes-que-furtaram-shopping-brasil\/\" \/>\n<meta property=\"og:site_name\" content=\"Notibras\" \/>\n<meta property=\"article:publisher\" content=\"https:\/\/www.facebook.com\/notibras\/\" \/>\n<meta property=\"article:published_time\" content=\"2024-02-29T11:02:10+00:00\" \/>\n<meta property=\"article:modified_time\" content=\"2024-02-29T12:07:48+00:00\" \/>\n<meta property=\"og:image\" content=\"https:\/\/www.notibras.com\/site\/wp-content\/uploads\/2024\/02\/4b978f3e-235e-45bf-ae94-9eb887df10d1.jpeg\" \/>\n\t<meta property=\"og:image:width\" content=\"1200\" \/>\n\t<meta property=\"og:image:height\" content=\"1600\" \/>\n\t<meta property=\"og:image:type\" content=\"image\/jpeg\" \/>\n<meta name=\"author\" content=\"Reda\u00e7\u00e3o\" \/>\n<meta name=\"twitter:card\" content=\"summary_large_image\" \/>\n<meta name=\"twitter:creator\" content=\"@Notibras\" \/>\n<meta name=\"twitter:site\" content=\"@Notibras\" \/>\n<meta name=\"twitter:label1\" content=\"Escrito por\" \/>\n\t<meta name=\"twitter:data1\" content=\"Reda\u00e7\u00e3o\" \/>\n\t<meta name=\"twitter:label2\" content=\"Est. tempo de leitura\" \/>\n\t<meta name=\"twitter:data2\" content=\"2 minutos\" \/>\n<script type=\"application\/ld+json\" class=\"yoast-schema-graph\">{\"@context\":\"https:\/\/schema.org\",\"@graph\":[{\"@type\":\"Article\",\"@id\":\"https:\/\/www.notibras.com\/site\/agentes-da-5a-cacam-ladroes-que-furtaram-shopping-brasil\/#article\",\"isPartOf\":{\"@id\":\"https:\/\/www.notibras.com\/site\/agentes-da-5a-cacam-ladroes-que-furtaram-shopping-brasil\/\"},\"author\":{\"name\":\"Reda\u00e7\u00e3o\",\"@id\":\"https:\/\/www.notibras.com\/site\/#\/schema\/person\/36ab0979449956132d3e5b517ea76ac8\"},\"headline\":\"Agentes da 5\u00aa ca\u00e7am ladr\u00f5es que furtaram Shopping Brasil\",\"datePublished\":\"2024-02-29T11:02:10+00:00\",\"dateModified\":\"2024-02-29T12:07:48+00:00\",\"mainEntityOfPage\":{\"@id\":\"https:\/\/www.notibras.com\/site\/agentes-da-5a-cacam-ladroes-que-furtaram-shopping-brasil\/\"},\"wordCount\":260,\"publisher\":{\"@id\":\"https:\/\/www.notibras.com\/site\/#organization\"},\"image\":{\"@id\":\"https:\/\/www.notibras.com\/site\/agentes-da-5a-cacam-ladroes-que-furtaram-shopping-brasil\/#primaryimage\"},\"thumbnailUrl\":\"https:\/\/www.notibras.com\/site\/wp-content\/uploads\/2024\/02\/4b978f3e-235e-45bf-ae94-9eb887df10d1.jpeg\",\"articleSection\":[\"Quadradinho em Foco\"],\"inLanguage\":\"pt-BR\"},{\"@type\":\"WebPage\",\"@id\":\"https:\/\/www.notibras.com\/site\/agentes-da-5a-cacam-ladroes-que-furtaram-shopping-brasil\/\",\"url\":\"https:\/\/www.notibras.com\/site\/agentes-da-5a-cacam-ladroes-que-furtaram-shopping-brasil\/\",\"name\":\"Agentes da 5\u00aa ca\u00e7am ladr\u00f5es que furtaram Shopping Brasil - Notibras\",\"isPartOf\":{\"@id\":\"https:\/\/www.notibras.com\/site\/#website\"},\"primaryImageOfPage\":{\"@id\":\"https:\/\/www.notibras.com\/site\/agentes-da-5a-cacam-ladroes-que-furtaram-shopping-brasil\/#primaryimage\"},\"image\":{\"@id\":\"https:\/\/www.notibras.com\/site\/agentes-da-5a-cacam-ladroes-que-furtaram-shopping-brasil\/#primaryimage\"},\"thumbnailUrl\":\"https:\/\/www.notibras.com\/site\/wp-content\/uploads\/2024\/02\/4b978f3e-235e-45bf-ae94-9eb887df10d1.jpeg\",\"datePublished\":\"2024-02-29T11:02:10+00:00\",\"dateModified\":\"2024-02-29T12:07:48+00:00\",\"breadcrumb\":{\"@id\":\"https:\/\/www.notibras.com\/site\/agentes-da-5a-cacam-ladroes-que-furtaram-shopping-brasil\/#breadcrumb\"},\"inLanguage\":\"pt-BR\",\"potentialAction\":[{\"@type\":\"ReadAction\",\"target\":[\"https:\/\/www.notibras.com\/site\/agentes-da-5a-cacam-ladroes-que-furtaram-shopping-brasil\/\"]}]},{\"@type\":\"ImageObject\",\"inLanguage\":\"pt-BR\",\"@id\":\"https:\/\/www.notibras.com\/site\/agentes-da-5a-cacam-ladroes-que-furtaram-shopping-brasil\/#primaryimage\",\"url\":\"https:\/\/www.notibras.com\/site\/wp-content\/uploads\/2024\/02\/4b978f3e-235e-45bf-ae94-9eb887df10d1.jpeg\",\"contentUrl\":\"https:\/\/www.notibras.com\/site\/wp-content\/uploads\/2024\/02\/4b978f3e-235e-45bf-ae94-9eb887df10d1.jpeg\",\"width\":1200,\"height\":1600},{\"@type\":\"BreadcrumbList\",\"@id\":\"https:\/\/www.notibras.com\/site\/agentes-da-5a-cacam-ladroes-que-furtaram-shopping-brasil\/#breadcrumb\",\"itemListElement\":[{\"@type\":\"ListItem\",\"position\":1,\"name\":\"In\u00edcio\",\"item\":\"https:\/\/www.notibras.com\/site\/\"},{\"@type\":\"ListItem\",\"position\":2,\"name\":\"Agentes da 5\u00aa ca\u00e7am ladr\u00f5es que furtaram Shopping Brasil\"}]},{\"@type\":\"WebSite\",\"@id\":\"https:\/\/www.notibras.com\/site\/#website\",\"url\":\"https:\/\/www.notibras.com\/site\/\",\"name\":\"Notibras\",\"description\":\"Not\u00edcias de Bras\u00edlia, do Brasil e do Mundo\",\"publisher\":{\"@id\":\"https:\/\/www.notibras.com\/site\/#organization\"},\"potentialAction\":[{\"@type\":\"SearchAction\",\"target\":{\"@type\":\"EntryPoint\",\"urlTemplate\":\"https:\/\/www.notibras.com\/site\/?s={search_term_string}\"},\"query-input\":{\"@type\":\"PropertyValueSpecification\",\"valueRequired\":true,\"valueName\":\"search_term_string\"}}],\"inLanguage\":\"pt-BR\"},{\"@type\":\"Organization\",\"@id\":\"https:\/\/www.notibras.com\/site\/#organization\",\"name\":\"Grupo Notibras de Comunica\u00e7\u00e3o\",\"url\":\"https:\/\/www.notibras.com\/site\/\",\"logo\":{\"@type\":\"ImageObject\",\"inLanguage\":\"pt-BR\",\"@id\":\"https:\/\/www.notibras.com\/site\/#\/schema\/logo\/image\/\",\"url\":\"https:\/\/www.notibras.com\/site\/wp-content\/uploads\/2023\/01\/notibras23.png\",\"contentUrl\":\"https:\/\/www.notibras.com\/site\/wp-content\/uploads\/2023\/01\/notibras23.png\",\"width\":350,\"height\":87,\"caption\":\"Grupo Notibras de Comunica\u00e7\u00e3o\"},\"image\":{\"@id\":\"https:\/\/www.notibras.com\/site\/#\/schema\/logo\/image\/\"},\"sameAs\":[\"https:\/\/www.facebook.com\/notibras\/\",\"https:\/\/x.com\/Notibras\",\"https:\/\/www.instagram.com\/notibras\/\"]},{\"@type\":\"Person\",\"@id\":\"https:\/\/www.notibras.com\/site\/#\/schema\/person\/36ab0979449956132d3e5b517ea76ac8\",\"name\":\"Reda\u00e7\u00e3o\",\"image\":{\"@type\":\"ImageObject\",\"inLanguage\":\"pt-BR\",\"@id\":\"https:\/\/secure.gravatar.com\/avatar\/e0a867bdedb85fd243eadf09663511f96fc81e0720a4a42581f334ad4303aa6b?s=96&d=mm&r=g\",\"url\":\"https:\/\/secure.gravatar.com\/avatar\/e0a867bdedb85fd243eadf09663511f96fc81e0720a4a42581f334ad4303aa6b?s=96&d=mm&r=g\",\"contentUrl\":\"https:\/\/secure.gravatar.com\/avatar\/e0a867bdedb85fd243eadf09663511f96fc81e0720a4a42581f334ad4303aa6b?s=96&d=mm&r=g\",\"caption\":\"Reda\u00e7\u00e3o\"}}]}<\/script>\n<!-- \/ Yoast SEO plugin. -->","yoast_head_json":{"title":"Agentes da 5\u00aa ca\u00e7am ladr\u00f5es que furtaram Shopping Brasil - Notibras","robots":{"index":"index","follow":"follow","max-snippet":"max-snippet:-1","max-image-preview":"max-image-preview:large","max-video-preview":"max-video-preview:-1"},"canonical":"https:\/\/www.notibras.com\/site\/agentes-da-5a-cacam-ladroes-que-furtaram-shopping-brasil\/","og_locale":"pt_BR","og_type":"article","og_title":"Agentes da 5\u00aa ca\u00e7am ladr\u00f5es que furtaram Shopping Brasil - Notibras","og_description":"A Pol\u00edcia Civil, por meio da 5\u00aa DP, deflagrou nesta quinta, 29, a opera\u00e7\u00e3o Bad Brothers, para cumprir dois mandados de pris\u00e3o e de 3 mandados de busca e apreens\u00e3o, contra um grupo criminoso especializado em furtar estabelecimentos comerciais situados em shopping centers. A investiga\u00e7\u00e3o policial teve in\u00edcio ap\u00f3s o bando ter furtado uma loja [&hellip;]","og_url":"https:\/\/www.notibras.com\/site\/agentes-da-5a-cacam-ladroes-que-furtaram-shopping-brasil\/","og_site_name":"Notibras","article_publisher":"https:\/\/www.facebook.com\/notibras\/","article_published_time":"2024-02-29T11:02:10+00:00","article_modified_time":"2024-02-29T12:07:48+00:00","og_image":[{"width":1200,"height":1600,"url":"https:\/\/www.notibras.com\/site\/wp-content\/uploads\/2024\/02\/4b978f3e-235e-45bf-ae94-9eb887df10d1.jpeg","type":"image\/jpeg"}],"author":"Reda\u00e7\u00e3o","twitter_card":"summary_large_image","twitter_creator":"@Notibras","twitter_site":"@Notibras","twitter_misc":{"Escrito por":"Reda\u00e7\u00e3o","Est. tempo de leitura":"2 minutos"},"schema":{"@context":"https:\/\/schema.org","@graph":[{"@type":"Article","@id":"https:\/\/www.notibras.com\/site\/agentes-da-5a-cacam-ladroes-que-furtaram-shopping-brasil\/#article","isPartOf":{"@id":"https:\/\/www.notibras.com\/site\/agentes-da-5a-cacam-ladroes-que-furtaram-shopping-brasil\/"},"author":{"name":"Reda\u00e7\u00e3o","@id":"https:\/\/www.notibras.com\/site\/#\/schema\/person\/36ab0979449956132d3e5b517ea76ac8"},"headline":"Agentes da 5\u00aa ca\u00e7am ladr\u00f5es que furtaram Shopping Brasil","datePublished":"2024-02-29T11:02:10+00:00","dateModified":"2024-02-29T12:07:48+00:00","mainEntityOfPage":{"@id":"https:\/\/www.notibras.com\/site\/agentes-da-5a-cacam-ladroes-que-furtaram-shopping-brasil\/"},"wordCount":260,"publisher":{"@id":"https:\/\/www.notibras.com\/site\/#organization"},"image":{"@id":"https:\/\/www.notibras.com\/site\/agentes-da-5a-cacam-ladroes-que-furtaram-shopping-brasil\/#primaryimage"},"thumbnailUrl":"https:\/\/www.notibras.com\/site\/wp-content\/uploads\/2024\/02\/4b978f3e-235e-45bf-ae94-9eb887df10d1.jpeg","articleSection":["Quadradinho em Foco"],"inLanguage":"pt-BR"},{"@type":"WebPage","@id":"https:\/\/www.notibras.com\/site\/agentes-da-5a-cacam-ladroes-que-furtaram-shopping-brasil\/","url":"https:\/\/www.notibras.com\/site\/agentes-da-5a-cacam-ladroes-que-furtaram-shopping-brasil\/","name":"Agentes da 5\u00aa ca\u00e7am ladr\u00f5es que furtaram Shopping Brasil - Notibras","isPartOf":{"@id":"https:\/\/www.notibras.com\/site\/#website"},"primaryImageOfPage":{"@id":"https:\/\/www.notibras.com\/site\/agentes-da-5a-cacam-ladroes-que-furtaram-shopping-brasil\/#primaryimage"},"image":{"@id":"https:\/\/www.notibras.com\/site\/agentes-da-5a-cacam-ladroes-que-furtaram-shopping-brasil\/#primaryimage"},"thumbnailUrl":"https:\/\/www.notibras.com\/site\/wp-content\/uploads\/2024\/02\/4b978f3e-235e-45bf-ae94-9eb887df10d1.jpeg","datePublished":"2024-02-29T11:02:10+00:00","dateModified":"2024-02-29T12:07:48+00:00","breadcrumb":{"@id":"https:\/\/www.notibras.com\/site\/agentes-da-5a-cacam-ladroes-que-furtaram-shopping-brasil\/#breadcrumb"},"inLanguage":"pt-BR","potentialAction":[{"@type":"ReadAction","target":["https:\/\/www.notibras.com\/site\/agentes-da-5a-cacam-ladroes-que-furtaram-shopping-brasil\/"]}]},{"@type":"ImageObject","inLanguage":"pt-BR","@id":"https:\/\/www.notibras.com\/site\/agentes-da-5a-cacam-ladroes-que-furtaram-shopping-brasil\/#primaryimage","url":"https:\/\/www.notibras.com\/site\/wp-content\/uploads\/2024\/02\/4b978f3e-235e-45bf-ae94-9eb887df10d1.jpeg","contentUrl":"https:\/\/www.notibras.com\/site\/wp-content\/uploads\/2024\/02\/4b978f3e-235e-45bf-ae94-9eb887df10d1.jpeg","width":1200,"height":1600},{"@type":"BreadcrumbList","@id":"https:\/\/www.notibras.com\/site\/agentes-da-5a-cacam-ladroes-que-furtaram-shopping-brasil\/#breadcrumb","itemListElement":[{"@type":"ListItem","position":1,"name":"In\u00edcio","item":"https:\/\/www.notibras.com\/site\/"},{"@type":"ListItem","position":2,"name":"Agentes da 5\u00aa ca\u00e7am ladr\u00f5es que furtaram Shopping Brasil"}]},{"@type":"WebSite","@id":"https:\/\/www.notibras.com\/site\/#website","url":"https:\/\/www.notibras.com\/site\/","name":"Notibras","description":"Not\u00edcias de Bras\u00edlia, do Brasil e do Mundo","publisher":{"@id":"https:\/\/www.notibras.com\/site\/#organization"},"potentialAction":[{"@type":"SearchAction","target":{"@type":"EntryPoint","urlTemplate":"https:\/\/www.notibras.com\/site\/?s={search_term_string}"},"query-input":{"@type":"PropertyValueSpecification","valueRequired":true,"valueName":"search_term_string"}}],"inLanguage":"pt-BR"},{"@type":"Organization","@id":"https:\/\/www.notibras.com\/site\/#organization","name":"Grupo Notibras de Comunica\u00e7\u00e3o","url":"https:\/\/www.notibras.com\/site\/","logo":{"@type":"ImageObject","inLanguage":"pt-BR","@id":"https:\/\/www.notibras.com\/site\/#\/schema\/logo\/image\/","url":"https:\/\/www.notibras.com\/site\/wp-content\/uploads\/2023\/01\/notibras23.png","contentUrl":"https:\/\/www.notibras.com\/site\/wp-content\/uploads\/2023\/01\/notibras23.png","width":350,"height":87,"caption":"Grupo Notibras de Comunica\u00e7\u00e3o"},"image":{"@id":"https:\/\/www.notibras.com\/site\/#\/schema\/logo\/image\/"},"sameAs":["https:\/\/www.facebook.com\/notibras\/","https:\/\/x.com\/Notibras","https:\/\/www.instagram.com\/notibras\/"]},{"@type":"Person","@id":"https:\/\/www.notibras.com\/site\/#\/schema\/person\/36ab0979449956132d3e5b517ea76ac8","name":"Reda\u00e7\u00e3o","image":{"@type":"ImageObject","inLanguage":"pt-BR","@id":"https:\/\/secure.gravatar.com\/avatar\/e0a867bdedb85fd243eadf09663511f96fc81e0720a4a42581f334ad4303aa6b?s=96&d=mm&r=g","url":"https:\/\/secure.gravatar.com\/avatar\/e0a867bdedb85fd243eadf09663511f96fc81e0720a4a42581f334ad4303aa6b?s=96&d=mm&r=g","contentUrl":"https:\/\/secure.gravatar.com\/avatar\/e0a867bdedb85fd243eadf09663511f96fc81e0720a4a42581f334ad4303aa6b?s=96&d=mm&r=g","caption":"Reda\u00e7\u00e3o"}}]}},"amp_enabled":true,"_links":{"self":[{"href":"https:\/\/www.notibras.com\/site\/wp-json\/wp\/v2\/posts\/323434","targetHints":{"allow":["GET"]}}],"collection":[{"href":"https:\/\/www.notibras.com\/site\/wp-json\/wp\/v2\/posts"}],"about":[{"href":"https:\/\/www.notibras.com\/site\/wp-json\/wp\/v2\/types\/post"}],"author":[{"embeddable":true,"href":"https:\/\/www.notibras.com\/site\/wp-json\/wp\/v2\/users\/2"}],"replies":[{"embeddable":true,"href":"https:\/\/www.notibras.com\/site\/wp-json\/wp\/v2\/comments?post=323434"}],"version-history":[{"count":2,"href":"https:\/\/www.notibras.com\/site\/wp-json\/wp\/v2\/posts\/323434\/revisions"}],"predecessor-version":[{"id":323437,"href":"https:\/\/www.notibras.com\/site\/wp-json\/wp\/v2\/posts\/323434\/revisions\/323437"}],"wp:featuredmedia":[{"embeddable":true,"href":"https:\/\/www.notibras.com\/site\/wp-json\/wp\/v2\/media\/323435"}],"wp:attachment":[{"href":"https:\/\/www.notibras.com\/site\/wp-json\/wp\/v2\/media?parent=323434"}],"wp:term":[{"taxonomy":"category","embeddable":true,"href":"https:\/\/www.notibras.com\/site\/wp-json\/wp\/v2\/categories?post=323434"},{"taxonomy":"post_tag","embeddable":true,"href":"https:\/\/www.notibras.com\/site\/wp-json\/wp\/v2\/tags?post=323434"}],"curies":[{"name":"wp","href":"https:\/\/api.w.org\/{rel}","templated":true}]}}