{"id":323441,"date":"2024-02-29T08:09:08","date_gmt":"2024-02-29T11:09:08","guid":{"rendered":"https:\/\/www.notibras.com\/site\/?p=323441"},"modified":"2024-02-29T10:08:32","modified_gmt":"2024-02-29T13:08:32","slug":"pf-prende-empresarios-envolvidos-nos-atos-golpistas","status":"publish","type":"post","link":"https:\/\/www.notibras.com\/site\/pf-prende-empresarios-envolvidos-nos-atos-golpistas\/","title":{"rendered":"PF prende empres\u00e1rios envolvidos nos atos golpistas"},"content":{"rendered":"<p>A Pol\u00edcia Federal prendeu nesta quinta, 29, os empres\u00e1rios Joveci Xavier de Andrade e Adauto L\u00facio de Mesquita. Eles atuam no ramo de supervarejo e s\u00e3o suspeitos de financiarem os atos golpistas de 8 de janeiro do ano passado.<\/p>\n<p>As pris\u00e3o s\u00e3o parte da 25\u00aa fase da opera\u00e7\u00e3o Lesa P\u00e1tria, que investiga os ataques \u00e0s sedes dos tr\u00eas poderes da Rep\u00fablica. Agentes e deleghados federais cumprem 34 mandados judiciais: 24 de busca e apreens\u00e3o, tr\u00eas de pris\u00e3o e sete de monitoramento eletr\u00f4nico.<\/p>\n<p>As CPIs dos dos Atos Antidemocr\u00e1ticos da C\u00e2mara Legislativa do Distrito Federal e do Congresso Nacional, pediram o indiciamento dos empres\u00e1rios. Eles negam ter financiado o movimento, mas admitiram que estiverem reunidos com os golpistas.<\/p>\n<p>A partir dessas pris\u00f5es os policiais federais esperam chegar a outros &#8216;peixes gra\u00fados&#8217; de Bras\u00edlia, embora Joveci e Adauto n\u00e3o sejam considerados &#8216;meras piabas&#8217;. Para a PF, existe muita gente importante por tr\u00e1s da dupla.<\/p>\n","protected":false},"excerpt":{"rendered":"<p>A Pol\u00edcia Federal prendeu nesta quinta, 29, os empres\u00e1rios Joveci Xavier de Andrade e Adauto L\u00facio de Mesquita. Eles atuam no ramo de supervarejo e s\u00e3o suspeitos de financiarem os atos golpistas de 8 de janeiro do ano passado. As pris\u00e3o s\u00e3o parte da 25\u00aa fase da opera\u00e7\u00e3o Lesa P\u00e1tria, que investiga os ataques \u00e0s [&hellip;]<\/p>\n","protected":false},"author":2,"featured_media":323442,"comment_status":"closed","ping_status":"closed","sticky":false,"template":"","format":"standard","meta":{"_acf_changed":false,"footnotes":""},"categories":[161],"tags":[],"class_list":["post-323441","post","type-post","status-publish","format-standard","has-post-thumbnail","hentry","category-quadradinho-em-foco"],"acf":[],"yoast_head":"<!-- This site is optimized with the Yoast SEO plugin v27.2 - https:\/\/yoast.com\/product\/yoast-seo-wordpress\/ -->\n<title>PF prende empres\u00e1rios envolvidos nos atos golpistas - Notibras<\/title>\n<meta name=\"robots\" content=\"index, follow, max-snippet:-1, max-image-preview:large, max-video-preview:-1\" \/>\n<link rel=\"canonical\" href=\"https:\/\/www.notibras.com\/site\/pf-prende-empresarios-envolvidos-nos-atos-golpistas\/\" \/>\n<meta property=\"og:locale\" content=\"pt_BR\" \/>\n<meta property=\"og:type\" content=\"article\" \/>\n<meta property=\"og:title\" content=\"PF prende empres\u00e1rios envolvidos nos atos golpistas - Notibras\" \/>\n<meta property=\"og:description\" content=\"A Pol\u00edcia Federal prendeu nesta quinta, 29, os empres\u00e1rios Joveci Xavier de Andrade e Adauto L\u00facio de Mesquita. Eles atuam no ramo de supervarejo e s\u00e3o suspeitos de financiarem os atos golpistas de 8 de janeiro do ano passado. As pris\u00e3o s\u00e3o parte da 25\u00aa fase da opera\u00e7\u00e3o Lesa P\u00e1tria, que investiga os ataques \u00e0s [&hellip;]\" \/>\n<meta property=\"og:url\" content=\"https:\/\/www.notibras.com\/site\/pf-prende-empresarios-envolvidos-nos-atos-golpistas\/\" \/>\n<meta property=\"og:site_name\" content=\"Notibras\" \/>\n<meta property=\"article:publisher\" content=\"https:\/\/www.facebook.com\/notibras\/\" \/>\n<meta property=\"article:published_time\" content=\"2024-02-29T11:09:08+00:00\" \/>\n<meta property=\"article:modified_time\" content=\"2024-02-29T13:08:32+00:00\" \/>\n<meta property=\"og:image\" content=\"https:\/\/www.notibras.com\/site\/wp-content\/uploads\/2024\/02\/pf.8ja.df_.di_.webp\" \/>\n\t<meta property=\"og:image:width\" content=\"1170\" \/>\n\t<meta property=\"og:image:height\" content=\"700\" \/>\n\t<meta property=\"og:image:type\" content=\"image\/webp\" \/>\n<meta name=\"author\" content=\"Reda\u00e7\u00e3o\" \/>\n<meta name=\"twitter:card\" content=\"summary_large_image\" \/>\n<meta name=\"twitter:creator\" content=\"@Notibras\" \/>\n<meta name=\"twitter:site\" content=\"@Notibras\" \/>\n<meta name=\"twitter:label1\" content=\"Escrito por\" \/>\n\t<meta name=\"twitter:data1\" content=\"Reda\u00e7\u00e3o\" \/>\n\t<meta name=\"twitter:label2\" content=\"Est. tempo de leitura\" \/>\n\t<meta name=\"twitter:data2\" content=\"1 minuto\" \/>\n<script type=\"application\/ld+json\" class=\"yoast-schema-graph\">{\"@context\":\"https:\/\/schema.org\",\"@graph\":[{\"@type\":\"Article\",\"@id\":\"https:\/\/www.notibras.com\/site\/pf-prende-empresarios-envolvidos-nos-atos-golpistas\/#article\",\"isPartOf\":{\"@id\":\"https:\/\/www.notibras.com\/site\/pf-prende-empresarios-envolvidos-nos-atos-golpistas\/\"},\"author\":{\"name\":\"Reda\u00e7\u00e3o\",\"@id\":\"https:\/\/www.notibras.com\/site\/#\/schema\/person\/36ab0979449956132d3e5b517ea76ac8\"},\"headline\":\"PF prende empres\u00e1rios envolvidos nos atos golpistas\",\"datePublished\":\"2024-02-29T11:09:08+00:00\",\"dateModified\":\"2024-02-29T13:08:32+00:00\",\"mainEntityOfPage\":{\"@id\":\"https:\/\/www.notibras.com\/site\/pf-prende-empresarios-envolvidos-nos-atos-golpistas\/\"},\"wordCount\":177,\"publisher\":{\"@id\":\"https:\/\/www.notibras.com\/site\/#organization\"},\"image\":{\"@id\":\"https:\/\/www.notibras.com\/site\/pf-prende-empresarios-envolvidos-nos-atos-golpistas\/#primaryimage\"},\"thumbnailUrl\":\"https:\/\/www.notibras.com\/site\/wp-content\/uploads\/2024\/02\/pf.8ja.df_.di_.webp\",\"articleSection\":[\"Quadradinho em Foco\"],\"inLanguage\":\"pt-BR\"},{\"@type\":\"WebPage\",\"@id\":\"https:\/\/www.notibras.com\/site\/pf-prende-empresarios-envolvidos-nos-atos-golpistas\/\",\"url\":\"https:\/\/www.notibras.com\/site\/pf-prende-empresarios-envolvidos-nos-atos-golpistas\/\",\"name\":\"PF prende empres\u00e1rios envolvidos nos atos golpistas - Notibras\",\"isPartOf\":{\"@id\":\"https:\/\/www.notibras.com\/site\/#website\"},\"primaryImageOfPage\":{\"@id\":\"https:\/\/www.notibras.com\/site\/pf-prende-empresarios-envolvidos-nos-atos-golpistas\/#primaryimage\"},\"image\":{\"@id\":\"https:\/\/www.notibras.com\/site\/pf-prende-empresarios-envolvidos-nos-atos-golpistas\/#primaryimage\"},\"thumbnailUrl\":\"https:\/\/www.notibras.com\/site\/wp-content\/uploads\/2024\/02\/pf.8ja.df_.di_.webp\",\"datePublished\":\"2024-02-29T11:09:08+00:00\",\"dateModified\":\"2024-02-29T13:08:32+00:00\",\"breadcrumb\":{\"@id\":\"https:\/\/www.notibras.com\/site\/pf-prende-empresarios-envolvidos-nos-atos-golpistas\/#breadcrumb\"},\"inLanguage\":\"pt-BR\",\"potentialAction\":[{\"@type\":\"ReadAction\",\"target\":[\"https:\/\/www.notibras.com\/site\/pf-prende-empresarios-envolvidos-nos-atos-golpistas\/\"]}]},{\"@type\":\"ImageObject\",\"inLanguage\":\"pt-BR\",\"@id\":\"https:\/\/www.notibras.com\/site\/pf-prende-empresarios-envolvidos-nos-atos-golpistas\/#primaryimage\",\"url\":\"https:\/\/www.notibras.com\/site\/wp-content\/uploads\/2024\/02\/pf.8ja.df_.di_.webp\",\"contentUrl\":\"https:\/\/www.notibras.com\/site\/wp-content\/uploads\/2024\/02\/pf.8ja.df_.di_.webp\",\"width\":1170,\"height\":700},{\"@type\":\"BreadcrumbList\",\"@id\":\"https:\/\/www.notibras.com\/site\/pf-prende-empresarios-envolvidos-nos-atos-golpistas\/#breadcrumb\",\"itemListElement\":[{\"@type\":\"ListItem\",\"position\":1,\"name\":\"In\u00edcio\",\"item\":\"https:\/\/www.notibras.com\/site\/\"},{\"@type\":\"ListItem\",\"position\":2,\"name\":\"PF prende empres\u00e1rios envolvidos nos atos golpistas\"}]},{\"@type\":\"WebSite\",\"@id\":\"https:\/\/www.notibras.com\/site\/#website\",\"url\":\"https:\/\/www.notibras.com\/site\/\",\"name\":\"Notibras\",\"description\":\"Not\u00edcias de Bras\u00edlia, do Brasil e do Mundo\",\"publisher\":{\"@id\":\"https:\/\/www.notibras.com\/site\/#organization\"},\"potentialAction\":[{\"@type\":\"SearchAction\",\"target\":{\"@type\":\"EntryPoint\",\"urlTemplate\":\"https:\/\/www.notibras.com\/site\/?s={search_term_string}\"},\"query-input\":{\"@type\":\"PropertyValueSpecification\",\"valueRequired\":true,\"valueName\":\"search_term_string\"}}],\"inLanguage\":\"pt-BR\"},{\"@type\":\"Organization\",\"@id\":\"https:\/\/www.notibras.com\/site\/#organization\",\"name\":\"Grupo Notibras de Comunica\u00e7\u00e3o\",\"url\":\"https:\/\/www.notibras.com\/site\/\",\"logo\":{\"@type\":\"ImageObject\",\"inLanguage\":\"pt-BR\",\"@id\":\"https:\/\/www.notibras.com\/site\/#\/schema\/logo\/image\/\",\"url\":\"https:\/\/www.notibras.com\/site\/wp-content\/uploads\/2023\/01\/notibras23.png\",\"contentUrl\":\"https:\/\/www.notibras.com\/site\/wp-content\/uploads\/2023\/01\/notibras23.png\",\"width\":350,\"height\":87,\"caption\":\"Grupo Notibras de Comunica\u00e7\u00e3o\"},\"image\":{\"@id\":\"https:\/\/www.notibras.com\/site\/#\/schema\/logo\/image\/\"},\"sameAs\":[\"https:\/\/www.facebook.com\/notibras\/\",\"https:\/\/x.com\/Notibras\",\"https:\/\/www.instagram.com\/notibras\/\"]},{\"@type\":\"Person\",\"@id\":\"https:\/\/www.notibras.com\/site\/#\/schema\/person\/36ab0979449956132d3e5b517ea76ac8\",\"name\":\"Reda\u00e7\u00e3o\",\"image\":{\"@type\":\"ImageObject\",\"inLanguage\":\"pt-BR\",\"@id\":\"https:\/\/secure.gravatar.com\/avatar\/e0a867bdedb85fd243eadf09663511f96fc81e0720a4a42581f334ad4303aa6b?s=96&d=mm&r=g\",\"url\":\"https:\/\/secure.gravatar.com\/avatar\/e0a867bdedb85fd243eadf09663511f96fc81e0720a4a42581f334ad4303aa6b?s=96&d=mm&r=g\",\"contentUrl\":\"https:\/\/secure.gravatar.com\/avatar\/e0a867bdedb85fd243eadf09663511f96fc81e0720a4a42581f334ad4303aa6b?s=96&d=mm&r=g\",\"caption\":\"Reda\u00e7\u00e3o\"}}]}<\/script>\n<!-- \/ Yoast SEO plugin. -->","yoast_head_json":{"title":"PF prende empres\u00e1rios envolvidos nos atos golpistas - Notibras","robots":{"index":"index","follow":"follow","max-snippet":"max-snippet:-1","max-image-preview":"max-image-preview:large","max-video-preview":"max-video-preview:-1"},"canonical":"https:\/\/www.notibras.com\/site\/pf-prende-empresarios-envolvidos-nos-atos-golpistas\/","og_locale":"pt_BR","og_type":"article","og_title":"PF prende empres\u00e1rios envolvidos nos atos golpistas - Notibras","og_description":"A Pol\u00edcia Federal prendeu nesta quinta, 29, os empres\u00e1rios Joveci Xavier de Andrade e Adauto L\u00facio de Mesquita. Eles atuam no ramo de supervarejo e s\u00e3o suspeitos de financiarem os atos golpistas de 8 de janeiro do ano passado. As pris\u00e3o s\u00e3o parte da 25\u00aa fase da opera\u00e7\u00e3o Lesa P\u00e1tria, que investiga os ataques \u00e0s [&hellip;]","og_url":"https:\/\/www.notibras.com\/site\/pf-prende-empresarios-envolvidos-nos-atos-golpistas\/","og_site_name":"Notibras","article_publisher":"https:\/\/www.facebook.com\/notibras\/","article_published_time":"2024-02-29T11:09:08+00:00","article_modified_time":"2024-02-29T13:08:32+00:00","og_image":[{"width":1170,"height":700,"url":"https:\/\/www.notibras.com\/site\/wp-content\/uploads\/2024\/02\/pf.8ja.df_.di_.webp","type":"image\/webp"}],"author":"Reda\u00e7\u00e3o","twitter_card":"summary_large_image","twitter_creator":"@Notibras","twitter_site":"@Notibras","twitter_misc":{"Escrito por":"Reda\u00e7\u00e3o","Est. tempo de leitura":"1 minuto"},"schema":{"@context":"https:\/\/schema.org","@graph":[{"@type":"Article","@id":"https:\/\/www.notibras.com\/site\/pf-prende-empresarios-envolvidos-nos-atos-golpistas\/#article","isPartOf":{"@id":"https:\/\/www.notibras.com\/site\/pf-prende-empresarios-envolvidos-nos-atos-golpistas\/"},"author":{"name":"Reda\u00e7\u00e3o","@id":"https:\/\/www.notibras.com\/site\/#\/schema\/person\/36ab0979449956132d3e5b517ea76ac8"},"headline":"PF prende empres\u00e1rios envolvidos nos atos golpistas","datePublished":"2024-02-29T11:09:08+00:00","dateModified":"2024-02-29T13:08:32+00:00","mainEntityOfPage":{"@id":"https:\/\/www.notibras.com\/site\/pf-prende-empresarios-envolvidos-nos-atos-golpistas\/"},"wordCount":177,"publisher":{"@id":"https:\/\/www.notibras.com\/site\/#organization"},"image":{"@id":"https:\/\/www.notibras.com\/site\/pf-prende-empresarios-envolvidos-nos-atos-golpistas\/#primaryimage"},"thumbnailUrl":"https:\/\/www.notibras.com\/site\/wp-content\/uploads\/2024\/02\/pf.8ja.df_.di_.webp","articleSection":["Quadradinho em Foco"],"inLanguage":"pt-BR"},{"@type":"WebPage","@id":"https:\/\/www.notibras.com\/site\/pf-prende-empresarios-envolvidos-nos-atos-golpistas\/","url":"https:\/\/www.notibras.com\/site\/pf-prende-empresarios-envolvidos-nos-atos-golpistas\/","name":"PF prende empres\u00e1rios envolvidos nos atos golpistas - Notibras","isPartOf":{"@id":"https:\/\/www.notibras.com\/site\/#website"},"primaryImageOfPage":{"@id":"https:\/\/www.notibras.com\/site\/pf-prende-empresarios-envolvidos-nos-atos-golpistas\/#primaryimage"},"image":{"@id":"https:\/\/www.notibras.com\/site\/pf-prende-empresarios-envolvidos-nos-atos-golpistas\/#primaryimage"},"thumbnailUrl":"https:\/\/www.notibras.com\/site\/wp-content\/uploads\/2024\/02\/pf.8ja.df_.di_.webp","datePublished":"2024-02-29T11:09:08+00:00","dateModified":"2024-02-29T13:08:32+00:00","breadcrumb":{"@id":"https:\/\/www.notibras.com\/site\/pf-prende-empresarios-envolvidos-nos-atos-golpistas\/#breadcrumb"},"inLanguage":"pt-BR","potentialAction":[{"@type":"ReadAction","target":["https:\/\/www.notibras.com\/site\/pf-prende-empresarios-envolvidos-nos-atos-golpistas\/"]}]},{"@type":"ImageObject","inLanguage":"pt-BR","@id":"https:\/\/www.notibras.com\/site\/pf-prende-empresarios-envolvidos-nos-atos-golpistas\/#primaryimage","url":"https:\/\/www.notibras.com\/site\/wp-content\/uploads\/2024\/02\/pf.8ja.df_.di_.webp","contentUrl":"https:\/\/www.notibras.com\/site\/wp-content\/uploads\/2024\/02\/pf.8ja.df_.di_.webp","width":1170,"height":700},{"@type":"BreadcrumbList","@id":"https:\/\/www.notibras.com\/site\/pf-prende-empresarios-envolvidos-nos-atos-golpistas\/#breadcrumb","itemListElement":[{"@type":"ListItem","position":1,"name":"In\u00edcio","item":"https:\/\/www.notibras.com\/site\/"},{"@type":"ListItem","position":2,"name":"PF prende empres\u00e1rios envolvidos nos atos golpistas"}]},{"@type":"WebSite","@id":"https:\/\/www.notibras.com\/site\/#website","url":"https:\/\/www.notibras.com\/site\/","name":"Notibras","description":"Not\u00edcias de Bras\u00edlia, do Brasil e do Mundo","publisher":{"@id":"https:\/\/www.notibras.com\/site\/#organization"},"potentialAction":[{"@type":"SearchAction","target":{"@type":"EntryPoint","urlTemplate":"https:\/\/www.notibras.com\/site\/?s={search_term_string}"},"query-input":{"@type":"PropertyValueSpecification","valueRequired":true,"valueName":"search_term_string"}}],"inLanguage":"pt-BR"},{"@type":"Organization","@id":"https:\/\/www.notibras.com\/site\/#organization","name":"Grupo Notibras de Comunica\u00e7\u00e3o","url":"https:\/\/www.notibras.com\/site\/","logo":{"@type":"ImageObject","inLanguage":"pt-BR","@id":"https:\/\/www.notibras.com\/site\/#\/schema\/logo\/image\/","url":"https:\/\/www.notibras.com\/site\/wp-content\/uploads\/2023\/01\/notibras23.png","contentUrl":"https:\/\/www.notibras.com\/site\/wp-content\/uploads\/2023\/01\/notibras23.png","width":350,"height":87,"caption":"Grupo Notibras de Comunica\u00e7\u00e3o"},"image":{"@id":"https:\/\/www.notibras.com\/site\/#\/schema\/logo\/image\/"},"sameAs":["https:\/\/www.facebook.com\/notibras\/","https:\/\/x.com\/Notibras","https:\/\/www.instagram.com\/notibras\/"]},{"@type":"Person","@id":"https:\/\/www.notibras.com\/site\/#\/schema\/person\/36ab0979449956132d3e5b517ea76ac8","name":"Reda\u00e7\u00e3o","image":{"@type":"ImageObject","inLanguage":"pt-BR","@id":"https:\/\/secure.gravatar.com\/avatar\/e0a867bdedb85fd243eadf09663511f96fc81e0720a4a42581f334ad4303aa6b?s=96&d=mm&r=g","url":"https:\/\/secure.gravatar.com\/avatar\/e0a867bdedb85fd243eadf09663511f96fc81e0720a4a42581f334ad4303aa6b?s=96&d=mm&r=g","contentUrl":"https:\/\/secure.gravatar.com\/avatar\/e0a867bdedb85fd243eadf09663511f96fc81e0720a4a42581f334ad4303aa6b?s=96&d=mm&r=g","caption":"Reda\u00e7\u00e3o"}}]}},"amp_enabled":true,"_links":{"self":[{"href":"https:\/\/www.notibras.com\/site\/wp-json\/wp\/v2\/posts\/323441","targetHints":{"allow":["GET"]}}],"collection":[{"href":"https:\/\/www.notibras.com\/site\/wp-json\/wp\/v2\/posts"}],"about":[{"href":"https:\/\/www.notibras.com\/site\/wp-json\/wp\/v2\/types\/post"}],"author":[{"embeddable":true,"href":"https:\/\/www.notibras.com\/site\/wp-json\/wp\/v2\/users\/2"}],"replies":[{"embeddable":true,"href":"https:\/\/www.notibras.com\/site\/wp-json\/wp\/v2\/comments?post=323441"}],"version-history":[{"count":1,"href":"https:\/\/www.notibras.com\/site\/wp-json\/wp\/v2\/posts\/323441\/revisions"}],"predecessor-version":[{"id":323443,"href":"https:\/\/www.notibras.com\/site\/wp-json\/wp\/v2\/posts\/323441\/revisions\/323443"}],"wp:featuredmedia":[{"embeddable":true,"href":"https:\/\/www.notibras.com\/site\/wp-json\/wp\/v2\/media\/323442"}],"wp:attachment":[{"href":"https:\/\/www.notibras.com\/site\/wp-json\/wp\/v2\/media?parent=323441"}],"wp:term":[{"taxonomy":"category","embeddable":true,"href":"https:\/\/www.notibras.com\/site\/wp-json\/wp\/v2\/categories?post=323441"},{"taxonomy":"post_tag","embeddable":true,"href":"https:\/\/www.notibras.com\/site\/wp-json\/wp\/v2\/tags?post=323441"}],"curies":[{"name":"wp","href":"https:\/\/api.w.org\/{rel}","templated":true}]}}