{"id":323471,"date":"2024-02-29T10:43:23","date_gmt":"2024-02-29T13:43:23","guid":{"rendered":"https:\/\/www.notibras.com\/site\/?p=323471"},"modified":"2024-02-29T12:45:29","modified_gmt":"2024-02-29T15:45:29","slug":"policia-apreende-100-mil-em-acao-contra-trafico","status":"publish","type":"post","link":"https:\/\/www.notibras.com\/site\/policia-apreende-100-mil-em-acao-contra-trafico\/","title":{"rendered":"Pol\u00edcia apreende 100 mil em a\u00e7\u00e3o contra tr\u00e1fico"},"content":{"rendered":"<p>A For\u00e7a Integrada de Combate ao Crime Organizado do Rio Grande do Norte (Ficco\/RN) deflagrou, nesta quinta-feira (29), uma opera\u00e7\u00e3o policial contra supostos membros de uma organiza\u00e7\u00e3o criminosa que controla parte da distribui\u00e7\u00e3o de drogas na capital do estado, Natal.<\/p>\n<p>Investiga\u00e7\u00f5es preliminares apontam que os l\u00edderes do grupo atuam de dentro do sistema prisional estadual, por meio de ordens e orienta\u00e7\u00f5es transmitidas a outros integrantes da fac\u00e7\u00e3o com a ajuda de um advogado, tamb\u00e9m alvo da opera\u00e7\u00e3o.<\/p>\n<p>Segundo os investigadores, um subgrupo era respons\u00e1vel por dissimular a origem e a natureza do dinheiro movimentado com o tr\u00e1fico de drogas il\u00edcitas, comprando e negociando im\u00f3veis e ve\u00edculos em nomes de outras pessoas.<\/p>\n<p>Ao cumprir os 11 mandados de pris\u00e3o preventiva, sete de pris\u00e3o tempor\u00e1ria e 14 de busca e apreens\u00e3o expedidos pelo Tribunal de Justi\u00e7a do Rio Grande do Norte, os agentes apreenderam cerca de R$ 100 mil, al\u00e9m de escrituras de im\u00f3veis supostamente adquiridos com recursos il\u00edcitos. A Justi\u00e7a tamb\u00e9m determinou a indisponibilidade de bens de oito dos investigados.<\/p>\n<p>Os mandados foram cumpridos em Natal, Parnamirim e Po\u00e7o Branco. A opera\u00e7\u00e3o foi batizada com o nome de Malvaceae.<\/p>\n<p>A Ficco\/RN \u00e9 um grupo de trabalho permanente, composto por representantes das pol\u00edcias Federal (PF), Rodovi\u00e1ria Federal (PRF) e Penal, al\u00e9m das pol\u00edcias Militar e Civil e das secretarias da Administra\u00e7\u00e3o Penitenci\u00e1ria (Seap) e da Seguran\u00e7a P\u00fablica e da Defesa Social do Rio Grande do Norte. Entre as atribui\u00e7\u00f5es do grupo est\u00e1 o compartilhamento de informa\u00e7\u00f5es e a realiza\u00e7\u00e3o de opera\u00e7\u00f5es conjuntas de enfrentamento \u00e0s organiza\u00e7\u00f5es criminosas.<\/p>\n","protected":false},"excerpt":{"rendered":"<p>A For\u00e7a Integrada de Combate ao Crime Organizado do Rio Grande do Norte (Ficco\/RN) deflagrou, nesta quinta-feira (29), uma opera\u00e7\u00e3o policial contra supostos membros de uma organiza\u00e7\u00e3o criminosa que controla parte da distribui\u00e7\u00e3o de drogas na capital do estado, Natal. Investiga\u00e7\u00f5es preliminares apontam que os l\u00edderes do grupo atuam de dentro do sistema prisional estadual, [&hellip;]<\/p>\n","protected":false},"author":2,"featured_media":292752,"comment_status":"closed","ping_status":"closed","sticky":false,"template":"","format":"standard","meta":{"_acf_changed":false,"footnotes":""},"categories":[165,173],"tags":[],"class_list":["post-323471","post","type-post","status-publish","format-standard","has-post-thumbnail","hentry","category-nordeste","category-rio-grande-do-norte"],"acf":[],"yoast_head":"<!-- This site is optimized with the Yoast SEO plugin v27.2 - https:\/\/yoast.com\/product\/yoast-seo-wordpress\/ -->\n<title>Pol\u00edcia apreende 100 mil em a\u00e7\u00e3o contra tr\u00e1fico - Notibras<\/title>\n<meta name=\"robots\" content=\"index, follow, max-snippet:-1, max-image-preview:large, max-video-preview:-1\" \/>\n<link rel=\"canonical\" href=\"https:\/\/www.notibras.com\/site\/policia-apreende-100-mil-em-acao-contra-trafico\/\" \/>\n<meta property=\"og:locale\" content=\"pt_BR\" \/>\n<meta property=\"og:type\" content=\"article\" \/>\n<meta property=\"og:title\" content=\"Pol\u00edcia apreende 100 mil em a\u00e7\u00e3o contra tr\u00e1fico - Notibras\" \/>\n<meta property=\"og:description\" content=\"A For\u00e7a Integrada de Combate ao Crime Organizado do Rio Grande do Norte (Ficco\/RN) deflagrou, nesta quinta-feira (29), uma opera\u00e7\u00e3o policial contra supostos membros de uma organiza\u00e7\u00e3o criminosa que controla parte da distribui\u00e7\u00e3o de drogas na capital do estado, Natal. Investiga\u00e7\u00f5es preliminares apontam que os l\u00edderes do grupo atuam de dentro do sistema prisional estadual, [&hellip;]\" \/>\n<meta property=\"og:url\" content=\"https:\/\/www.notibras.com\/site\/policia-apreende-100-mil-em-acao-contra-trafico\/\" \/>\n<meta property=\"og:site_name\" content=\"Notibras\" \/>\n<meta property=\"article:publisher\" content=\"https:\/\/www.facebook.com\/notibras\/\" \/>\n<meta property=\"article:published_time\" content=\"2024-02-29T13:43:23+00:00\" \/>\n<meta property=\"article:modified_time\" content=\"2024-02-29T15:45:29+00:00\" \/>\n<meta property=\"og:image\" content=\"https:\/\/www.notibras.com\/site\/wp-content\/uploads\/2022\/10\/economia_1609210412_0-2.jpg\" \/>\n\t<meta property=\"og:image:width\" content=\"1170\" \/>\n\t<meta property=\"og:image:height\" content=\"700\" \/>\n\t<meta property=\"og:image:type\" content=\"image\/jpeg\" \/>\n<meta name=\"author\" content=\"Reda\u00e7\u00e3o\" \/>\n<meta name=\"twitter:card\" content=\"summary_large_image\" \/>\n<meta name=\"twitter:creator\" content=\"@Notibras\" \/>\n<meta name=\"twitter:site\" content=\"@Notibras\" \/>\n<meta name=\"twitter:label1\" content=\"Escrito por\" \/>\n\t<meta name=\"twitter:data1\" content=\"Reda\u00e7\u00e3o\" \/>\n\t<meta name=\"twitter:label2\" content=\"Est. tempo de leitura\" \/>\n\t<meta name=\"twitter:data2\" content=\"2 minutos\" \/>\n<script type=\"application\/ld+json\" class=\"yoast-schema-graph\">{\"@context\":\"https:\/\/schema.org\",\"@graph\":[{\"@type\":\"Article\",\"@id\":\"https:\/\/www.notibras.com\/site\/policia-apreende-100-mil-em-acao-contra-trafico\/#article\",\"isPartOf\":{\"@id\":\"https:\/\/www.notibras.com\/site\/policia-apreende-100-mil-em-acao-contra-trafico\/\"},\"author\":{\"name\":\"Reda\u00e7\u00e3o\",\"@id\":\"https:\/\/www.notibras.com\/site\/#\/schema\/person\/36ab0979449956132d3e5b517ea76ac8\"},\"headline\":\"Pol\u00edcia apreende 100 mil em a\u00e7\u00e3o contra tr\u00e1fico\",\"datePublished\":\"2024-02-29T13:43:23+00:00\",\"dateModified\":\"2024-02-29T15:45:29+00:00\",\"mainEntityOfPage\":{\"@id\":\"https:\/\/www.notibras.com\/site\/policia-apreende-100-mil-em-acao-contra-trafico\/\"},\"wordCount\":302,\"publisher\":{\"@id\":\"https:\/\/www.notibras.com\/site\/#organization\"},\"image\":{\"@id\":\"https:\/\/www.notibras.com\/site\/policia-apreende-100-mil-em-acao-contra-trafico\/#primaryimage\"},\"thumbnailUrl\":\"https:\/\/www.notibras.com\/site\/wp-content\/uploads\/2022\/10\/economia_1609210412_0-2.jpg\",\"articleSection\":[\"Nordeste\",\"Rio Grande do Norte\"],\"inLanguage\":\"pt-BR\"},{\"@type\":\"WebPage\",\"@id\":\"https:\/\/www.notibras.com\/site\/policia-apreende-100-mil-em-acao-contra-trafico\/\",\"url\":\"https:\/\/www.notibras.com\/site\/policia-apreende-100-mil-em-acao-contra-trafico\/\",\"name\":\"Pol\u00edcia apreende 100 mil em a\u00e7\u00e3o contra tr\u00e1fico - Notibras\",\"isPartOf\":{\"@id\":\"https:\/\/www.notibras.com\/site\/#website\"},\"primaryImageOfPage\":{\"@id\":\"https:\/\/www.notibras.com\/site\/policia-apreende-100-mil-em-acao-contra-trafico\/#primaryimage\"},\"image\":{\"@id\":\"https:\/\/www.notibras.com\/site\/policia-apreende-100-mil-em-acao-contra-trafico\/#primaryimage\"},\"thumbnailUrl\":\"https:\/\/www.notibras.com\/site\/wp-content\/uploads\/2022\/10\/economia_1609210412_0-2.jpg\",\"datePublished\":\"2024-02-29T13:43:23+00:00\",\"dateModified\":\"2024-02-29T15:45:29+00:00\",\"breadcrumb\":{\"@id\":\"https:\/\/www.notibras.com\/site\/policia-apreende-100-mil-em-acao-contra-trafico\/#breadcrumb\"},\"inLanguage\":\"pt-BR\",\"potentialAction\":[{\"@type\":\"ReadAction\",\"target\":[\"https:\/\/www.notibras.com\/site\/policia-apreende-100-mil-em-acao-contra-trafico\/\"]}]},{\"@type\":\"ImageObject\",\"inLanguage\":\"pt-BR\",\"@id\":\"https:\/\/www.notibras.com\/site\/policia-apreende-100-mil-em-acao-contra-trafico\/#primaryimage\",\"url\":\"https:\/\/www.notibras.com\/site\/wp-content\/uploads\/2022\/10\/economia_1609210412_0-2.jpg\",\"contentUrl\":\"https:\/\/www.notibras.com\/site\/wp-content\/uploads\/2022\/10\/economia_1609210412_0-2.jpg\",\"width\":1170,\"height\":700,\"caption\":\"Economia, Moeda Real,Dinheiro, Calculadora\"},{\"@type\":\"BreadcrumbList\",\"@id\":\"https:\/\/www.notibras.com\/site\/policia-apreende-100-mil-em-acao-contra-trafico\/#breadcrumb\",\"itemListElement\":[{\"@type\":\"ListItem\",\"position\":1,\"name\":\"In\u00edcio\",\"item\":\"https:\/\/www.notibras.com\/site\/\"},{\"@type\":\"ListItem\",\"position\":2,\"name\":\"Pol\u00edcia apreende 100 mil em a\u00e7\u00e3o contra tr\u00e1fico\"}]},{\"@type\":\"WebSite\",\"@id\":\"https:\/\/www.notibras.com\/site\/#website\",\"url\":\"https:\/\/www.notibras.com\/site\/\",\"name\":\"Notibras\",\"description\":\"Not\u00edcias de Bras\u00edlia, do Brasil e do Mundo\",\"publisher\":{\"@id\":\"https:\/\/www.notibras.com\/site\/#organization\"},\"potentialAction\":[{\"@type\":\"SearchAction\",\"target\":{\"@type\":\"EntryPoint\",\"urlTemplate\":\"https:\/\/www.notibras.com\/site\/?s={search_term_string}\"},\"query-input\":{\"@type\":\"PropertyValueSpecification\",\"valueRequired\":true,\"valueName\":\"search_term_string\"}}],\"inLanguage\":\"pt-BR\"},{\"@type\":\"Organization\",\"@id\":\"https:\/\/www.notibras.com\/site\/#organization\",\"name\":\"Grupo Notibras de Comunica\u00e7\u00e3o\",\"url\":\"https:\/\/www.notibras.com\/site\/\",\"logo\":{\"@type\":\"ImageObject\",\"inLanguage\":\"pt-BR\",\"@id\":\"https:\/\/www.notibras.com\/site\/#\/schema\/logo\/image\/\",\"url\":\"https:\/\/www.notibras.com\/site\/wp-content\/uploads\/2023\/01\/notibras23.png\",\"contentUrl\":\"https:\/\/www.notibras.com\/site\/wp-content\/uploads\/2023\/01\/notibras23.png\",\"width\":350,\"height\":87,\"caption\":\"Grupo Notibras de Comunica\u00e7\u00e3o\"},\"image\":{\"@id\":\"https:\/\/www.notibras.com\/site\/#\/schema\/logo\/image\/\"},\"sameAs\":[\"https:\/\/www.facebook.com\/notibras\/\",\"https:\/\/x.com\/Notibras\",\"https:\/\/www.instagram.com\/notibras\/\"]},{\"@type\":\"Person\",\"@id\":\"https:\/\/www.notibras.com\/site\/#\/schema\/person\/36ab0979449956132d3e5b517ea76ac8\",\"name\":\"Reda\u00e7\u00e3o\",\"image\":{\"@type\":\"ImageObject\",\"inLanguage\":\"pt-BR\",\"@id\":\"https:\/\/secure.gravatar.com\/avatar\/e0a867bdedb85fd243eadf09663511f96fc81e0720a4a42581f334ad4303aa6b?s=96&d=mm&r=g\",\"url\":\"https:\/\/secure.gravatar.com\/avatar\/e0a867bdedb85fd243eadf09663511f96fc81e0720a4a42581f334ad4303aa6b?s=96&d=mm&r=g\",\"contentUrl\":\"https:\/\/secure.gravatar.com\/avatar\/e0a867bdedb85fd243eadf09663511f96fc81e0720a4a42581f334ad4303aa6b?s=96&d=mm&r=g\",\"caption\":\"Reda\u00e7\u00e3o\"}}]}<\/script>\n<!-- \/ Yoast SEO plugin. -->","yoast_head_json":{"title":"Pol\u00edcia apreende 100 mil em a\u00e7\u00e3o contra tr\u00e1fico - Notibras","robots":{"index":"index","follow":"follow","max-snippet":"max-snippet:-1","max-image-preview":"max-image-preview:large","max-video-preview":"max-video-preview:-1"},"canonical":"https:\/\/www.notibras.com\/site\/policia-apreende-100-mil-em-acao-contra-trafico\/","og_locale":"pt_BR","og_type":"article","og_title":"Pol\u00edcia apreende 100 mil em a\u00e7\u00e3o contra tr\u00e1fico - Notibras","og_description":"A For\u00e7a Integrada de Combate ao Crime Organizado do Rio Grande do Norte (Ficco\/RN) deflagrou, nesta quinta-feira (29), uma opera\u00e7\u00e3o policial contra supostos membros de uma organiza\u00e7\u00e3o criminosa que controla parte da distribui\u00e7\u00e3o de drogas na capital do estado, Natal. Investiga\u00e7\u00f5es preliminares apontam que os l\u00edderes do grupo atuam de dentro do sistema prisional estadual, [&hellip;]","og_url":"https:\/\/www.notibras.com\/site\/policia-apreende-100-mil-em-acao-contra-trafico\/","og_site_name":"Notibras","article_publisher":"https:\/\/www.facebook.com\/notibras\/","article_published_time":"2024-02-29T13:43:23+00:00","article_modified_time":"2024-02-29T15:45:29+00:00","og_image":[{"width":1170,"height":700,"url":"https:\/\/www.notibras.com\/site\/wp-content\/uploads\/2022\/10\/economia_1609210412_0-2.jpg","type":"image\/jpeg"}],"author":"Reda\u00e7\u00e3o","twitter_card":"summary_large_image","twitter_creator":"@Notibras","twitter_site":"@Notibras","twitter_misc":{"Escrito por":"Reda\u00e7\u00e3o","Est. tempo de leitura":"2 minutos"},"schema":{"@context":"https:\/\/schema.org","@graph":[{"@type":"Article","@id":"https:\/\/www.notibras.com\/site\/policia-apreende-100-mil-em-acao-contra-trafico\/#article","isPartOf":{"@id":"https:\/\/www.notibras.com\/site\/policia-apreende-100-mil-em-acao-contra-trafico\/"},"author":{"name":"Reda\u00e7\u00e3o","@id":"https:\/\/www.notibras.com\/site\/#\/schema\/person\/36ab0979449956132d3e5b517ea76ac8"},"headline":"Pol\u00edcia apreende 100 mil em a\u00e7\u00e3o contra tr\u00e1fico","datePublished":"2024-02-29T13:43:23+00:00","dateModified":"2024-02-29T15:45:29+00:00","mainEntityOfPage":{"@id":"https:\/\/www.notibras.com\/site\/policia-apreende-100-mil-em-acao-contra-trafico\/"},"wordCount":302,"publisher":{"@id":"https:\/\/www.notibras.com\/site\/#organization"},"image":{"@id":"https:\/\/www.notibras.com\/site\/policia-apreende-100-mil-em-acao-contra-trafico\/#primaryimage"},"thumbnailUrl":"https:\/\/www.notibras.com\/site\/wp-content\/uploads\/2022\/10\/economia_1609210412_0-2.jpg","articleSection":["Nordeste","Rio Grande do Norte"],"inLanguage":"pt-BR"},{"@type":"WebPage","@id":"https:\/\/www.notibras.com\/site\/policia-apreende-100-mil-em-acao-contra-trafico\/","url":"https:\/\/www.notibras.com\/site\/policia-apreende-100-mil-em-acao-contra-trafico\/","name":"Pol\u00edcia apreende 100 mil em a\u00e7\u00e3o contra tr\u00e1fico - Notibras","isPartOf":{"@id":"https:\/\/www.notibras.com\/site\/#website"},"primaryImageOfPage":{"@id":"https:\/\/www.notibras.com\/site\/policia-apreende-100-mil-em-acao-contra-trafico\/#primaryimage"},"image":{"@id":"https:\/\/www.notibras.com\/site\/policia-apreende-100-mil-em-acao-contra-trafico\/#primaryimage"},"thumbnailUrl":"https:\/\/www.notibras.com\/site\/wp-content\/uploads\/2022\/10\/economia_1609210412_0-2.jpg","datePublished":"2024-02-29T13:43:23+00:00","dateModified":"2024-02-29T15:45:29+00:00","breadcrumb":{"@id":"https:\/\/www.notibras.com\/site\/policia-apreende-100-mil-em-acao-contra-trafico\/#breadcrumb"},"inLanguage":"pt-BR","potentialAction":[{"@type":"ReadAction","target":["https:\/\/www.notibras.com\/site\/policia-apreende-100-mil-em-acao-contra-trafico\/"]}]},{"@type":"ImageObject","inLanguage":"pt-BR","@id":"https:\/\/www.notibras.com\/site\/policia-apreende-100-mil-em-acao-contra-trafico\/#primaryimage","url":"https:\/\/www.notibras.com\/site\/wp-content\/uploads\/2022\/10\/economia_1609210412_0-2.jpg","contentUrl":"https:\/\/www.notibras.com\/site\/wp-content\/uploads\/2022\/10\/economia_1609210412_0-2.jpg","width":1170,"height":700,"caption":"Economia, Moeda Real,Dinheiro, Calculadora"},{"@type":"BreadcrumbList","@id":"https:\/\/www.notibras.com\/site\/policia-apreende-100-mil-em-acao-contra-trafico\/#breadcrumb","itemListElement":[{"@type":"ListItem","position":1,"name":"In\u00edcio","item":"https:\/\/www.notibras.com\/site\/"},{"@type":"ListItem","position":2,"name":"Pol\u00edcia apreende 100 mil em a\u00e7\u00e3o contra tr\u00e1fico"}]},{"@type":"WebSite","@id":"https:\/\/www.notibras.com\/site\/#website","url":"https:\/\/www.notibras.com\/site\/","name":"Notibras","description":"Not\u00edcias de Bras\u00edlia, do Brasil e do Mundo","publisher":{"@id":"https:\/\/www.notibras.com\/site\/#organization"},"potentialAction":[{"@type":"SearchAction","target":{"@type":"EntryPoint","urlTemplate":"https:\/\/www.notibras.com\/site\/?s={search_term_string}"},"query-input":{"@type":"PropertyValueSpecification","valueRequired":true,"valueName":"search_term_string"}}],"inLanguage":"pt-BR"},{"@type":"Organization","@id":"https:\/\/www.notibras.com\/site\/#organization","name":"Grupo Notibras de Comunica\u00e7\u00e3o","url":"https:\/\/www.notibras.com\/site\/","logo":{"@type":"ImageObject","inLanguage":"pt-BR","@id":"https:\/\/www.notibras.com\/site\/#\/schema\/logo\/image\/","url":"https:\/\/www.notibras.com\/site\/wp-content\/uploads\/2023\/01\/notibras23.png","contentUrl":"https:\/\/www.notibras.com\/site\/wp-content\/uploads\/2023\/01\/notibras23.png","width":350,"height":87,"caption":"Grupo Notibras de Comunica\u00e7\u00e3o"},"image":{"@id":"https:\/\/www.notibras.com\/site\/#\/schema\/logo\/image\/"},"sameAs":["https:\/\/www.facebook.com\/notibras\/","https:\/\/x.com\/Notibras","https:\/\/www.instagram.com\/notibras\/"]},{"@type":"Person","@id":"https:\/\/www.notibras.com\/site\/#\/schema\/person\/36ab0979449956132d3e5b517ea76ac8","name":"Reda\u00e7\u00e3o","image":{"@type":"ImageObject","inLanguage":"pt-BR","@id":"https:\/\/secure.gravatar.com\/avatar\/e0a867bdedb85fd243eadf09663511f96fc81e0720a4a42581f334ad4303aa6b?s=96&d=mm&r=g","url":"https:\/\/secure.gravatar.com\/avatar\/e0a867bdedb85fd243eadf09663511f96fc81e0720a4a42581f334ad4303aa6b?s=96&d=mm&r=g","contentUrl":"https:\/\/secure.gravatar.com\/avatar\/e0a867bdedb85fd243eadf09663511f96fc81e0720a4a42581f334ad4303aa6b?s=96&d=mm&r=g","caption":"Reda\u00e7\u00e3o"}}]}},"amp_enabled":true,"_links":{"self":[{"href":"https:\/\/www.notibras.com\/site\/wp-json\/wp\/v2\/posts\/323471","targetHints":{"allow":["GET"]}}],"collection":[{"href":"https:\/\/www.notibras.com\/site\/wp-json\/wp\/v2\/posts"}],"about":[{"href":"https:\/\/www.notibras.com\/site\/wp-json\/wp\/v2\/types\/post"}],"author":[{"embeddable":true,"href":"https:\/\/www.notibras.com\/site\/wp-json\/wp\/v2\/users\/2"}],"replies":[{"embeddable":true,"href":"https:\/\/www.notibras.com\/site\/wp-json\/wp\/v2\/comments?post=323471"}],"version-history":[{"count":1,"href":"https:\/\/www.notibras.com\/site\/wp-json\/wp\/v2\/posts\/323471\/revisions"}],"predecessor-version":[{"id":323472,"href":"https:\/\/www.notibras.com\/site\/wp-json\/wp\/v2\/posts\/323471\/revisions\/323472"}],"wp:featuredmedia":[{"embeddable":true,"href":"https:\/\/www.notibras.com\/site\/wp-json\/wp\/v2\/media\/292752"}],"wp:attachment":[{"href":"https:\/\/www.notibras.com\/site\/wp-json\/wp\/v2\/media?parent=323471"}],"wp:term":[{"taxonomy":"category","embeddable":true,"href":"https:\/\/www.notibras.com\/site\/wp-json\/wp\/v2\/categories?post=323471"},{"taxonomy":"post_tag","embeddable":true,"href":"https:\/\/www.notibras.com\/site\/wp-json\/wp\/v2\/tags?post=323471"}],"curies":[{"name":"wp","href":"https:\/\/api.w.org\/{rel}","templated":true}]}}